{"id":5308,"date":"2018-07-29T13:50:46","date_gmt":"2018-07-29T11:50:46","guid":{"rendered":"http:\/\/www.freidenker.org\/?p=5308"},"modified":"2018-10-07T11:35:40","modified_gmt":"2018-10-07T09:35:40","slug":"heike-statt-heiko","status":"publish","type":"post","link":"https:\/\/www.freidenker.org\/?p=5308","title":{"rendered":"Heike statt Heiko!"},"content":{"rendered":"<p><strong>Beitrag von\u00a0Klaus Linder<\/strong><\/p>\n<p>Das gute an der sogenannten \u201eEvakuierung\u201c sogenannter \u201eWei\u00dfhelme\u201c aus Syrien durch Israel ist, dass sie von der unabwendbaren Niederlage der antisyrischen Koalition aus NATO-Staaten, Golf-Monarchien und Israel k\u00fcndet. War die Gr\u00fcndung dieser vorgeblichen \u201eHilfsorganisation\u201c schon ein recht verzweifelter, aber bravour\u00f6s eingef\u00e4delter Propagandacoup imperialistischer Spin-Doctors, um die erfolgreich gegen die von ihnen unterst\u00fctzten Terroristen vorr\u00fcckende syrische Armee zu diskreditieren, wird nun deren m\u00e4rtyrerhafter Abgang von der B\u00fchne als ihr letzter gro\u00dfer Auftritt inszeniert.<\/p>\n<p>Sie selbst mit dem \u201eAlternativen Nobelpreis\u201c, ein Film \u00fcber sie mit einem \u201eOscar\u201c ausgezeichnet, stellten die Massenmedien sie als \u00fcber jeden Zweifel erhabene, selbstlose \u201eZivilsch\u00fctzer\u201c dar, die unter Einsatz ihres Lebens Versch\u00fcttete aus zerst\u00f6rten H\u00e4usern bargen und das Kriegsgeschehen \u201edokumentierten\u201c. Alle Erkenntnisse \u00fcber die Unterst\u00fctzung der \u201eWei\u00dfhelme\u201c f\u00fcr die islamistischen Terrororganisationen, in deren Gebieten sie ausschlie\u00dflich operierten, kamen da einem Sakrileg gleich und wurden selbstverst\u00e4ndlich als \u201eAssad- und Putin-Propaganda\u201c abgetan.<\/p>\n<p>Tats\u00e4chlich ist die Terrorunterst\u00fctzung der \u201eWei\u00dfhelme\u201c, ja sogar die eigenh\u00e4ndige Ver\u00fcbung von grausamen Kriegsverbrechen durch einige ihrer Mitglieder hinl\u00e4nglich belegt. Was die \u201eDokumentationsarbeit\u201c der \u201eWei\u00dfhelme\u201c angeht, sei hier nur an das ber\u00fchmt gewordene Foto des Jungen Omran aus Aleppo erinnert, der verstaubt und blutverschmiert und mit starrem Gesichtsausdruck in einem Rettungswagen sitzt. Die \u201eWei\u00dfhelme\u201c nahmen es in Ostaleppo auf, als die mit ihnen verb\u00fcndeteten Banditen diesen Stadtteil noch kontrollierten. Nach der vollst\u00e4ndigen Befreiung Aleppos durch die syrische Armee erhob Omrans Vater in einem Fernsehinterview schwere Vorw\u00fcrfe gegen die \u201eHelfer\u201c: Sie h\u00e4tten Omran gegen seinen Willen als Fotomodell missbraucht, eine Notfallversorgung sei gar nicht notwendig gewesen.<\/p>\n<p>Wer sich nun daf\u00fcr interessiert, warum ausgerechnet Israel die \u201eEvakuierung der Wei\u00dfhelme\u201c durchf\u00fchrte, wird eine m\u00f6glicherweise f\u00fcr ihn erstaunliche Entdeckung machen. Die \u201eWei\u00dfhelme\u201c wurden n\u00e4mlich gemeinsam mit ihren Terrorpartnern von der syrischen Armee in Richtung der von Israel annektierten Golanh\u00f6hen gedr\u00e4ngt. Und genau in diesem Gebiet befindet sich eine der letzten Hochburgen des \u201eIslamischen Staates\u201c in Syrien. Protegiert von Israel, das auf jeden Vorsto\u00df der syrischen Streitkr\u00e4fte mit Luftangriffen reagiert.<\/p>\n<p>Da\u00df unterdessen die Wissenschaftlichen Dienste des Bundestags die westliche Aggression gegen Syrien als v\u00f6lkerrechtswidrig einstuften, die russische Hilfe f\u00fcr das Land hingegen als v\u00f6lkerrechtskonform, ficht niemanden weniger an als Bundesau\u00dfenminister Maas. So verordnete er auch in der Sache \u201eWei\u00dfhelme\u201c seinem Ministerium, bewiesene Fakten mit Jubel niederzuschreien: \u201cDer Einsatz der Wei\u00dfhelme verdient Bewunderung und Respekt. Wir haben ihn aus \u00dcberzeugung unterst\u00fctzt. \u2026 Es ist ein Gebot der Menschlichkeit, dass viele dieser mutigen Ersthelfer nun Schutz und Zuflucht finden, einige davon auch in Deutschland.\u201c<\/p>\n<p>Jedoch &#8211; eine gewonnene Propagandaschlacht s\u00e4he anders aus als diese \u00fcbereilte Ausschleusung der Kollaborateure aus dem Land, in dem sie f\u00fcr ihre Kriegsverbrechen zur Verantwortung gezogen werden m\u00fcssten. Die L\u00fcgenmaschine funktioniert nicht mehr wunschgem\u00e4\u00df, immer mehr Menschen stellen sie in Frage.<\/p>\n<p>So wundert es nicht, wenn der ideologische Kampf sich nun in noch schrillere Tonlagen versch\u00e4rft.<br \/>\nDas bekam Heike H\u00e4nsel, Bundestagsabgeordnete der Linkspartei, zu sp\u00fcren. W\u00e4hrend andere Abgeordnete der Linkspartei sogleich ihren transatlantischen B\u00fcckling machten, so etwa der au\u00dfenpolitische Sprecher Stefan Liebich, der die \u201eAufnahme aus humanit\u00e4ren Gr\u00fcnden\u201c \u201ebegr\u00fc\u00dfte\u201c, bezeichnete Heike H\u00e4nsel den Vorgang als das, was er ist: skandal\u00f6s, und die \u201eWei\u00dfhelme\u201c als Unterst\u00fctzer islamischer Terrormilizen. Und sie machte einen konkreten Vorschlag f\u00fcr eine dringend gebotenen Anwendung des Asylrechts aus humanit\u00e4ren Gr\u00fcnden, wenn es der Regierung denn ernst damit w\u00e4re: \u201eAngesichts der drohenden Auslieferung an Gro\u00dfbritannien mu\u00df die Bundesregierung dem Wikileaks-Gr\u00fcnder Julian Assange Asyl anbieten, statt Mitglieder der umstrittenen Wei\u00dfhelme aufzunehmen\u201c (Pressemitteing vom 23. Juli 2018).<\/p>\n<p>Da bleibt den Kriegsschreiberlingen nur noch, die denunziatorischen Daumenschrauben immer weiterzudrehen \u2013 bis sie durchdrehen. Prompt wurde Heike H\u00e4nsel von einem Dominic Johnsohn, Koressorleiter f\u00fcr Au\u00dfenpolitik bei der \u201etaz\u201c, in die N\u00e4he der Holocaustleugnung (!) ger\u00fcckt. Er schrieb aus Anla\u00df ihrer Pressemitteilung: \u201eWas manche Assad-Claqeure von sich geben, von der Gleichsetzung aller Demokraten mit dem IS bis hin zur Leugnung der Massenverbrechen des Regimes, gleicht in der grotesken Methodik der Holocaustleugnung.\u201c<\/p>\n<p>Auch f\u00fcr uns Freidenker ist es deshalb erstes Gebot, Heike H\u00e4nsel unseren Respekt und unsere Solidarit\u00e4t f\u00fcr ihre klare und mutige Haltung auszudr\u00fccken! Wir wissen: Diese Solidarit\u00e4t ist dringend notwendig, um allen, die in der Linkspartei noch aufrecht f\u00fcr den Frieden und gegen imperialistische Kriege k\u00e4mpfen, den R\u00fccken zu st\u00e4rken.<\/p>\n<hr \/>\n<p>Bild (bearbeitet):\u00a0Qasioun News Agency &#8211;<a href=\"https:\/\/commons.wikimedia.org\/wiki\/File:White_Helmets_Kafrowaid_21-3-2017.jpg\" target=\"_blank\" rel=\"noopener\">\u00a0Casques blancs de la D\u00e9fense civile syrienne \u00e0 Kafrowaid, un village au sud d&#8217;Idleb, le 21 mars 2017<\/a>,\u00a0CC BY 3.0 &#8211;\u00a0<a href=\"https:\/\/creativecommons.org\/licenses\/by\/3.0\/de\/\" target=\"_blank\" rel=\"noopener\">https:\/\/creativecommons.org\/licenses\/by\/3.0\/de\/<\/a><\/p>\n","protected":false},"excerpt":{"rendered":"<p><b>Beitrag von\u00a0Klaus Linder<\/b><br \/>\nDas gute an der sogenannten \u201eEvakuierung\u201c sogenannter \u201eWei\u00dfhelme\u201c aus Syrien durch Israel ist, dass sie von der unabwendbaren Niederlage der antisyrischen Koalition aus NATO-Staaten, Golf-Monarchien und Israel k\u00fcndet. War die Gr\u00fcndung dieser vorgeblichen \u201eHilfsorganisation\u201c schon ein recht verzweifelter, aber bravour\u00f6s eingef\u00e4delter Propagandacoup imperialistischer Spin-Doctors, um die erfolgreich gegen die von ihnen unterst\u00fctzten Terroristen vorr\u00fcckende syrische Armee zu diskreditieren, wird nun deren m\u00e4rtyrerhafter Abgang von der B\u00fchne als ihr letzter gro\u00dfer Auftritt inszeniert.<\/p>\n","protected":false},"author":3,"featured_media":5310,"comment_status":"closed","ping_status":"closed","sticky":false,"template":"","format":"standard","meta":{"colormag_page_container_layout":"default_layout","colormag_page_sidebar_layout":"default_layout","advanced_seo_description":"","jetpack_seo_html_title":"","jetpack_seo_noindex":false,"jetpack_post_was_ever_published":false,"footnotes":""},"categories":[13,937],"tags":[335,917,758,336],"class_list":["post-5308","post","type-post","status-publish","format-standard","has-post-thumbnail","hentry","category-frieden-antifaschismus-solidaritaet","category-zeit-der-verleumder-freidenker-fuer-klartext","tag-frieden","tag-linkspartei","tag-propagandakrieg","tag-syrien"],"jetpack_featured_media_url":"https:\/\/i0.wp.com\/www.freidenker.org\/fw17\/wp-content\/uploads\/2018\/07\/DFV_bearbeitet_White_Helmets_Kafrowaid_21-3-2017.jpg?fit=805%2C445&ssl=1","jetpack_shortlink":"https:\/\/wp.me\/p9stpK-1nC","jetpack-related-posts":[{"id":22470,"url":"https:\/\/www.freidenker.org\/?p=22470","url_meta":{"origin":5308,"position":0},"title":"Was geschah in Sweida \u2013 und warum?","author":"Webredaktion","date":"30. Juli 2025","format":false,"excerpt":"Beitrag von Karin Leukefeld. Viel wurde in den vergangenen Tagen \u00fcber \u201ekonfessionelle Konflikte in S\u00fcdsyrien\u201c geschrieben und geredet. Die \u201evom schiitischen Islam abstammenden\u201c Drusen w\u00fcrden von \u201esunnitischen beduinischen St\u00e4mmen\u201c bek\u00e4mpft, wurde \u00fcber Medien verbreitet. Allerdings ist die ethnische und religi\u00f6se Vielfalt Syriens und der gesamten Region nicht der Grund, warum\u2026","rel":"","context":"In &quot;Demokratie \u2013 Medien \u2013 Aufkl\u00e4rung&quot;","block_context":{"text":"Demokratie \u2013 Medien \u2013 Aufkl\u00e4rung","link":"https:\/\/www.freidenker.org\/?cat=12"},"img":{"alt_text":"","src":"https:\/\/i0.wp.com\/www.freidenker.org\/fw17\/wp-content\/uploads\/2025\/07\/Swaida_city_800x450.jpg?fit=800%2C450&ssl=1&resize=350%2C200","width":350,"height":200,"srcset":"https:\/\/i0.wp.com\/www.freidenker.org\/fw17\/wp-content\/uploads\/2025\/07\/Swaida_city_800x450.jpg?fit=800%2C450&ssl=1&resize=350%2C200 1x, https:\/\/i0.wp.com\/www.freidenker.org\/fw17\/wp-content\/uploads\/2025\/07\/Swaida_city_800x450.jpg?fit=800%2C450&ssl=1&resize=525%2C300 1.5x, https:\/\/i0.wp.com\/www.freidenker.org\/fw17\/wp-content\/uploads\/2025\/07\/Swaida_city_800x450.jpg?fit=800%2C450&ssl=1&resize=700%2C400 2x"},"classes":[]},{"id":3092,"url":"https:\/\/www.freidenker.org\/?p=3092","url_meta":{"origin":5308,"position":1},"title":"Sagen Sie \u201eNEIN\u201c zur Kriegsbeteiligung gegen Syrien!","author":"Webredaktion","date":"5. Dezember 2012","format":false,"excerpt":"Offener Brief an die Abgeordneten des Deutschen Bundestags Am 12. Dezember 2012 sollen Sie \u00fcber den Antrag der Bundesregierung zwecks \u201eEntsendung bewaffneter deutscher Streitkr\u00e4fte zur Verst\u00e4rkung der integrierten Luftverteidigung der NATO (NATINADS) auf Ersuchen der T\u00fcrkei ...\u201c befinden.Obwohl Syrien nicht die Absicht hat, die T\u00fcrkei anzugreifen, sich vielmehr bewaffneter Banden\u2026","rel":"","context":"In &quot;Frieden - Antifaschismus - Solidarit\u00e4t&quot;","block_context":{"text":"Frieden - Antifaschismus - Solidarit\u00e4t","link":"https:\/\/www.freidenker.org\/?cat=13"},"img":{"alt_text":"","src":"https:\/\/i0.wp.com\/www.freidenker.org\/fw17\/wp-content\/uploads\/2012\/12\/Patriot_System_2_800x445.jpg?fit=800%2C445&ssl=1&resize=350%2C200","width":350,"height":200,"srcset":"https:\/\/i0.wp.com\/www.freidenker.org\/fw17\/wp-content\/uploads\/2012\/12\/Patriot_System_2_800x445.jpg?fit=800%2C445&ssl=1&resize=350%2C200 1x, https:\/\/i0.wp.com\/www.freidenker.org\/fw17\/wp-content\/uploads\/2012\/12\/Patriot_System_2_800x445.jpg?fit=800%2C445&ssl=1&resize=525%2C300 1.5x, https:\/\/i0.wp.com\/www.freidenker.org\/fw17\/wp-content\/uploads\/2012\/12\/Patriot_System_2_800x445.jpg?fit=800%2C445&ssl=1&resize=700%2C400 2x"},"classes":[]},{"id":4991,"url":"https:\/\/www.freidenker.org\/?p=4991","url_meta":{"origin":5308,"position":2},"title":"Freidenker verurteilen Aggression gegen Syrien","author":"Webredaktion","date":"15. April 2018","format":false,"excerpt":"Der Deutsche Freidenker-Verband verurteilt die Raketenangriffe der USA, Gro\u00dfbritanniens und Frankreichs gegen Syrien. Sie stellen eine mit der Charta der Vereinten Nationen unvereinbare und somit v\u00f6lkerrechtswidrige Aggressionshandlung dar, sie bedeuten die Verletzung der Souver\u00e4nit\u00e4t und territorialen Integrit\u00e4t der Arabischen Republik Syrien. Dies ist ein neuerlicher krimineller Akt und ein Kriegsverbrechen\u2026","rel":"","context":"In &quot;Frieden - Antifaschismus - Solidarit\u00e4t&quot;","block_context":{"text":"Frieden - Antifaschismus - Solidarit\u00e4t","link":"https:\/\/www.freidenker.org\/?cat=13"},"img":{"alt_text":"","src":"https:\/\/i0.wp.com\/www.freidenker.org\/fw17\/wp-content\/uploads\/2018\/04\/syrien_angriff_2018-04-14_800x445.jpg?fit=800%2C445&ssl=1&resize=350%2C200","width":350,"height":200,"srcset":"https:\/\/i0.wp.com\/www.freidenker.org\/fw17\/wp-content\/uploads\/2018\/04\/syrien_angriff_2018-04-14_800x445.jpg?fit=800%2C445&ssl=1&resize=350%2C200 1x, https:\/\/i0.wp.com\/www.freidenker.org\/fw17\/wp-content\/uploads\/2018\/04\/syrien_angriff_2018-04-14_800x445.jpg?fit=800%2C445&ssl=1&resize=525%2C300 1.5x, https:\/\/i0.wp.com\/www.freidenker.org\/fw17\/wp-content\/uploads\/2018\/04\/syrien_angriff_2018-04-14_800x445.jpg?fit=800%2C445&ssl=1&resize=700%2C400 2x"},"classes":[]},{"id":7171,"url":"https:\/\/www.freidenker.org\/?p=7171","url_meta":{"origin":5308,"position":3},"title":"Aushungern mit dem Segen des Kardinals","author":"Webredaktion","date":"9. November 2019","format":false,"excerpt":"Beitrag von Bernd Duschner Auf einer Pressekonferenz der \u00c4rzte f\u00fcr die Verh\u00fctung des Atomkrieges (IPPNW) am 29. Mai 2019 in Berlin hat der Sonderberichterstatter des UN-Menschenrechtsrates in Genf, Idriss Jazairy, \u00fcber die Auswirkungen der Sanktionen auf das Leben der syrischen Bev\u00f6lkerung informiert. Seit 2011 gegen Syrien in Kraft, haben diese,\u2026","rel":"","context":"In &quot;Frieden - Antifaschismus - Solidarit\u00e4t&quot;","block_context":{"text":"Frieden - Antifaschismus - Solidarit\u00e4t","link":"https:\/\/www.freidenker.org\/?cat=13"},"img":{"alt_text":"","src":"https:\/\/i0.wp.com\/www.freidenker.org\/fw17\/wp-content\/uploads\/2019\/11\/cardinal-marx-4162554_800x445.jpg?fit=800%2C445&ssl=1&resize=350%2C200","width":350,"height":200,"srcset":"https:\/\/i0.wp.com\/www.freidenker.org\/fw17\/wp-content\/uploads\/2019\/11\/cardinal-marx-4162554_800x445.jpg?fit=800%2C445&ssl=1&resize=350%2C200 1x, https:\/\/i0.wp.com\/www.freidenker.org\/fw17\/wp-content\/uploads\/2019\/11\/cardinal-marx-4162554_800x445.jpg?fit=800%2C445&ssl=1&resize=525%2C300 1.5x, https:\/\/i0.wp.com\/www.freidenker.org\/fw17\/wp-content\/uploads\/2019\/11\/cardinal-marx-4162554_800x445.jpg?fit=800%2C445&ssl=1&resize=700%2C400 2x"},"classes":[]},{"id":20521,"url":"https:\/\/www.freidenker.org\/?p=20521","url_meta":{"origin":5308,"position":4},"title":"Washington feiert Al-Qaida-Sieg in Syrien","author":"Webredaktion","date":"13. Dezember 2024","format":false,"excerpt":"Von Rainer Rupp Was 2011 als geheime CIA-Operation mit dem Schmuggel von Waffen und Dschihadisten von Libyen nach Syrien begonnen hatte, wurde nun mit einem weiteren ekelerregenden Beispiel westlicher Doppelmoral und Heuchelei gekr\u00f6nt, indem Terrorismus \u00f6ffentlich verurteilt und zugleich \u00fcber geheime Wege unterst\u00fctzt wird. Der Terroristen-Chef Dschaulani, der neue Herr\u2026","rel":"","context":"In &quot;Demokratie \u2013 Medien \u2013 Aufkl\u00e4rung&quot;","block_context":{"text":"Demokratie \u2013 Medien \u2013 Aufkl\u00e4rung","link":"https:\/\/www.freidenker.org\/?cat=12"},"img":{"alt_text":"","src":"https:\/\/i0.wp.com\/www.freidenker.org\/fw17\/wp-content\/uploads\/2024\/12\/Syrian_Civil_War_20160107_01_800x450.jpg?fit=800%2C450&ssl=1&resize=350%2C200","width":350,"height":200,"srcset":"https:\/\/i0.wp.com\/www.freidenker.org\/fw17\/wp-content\/uploads\/2024\/12\/Syrian_Civil_War_20160107_01_800x450.jpg?fit=800%2C450&ssl=1&resize=350%2C200 1x, https:\/\/i0.wp.com\/www.freidenker.org\/fw17\/wp-content\/uploads\/2024\/12\/Syrian_Civil_War_20160107_01_800x450.jpg?fit=800%2C450&ssl=1&resize=525%2C300 1.5x, https:\/\/i0.wp.com\/www.freidenker.org\/fw17\/wp-content\/uploads\/2024\/12\/Syrian_Civil_War_20160107_01_800x450.jpg?fit=800%2C450&ssl=1&resize=700%2C400 2x"},"classes":[]},{"id":24232,"url":"https:\/\/www.freidenker.org\/?p=24232","url_meta":{"origin":5308,"position":5},"title":"Neujahrswende im gro\u00dfen Syrien-\u201eSpiel\u201c: T\u00fcrkei bootet Israel aus \u2013 Die Bev\u00f6lkerung zahlt den Preis","author":"Webredaktion","date":"18. Januar 2026","format":false,"excerpt":"Bericht von Karin Leukefeld Im Kampf um Syrien haben die T\u00fcrkei und die USA in und um Aleppo neue Tatsachen geschaffen. Die Sharaa-Administration nahm mit Hilfe arabischer Stammesk\u00e4mpfer und t\u00fcrkisch finanzierter S\u00f6ldnermilizen die Stadtviertel Bani Zeid, Ashrafieh und Scheikh Maqsoud ein. Zehntausende Kurden wurden aus dem Stadtviertel Scheikh Maqsoud in\u2026","rel":"","context":"In &quot;Demokratie \u2013 Medien \u2013 Aufkl\u00e4rung&quot;","block_context":{"text":"Demokratie \u2013 Medien \u2013 Aufkl\u00e4rung","link":"https:\/\/www.freidenker.org\/?cat=12"},"img":{"alt_text":"","src":"https:\/\/i0.wp.com\/www.freidenker.org\/fw17\/wp-content\/uploads\/2026\/01\/Aleppo-SaadallahSquare-8Feb2025_800x450.jpg?fit=800%2C450&ssl=1&resize=350%2C200","width":350,"height":200,"srcset":"https:\/\/i0.wp.com\/www.freidenker.org\/fw17\/wp-content\/uploads\/2026\/01\/Aleppo-SaadallahSquare-8Feb2025_800x450.jpg?fit=800%2C450&ssl=1&resize=350%2C200 1x, https:\/\/i0.wp.com\/www.freidenker.org\/fw17\/wp-content\/uploads\/2026\/01\/Aleppo-SaadallahSquare-8Feb2025_800x450.jpg?fit=800%2C450&ssl=1&resize=525%2C300 1.5x, https:\/\/i0.wp.com\/www.freidenker.org\/fw17\/wp-content\/uploads\/2026\/01\/Aleppo-SaadallahSquare-8Feb2025_800x450.jpg?fit=800%2C450&ssl=1&resize=700%2C400 2x"},"classes":[]}],"_links":{"self":[{"href":"https:\/\/www.freidenker.org\/index.php?rest_route=\/wp\/v2\/posts\/5308","targetHints":{"allow":["GET"]}}],"collection":[{"href":"https:\/\/www.freidenker.org\/index.php?rest_route=\/wp\/v2\/posts"}],"about":[{"href":"https:\/\/www.freidenker.org\/index.php?rest_route=\/wp\/v2\/types\/post"}],"author":[{"embeddable":true,"href":"https:\/\/www.freidenker.org\/index.php?rest_route=\/wp\/v2\/users\/3"}],"replies":[{"embeddable":true,"href":"https:\/\/www.freidenker.org\/index.php?rest_route=%2Fwp%2Fv2%2Fcomments&post=5308"}],"version-history":[{"count":0,"href":"https:\/\/www.freidenker.org\/index.php?rest_route=\/wp\/v2\/posts\/5308\/revisions"}],"wp:featuredmedia":[{"embeddable":true,"href":"https:\/\/www.freidenker.org\/index.php?rest_route=\/wp\/v2\/media\/5310"}],"wp:attachment":[{"href":"https:\/\/www.freidenker.org\/index.php?rest_route=%2Fwp%2Fv2%2Fmedia&parent=5308"}],"wp:term":[{"taxonomy":"category","embeddable":true,"href":"https:\/\/www.freidenker.org\/index.php?rest_route=%2Fwp%2Fv2%2Fcategories&post=5308"},{"taxonomy":"post_tag","embeddable":true,"href":"https:\/\/www.freidenker.org\/index.php?rest_route=%2Fwp%2Fv2%2Ftags&post=5308"}],"curies":[{"name":"wp","href":"https:\/\/api.w.org\/{rel}","templated":true}]}}