{"id":5296,"date":"2018-07-21T12:54:04","date_gmt":"2018-07-21T10:54:04","guid":{"rendered":"http:\/\/www.freidenker.org\/?p=5296"},"modified":"2018-10-07T11:35:51","modified_gmt":"2018-10-07T09:35:51","slug":"treffen-trump-putin-und-militaristen-am-rande-des-nervenzusammenbruchs","status":"publish","type":"post","link":"https:\/\/www.freidenker.org\/?p=5296","title":{"rendered":"Treffen Trump\/Putin und Militaristen am Rande des Nervenzusammenbruchs"},"content":{"rendered":"<p>In der Rubrik <strong>Tagesdosis<\/strong> wurde am 20.07.2018 bei <a href=\"https:\/\/kenfm.de\/tagesdosis-20-7-2018-treffen-trump-putin-und-militaristen-am-rande-des-nervenzusammenbruchs\/\" target=\"_blank\" rel=\"noopener\">KenFM <\/a>der Beitrag <strong>\u201eTreffen Trump\/Putin und Militaristen am Rande des Nervenzusammenbruchs\u201c<\/strong> von <em><strong>Klaus Hartmann<\/strong><\/em>, Vorsitzender des Deutschen Freidenker-Verbandes, ver\u00f6ffentlicht.<\/p>\n<p>Den Beitrag als Audio-Datei anh\u00f6ren:<\/p>\n<audio class=\"wp-audio-shortcode\" id=\"audio-5296-1\" preload=\"none\" style=\"width: 100%;\" controls=\"controls\"><source type=\"audio\/mpeg\" src=\"https:\/\/www.freidenker.org\/fw17\/wp-content\/uploads\/2018\/07\/tagesdosis-20180720.mp3?_=1\" \/><a href=\"https:\/\/www.freidenker.org\/fw17\/wp-content\/uploads\/2018\/07\/tagesdosis-20180720.mp3\">https:\/\/www.freidenker.org\/fw17\/wp-content\/uploads\/2018\/07\/tagesdosis-20180720.mp3<\/a><\/audio>\n<p>&nbsp;<\/p>\n<p>Der Beitrag ist auch auf YouTube verf\u00fcgbar: <a href=\"https:\/\/www.youtube.com\/watch?v=yDOi7jH_kt4\" target=\"_blank\" rel=\"noopener\">https:\/\/www.youtube.com\/watch?v=yDOi7jH_kt4<\/a><\/p>\n<p>&nbsp;<\/p>\n<h4>Tagesdosis 20.7.2018 \u2013 Treffen Trump\/Putin und Militaristen am Rande des Nervenzusammenbruchs<\/h4>\n<p><i>Ein Kommentar von<\/i><b><i> Klaus Hartmann<\/i><\/b><i>.<\/i><\/p>\n<p>Das Treffen der Pr\u00e4sidenten Trump und Putin in Helsinki wird einen langen Nachhall haben. Denn der Befund \u201ekeine konkreten Ergebnisse\u201c aus den Abteilungen f\u00fcr Betreutes Denken (hier der GEZ-finanzierten ARD-Tagesschau) wird durch ihre eigene Aufgeregtheit und Hetze selbstredend L\u00fcgen gestraft. Der ARD-US-Korrespondent Niemann brachte die Trump-Erkl\u00e4rung, \u201ees er\u00f6ffneten sich jetzt neue M\u00f6glichkeiten f\u00fcr Frieden und Stabilit\u00e4t\u201c mit dem entlarvenden Satz zusammen: \u201cder \u00fcberwiegende Teil der Begleitpresse hier reagierte entsetzt\u201c.<\/p>\n<p>Besser aufeinander schie\u00dfen statt miteinander reden \u2013 so lautet offenbar das Leitmotiv der Medienmeute angesichts des sie so f\u00fcrchterlich frustrierenden Treffens. Was von dem Treffen zu halten ist, dazu hat man es nicht abwarten m\u00fcssen, es h\u00e4tte gar nicht stattfinden m\u00fcssen. Denn das ist auch das Hauptproblem: Es h\u00e4tte gar nicht stattfinden d\u00fcrfen, wenn es nach der transatlantischen Kriegspartei gegangen w\u00e4re. Deshalb hat das Erste Deutsche Regierungsfernsehen schon drei Wochen vor dem Ereignis f\u00fcr die rechte Sicht auf das Treffen gesorgt: \u201eKritisch be\u00e4ugt\u201c werde der Gipfel, meldet ein gewisser Ganslmeier vom ARD-Studio Washington, und stellte seinen Beitrag unter das Motto: \u201eKritik an Trumps \u201aKniefall\u2018 vor Putin\u201c.<\/p>\n<p>Das (GEZ-finanzierte) Regierungsradio Deutschlandfunk meldete zwei Tage vor dem Ereignis: \u201eVor Treffen mit Putin: US-Pr\u00e4sident Trump \u2013 brandgef\u00e4hrlich\u201c. Der US-Korrespondent K\u00f6\u00dfler vom Deutschlandradio aus Washington wei\u00df um die Gefahr: \u201eTrump hat sich noch niemals kritisch \u00fcber den starken Mann im Kreml ge\u00e4u\u00dfert\u201c, und er sei sich \u201emit Wladimir Putin in bedenklich vielen Punkten einig\u201c. K\u00f6\u00dflers Alptraum geht weiter, da es \u201edie beiden m\u00e4chtigsten M\u00e4nner der Welt in der Hand haben, die Nachkriegsordnung aus den Angeln zu heben. Die Rede ist bereits von einer Neuauflage Jaltas, der machtpolitischen Aufteilung der Welt, dieses Mal unter Einbeziehung Chinas.\u201c<\/p>\n<p>Jalta als Konferenzort der Alliierten der Anti-Hitler-Koalition l\u00f6st immer noch bemerkenswerte Reflexe aus, die man eher nicht antifaschistisch nennen kann. \u201eIn Trumps und Putins neuer Welt w\u00fcrden keine Regeln mehr gelten, sondern allein die Macht. Und nicht die St\u00e4rke des Rechts. Sondern das Recht des St\u00e4rkeren\u201c, so unser bezahlter Regierungskorrespondent, nach einem Dutzend v\u00f6lkerrechtswidriger Angriffskriege. Fortgeschrittene Demenz? Nein, wahrscheinlich nur L\u00fcgenpresse in Hochform.<\/p>\n<p>\u201eTrump ist Putin nicht gewachsen\u201c \u2013 diese \u00c4u\u00dferung des US-Autors D\u2019Antonio machte \u201eBild\u201c zur Schlagzeile. Da ist der deutsche Au\u00dfenminister zum Gl\u00fcck von anderer Statur. Das Bewusstsein dar\u00fcber verlieh ihm sogar die Kraft, vor dem Gipfel den US-Pr\u00e4sidenten \u201ewarnen\u201c zu k\u00f6nnen. Nach dem ersten Schreck \u00fcber so viel diplomatisches Talent denkt man zwangsl\u00e4ufig an den legend\u00e4ren Bayern-Trainer Giovanni Trapattoni: \u201eWas erlauben Maasm\u00e4nnchen?\u201c, und setzt mit Trapattoni fort: Ein Minister \u201ewie Flasche leer\u201c.<\/p>\n<p>Die \u201eS\u00fcddeutsche\u201c brachte am Tag des Treffens ein Interview mit dem Moskauer Politologen Kolesnikow, Tenor: \u201eF\u00fcr Putin ist Trump ein n\u00fctzlicher Idiot.\u201c Die Hetze nach dem Treffen unterschied sich davon nicht. Im (GEZ-finanzierten) \u201eARD-Brennpunkt\u201c wurden Russlandhasser wie Lielischkies und R\u00f6ttgen vernommen, mit dem Ergebnis: \u201eMan hat das Gef\u00fchl, Putin hat Trump massiv in der Hand\u201c. Kommentar eines Rainald Becker: \u201eDa haben sich zwei Gef\u00e4hrliche gesucht und gefunden\u201c. W\u00e4hrend seri\u00f6se Information Fehlanzeige ist, kam man bei der Suche nach dem gr\u00f6\u00dften Skandal des Treffens zielsicher zur vermeintlichen \u201eEinmischung Russlands in den US-Pr\u00e4sidenten-Wahlkampf\u201c. Die Ermittlungen zur sogenannten \u201eRussland-Aff\u00e4re\u201c nannte Trump treffend eine \u201eHexenjagd\u201c, und Putin \u201einnenpolitische Spielchen\u201c. Darauf erwiderte der Oberkommandierende der US-Russlandhasser John McCain, der Helsinki-Gipfel sei \u201eeiner der infamsten Auftritte, die ein amerikanischer Pr\u00e4sident je hatte\u201c, und Obamas CIA-Chef und IS-F\u00f6rderer John Brennan sprach gar von \u201eLandesverrat\u201c. Abgeordnete der Demokraten wollen jetzt Trumps Dolmetscherin vorladen, damit sie ausplaudert, was unter vier Augen mit Putin besprochen wurde.<\/p>\n<p>Sonderermittler Mueller hatte rechtzeitig zur St\u00f6rung des Gipfels eine Anklageschrift gegen russische Geheimdienstmitarbeiter in die Welt gesetzt, Vorwurf: Diebstahl und Ver\u00f6ffentlichung vertraulicher Dokumente, \u201emit dem Ziel, Clintons Glaubw\u00fcrdigkeit zu besch\u00e4digen\u201c. Bedauerlicherweise wurde auf der Gipfelpressekonferenz nicht aus den Mails der Kriegsverbrecherin zitiert, die sie u.a. als Unterst\u00fctzerin des rechten Staatsstreichs in Honduras und als treibende Kraft beim Aggressionskrieg gegen Libyen zeigen. Das sind die wirklichen Skandale, nicht deren Aufdeckung. Die \u201eVerr\u00e4ter\u201c-Rufe n\u00f6tigten Trump nach seiner R\u00fcckkehr zum Bekenntnis, er habe sich bei der Pressekonferenz missverst\u00e4ndlich ausgedr\u00fcckt: \u201eWarum sollte Russland nicht verantwortlich sein?\u201c, h\u00e4tte der Satz eigentlich hei\u00dfen m\u00fcssen, allerdings erg\u00e4nzte er: \u201eEs k\u00f6nnten auch andere Menschen sein. Es gibt eine Menge Menschen da drau\u00dfen.\u201c<\/p>\n<p>Am Abend nach dem Treffen hatte (der GEZ-finanzierte) Atlantikbr\u00fccken-Kleber einen Kleine-Brockhoff (nicht zu verwechseln mit dem Gro\u00dfen Brockhaus) zu Gast. Der war zuvor Planungsstabschef beim Pfaffen-Pr\u00e4sidenten Gauck, jetzt beim \u201eGerman Marshal Fund\u201c, dessen Name schon belegt, dass hier lupenrein deutsche Interessen vertreten werden, und der \u201eeine millionenschwere Stiftung des Bundes\u201c sein soll, wie Kleber bemerkte. Kleine-Brockhoff gab zum Besten, \u201edass dieser Pr\u00e4sident die Weltordnung, wie sie existiert, umkrempeln will\u201c. Diese Bef\u00fcrchtung erkl\u00e4rt ziemlich genau das Hyperventilieren der militaristischen, transatlantischen Hirnis und der als NATO-Pressestellen arbeitenden Medien.<\/p>\n<p>\u201eIst Pr\u00e4sident Trump ein Verr\u00e4ter, weil er Frieden mit Russland will?\u201c, fragt der konservative ehemalige US-Unterstaatssekret\u00e4r Paul Craig Roberts. Die Kriegsverbrecherin und Clinton-Freundin Madeleine Albright befindet jedenfalls: \u201eDer Stuhl des F\u00fchrers der freien Welt ist leer\u201c. F\u00fcr die Londoner Times \u201eist klar, dass die B\u00fcndnisse, auf denen sich die Weltordnung gr\u00fcndet, in Gefahr sind\u201c. Na, wenn das keine gute Nachricht ist. So hatte schon Rainer Rupp (<a href=\"https:\/\/www.freidenker.org\/?p=5292\">RT deutsch, 16.07.18<\/a>) analysiert: \u201eIm Westen grassiert die Angst \u2013 vor dem Frieden. Sie haben Angst um ihr verbrecherisches Gesch\u00e4ftsmodell, von dem sie jahrzehntelang profitiert haben.\u201c<\/p>\n<p><figure id=\"attachment_5299\" aria-describedby=\"caption-attachment-5299\" style=\"width: 800px\" class=\"wp-caption alignnone\"><img data-recalc-dims=\"1\" loading=\"lazy\" decoding=\"async\" data-attachment-id=\"5299\" data-permalink=\"https:\/\/www.freidenker.org\/?attachment_id=5299\" data-orig-file=\"https:\/\/i0.wp.com\/www.freidenker.org\/fw17\/wp-content\/uploads\/2018\/07\/trump_putin_helsinki.jpg?fit=1024%2C807&amp;ssl=1\" data-orig-size=\"1024,807\" data-comments-opened=\"0\" data-image-meta=\"{&quot;aperture&quot;:&quot;0&quot;,&quot;credit&quot;:&quot;&quot;,&quot;camera&quot;:&quot;&quot;,&quot;caption&quot;:&quot;&quot;,&quot;created_timestamp&quot;:&quot;0&quot;,&quot;copyright&quot;:&quot;&quot;,&quot;focal_length&quot;:&quot;0&quot;,&quot;iso&quot;:&quot;0&quot;,&quot;shutter_speed&quot;:&quot;0&quot;,&quot;title&quot;:&quot;&quot;,&quot;orientation&quot;:&quot;0&quot;}\" data-image-title=\"trump_putin_helsinki\" data-image-description=\"\" data-image-caption=\"&lt;p&gt;Nach solchen Aussagen wird die Niedertracht der Anti-Trump-Hetze verst\u00e4ndlich: &amp;#8222;Ich w\u00fcrde eher f\u00fcr den Frieden ein politisches Risiko eingehen, als zu politischen Zwecken den Frieden aufs Spiel setzen.&amp;#8220;&lt;\/p&gt;\n&lt;p&gt;Quelle: twitter.com&lt;\/p&gt;\n\" data-large-file=\"https:\/\/i0.wp.com\/www.freidenker.org\/fw17\/wp-content\/uploads\/2018\/07\/trump_putin_helsinki.jpg?fit=800%2C630&amp;ssl=1\" class=\"wp-image-5299 size-large\" src=\"https:\/\/i0.wp.com\/www.freidenker.org\/fw17\/wp-content\/uploads\/2018\/07\/trump_putin_helsinki.jpg?resize=800%2C630&#038;ssl=1\" alt=\"\" width=\"800\" height=\"630\" srcset=\"https:\/\/i0.wp.com\/www.freidenker.org\/fw17\/wp-content\/uploads\/2018\/07\/trump_putin_helsinki.jpg?w=1024&amp;ssl=1 1024w, https:\/\/i0.wp.com\/www.freidenker.org\/fw17\/wp-content\/uploads\/2018\/07\/trump_putin_helsinki.jpg?resize=300%2C236&amp;ssl=1 300w, https:\/\/i0.wp.com\/www.freidenker.org\/fw17\/wp-content\/uploads\/2018\/07\/trump_putin_helsinki.jpg?resize=768%2C605&amp;ssl=1 768w\" sizes=\"auto, (max-width: 800px) 100vw, 800px\" \/><figcaption id=\"caption-attachment-5299\" class=\"wp-caption-text\">Nach solchen Aussagen wird die Niedertracht der Anti-Trump-Hetze verst\u00e4ndlich: &#8222;Ich w\u00fcrde eher f\u00fcr den Frieden ein politisches Risiko eingehen, als zu politischen Zwecken den Frieden aufs Spiel setzen.&#8220;<br \/><span style=\"font-size: 10pt;\">[Quelle: <a href=\"https:\/\/twitter.com\/realDonaldTrump\/status\/1018955906690584576\" target=\"_blank\" rel=\"noopener\">twitter.com<\/a>, gepostet von Donald Trump am 16.07.2018]<\/span><\/figcaption><\/figure>Bleibt noch die Frage, warum jene, die sich ganz ironiefrei selbst \u201eQualit\u00e4tsmedien\u201c nennen, so ein j\u00e4mmerliches Bild abgeben: Gift und Galle verspritzen, auf unterstem Niveau. Wollen sie Einschaltquoten und Auflagen weiter senken? Wollen sie bekr\u00e4ftigen, wie gleichgeschaltet sie sind, dass sie Soldschreiber der NATO sind, dass sie den Titel \u201eL\u00fcgenpresse\u201c zu Recht tragen?<\/p>\n<p>Eines scheint ihnen bei ihrem j\u00fcngsten Man\u00f6ver gr\u00fcndlich misslungen zu sein: Den Trump hauen, aber den Putin meinen, sozusagen zwei Fliegen mit einer Klappe erschlagen. Dass dies nicht meiner Fantasie entspringt, best\u00e4tigt der FAZ-Leitartikler am 18.07.18: Man d\u00fcrfe den Widerstand gegen Trump nicht nur als Emp\u00f6rung deuten, \u201esondern auch und vor allem als Versuch, Putin das Spiel zu verderben\u201c. Doch ist dieser Zwei-Fronten-Krieg gegen die Pr\u00e4sidenten der USA und Russlands zu gewinnen? Offenbar nicht, denn zwecks Erfolgskontrolle f\u00fcr die Wirksamkeit der eigenen Gehirnw\u00e4sche werden immer wieder Meinungsumfragen veranstaltet, so zuletzt vom Meinungsforschungsinstituts YouGov im Auftrag der Deutschen Presse-Agentur. Ergebnis: Quer durch die Anh\u00e4ngerschaft s\u00e4mtlicher Parteien h\u00e4lt man Putin f\u00fcr sympathischer, kompetenter und m\u00e4chtiger und Trump f\u00fcr gef\u00e4hrlicher. Fast zwei Drittel der Deutschen (64 Prozent) halten Trump f\u00fcr eine gr\u00f6\u00dfere Gefahr f\u00fcr den Weltfrieden als Putin (16 Prozent).<\/p>\n<p>Na, da haben die Meinungsmacher aber was gekonnt. Auf welch seltsame Wege sie ihr Anti-Trumpismus verschl\u00e4gt, belegt gerade der \u201estern\u201c-Kolumnist Hans-Ulrich J\u00f6rges in der Ausgabe vom 19.07.18: Nicht die USA, sondern die anderen EU-Staaten sollten raus aus der NATO, denn da habe Trump schon Recht \u2013 die NATO sei obsolet. So verquer man die Argumentation finden mag, Hauptsache das Ergebnis stimmt. \u201eRaus aus der NATO\u201c ist das wirksamste Gegengift, die logische Konsequenz aus der antirussischen Volksverhetzung und Konfrontationspolitik.<\/p>\n<p style=\"text-align: right;\"><em>Quelle der Erstver\u00f6ffentlichung: <a href=\"https:\/\/kenfm.de\/tagesdosis-20-7-2018-treffen-trump-putin-und-militaristen-am-rande-des-nervenzusammenbruchs\/\" target=\"_blank\" rel=\"noopener\">https:\/\/kenfm.de\/tagesdosis-20-7-2018-treffen-trump-putin-und-militaristen-am-rande-des-nervenzusammenbruchs\/<\/a><\/em><\/p>\n<p>Der Beitrag ist auch auf YouTube verf\u00fcgbar: <a href=\"https:\/\/www.youtube.com\/watch?v=yDOi7jH_kt4\" target=\"_blank\" rel=\"noopener\">https:\/\/www.youtube.com\/watch?v=yDOi7jH_kt4<\/a><\/p>\n<hr \/>\n<p>Bild: Screenshot der Videover\u00f6ffentlichung bei <a href=\"https:\/\/kenfm.de\/tagesdosis-20-7-2018-treffen-trump-putin-und-militaristen-am-rande-des-nervenzusammenbruchs\/\" target=\"_blank\" rel=\"noopener\">KenFM<\/a><\/p>\n","protected":false},"excerpt":{"rendered":"<p><strong>In der Rubrik Tagesdosis wurde am 20.07.2018 bei KenFM der Beitrag \u201eTreffen Trump\/Putin und Militaristen am Rande des Nervenzusammenbruchs\u201c von Klaus Hartmann, Vorsitzender des Deutschen Freidenker-Verbandes, ver\u00f6ffentlicht.<\/strong><br \/>\nDas Treffen der Pr\u00e4sidenten Trump und Putin in Helsinki wird einen langen Nachhall haben. Denn der Befund \u201ekeine konkreten Ergebnisse\u201c aus den Abteilungen f\u00fcr Betreutes Denken (hier der GEZ-finanzierten ARD-Tagesschau) wird durch ihre eigene Aufgeregtheit und Hetze selbstredend L\u00fcgen gestraft. Der ARD-US-Korrespondent Niemann brachte die Trump-Erkl\u00e4rung, \u201ees er\u00f6ffneten sich jetzt neue M\u00f6glichkeiten f\u00fcr Frieden und Stabilit\u00e4t\u201c mit dem entlarvenden Satz zusammen: \u201cder \u00fcberwiegende Teil der Begleitpresse hier reagierte entsetzt\u201c.<\/p>\n","protected":false},"author":3,"featured_media":5298,"comment_status":"closed","ping_status":"closed","sticky":false,"template":"","format":"standard","meta":{"colormag_page_container_layout":"default_layout","colormag_page_sidebar_layout":"default_layout","advanced_seo_description":"","jetpack_seo_html_title":"","jetpack_seo_noindex":false,"jetpack_post_was_ever_published":false,"footnotes":""},"categories":[12,13],"tags":[1021,224,1066,223],"class_list":["post-5296","post","type-post","status-publish","format-standard","has-post-thumbnail","hentry","category-demokratie-medien-aufklaerung","category-frieden-antifaschismus-solidaritaet","tag-donald-trump","tag-frieden-mit-russland","tag-helsinki","tag-putin"],"jetpack_featured_media_url":"https:\/\/i0.wp.com\/www.freidenker.org\/fw17\/wp-content\/uploads\/2018\/07\/Zeitungsdruck_800x445.jpg?fit=800%2C445&ssl=1","jetpack_shortlink":"https:\/\/wp.me\/p9stpK-1nq","jetpack-related-posts":[{"id":5292,"url":"https:\/\/www.freidenker.org\/?p=5292","url_meta":{"origin":5296,"position":0},"title":"Im Westen grassiert die Angst &#8211; Vor dem Frieden","author":"Webredaktion","date":"17. Juli 2018","format":false,"excerpt":"Beitrag von Rainer Rupp In Helsinki k\u00f6nnte der Frieden ausbrechen. Aber genau davor haben die Kriegstreiber der westlichen Unwertegemeinschaft von Washington \u00fcber London bis nach Deutschland eine Riesenangst. Selbst im viel zu oft gelobten Deutschlandfunk wurden die Zuh\u00f6rer von einem hauseigenen Kommentator Thilo K\u00f6\u00dfler \"vor einem neuen Pakt zwischen Trump\u2026","rel":"","context":"In &quot;Frieden - Antifaschismus - Solidarit\u00e4t&quot;","block_context":{"text":"Frieden - Antifaschismus - Solidarit\u00e4t","link":"https:\/\/www.freidenker.org\/?cat=13"},"img":{"alt_text":"","src":"https:\/\/i0.wp.com\/www.freidenker.org\/fw17\/wp-content\/uploads\/2018\/07\/klartext_Putin_Trump_Helsinki_2018_800x445.jpg?fit=800%2C445&ssl=1&resize=350%2C200","width":350,"height":200,"srcset":"https:\/\/i0.wp.com\/www.freidenker.org\/fw17\/wp-content\/uploads\/2018\/07\/klartext_Putin_Trump_Helsinki_2018_800x445.jpg?fit=800%2C445&ssl=1&resize=350%2C200 1x, https:\/\/i0.wp.com\/www.freidenker.org\/fw17\/wp-content\/uploads\/2018\/07\/klartext_Putin_Trump_Helsinki_2018_800x445.jpg?fit=800%2C445&ssl=1&resize=525%2C300 1.5x, https:\/\/i0.wp.com\/www.freidenker.org\/fw17\/wp-content\/uploads\/2018\/07\/klartext_Putin_Trump_Helsinki_2018_800x445.jpg?fit=800%2C445&ssl=1&resize=700%2C400 2x"},"classes":[]},{"id":5252,"url":"https:\/\/www.freidenker.org\/?p=5252","url_meta":{"origin":5296,"position":1},"title":"Gipfelst\u00fcrme(r): Trump als russischer Agent entlarvt","author":"Webredaktion","date":"15. Juni 2018","format":false,"excerpt":"In der Rubrik Tagesdosis wurde am 15.06.2018 bei KenFM der Beitrag \u201eGipfelst\u00fcrme(r): Trump als russischer Agent entlarvt\u201c von Klaus Hartmann, Vorsitzender des Deutschen Freidenker-Verbandes, ver\u00f6ffentlicht. Auch Genie\u00dfen will gelernt sein. Ohne M\u00fche und ohne exakte Information kommt man nicht ans Ziel. F\u00fcr nicht so Ge\u00fcbte bietet der j\u00fcngste \u201eG7\u201c-Gipfel im\u2026","rel":"","context":"In &quot;Frieden - Antifaschismus - Solidarit\u00e4t&quot;","block_context":{"text":"Frieden - Antifaschismus - Solidarit\u00e4t","link":"https:\/\/www.freidenker.org\/?cat=13"},"img":{"alt_text":"","src":"https:\/\/i0.wp.com\/www.freidenker.org\/fw17\/wp-content\/uploads\/2018\/06\/trump_800x445.jpg?fit=800%2C445&ssl=1&resize=350%2C200","width":350,"height":200,"srcset":"https:\/\/i0.wp.com\/www.freidenker.org\/fw17\/wp-content\/uploads\/2018\/06\/trump_800x445.jpg?fit=800%2C445&ssl=1&resize=350%2C200 1x, https:\/\/i0.wp.com\/www.freidenker.org\/fw17\/wp-content\/uploads\/2018\/06\/trump_800x445.jpg?fit=800%2C445&ssl=1&resize=525%2C300 1.5x, https:\/\/i0.wp.com\/www.freidenker.org\/fw17\/wp-content\/uploads\/2018\/06\/trump_800x445.jpg?fit=800%2C445&ssl=1&resize=700%2C400 2x"},"classes":[]},{"id":4824,"url":"https:\/\/www.freidenker.org\/?p=4824","url_meta":{"origin":5296,"position":2},"title":"Russlands Wahl","author":"Webredaktion","date":"16. M\u00e4rz 2018","format":false,"excerpt":"In der Rubrik Tagesdosis wurde am 16.03.2018 bei KenFM der Beitrag \u201eRusslands Wahl\u201c von Klaus Hartmann, Vorsitzender des Deutschen Freidenker-Verbandes, ver\u00f6ffentlicht. Dass Pr\u00e4sidentschaftswahlen in den USA dem deutschen Publikum \u00fcber ein Jahr lang medial pr\u00e4sentiert werden, sind wir ja gewohnt. Die politische Botschaft ist auch nicht schwer zu entschl\u00fcsseln: Hier\u2026","rel":"","context":"In &quot;Demokratie \u2013 Medien \u2013 Aufkl\u00e4rung&quot;","block_context":{"text":"Demokratie \u2013 Medien \u2013 Aufkl\u00e4rung","link":"https:\/\/www.freidenker.org\/?cat=12"},"img":{"alt_text":"","src":"https:\/\/i0.wp.com\/www.freidenker.org\/fw17\/wp-content\/uploads\/2018\/03\/putins_wahl_800x445.jpg?fit=800%2C445&ssl=1&resize=350%2C200","width":350,"height":200,"srcset":"https:\/\/i0.wp.com\/www.freidenker.org\/fw17\/wp-content\/uploads\/2018\/03\/putins_wahl_800x445.jpg?fit=800%2C445&ssl=1&resize=350%2C200 1x, https:\/\/i0.wp.com\/www.freidenker.org\/fw17\/wp-content\/uploads\/2018\/03\/putins_wahl_800x445.jpg?fit=800%2C445&ssl=1&resize=525%2C300 1.5x, https:\/\/i0.wp.com\/www.freidenker.org\/fw17\/wp-content\/uploads\/2018\/03\/putins_wahl_800x445.jpg?fit=800%2C445&ssl=1&resize=700%2C400 2x"},"classes":[]},{"id":6702,"url":"https:\/\/www.freidenker.org\/?p=6702","url_meta":{"origin":5296,"position":3},"title":"USA-Iran: Makabrer Tanz am Rande des Abgrunds","author":"Webredaktion","date":"14. Juli 2019","format":false,"excerpt":"In der Rubrik Tagesdosis wurde am 12.07.2019 bei KenFM der Beitrag \u201eUSA-Iran: Makabrer Tanz am Rande des Abgrunds\u201c von Rainer Rupp, Mitglied des Beirats des Deutschen Freidenker-Verbandes, ver\u00f6ffentlicht. Weder Trump noch Iran wollen einen hei\u00dfen Krieg. Nicht nur die Weltwirtschaft, und damit auch die US-Wirtschaft, w\u00fcrden durch den Krieg schwer\u2026","rel":"","context":"In &quot;Frieden - Antifaschismus - Solidarit\u00e4t&quot;","block_context":{"text":"Frieden - Antifaschismus - Solidarit\u00e4t","link":"https:\/\/www.freidenker.org\/?cat=13"},"img":{"alt_text":"","src":"https:\/\/i0.wp.com\/www.freidenker.org\/fw17\/wp-content\/uploads\/2019\/07\/iran-usa-ziel-geopolitik-agnes-karikaturen-800x445.jpg?fit=800%2C445&ssl=1&resize=350%2C200","width":350,"height":200,"srcset":"https:\/\/i0.wp.com\/www.freidenker.org\/fw17\/wp-content\/uploads\/2019\/07\/iran-usa-ziel-geopolitik-agnes-karikaturen-800x445.jpg?fit=800%2C445&ssl=1&resize=350%2C200 1x, https:\/\/i0.wp.com\/www.freidenker.org\/fw17\/wp-content\/uploads\/2019\/07\/iran-usa-ziel-geopolitik-agnes-karikaturen-800x445.jpg?fit=800%2C445&ssl=1&resize=525%2C300 1.5x, https:\/\/i0.wp.com\/www.freidenker.org\/fw17\/wp-content\/uploads\/2019\/07\/iran-usa-ziel-geopolitik-agnes-karikaturen-800x445.jpg?fit=800%2C445&ssl=1&resize=700%2C400 2x"},"classes":[]},{"id":22640,"url":"https:\/\/www.freidenker.org\/?p=22640","url_meta":{"origin":5296,"position":4},"title":"\u201eEuropa ist auf dem falschen Weg\u201c","author":"Webredaktion","date":"23. August 2025","format":false,"excerpt":"Kommentar von Tilo Gr\u00e4ser W\u00e4hrend die Pr\u00e4sidenten der USA und Russlands Frieden f\u00fcr die Ukraine suchen, wollen die westeurop\u00e4ischen F\u00fchrungen anscheinend einen solchen weiter verhindern. Die westeurop\u00e4ischen Politiker, treue Vasallen der in den USA abgew\u00e4hlten Kriegstreiber hinter Joseph Biden, wollen den Stellvertreterkrieg in dem Land gegen Russland fortsetzen \u2013 bis\u2026","rel":"","context":"In &quot;Frieden - Antifaschismus - Solidarit\u00e4t&quot;","block_context":{"text":"Frieden - Antifaschismus - Solidarit\u00e4t","link":"https:\/\/www.freidenker.org\/?cat=13"},"img":{"alt_text":"","src":"https:\/\/i0.wp.com\/www.freidenker.org\/fw17\/wp-content\/uploads\/2025\/08\/Friedrich_Merz_und_Emmanuel_Macron_54732162600_800x450.jpg?fit=800%2C450&ssl=1&resize=350%2C200","width":350,"height":200,"srcset":"https:\/\/i0.wp.com\/www.freidenker.org\/fw17\/wp-content\/uploads\/2025\/08\/Friedrich_Merz_und_Emmanuel_Macron_54732162600_800x450.jpg?fit=800%2C450&ssl=1&resize=350%2C200 1x, https:\/\/i0.wp.com\/www.freidenker.org\/fw17\/wp-content\/uploads\/2025\/08\/Friedrich_Merz_und_Emmanuel_Macron_54732162600_800x450.jpg?fit=800%2C450&ssl=1&resize=525%2C300 1.5x, https:\/\/i0.wp.com\/www.freidenker.org\/fw17\/wp-content\/uploads\/2025\/08\/Friedrich_Merz_und_Emmanuel_Macron_54732162600_800x450.jpg?fit=800%2C450&ssl=1&resize=700%2C400 2x"},"classes":[]},{"id":24129,"url":"https:\/\/www.freidenker.org\/?p=24129","url_meta":{"origin":5296,"position":5},"title":"Spiegel-ei","author":"Webredaktion","date":"6. Januar 2026","format":false,"excerpt":"Beitrag von Stefan Siegert Im folgenden Text geht es um den Ukrainekrieg. Geschrieben wurde er vor dem 3. Januar 2026. Bis zu diesem Datum gab es noch ein internationales Recht und verbindliche zwischenstaatliche Beziehungen. Ab diesem ersten Samstag des neuen Jahres gilt international nur noch gesetzlose Gewalt. Der folgende Text\u2026","rel":"","context":"In &quot;Demokratie \u2013 Medien \u2013 Aufkl\u00e4rung&quot;","block_context":{"text":"Demokratie \u2013 Medien \u2013 Aufkl\u00e4rung","link":"https:\/\/www.freidenker.org\/?cat=12"},"img":{"alt_text":"","src":"https:\/\/i0.wp.com\/www.freidenker.org\/fw17\/wp-content\/uploads\/2026\/01\/Trump_meets_Zelensky_at_Mar-a-Lago_800x450.jpg?fit=800%2C450&ssl=1&resize=350%2C200","width":350,"height":200,"srcset":"https:\/\/i0.wp.com\/www.freidenker.org\/fw17\/wp-content\/uploads\/2026\/01\/Trump_meets_Zelensky_at_Mar-a-Lago_800x450.jpg?fit=800%2C450&ssl=1&resize=350%2C200 1x, https:\/\/i0.wp.com\/www.freidenker.org\/fw17\/wp-content\/uploads\/2026\/01\/Trump_meets_Zelensky_at_Mar-a-Lago_800x450.jpg?fit=800%2C450&ssl=1&resize=525%2C300 1.5x, https:\/\/i0.wp.com\/www.freidenker.org\/fw17\/wp-content\/uploads\/2026\/01\/Trump_meets_Zelensky_at_Mar-a-Lago_800x450.jpg?fit=800%2C450&ssl=1&resize=700%2C400 2x"},"classes":[]}],"_links":{"self":[{"href":"https:\/\/www.freidenker.org\/index.php?rest_route=\/wp\/v2\/posts\/5296","targetHints":{"allow":["GET"]}}],"collection":[{"href":"https:\/\/www.freidenker.org\/index.php?rest_route=\/wp\/v2\/posts"}],"about":[{"href":"https:\/\/www.freidenker.org\/index.php?rest_route=\/wp\/v2\/types\/post"}],"author":[{"embeddable":true,"href":"https:\/\/www.freidenker.org\/index.php?rest_route=\/wp\/v2\/users\/3"}],"replies":[{"embeddable":true,"href":"https:\/\/www.freidenker.org\/index.php?rest_route=%2Fwp%2Fv2%2Fcomments&post=5296"}],"version-history":[{"count":0,"href":"https:\/\/www.freidenker.org\/index.php?rest_route=\/wp\/v2\/posts\/5296\/revisions"}],"wp:featuredmedia":[{"embeddable":true,"href":"https:\/\/www.freidenker.org\/index.php?rest_route=\/wp\/v2\/media\/5298"}],"wp:attachment":[{"href":"https:\/\/www.freidenker.org\/index.php?rest_route=%2Fwp%2Fv2%2Fmedia&parent=5296"}],"wp:term":[{"taxonomy":"category","embeddable":true,"href":"https:\/\/www.freidenker.org\/index.php?rest_route=%2Fwp%2Fv2%2Fcategories&post=5296"},{"taxonomy":"post_tag","embeddable":true,"href":"https:\/\/www.freidenker.org\/index.php?rest_route=%2Fwp%2Fv2%2Ftags&post=5296"}],"curies":[{"name":"wp","href":"https:\/\/api.w.org\/{rel}","templated":true}]}}