{"id":5281,"date":"2018-07-05T00:16:44","date_gmt":"2018-07-04T22:16:44","guid":{"rendered":"http:\/\/www.freidenker.org\/?p=5281"},"modified":"2018-09-03T00:36:01","modified_gmt":"2018-09-02T22:36:01","slug":"domenico-losurdo-ist-tot","status":"publish","type":"post","link":"https:\/\/www.freidenker.org\/?p=5281","title":{"rendered":"Domenico Losurdo ist tot"},"content":{"rendered":"<p>Nachruf von <em><strong>Andreas Wehr<\/strong><\/em><\/p>\n<div class=\"field field-name-field-story-kurzbeschreibung field-type-text-long field-label-hidden\">\n<div class=\"field-items\">\n<div class=\"field-item even\">\n<div style=\"border: 3pt solid; padding: 20pt;\">\n<p><strong><span style=\"font-size: 18pt;\">Domenico Losurdo ist tot<\/span><\/strong><\/p>\n<p>Die Gegner der kapitalistischen Unordnung haben am 28. Juni 2018 ihren wohl wichtigsten Denker verloren, und das weltweit. Seine B\u00fccher und Artikel erschienen auf Italienisch, Chinesisch, Englisch, Franz\u00f6sisch, Japanisch, Portugiesisch und Spanisch. Und auch auf Deutsch, in der Sprache, die er selbst ausgezeichnet beherrschte. Wenn jemand Internationalist war, dann war er es, der Pr\u00e4sident der <em>Internationalen Gesellschaft Hegel-Marx f\u00fcr dialektisches Denken<\/em>.Es war sein weiter Blick auf die Klassenk\u00e4mpfe in der ganzen Welt, der ihn nach dem Zusammenbruch des europ\u00e4ischen Sozialismus nicht verzweifeln lie\u00df. \u00dcber den zerknirschten Eurozentrismus so vieler hiesiger Linker konnte er sich nur wundern. Er verwies dann stets auf all die aktuellen Klassenk\u00e4mpfe in der Dritten Welt, etwa in Brasilien, das Land, in dem seine B\u00fccher am weitesten verbreitet sind und wo er nicht selten vor tausenden Zuh\u00f6rern sprach. Und er verwies auf China, dessen Entwicklung er genau beobachtete. Das schon heute erreichte Gewicht dieses Landes in der Welt bewertete er h\u00f6her als das der gewesenen Sowjetunion. Er sah daher durchaus M\u00f6glichkeiten f\u00fcr einen Wiederaufschwung der sozialistischen Bewegung. Er war Optimist.<\/p>\n<p>Zugleich sah er aber die tiefen Zweifel, die schreckliche Niedergeschlagenheit, ja den Selbsthass europ\u00e4ischer Linker angesichts der erlittenen Niederlage. Um dieser Stimmung zu begegnen, begann er nach 1991 in seinen historischen wie philosophischen Arbeiten noch einmal die ganze Geschichte des Liberalismus durchzugehen. Er zeigte auf, dass &#8222;der Westen&#8220;\u00a0keineswegs so edel und gut ist, wie er sich selbst t\u00e4glich darstellt. Der Liberalismus war und ist vielmehr bei aller Anerkennung als historischer Fortschritt immer auch eine Schreckensherrschaft. Seine Geschichte ist gezeichnet von Unterdr\u00fcckung, Sklaverei, Verachtung der Arbeit, der Diskriminierung der Frauen und von Rassismus. Losurdo bestand daher darauf, dass die Unzul\u00e4nglichkeiten, Halbheiten, Fehler und Verbrechen des Sozialismus nur vor dem Hintergrund der Geschichte seines historischen Gegenspielers, des Liberalismus, gesehen und bewertet werden d\u00fcrfen. Dabei bezog er in die Geschichte des Westens auch die des Faschismus mit ein, sahen sich doch die Nationalsozialisten in ihrem Rassenkampf in Russland selbst als gelehrige Sch\u00fcler des nordamerikanischen Genozids an den Indianern.<\/p>\n<p>In seinen B\u00fcchern <em>Freiheit als Privileg<\/em>, <em>Kampf um die Geschichte<\/em> und <em>Das 20. Jahrhundert begreifen<\/em> finden sich daher immer wieder Vergleiche historischer Ereignisse in West wie in Ost. Damit wollte er aber nicht etwa die Fehler und Verbrechen der jeweiligen Systeme gegeneinander abw\u00e4gen, um am Ende die des Sozialismus zu verharmlosen. Es ging ihm darum, aufzuzeigen wie unvermeidlich roh, grobschl\u00e4chtig und sogar gewaltt\u00e4tig stets das Neue in die Welt kommt. Kaum etwas war ihm denn auch so verhasst, wie die kindische Vorstellung, wonach der Sozialismus erst dann eine Existenzberechtigung hat, wenn er bl\u00fctenrein und vollkommen ist. F\u00fcr die, die sich bereits beim kleinsten Makel entt\u00e4uscht wieder von ihm wieder abwandten, hatte er nur Spott \u00fcbrig. Er bezeichnete sie mit Hegels Worten als &#8222;sch\u00f6ne Seelen&#8220;. In Polemik gegen sie schrieb er sein Stalin<em>&#8211;<\/em>Buch<em> Kritik einer schwarzen Legende<\/em>.<\/p>\n<p>Eine der wichtigsten Gr\u00fcnde f\u00fcr die erlittene Niederlage des europ\u00e4ischen Sozialismus sah er in der kosmopolitischen Sicht der Revolution\u00e4re, die idealistisch einem abstrakten Internationalismus anhingen, in dem die nationale Befreiung nichts, die Weltrevolution aber alles war. Wieder und wieder wies er darauf hin, dass der wirkliche Gang der Geschichte des Sozialismus aber ein ganz anderer war, etwa in seinem Buch <em>Der Klassenkampf oder die Wiederkehr des Verdr\u00e4ngten? <\/em>Die Revolutionen in Russland, Jugoslawien, China, Korea, Kuba und Vietnam stellten zuerst und vor allem Antworten auf gravierende Probleme dar, vor denen sich die jeweiligen Nationen in einer bestimmten historischen Situation gestellt sahen. Dabei bedienten sie sich der marxistischen Theorie und entwickelten sie entsprechend ihren nationalen Bed\u00fcrfnissen weiter. Die Weltrevolution stand dort nirgendwo auf der Tagesordnung. Konflikte und auch Streit unter sozialistischen Staaten sah er daher als normale Erscheinungen an.<\/p>\n<p>Als Sch\u00fcler von Hegel, Gramsci und Togliatti kritisierte Losurdo scharf die heute in der Linken wieder so modisch gewordene Verachtung von Staat und Nation. In dieser letztlich anarchistischen Haltung sah er den Grund f\u00fcr ihre Anf\u00e4lligkeit f\u00fcr den von ihnen geteilten Glauben an die angeblich so segensreiche Wirkung der Globalisierung, f\u00fcr die der Slogan &#8222;No Border \u2013 No Nation&#8220;\u00a0steht. Von dort ist es dann nur noch ein kleiner Schritt zum B\u00fcndnis mit den neoliberalen Sozialliberalen. Am Ende steht dann eine von Losurdo so bezeichnete &#8222;imperiale Linke&#8220;, die sich in ihrer Verurteilung Russlands und Chinas sowie in ihrer Unterst\u00fctzung Israels von niemandem \u00fcbertreffen lassen will. Der Kritik an dieser &#8222;Linken&#8220;\u00a0widmete er sein Buch <em>Wenn die Linke fehlt<\/em>.<\/p>\n<p>Das Gesamtwerk von Domenico Losurdo umfasst aber noch weit mehr. Da ist das 1989 im Pahl-Rugenstein Verlag erschienene Buch <em>Hegel und das deutsche Erbe<\/em>, das sich hervorragend als Lehrbuch der deutschen Geschichte des 19. Jahrhunderts eignet. Da ist die zweib\u00e4ndige, im Argument Verlag erschienene Biografie <em>Nietzsche &#8211; der aristokratische Rebell<\/em>, die von Kennern als Jahrhundertwerk in der Nietzsche-Forschung gew\u00fcrdigt wird. &#8222;Ein intellektuelles Ereignis sondergleichen&#8220;, hie\u00df es dar\u00fcber in <em>Die<\/em> <em>Zeit<\/em>. Und da ist das Buch <em>Gewaltlosigkeit<\/em>, in dem er sich vor allem mit dem Leben und der Politik Mahatma Gandhis auseinandersetzt. Um es schreiben zu k\u00f6nnen, hatte er die 100 b\u00e4ndige Ausgabe der gesammelten Werke Gandhis durchgearbeitet.<\/p>\n<p>Domenico Losurdo war ein hochproduktiver Autor. Obwohl er erst im Alter von vierzig Jahren sein erstes Buch ver\u00f6ffentlichte, umfasst allein die Liste seiner auf Deutsch erschienenen Werke nicht weniger als 22 B\u00fccher. Die meisten davon erschienen im PapyRossa Verlag, dem damit das gro\u00dfe Verdienst zukommt, ihn im deutschsprachigen Raum \u00fcberhaupt erst einer breiteren \u00d6ffentlichkeit bekannt gemacht zu haben. Dar\u00fcber hinaus erschien eine Vielzahl von Artikeln von ihm auf Deutsch, vornehmlich in der zusammen mit seinem Freund Hans Heinz Holz von 1993 bis 2011 herausgegebenen Zeitschrift <em>Topos \u2013 Internationale Beitr\u00e4ge zur dialektischen Theorie<\/em>, aber auch in den <em>Marxistischen Bl\u00e4ttern<\/em>, der <em>Zeitschrift Marxistische Erneuerung Z.<\/em>, der Wochenzeitung <em>Unsere Zeit<\/em> sowie in der <em>Jungen Welt<\/em>. Wenig Interesse zeigten hingegen die Partei DIE LINKE, die ihr nahestehende Rosa-Luxemburg-Stiftung und das <em>Neue Deutschland<\/em><\/p>\n<\/div>\n<\/div>\n<p style=\"text-align: right;\"><em>Andreas Wehr ist Leiter des Marx-Engels-Zentrums Berlin sowie Mitglied des Deutschen Freidenker-Verbandes und seines Beirats<\/em><\/p>\n<p>Erstver\u00f6ffentlichung auf: <a href=\"https:\/\/www.andreas-wehr.eu\/domenico-losurdo-ist-tot.html\" target=\"_blank\" rel=\"noopener\">https:\/\/www.andreas-wehr.eu\/domenico-losurdo-ist-tot.html<\/a><\/p>\n<hr \/>\n<p>Bild: \u00a9 by arbeiterfotografie.com<\/p>\n<\/div>\n<\/div>\n","protected":false},"excerpt":{"rendered":"<p><strong>Nachruf von Andreas Wehr<\/strong><br \/>\nDie Gegner der kapitalistischen Unordnung haben am 28. Juni 2018 ihren wohl wichtigsten Denker verloren, und das weltweit. &#8230; Wenn jemand Internationalist war, dann war er es, der Pr\u00e4sident der Internationalen Gesellschaft Hegel-Marx f\u00fcr dialektisches Denken. Es war sein weiter Blick auf die Klassenk\u00e4mpfe in der ganzen Welt, der ihn nach dem Zusammenbruch des europ\u00e4ischen Sozialismus nicht verzweifeln lie\u00df. \u00dcber den zerknirschten Eurozentrismus so vieler hiesiger Linker konnte er sich nur wundern. <\/p>\n","protected":false},"author":3,"featured_media":5282,"comment_status":"closed","ping_status":"closed","sticky":false,"template":"","format":"standard","meta":{"colormag_page_container_layout":"default_layout","colormag_page_sidebar_layout":"default_layout","advanced_seo_description":"","jetpack_seo_html_title":"","jetpack_seo_noindex":false,"jetpack_post_was_ever_published":false,"footnotes":""},"categories":[16,17],"tags":[691,1065,700,495,38],"class_list":["post-5281","post","type-post","status-publish","format-standard","has-post-thumbnail","hentry","category-weltanschauung-philosophie","category-weltliche-trauerkultur","tag-kapitalismuskritik","tag-klassenkampf","tag-nachruf","tag-philosophie","tag-weltanschauung"],"jetpack_featured_media_url":"https:\/\/i0.wp.com\/www.freidenker.org\/fw17\/wp-content\/uploads\/2018\/07\/Losurdo_af_04-2016-01-09-1-0771_800x445.jpg?fit=800%2C445&ssl=1","jetpack_shortlink":"https:\/\/wp.me\/p9stpK-1nb","jetpack-related-posts":[{"id":5422,"url":"https:\/\/www.freidenker.org\/?p=5422","url_meta":{"origin":5281,"position":0},"title":"FREIDENKER 3-18 EXTRA \u2013 Menschenbild","author":"Webredaktion","date":"16. September 2018","format":false,"excerpt":"Die EXTRA-Ausgabe 3-18 des Verbandsorgans FREIDENKER hat das Schwerpunkt-Thema \u201eMenschenbild \u2013 Marxistische Pers\u00f6nlichkeitstheorie: Individuum und Gesellschaft\u201c und enth\u00e4lt die Reden der Wissenschaftlichen Konferenz des Deutschen Freidenker-Verbandes vom 28.04.2018 in Hannover. Darin: - Sebastian Bahlo: Marx\u2018 revolution\u00e4re Sch\u00e4rfe bewahren - Klaus Hartmann: Was ist der Mensch? - Wolfgang Jantzen: Pers\u00f6nlichkeit und\u2026","rel":"","context":"In &quot;Verbandsorgan FREIDENKER&quot;","block_context":{"text":"Verbandsorgan FREIDENKER","link":"https:\/\/www.freidenker.org\/?cat=8"},"img":{"alt_text":"","src":"https:\/\/i0.wp.com\/www.freidenker.org\/fw17\/wp-content\/uploads\/2018\/09\/FD_2018-03_Titel_mR.jpg?fit=800%2C445&ssl=1&resize=350%2C200","width":350,"height":200,"srcset":"https:\/\/i0.wp.com\/www.freidenker.org\/fw17\/wp-content\/uploads\/2018\/09\/FD_2018-03_Titel_mR.jpg?fit=800%2C445&ssl=1&resize=350%2C200 1x, https:\/\/i0.wp.com\/www.freidenker.org\/fw17\/wp-content\/uploads\/2018\/09\/FD_2018-03_Titel_mR.jpg?fit=800%2C445&ssl=1&resize=525%2C300 1.5x, https:\/\/i0.wp.com\/www.freidenker.org\/fw17\/wp-content\/uploads\/2018\/09\/FD_2018-03_Titel_mR.jpg?fit=800%2C445&ssl=1&resize=700%2C400 2x"},"classes":[]},{"id":395,"url":"https:\/\/www.freidenker.org\/?p=395","url_meta":{"origin":5281,"position":1},"title":"De-Emanzipation \u2013 Domenico Losurdos \u201aGegengeschichte\u2018 des Liberalismus","author":"Webmaster","date":"17. Juli 2010","format":false,"excerpt":"Beitrag von Arnold Sch\u00f6lzel aus FREIDENKER 2-10 Die Geschichte des Liberalismus in der westlichen Welt ist von Heiligenlegenden durchwoben. Die Gr\u00fcndungsmythen Hollands, Gro\u00dfbritanniens, der USA und Frankreichs besagen, dass in ihnen eine Gemeinschaft von freien B\u00fcrgern historisch erstmalig den Individualismus zur Norm von Gesellschaft und Wirtschaft machte. Von Eroberung oder\u2026","rel":"","context":"In &quot;Demokratie \u2013 Medien \u2013 Aufkl\u00e4rung&quot;","block_context":{"text":"Demokratie \u2013 Medien \u2013 Aufkl\u00e4rung","link":"https:\/\/www.freidenker.org\/?cat=12"},"img":{"alt_text":"","src":"https:\/\/i0.wp.com\/www.freidenker.org\/fw17\/wp-content\/uploads\/2016\/08\/Ballon-1.jpg?fit=800%2C445&ssl=1&resize=350%2C200","width":350,"height":200,"srcset":"https:\/\/i0.wp.com\/www.freidenker.org\/fw17\/wp-content\/uploads\/2016\/08\/Ballon-1.jpg?fit=800%2C445&ssl=1&resize=350%2C200 1x, https:\/\/i0.wp.com\/www.freidenker.org\/fw17\/wp-content\/uploads\/2016\/08\/Ballon-1.jpg?fit=800%2C445&ssl=1&resize=525%2C300 1.5x, https:\/\/i0.wp.com\/www.freidenker.org\/fw17\/wp-content\/uploads\/2016\/08\/Ballon-1.jpg?fit=800%2C445&ssl=1&resize=700%2C400 2x"},"classes":[]},{"id":23983,"url":"https:\/\/www.freidenker.org\/?p=23983","url_meta":{"origin":5281,"position":2},"title":"Das Erbe der Herrenvolkdemokratien","author":"Webredaktion","date":"26. Dezember 2025","format":false,"excerpt":"Beitrag von Andreas Wehr aus:\u00a0\u201eFREIDENKER\u201c Nr. 4-25 Herrenvolkdemokratien \u2013 die Herrschaft Wei\u00dfer in kolonisierten L\u00e4ndern \u2013 zeichnen sich durch besonders brutale Formen der Unterdr\u00fcckung der Indigenen aus. Domenico Losurdo hat sich mit diesem Ph\u00e4nomen im Rahmen seiner Liberalismus-Studien intensiv auseinandergesetzt. Sowohl die Niederl\u00e4ndische und die Englische als auch die Amerikanische\u2026","rel":"","context":"In &quot;Geschichte&quot;","block_context":{"text":"Geschichte","link":"https:\/\/www.freidenker.org\/?cat=1162"},"img":{"alt_text":"","src":"https:\/\/i0.wp.com\/www.freidenker.org\/fw17\/wp-content\/uploads\/2025\/12\/Sacred_Heart_Cathedral_-_Kamloops_B.C_800x450.jpg?fit=800%2C450&ssl=1&resize=350%2C200","width":350,"height":200,"srcset":"https:\/\/i0.wp.com\/www.freidenker.org\/fw17\/wp-content\/uploads\/2025\/12\/Sacred_Heart_Cathedral_-_Kamloops_B.C_800x450.jpg?fit=800%2C450&ssl=1&resize=350%2C200 1x, https:\/\/i0.wp.com\/www.freidenker.org\/fw17\/wp-content\/uploads\/2025\/12\/Sacred_Heart_Cathedral_-_Kamloops_B.C_800x450.jpg?fit=800%2C450&ssl=1&resize=525%2C300 1.5x, https:\/\/i0.wp.com\/www.freidenker.org\/fw17\/wp-content\/uploads\/2025\/12\/Sacred_Heart_Cathedral_-_Kamloops_B.C_800x450.jpg?fit=800%2C450&ssl=1&resize=700%2C400 2x"},"classes":[]},{"id":3292,"url":"https:\/\/www.freidenker.org\/?p=3292","url_meta":{"origin":5281,"position":3},"title":"Ehrendes Gedenken: Prof. Dr. Hans-G\u00fcnter Eschke","author":"Webredaktion","date":"28. November 2007","format":false,"excerpt":"Nachrufe des Bundesvorsitzenden und der DFV-Ortsgruppe Jena auf Hans-G\u00fcnter Eschke Mit Hans-G\u00fcnter Eschke verliert der Deutsche Freidenker-Verband einen sehr verdienstvollen Freund und Genossen, einen Mitstreiter, der seine ganze Pers\u00f6nlichkeit in den Kampf um Aufkl\u00e4rung und Humanismus, gegen Irrationalismus und Volksverdummung einbrachte. Als Professor f\u00fcr Philosophie und anerkannter Hochschullehrer an der\u2026","rel":"","context":"In &quot;Weltliche Trauerkultur&quot;","block_context":{"text":"Weltliche Trauerkultur","link":"https:\/\/www.freidenker.org\/?cat=17"},"img":{"alt_text":"","src":"https:\/\/i0.wp.com\/www.freidenker.org\/fw17\/wp-content\/uploads\/2007\/11\/sunset-473604_800x445.jpg?fit=800%2C445&ssl=1&resize=350%2C200","width":350,"height":200,"srcset":"https:\/\/i0.wp.com\/www.freidenker.org\/fw17\/wp-content\/uploads\/2007\/11\/sunset-473604_800x445.jpg?fit=800%2C445&ssl=1&resize=350%2C200 1x, https:\/\/i0.wp.com\/www.freidenker.org\/fw17\/wp-content\/uploads\/2007\/11\/sunset-473604_800x445.jpg?fit=800%2C445&ssl=1&resize=525%2C300 1.5x, https:\/\/i0.wp.com\/www.freidenker.org\/fw17\/wp-content\/uploads\/2007\/11\/sunset-473604_800x445.jpg?fit=800%2C445&ssl=1&resize=700%2C400 2x"},"classes":[]},{"id":9871,"url":"https:\/\/www.freidenker.org\/?p=9871","url_meta":{"origin":5281,"position":4},"title":"Nachruf auf Ramsey Clark","author":"Webredaktion","date":"12. April 2021","format":false,"excerpt":"Nachruf von Vladimir Kr\u0161ljanin Ramsey Clark, Co-Vorsitzender des Internationalen Komitees \"Slobodan Milo\u0161evi\u0107\" ist am Abend des 9. April 2021 in New York im Alter von 93 Jahren verstorben. Ramsey war einer der brillantesten und ehrlichsten Amerikaner unserer Zeit, ein Mann, der das Gesicht und die Seele Amerikas rettete, indem er\u2026","rel":"","context":"In &quot;Frieden - Antifaschismus - Solidarit\u00e4t&quot;","block_context":{"text":"Frieden - Antifaschismus - Solidarit\u00e4t","link":"https:\/\/www.freidenker.org\/?cat=13"},"img":{"alt_text":"","src":"https:\/\/i0.wp.com\/www.freidenker.org\/fw17\/wp-content\/uploads\/2021\/04\/Clark_Milosevic_800x450.jpg?fit=800%2C450&ssl=1&resize=350%2C200","width":350,"height":200,"srcset":"https:\/\/i0.wp.com\/www.freidenker.org\/fw17\/wp-content\/uploads\/2021\/04\/Clark_Milosevic_800x450.jpg?fit=800%2C450&ssl=1&resize=350%2C200 1x, https:\/\/i0.wp.com\/www.freidenker.org\/fw17\/wp-content\/uploads\/2021\/04\/Clark_Milosevic_800x450.jpg?fit=800%2C450&ssl=1&resize=525%2C300 1.5x, https:\/\/i0.wp.com\/www.freidenker.org\/fw17\/wp-content\/uploads\/2021\/04\/Clark_Milosevic_800x450.jpg?fit=800%2C450&ssl=1&resize=700%2C400 2x"},"classes":[]},{"id":10426,"url":"https:\/\/www.freidenker.org\/?p=10426","url_meta":{"origin":5281,"position":5},"title":"Wir trauern um Dr. Werner Seppmann","author":"Webredaktion","date":"26. Mai 2021","format":false,"excerpt":"Mit Werner verliert die Linke in Deutschland einen bedeutenden marxistischen Philosophen und Soziologen, der Deutsche Freidenker-Verband verliert ein profiliertes Mitglied seines Beirats. Sein Schaffen folgte dem Ziel, die Marx\u2019sche Lehre als Instrument der gesellschaftlichen Erkenntnis, der Kapitalismuskritik und der sozialistischen Perspektive lebendig zu halten und als Instrument gegen die Unterwerfung\u2026","rel":"","context":"In &quot;Weltanschauung &amp; Philosophie&quot;","block_context":{"text":"Weltanschauung &amp; Philosophie","link":"https:\/\/www.freidenker.org\/?cat=16"},"img":{"alt_text":"","src":"https:\/\/i0.wp.com\/www.freidenker.org\/fw17\/wp-content\/uploads\/2021\/05\/werner_seppmann_mangroven_800x450.jpg?fit=800%2C450&ssl=1&resize=350%2C200","width":350,"height":200,"srcset":"https:\/\/i0.wp.com\/www.freidenker.org\/fw17\/wp-content\/uploads\/2021\/05\/werner_seppmann_mangroven_800x450.jpg?fit=800%2C450&ssl=1&resize=350%2C200 1x, https:\/\/i0.wp.com\/www.freidenker.org\/fw17\/wp-content\/uploads\/2021\/05\/werner_seppmann_mangroven_800x450.jpg?fit=800%2C450&ssl=1&resize=525%2C300 1.5x, https:\/\/i0.wp.com\/www.freidenker.org\/fw17\/wp-content\/uploads\/2021\/05\/werner_seppmann_mangroven_800x450.jpg?fit=800%2C450&ssl=1&resize=700%2C400 2x"},"classes":[]}],"_links":{"self":[{"href":"https:\/\/www.freidenker.org\/index.php?rest_route=\/wp\/v2\/posts\/5281","targetHints":{"allow":["GET"]}}],"collection":[{"href":"https:\/\/www.freidenker.org\/index.php?rest_route=\/wp\/v2\/posts"}],"about":[{"href":"https:\/\/www.freidenker.org\/index.php?rest_route=\/wp\/v2\/types\/post"}],"author":[{"embeddable":true,"href":"https:\/\/www.freidenker.org\/index.php?rest_route=\/wp\/v2\/users\/3"}],"replies":[{"embeddable":true,"href":"https:\/\/www.freidenker.org\/index.php?rest_route=%2Fwp%2Fv2%2Fcomments&post=5281"}],"version-history":[{"count":0,"href":"https:\/\/www.freidenker.org\/index.php?rest_route=\/wp\/v2\/posts\/5281\/revisions"}],"wp:featuredmedia":[{"embeddable":true,"href":"https:\/\/www.freidenker.org\/index.php?rest_route=\/wp\/v2\/media\/5282"}],"wp:attachment":[{"href":"https:\/\/www.freidenker.org\/index.php?rest_route=%2Fwp%2Fv2%2Fmedia&parent=5281"}],"wp:term":[{"taxonomy":"category","embeddable":true,"href":"https:\/\/www.freidenker.org\/index.php?rest_route=%2Fwp%2Fv2%2Fcategories&post=5281"},{"taxonomy":"post_tag","embeddable":true,"href":"https:\/\/www.freidenker.org\/index.php?rest_route=%2Fwp%2Fv2%2Ftags&post=5281"}],"curies":[{"name":"wp","href":"https:\/\/api.w.org\/{rel}","templated":true}]}}