{"id":5273,"date":"2018-07-04T23:20:20","date_gmt":"2018-07-04T21:20:20","guid":{"rendered":"http:\/\/www.freidenker.org\/?p=5273"},"modified":"2018-08-30T21:30:30","modified_gmt":"2018-08-30T19:30:30","slug":"die-neue-ostfront","status":"publish","type":"post","link":"https:\/\/www.freidenker.org\/?p=5273","title":{"rendered":"Ramstein 2018: Die &#8222;neue Ostfront&#8220;"},"content":{"rendered":"<h5 class=\"title style-scope ytd-video-primary-info-renderer\">Warum brauchen wir &#8222;kriegsverwendungsf\u00e4hige Stra\u00dfen&#8220;?<\/h5>\n<p class=\"title style-scope ytd-video-primary-info-renderer\">Rede von <em><strong>Klaus Hartmann<\/strong><\/em> auf der Auftaktkundgebung zur Demonstration &#8222;Stopp Air Base Ramstein 2018&#8220; in Landstuhl am 30. Juni 2018<\/p>\n<div class=\"jetpack-video-wrapper\"><span class=\"embed-youtube\" style=\"text-align:center; display: block;\"><iframe loading=\"lazy\" class=\"youtube-player\" width=\"800\" height=\"450\" src=\"https:\/\/www.youtube.com\/embed\/rVLLDwNDquo?version=3&#038;rel=1&#038;showsearch=0&#038;showinfo=1&#038;iv_load_policy=1&#038;fs=1&#038;hl=de-DE&#038;autohide=2&#038;wmode=transparent\" allowfullscreen=\"true\" style=\"border:0;\" sandbox=\"allow-scripts allow-same-origin allow-popups allow-presentation allow-popups-to-escape-sandbox\"><\/iframe><\/span><\/div>\n<p>Ver\u00f6ffentlicht von MrMarxismo auf <a href=\"https:\/\/www.youtube.com\/watch?v=rVLLDwNDquo\" target=\"_blank\" rel=\"noopener\">YouTube<\/a><\/p>\n<p style=\"text-align: right;\"><em>Klaus Hartmann ist Bundesvorsitzender des Deutschen Freidenker-Verbandes<\/em><\/p>\n<p>&nbsp;<\/p>\n<p>Zitat aus dem <span class=\"text_small_linespace\">Online-Flyer Nr. 666\u00a0 der Neuen Rheinischen Zeitung vom 04.07.2018, Beitrag &#8222;<a href=\"http:\/\/www.nrhz.de\/flyer\/beitrag.php?id=25009\" target=\"_blank\" rel=\"noopener\"><span class=\"text_red_times_big\">Fordert &#8218;Stopp Ramstein&#8216; den Verbleib der US-Airbase Ramstein?<\/span><\/a>&#8220; von Anneliese <span class=\"text_small\">Fikentscher und Andreas Neumann:<\/span><\/span><\/p>\n<p style=\"padding-left: 30px;\">Es ist Aktiven wie dem Freidenker-Vorsitzenden Klaus Hartmann hoch anzurechnen, dass sie nicht davon ablassen, darauf aufmerksam zu machen, dass mit der K\u00fcndigung des Truppenstationierungsvertrages innerhalb von nur zwei Jahren alle Milit\u00e4reinrichtungen von USA und NATO in Deutschland \u2013 inklusive Ramstein \u2013 geschlossen werden m\u00fcssten. Das war Teil seiner Rede bei der Auftaktkundgebung in Landstuhl.<\/p>\n<hr \/>\n<p>Offizielle Webseite der Kampagne &#8222;Stopp Air Base Ramstein&#8220;: <a href=\"https:\/\/www.ramstein-kampagne.eu\" target=\"_blank\" rel=\"noopener\">https:\/\/www.ramstein-kampagne.eu<\/a><\/p>\n<hr \/>\n<p>Bild oben: Screenshot aus dem <a href=\"https:\/\/www.youtube.com\/watch?v=rVLLDwNDquo\" target=\"_blank\" rel=\"noopener\">Video von MrMarxismo<\/a><\/p>\n","protected":false},"excerpt":{"rendered":"<p>Warum brauchen wir &#8222;kriegsverwendungsf\u00e4hige Stra\u00dfen&#8220;? Rede von Klaus Hartmann auf der Auftaktkundgebung zur Demonstration &#8222;Stopp Air Base Ramstein 2018&#8220; in Landstuhl am 30. Juni 2018<br \/>\nEs ist Aktiven wie dem Freidenker-Vorsitzenden Klaus Hartmann hoch anzurechnen, dass sie nicht davon ablassen, darauf aufmerksam zu machen, dass mit der K\u00fcndigung des Truppenstationierungsvertrages innerhalb von nur zwei Jahren alle Milit\u00e4reinrichtungen von USA und NATO in Deutschland \u2013 inklusive Ramstein \u2013 geschlossen werden m\u00fcssten. Das war Teil seiner Rede bei der Auftaktkundgebung in Landstuhl.<\/p>\n","protected":false},"author":3,"featured_media":5274,"comment_status":"closed","ping_status":"closed","sticky":false,"template":"","format":"standard","meta":{"colormag_page_container_layout":"default_layout","colormag_page_sidebar_layout":"default_layout","advanced_seo_description":"","jetpack_seo_html_title":"","jetpack_seo_noindex":false,"jetpack_post_was_ever_published":false,"footnotes":""},"categories":[13],"tags":[681,60,339],"class_list":["post-5273","post","type-post","status-publish","format-standard","has-post-thumbnail","hentry","category-frieden-antifaschismus-solidaritaet","tag-deutschland-raus-aus-der-nato","tag-kampagne-stopp-ramstein","tag-kriegspropaganda"],"jetpack_featured_media_url":"https:\/\/i0.wp.com\/www.freidenker.org\/fw17\/wp-content\/uploads\/2018\/07\/ramstein2018_hartmann_800x445.jpg?fit=800%2C445&ssl=1","jetpack_shortlink":"https:\/\/wp.me\/p9stpK-1n3","jetpack-related-posts":[{"id":5194,"url":"https:\/\/www.freidenker.org\/?p=5194","url_meta":{"origin":5273,"position":0},"title":"Aktionswoche Stopp Air Base Ramstein \u201818","author":"Webredaktion","date":"15. Juni 2018","format":false,"excerpt":"Als H\u00f6hepunkt der diesj\u00e4hrigen Proteste ist eine Demonstration mit 4 Kundgebungen am Samstag, den 30.06.18 geplant. ... Anschlie\u00dfend ziehen die Demonstrationsz\u00fcge gemeinsam zum Denkmal f\u00fcr die 1988 ums Leben gekommenen Flugshow-Opfer. Hier wollen wir am drei\u00dfigsten Jahrestag der Katastrophe der Opfer gedenken. Abschlie\u00dfend treffen wir uns gegen 16 Uhr vor\u2026","rel":"","context":"In &quot;Frieden - Antifaschismus - Solidarit\u00e4t&quot;","block_context":{"text":"Frieden - Antifaschismus - Solidarit\u00e4t","link":"https:\/\/www.freidenker.org\/?cat=13"},"img":{"alt_text":"","src":"https:\/\/i0.wp.com\/www.freidenker.org\/fw17\/wp-content\/uploads\/2018\/06\/ramstein2017_60102_800x445_mL.jpg?fit=800%2C445&ssl=1&resize=350%2C200","width":350,"height":200,"srcset":"https:\/\/i0.wp.com\/www.freidenker.org\/fw17\/wp-content\/uploads\/2018\/06\/ramstein2017_60102_800x445_mL.jpg?fit=800%2C445&ssl=1&resize=350%2C200 1x, https:\/\/i0.wp.com\/www.freidenker.org\/fw17\/wp-content\/uploads\/2018\/06\/ramstein2017_60102_800x445_mL.jpg?fit=800%2C445&ssl=1&resize=525%2C300 1.5x, https:\/\/i0.wp.com\/www.freidenker.org\/fw17\/wp-content\/uploads\/2018\/06\/ramstein2017_60102_800x445_mL.jpg?fit=800%2C445&ssl=1&resize=700%2C400 2x"},"classes":[]},{"id":275,"url":"https:\/\/www.freidenker.org\/?p=275","url_meta":{"origin":5273,"position":1},"title":"Freidenker-Brief 2-2016: Kampagne Stopp Ramstein \u2013 Aktionswochenende im Juni","author":"Webmaster","date":"3. Juni 2016","format":false,"excerpt":"Der Deutsche Freidenker-Verband appelliert an seine Mitglieder und Sympathisanten, die Kampagne \u201eStopp Ramstein\u201c zu unterst\u00fctzen und an dem Aktionswochenende in Kaiserslautern\/Ramstein, 10. \u2013 12. Juni 2016, teilzunehmen. \u201eDie US-Airbase in Ramstein repr\u00e4sentiert fast alle Friedensbedrohungen, denen wir heute ausgesetzt sind.\u201c So Klaus Hartmann, der Vorsitzende des Deutschen Freidenker-Verbands in einem\u2026","rel":"","context":"In &quot;Freidenker-Brief&quot;","block_context":{"text":"Freidenker-Brief","link":"https:\/\/www.freidenker.org\/?cat=341"},"img":{"alt_text":"","src":"https:\/\/i0.wp.com\/www.freidenker.org\/fw17\/wp-content\/uploads\/2016\/07\/Megaphone.jpg?fit=800%2C445&ssl=1&resize=350%2C200","width":350,"height":200,"srcset":"https:\/\/i0.wp.com\/www.freidenker.org\/fw17\/wp-content\/uploads\/2016\/07\/Megaphone.jpg?fit=800%2C445&ssl=1&resize=350%2C200 1x, https:\/\/i0.wp.com\/www.freidenker.org\/fw17\/wp-content\/uploads\/2016\/07\/Megaphone.jpg?fit=800%2C445&ssl=1&resize=525%2C300 1.5x, https:\/\/i0.wp.com\/www.freidenker.org\/fw17\/wp-content\/uploads\/2016\/07\/Megaphone.jpg?fit=800%2C445&ssl=1&resize=700%2C400 2x"},"classes":[]},{"id":272,"url":"https:\/\/www.freidenker.org\/?p=272","url_meta":{"origin":5273,"position":2},"title":"Gro\u00dfdemo gegen US-Basis Ramstein &#8211; Interview mit dem Vorsitzenden des Deutschen Freidenker-Verbandes","author":"Webmaster","date":"31. Mai 2016","format":false,"excerpt":"Rainer Rupp im Gespr\u00e4ch mit dem Bundesvorsitzenden des Deutschen Freidenker-Verbandes Klaus Hartmann \u00fcber die Kampagne \"Stopp Ramstein\", geplante Aktionen im Juni 2016 sowie die Initiative \"Deutschland raus aus der NATO \u2013 NATO raus aus Deutschland\u201c. \u201eVon deutschem Boden soll nie wieder Krieg ausgehen\u201c \u2013 das versicherte die Bundesregierung feierlich zum\u2026","rel":"","context":"In &quot;Frieden - Antifaschismus - Solidarit\u00e4t&quot;","block_context":{"text":"Frieden - Antifaschismus - Solidarit\u00e4t","link":"https:\/\/www.freidenker.org\/?cat=13"},"img":{"alt_text":"","src":"https:\/\/i0.wp.com\/www.freidenker.org\/fw17\/wp-content\/uploads\/2016\/07\/drone.jpg?fit=1200%2C763&ssl=1&resize=350%2C200","width":350,"height":200,"srcset":"https:\/\/i0.wp.com\/www.freidenker.org\/fw17\/wp-content\/uploads\/2016\/07\/drone.jpg?fit=1200%2C763&ssl=1&resize=350%2C200 1x, https:\/\/i0.wp.com\/www.freidenker.org\/fw17\/wp-content\/uploads\/2016\/07\/drone.jpg?fit=1200%2C763&ssl=1&resize=525%2C300 1.5x, https:\/\/i0.wp.com\/www.freidenker.org\/fw17\/wp-content\/uploads\/2016\/07\/drone.jpg?fit=1200%2C763&ssl=1&resize=700%2C400 2x, https:\/\/i0.wp.com\/www.freidenker.org\/fw17\/wp-content\/uploads\/2016\/07\/drone.jpg?fit=1200%2C763&ssl=1&resize=1050%2C600 3x"},"classes":[]},{"id":4491,"url":"https:\/\/www.freidenker.org\/?p=4491","url_meta":{"origin":5273,"position":3},"title":"Aktionswoche Stopp Air Base Ramstein 2017","author":"Webredaktion","date":"12. September 2017","format":false,"excerpt":"Kurzbericht von der Aktionswoche an der Ramstein Air Base vom 3. bis zum 10.09.2017 Die diesj\u00e4hrigen Aktionen gegen die Air Base Ramstein wurden von den Veranstaltern als gro\u00dfer Erfolg gewertet: Sie waren eine der gro\u00dfen Aktionen der Friedensbewegung, als Einzelaktion 2017 mit Abstand die gr\u00f6\u00dfte Friedensaktion in Deutschland. Die Gr\u00fcndung\u2026","rel":"","context":"In &quot;Frieden - Antifaschismus - Solidarit\u00e4t&quot;","block_context":{"text":"Frieden - Antifaschismus - Solidarit\u00e4t","link":"https:\/\/www.freidenker.org\/?cat=13"},"img":{"alt_text":"","src":"https:\/\/i0.wp.com\/www.freidenker.org\/fw17\/wp-content\/uploads\/2018\/02\/Ramstein-2017.jpg?fit=800%2C445&ssl=1&resize=350%2C200","width":350,"height":200,"srcset":"https:\/\/i0.wp.com\/www.freidenker.org\/fw17\/wp-content\/uploads\/2018\/02\/Ramstein-2017.jpg?fit=800%2C445&ssl=1&resize=350%2C200 1x, https:\/\/i0.wp.com\/www.freidenker.org\/fw17\/wp-content\/uploads\/2018\/02\/Ramstein-2017.jpg?fit=800%2C445&ssl=1&resize=525%2C300 1.5x, https:\/\/i0.wp.com\/www.freidenker.org\/fw17\/wp-content\/uploads\/2018\/02\/Ramstein-2017.jpg?fit=800%2C445&ssl=1&resize=700%2C400 2x"},"classes":[]},{"id":13066,"url":"https:\/\/www.freidenker.org\/?p=13066","url_meta":{"origin":5273,"position":4},"title":"NATO will Russland schw\u00e4chen","author":"Webredaktion","date":"9. Mai 2022","format":false,"excerpt":"Beitrag von Klaus Hartmann In den letzten Jahren wurde das pf\u00e4lzische Ramstein nahe Kaiserslautern immer wieder mal kurz in den Medien erw\u00e4hnt, wenn die Pr\u00e4sidenten Obama oder Trump bei Reisen in oder aus ihren zahlreichen Kriegsgebieten auf \u201eihrem pf\u00e4lzischen Territorium\u201c zwischenlandeten. Noch seltener schafften es die Friedensaktivisten von \u201eStopp Airbase\u2026","rel":"","context":"In &quot;Frieden - Antifaschismus - Solidarit\u00e4t&quot;","block_context":{"text":"Frieden - Antifaschismus - Solidarit\u00e4t","link":"https:\/\/www.freidenker.org\/?cat=13"},"img":{"alt_text":"","src":"https:\/\/i0.wp.com\/www.freidenker.org\/fw17\/wp-content\/uploads\/2022\/05\/Ramstein_air_base_800x450.jpg?fit=800%2C450&ssl=1&resize=350%2C200","width":350,"height":200,"srcset":"https:\/\/i0.wp.com\/www.freidenker.org\/fw17\/wp-content\/uploads\/2022\/05\/Ramstein_air_base_800x450.jpg?fit=800%2C450&ssl=1&resize=350%2C200 1x, https:\/\/i0.wp.com\/www.freidenker.org\/fw17\/wp-content\/uploads\/2022\/05\/Ramstein_air_base_800x450.jpg?fit=800%2C450&ssl=1&resize=525%2C300 1.5x, https:\/\/i0.wp.com\/www.freidenker.org\/fw17\/wp-content\/uploads\/2022\/05\/Ramstein_air_base_800x450.jpg?fit=800%2C450&ssl=1&resize=700%2C400 2x"},"classes":[]},{"id":278,"url":"https:\/\/www.freidenker.org\/?p=278","url_meta":{"origin":5273,"position":5},"title":"KenFM am Telefon: Klaus Hartmann (Deutscher Freidenker-Verband) zu Stopp Ramstein","author":"Webmaster","date":"7. Juni 2016","format":false,"excerpt":"Wer heute behauptet, unser Land w\u00e4re rechtlich nicht in der Lage, Ramstein zu schlie\u00dfen, ist entweder schlecht informiert, oder aber arbeitet bewusst mit der Taktik der T\u00e4uschung. Fakt ist, solange das wiedervereinigte Deutschland Mitglied der NATO ist, kann ein US-Standort nur geschlossen werden, wenn dem alle NATO-Mitglieder zustimmen. Beschlie\u00dft die\u2026","rel":"","context":"In &quot;Frieden - Antifaschismus - Solidarit\u00e4t&quot;","block_context":{"text":"Frieden - Antifaschismus - Solidarit\u00e4t","link":"https:\/\/www.freidenker.org\/?cat=13"},"img":{"alt_text":"","src":"https:\/\/i0.wp.com\/www.freidenker.org\/fw17\/wp-content\/uploads\/2016\/06\/kenfm-klaus-hartmann_800x445.jpg?fit=800%2C445&ssl=1&resize=350%2C200","width":350,"height":200,"srcset":"https:\/\/i0.wp.com\/www.freidenker.org\/fw17\/wp-content\/uploads\/2016\/06\/kenfm-klaus-hartmann_800x445.jpg?fit=800%2C445&ssl=1&resize=350%2C200 1x, https:\/\/i0.wp.com\/www.freidenker.org\/fw17\/wp-content\/uploads\/2016\/06\/kenfm-klaus-hartmann_800x445.jpg?fit=800%2C445&ssl=1&resize=525%2C300 1.5x, https:\/\/i0.wp.com\/www.freidenker.org\/fw17\/wp-content\/uploads\/2016\/06\/kenfm-klaus-hartmann_800x445.jpg?fit=800%2C445&ssl=1&resize=700%2C400 2x"},"classes":[]}],"_links":{"self":[{"href":"https:\/\/www.freidenker.org\/index.php?rest_route=\/wp\/v2\/posts\/5273","targetHints":{"allow":["GET"]}}],"collection":[{"href":"https:\/\/www.freidenker.org\/index.php?rest_route=\/wp\/v2\/posts"}],"about":[{"href":"https:\/\/www.freidenker.org\/index.php?rest_route=\/wp\/v2\/types\/post"}],"author":[{"embeddable":true,"href":"https:\/\/www.freidenker.org\/index.php?rest_route=\/wp\/v2\/users\/3"}],"replies":[{"embeddable":true,"href":"https:\/\/www.freidenker.org\/index.php?rest_route=%2Fwp%2Fv2%2Fcomments&post=5273"}],"version-history":[{"count":0,"href":"https:\/\/www.freidenker.org\/index.php?rest_route=\/wp\/v2\/posts\/5273\/revisions"}],"wp:featuredmedia":[{"embeddable":true,"href":"https:\/\/www.freidenker.org\/index.php?rest_route=\/wp\/v2\/media\/5274"}],"wp:attachment":[{"href":"https:\/\/www.freidenker.org\/index.php?rest_route=%2Fwp%2Fv2%2Fmedia&parent=5273"}],"wp:term":[{"taxonomy":"category","embeddable":true,"href":"https:\/\/www.freidenker.org\/index.php?rest_route=%2Fwp%2Fv2%2Fcategories&post=5273"},{"taxonomy":"post_tag","embeddable":true,"href":"https:\/\/www.freidenker.org\/index.php?rest_route=%2Fwp%2Fv2%2Ftags&post=5273"}],"curies":[{"name":"wp","href":"https:\/\/api.w.org\/{rel}","templated":true}]}}