{"id":527,"date":"2012-06-13T13:12:38","date_gmt":"2012-06-13T11:12:38","guid":{"rendered":"http:\/\/www.freidenker.org\/fw17\/?p=527"},"modified":"2018-02-18T19:52:46","modified_gmt":"2018-02-18T18:52:46","slug":"medienkrieg-gegen-syrien","status":"publish","type":"post","link":"https:\/\/www.freidenker.org\/?p=527","title":{"rendered":"Medienkrieg gegen Syrien"},"content":{"rendered":"<h5 class=\"titre_serif_1 crayon article-titre-174589 noprint entry-title\">Die NATO bereitet eine grosse Desinformations-Kampagne vor<\/h5>\n<p>von <span class=\"fn\"><span lang=\"fr\">Thierry Meyssan, Voltaire-Netzwerk<\/span><\/span><\/p>\n<p><span class=\"fn\"><span lang=\"fr\">Die Mitglieds-Staaten der NATO und des GCC bereiten einen Staatsstreich und einen sektiererischen V\u00f6lkermord in Syrien vor. Wenn Sie sich gegen diese Verbrechen erheben wollen, ergreifen Sie jetzt Ma\u00dfnahmen: Lassen Sie diesen Artikel im Netz zirkulieren und wenden Sie sich an Ihre gew\u00e4hlten Vertreter.<\/span><\/span><\/p>\n<p><span class=\"fn\"><span lang=\"fr\">Mehr erfahren Sie hier: <a href=\"http:\/\/www.voltairenet.org\/Die-NATO-bereitet-eine-grosse\">http:\/\/www.voltairenet.org\/Die-NATO-bereitet-eine-grosse <\/a><\/span><\/span><\/p>\n<hr \/>\n<p>Bildquelle: https:\/\/commons.wikimedia.org\/ Autor: Loozrboy<\/p>\n","protected":false},"excerpt":{"rendered":"<p><strong>Aufruf von Thierry Meyssan, Voltaire-Netzwerk<\/strong><br \/>\nDie Mitglieds-Staaten der NATO und des GCC bereiten einen Staatsstreich und einen sektiererischen V\u00f6lkermord in Syrien vor. Wenn Sie sich gegen diese Verbrechen erheben wollen, ergreifen Sie jetzt Ma\u00dfnahmen: Lassen Sie diesen Artikel des Voltaire-Netzwerkes im Netz zirkulieren und wenden Sie sich an Ihre gew\u00e4hlten Vertreter.<\/p>\n","protected":false},"author":2,"featured_media":2170,"comment_status":"closed","ping_status":"closed","sticky":false,"template":"","format":"standard","meta":{"colormag_page_container_layout":"default_layout","colormag_page_sidebar_layout":"default_layout","advanced_seo_description":"","jetpack_seo_html_title":"","jetpack_seo_noindex":false,"jetpack_post_was_ever_published":false,"footnotes":""},"categories":[12,13],"tags":[335,188,964,56,336],"class_list":["post-527","post","type-post","status-publish","format-standard","has-post-thumbnail","hentry","category-demokratie-medien-aufklaerung","category-frieden-antifaschismus-solidaritaet","tag-frieden","tag-krieg","tag-medienhetze","tag-nato","tag-syrien"],"jetpack_featured_media_url":"https:\/\/i0.wp.com\/www.freidenker.org\/fw17\/wp-content\/uploads\/2012\/06\/tv_control_room_800x445.jpg?fit=800%2C445&ssl=1","jetpack_shortlink":"https:\/\/wp.me\/p9stpK-8v","jetpack-related-posts":[{"id":1391,"url":"https:\/\/www.freidenker.org\/?p=1391","url_meta":{"origin":527,"position":0},"title":"Freidenker-Brief 2-2017: \u201eSyrien erk\u00e4mpft den Sieg\u201c","author":"Webredaktion","date":"30. August 2017","format":false,"excerpt":"Der deutsche Freidenkerverband ist Mitveranstalter der Demonstration \u201eSyrien erk\u00e4mpft den Sieg\u201c gegen den Terrorkrieg von NATO, Zionisten, \"Islamischem Staat\" und Golfmonarchen\" am 2.9.2017 in Frankfurt am Main. Auftaktkundgebung um 13 Uhr an der Alten Oper. Hauptveranstalter ist das Frankfurter Solidarit\u00e4tskomitee f\u00fcr Syrien. Wir laden Sie herzlich ein, an der Demonstration\u2026","rel":"","context":"In &quot;Freidenker-Brief&quot;","block_context":{"text":"Freidenker-Brief","link":"https:\/\/www.freidenker.org\/?cat=341"},"img":{"alt_text":"","src":"https:\/\/i0.wp.com\/www.freidenker.org\/fw17\/wp-content\/uploads\/2017\/08\/International_Mine_Action_Center_in_Syria_Aleppo_45.jpg?fit=800%2C445&ssl=1&resize=350%2C200","width":350,"height":200,"srcset":"https:\/\/i0.wp.com\/www.freidenker.org\/fw17\/wp-content\/uploads\/2017\/08\/International_Mine_Action_Center_in_Syria_Aleppo_45.jpg?fit=800%2C445&ssl=1&resize=350%2C200 1x, https:\/\/i0.wp.com\/www.freidenker.org\/fw17\/wp-content\/uploads\/2017\/08\/International_Mine_Action_Center_in_Syria_Aleppo_45.jpg?fit=800%2C445&ssl=1&resize=525%2C300 1.5x, https:\/\/i0.wp.com\/www.freidenker.org\/fw17\/wp-content\/uploads\/2017\/08\/International_Mine_Action_Center_in_Syria_Aleppo_45.jpg?fit=800%2C445&ssl=1&resize=700%2C400 2x"},"classes":[]},{"id":3092,"url":"https:\/\/www.freidenker.org\/?p=3092","url_meta":{"origin":527,"position":1},"title":"Sagen Sie \u201eNEIN\u201c zur Kriegsbeteiligung gegen Syrien!","author":"Webredaktion","date":"5. Dezember 2012","format":false,"excerpt":"Offener Brief an die Abgeordneten des Deutschen Bundestags Am 12. Dezember 2012 sollen Sie \u00fcber den Antrag der Bundesregierung zwecks \u201eEntsendung bewaffneter deutscher Streitkr\u00e4fte zur Verst\u00e4rkung der integrierten Luftverteidigung der NATO (NATINADS) auf Ersuchen der T\u00fcrkei ...\u201c befinden.Obwohl Syrien nicht die Absicht hat, die T\u00fcrkei anzugreifen, sich vielmehr bewaffneter Banden\u2026","rel":"","context":"In &quot;Frieden - Antifaschismus - Solidarit\u00e4t&quot;","block_context":{"text":"Frieden - Antifaschismus - Solidarit\u00e4t","link":"https:\/\/www.freidenker.org\/?cat=13"},"img":{"alt_text":"","src":"https:\/\/i0.wp.com\/www.freidenker.org\/fw17\/wp-content\/uploads\/2012\/12\/Patriot_System_2_800x445.jpg?fit=800%2C445&ssl=1&resize=350%2C200","width":350,"height":200,"srcset":"https:\/\/i0.wp.com\/www.freidenker.org\/fw17\/wp-content\/uploads\/2012\/12\/Patriot_System_2_800x445.jpg?fit=800%2C445&ssl=1&resize=350%2C200 1x, https:\/\/i0.wp.com\/www.freidenker.org\/fw17\/wp-content\/uploads\/2012\/12\/Patriot_System_2_800x445.jpg?fit=800%2C445&ssl=1&resize=525%2C300 1.5x, https:\/\/i0.wp.com\/www.freidenker.org\/fw17\/wp-content\/uploads\/2012\/12\/Patriot_System_2_800x445.jpg?fit=800%2C445&ssl=1&resize=700%2C400 2x"},"classes":[]},{"id":4991,"url":"https:\/\/www.freidenker.org\/?p=4991","url_meta":{"origin":527,"position":2},"title":"Freidenker verurteilen Aggression gegen Syrien","author":"Webredaktion","date":"15. April 2018","format":false,"excerpt":"Der Deutsche Freidenker-Verband verurteilt die Raketenangriffe der USA, Gro\u00dfbritanniens und Frankreichs gegen Syrien. Sie stellen eine mit der Charta der Vereinten Nationen unvereinbare und somit v\u00f6lkerrechtswidrige Aggressionshandlung dar, sie bedeuten die Verletzung der Souver\u00e4nit\u00e4t und territorialen Integrit\u00e4t der Arabischen Republik Syrien. Dies ist ein neuerlicher krimineller Akt und ein Kriegsverbrechen\u2026","rel":"","context":"In &quot;Frieden - Antifaschismus - Solidarit\u00e4t&quot;","block_context":{"text":"Frieden - Antifaschismus - Solidarit\u00e4t","link":"https:\/\/www.freidenker.org\/?cat=13"},"img":{"alt_text":"","src":"https:\/\/i0.wp.com\/www.freidenker.org\/fw17\/wp-content\/uploads\/2018\/04\/syrien_angriff_2018-04-14_800x445.jpg?fit=800%2C445&ssl=1&resize=350%2C200","width":350,"height":200,"srcset":"https:\/\/i0.wp.com\/www.freidenker.org\/fw17\/wp-content\/uploads\/2018\/04\/syrien_angriff_2018-04-14_800x445.jpg?fit=800%2C445&ssl=1&resize=350%2C200 1x, https:\/\/i0.wp.com\/www.freidenker.org\/fw17\/wp-content\/uploads\/2018\/04\/syrien_angriff_2018-04-14_800x445.jpg?fit=800%2C445&ssl=1&resize=525%2C300 1.5x, https:\/\/i0.wp.com\/www.freidenker.org\/fw17\/wp-content\/uploads\/2018\/04\/syrien_angriff_2018-04-14_800x445.jpg?fit=800%2C445&ssl=1&resize=700%2C400 2x"},"classes":[]},{"id":882,"url":"https:\/\/www.freidenker.org\/?p=882","url_meta":{"origin":527,"position":3},"title":"Freidenker-Brief 6-2016: Syrien: Kriegspropaganda, Sanktionen und Unterst\u00fctzung der Terrormilizen beenden!","author":"Webredaktion","date":"7. Oktober 2016","format":false,"excerpt":"Unter dieser Losung ver\u00f6ffentlicht der Deutsche Freidenker-Verband die nachstehende Erkl\u00e4rung und ruft damit seine Mitglieder und Sympathisanten auf, sich an der Bundesweiten Friedensdemonstration in Berlin am 8. Oktober 2016 m\u00f6glichst zahlreich zu beteiligen. Geplant ist ein Block mit dem Frontbanner \u201eNATO raus \u2013 raus aus der NATO\u201c. Wer dieser unserer\u2026","rel":"","context":"In &quot;Freidenker-Brief&quot;","block_context":{"text":"Freidenker-Brief","link":"https:\/\/www.freidenker.org\/?cat=341"},"img":{"alt_text":"","src":"https:\/\/i0.wp.com\/www.freidenker.org\/fw17\/wp-content\/uploads\/2017\/11\/syrien_usa_russland_800.jpg?fit=800%2C445&ssl=1&resize=350%2C200","width":350,"height":200,"srcset":"https:\/\/i0.wp.com\/www.freidenker.org\/fw17\/wp-content\/uploads\/2017\/11\/syrien_usa_russland_800.jpg?fit=800%2C445&ssl=1&resize=350%2C200 1x, https:\/\/i0.wp.com\/www.freidenker.org\/fw17\/wp-content\/uploads\/2017\/11\/syrien_usa_russland_800.jpg?fit=800%2C445&ssl=1&resize=525%2C300 1.5x, https:\/\/i0.wp.com\/www.freidenker.org\/fw17\/wp-content\/uploads\/2017\/11\/syrien_usa_russland_800.jpg?fit=800%2C445&ssl=1&resize=700%2C400 2x"},"classes":[]},{"id":18858,"url":"https:\/\/www.freidenker.org\/?p=18858","url_meta":{"origin":527,"position":4},"title":"Gemeinsam handeln im Friedenskampf statt Querfronthysterie im Dienste der NATO-Vasallen","author":"Webredaktion","date":"25. April 2024","format":false,"excerpt":"Die Initiative Frieden mit Russland l\u00e4dt ein zur Podiumsdiskussion am 04.05.2024 in Hannover-Ricklingen. Wir leben in einer Periode, in der das bisherige Weltsystem, das durch die jahrhundertelange Dominanz des politischen Westens \u2013 der gro\u00dfen Kolonialm\u00e4chte England und Frankreich, sp\u00e4ter der USA \u2013 gekennzeichnet ist, ins Wanken ger\u00e4t. Das US-dominierte System\u2026","rel":"","context":"In &quot;Frieden - Antifaschismus - Solidarit\u00e4t&quot;","block_context":{"text":"Frieden - Antifaschismus - Solidarit\u00e4t","link":"https:\/\/www.freidenker.org\/?cat=13"},"img":{"alt_text":"","src":"https:\/\/i0.wp.com\/www.freidenker.org\/fw17\/wp-content\/uploads\/2024\/04\/expansionary_military_bloc_800x450.jpg?fit=800%2C450&ssl=1&resize=350%2C200","width":350,"height":200,"srcset":"https:\/\/i0.wp.com\/www.freidenker.org\/fw17\/wp-content\/uploads\/2024\/04\/expansionary_military_bloc_800x450.jpg?fit=800%2C450&ssl=1&resize=350%2C200 1x, https:\/\/i0.wp.com\/www.freidenker.org\/fw17\/wp-content\/uploads\/2024\/04\/expansionary_military_bloc_800x450.jpg?fit=800%2C450&ssl=1&resize=525%2C300 1.5x, https:\/\/i0.wp.com\/www.freidenker.org\/fw17\/wp-content\/uploads\/2024\/04\/expansionary_military_bloc_800x450.jpg?fit=800%2C450&ssl=1&resize=700%2C400 2x"},"classes":[]},{"id":19376,"url":"https:\/\/www.freidenker.org\/?p=19376","url_meta":{"origin":527,"position":5},"title":"Sie wollen den Krieg","author":"Webredaktion","date":"27. Juni 2024","format":false,"excerpt":"Warnruf des Friedensb\u00fcndnisses NRW In Verantwortung f\u00fcr die Menschen dieses Landes und Europas halten wir als Friedensb\u00fcndnis NRW es f\u00fcr notwendig, das Undenkbare auszusprechen: Die Regierung der USA, die NATO-F\u00fchrung und zahlreiche NATO-Mitgliedstaaten sind bereit, einen Krieg gegen Russland auf europ\u00e4ischem Boden zu f\u00fchren, der unser aller Leben gef\u00e4hrdet. Sie\u2026","rel":"","context":"In &quot;Frieden - Antifaschismus - Solidarit\u00e4t&quot;","block_context":{"text":"Frieden - Antifaschismus - Solidarit\u00e4t","link":"https:\/\/www.freidenker.org\/?cat=13"},"img":{"alt_text":"","src":"https:\/\/i0.wp.com\/www.freidenker.org\/fw17\/wp-content\/uploads\/2024\/06\/friedensbuendnis-nrw-galerie-17_800x450.jpg?fit=800%2C450&ssl=1&resize=350%2C200","width":350,"height":200,"srcset":"https:\/\/i0.wp.com\/www.freidenker.org\/fw17\/wp-content\/uploads\/2024\/06\/friedensbuendnis-nrw-galerie-17_800x450.jpg?fit=800%2C450&ssl=1&resize=350%2C200 1x, https:\/\/i0.wp.com\/www.freidenker.org\/fw17\/wp-content\/uploads\/2024\/06\/friedensbuendnis-nrw-galerie-17_800x450.jpg?fit=800%2C450&ssl=1&resize=525%2C300 1.5x, https:\/\/i0.wp.com\/www.freidenker.org\/fw17\/wp-content\/uploads\/2024\/06\/friedensbuendnis-nrw-galerie-17_800x450.jpg?fit=800%2C450&ssl=1&resize=700%2C400 2x"},"classes":[]}],"_links":{"self":[{"href":"https:\/\/www.freidenker.org\/index.php?rest_route=\/wp\/v2\/posts\/527","targetHints":{"allow":["GET"]}}],"collection":[{"href":"https:\/\/www.freidenker.org\/index.php?rest_route=\/wp\/v2\/posts"}],"about":[{"href":"https:\/\/www.freidenker.org\/index.php?rest_route=\/wp\/v2\/types\/post"}],"author":[{"embeddable":true,"href":"https:\/\/www.freidenker.org\/index.php?rest_route=\/wp\/v2\/users\/2"}],"replies":[{"embeddable":true,"href":"https:\/\/www.freidenker.org\/index.php?rest_route=%2Fwp%2Fv2%2Fcomments&post=527"}],"version-history":[{"count":0,"href":"https:\/\/www.freidenker.org\/index.php?rest_route=\/wp\/v2\/posts\/527\/revisions"}],"wp:featuredmedia":[{"embeddable":true,"href":"https:\/\/www.freidenker.org\/index.php?rest_route=\/wp\/v2\/media\/2170"}],"wp:attachment":[{"href":"https:\/\/www.freidenker.org\/index.php?rest_route=%2Fwp%2Fv2%2Fmedia&parent=527"}],"wp:term":[{"taxonomy":"category","embeddable":true,"href":"https:\/\/www.freidenker.org\/index.php?rest_route=%2Fwp%2Fv2%2Fcategories&post=527"},{"taxonomy":"post_tag","embeddable":true,"href":"https:\/\/www.freidenker.org\/index.php?rest_route=%2Fwp%2Fv2%2Ftags&post=527"}],"curies":[{"name":"wp","href":"https:\/\/api.w.org\/{rel}","templated":true}]}}