{"id":5269,"date":"2018-07-05T23:13:57","date_gmt":"2018-07-05T21:13:57","guid":{"rendered":"http:\/\/www.freidenker.org\/?p=5269"},"modified":"2018-10-07T11:36:53","modified_gmt":"2018-10-07T09:36:53","slug":"wir-schwoeren-ab","status":"publish","type":"post","link":"https:\/\/www.freidenker.org\/?p=5269","title":{"rendered":"&#8222;Wir schw\u00f6ren ab&#8220;"},"content":{"rendered":"<h5>Prinz Chaos II, Diether Dehm &amp; Michael Letz auf der Stopp Air Base Ramstein Demonstration<\/h5>\n<div class=\"field field-name-field-description field-type-text-long field-label-hidden\">\n<div class=\"field-items\">\n<div class=\"field-item even\">\n<p>Auf der diesj\u00e4hrigen Stopp Air Base Ramstein Demonstration am 30.06.2018 sangen Prinz Chaos II, Diether Dehm und Michael Letz den Song &#8222;Wir schw\u00f6ren ab&#8220; auf der Abschlusskundgebung.<\/p>\n<div class=\"jetpack-video-wrapper\"><span class=\"embed-youtube\" style=\"text-align:center; display: block;\"><iframe loading=\"lazy\" class=\"youtube-player\" width=\"800\" height=\"450\" src=\"https:\/\/www.youtube.com\/embed\/W5_g26LfLlE?version=3&#038;rel=1&#038;showsearch=0&#038;showinfo=1&#038;iv_load_policy=1&#038;fs=1&#038;hl=de-DE&#038;autohide=2&#038;wmode=transparent\" allowfullscreen=\"true\" style=\"border:0;\" sandbox=\"allow-scripts allow-same-origin allow-popups allow-presentation allow-popups-to-escape-sandbox\"><\/iframe><\/span><\/div>\n<p><a href=\"https:\/\/weltnetz.tv\/video\/1533-wir-schwoeren-ab\" target=\"_blank\" rel=\"noopener\">Link zur Erstver\u00f6ffentlichung<\/a> auf weltnetz.tv<\/p>\n<p>Hier der Text zum Mitsingen:<\/p>\n<p style=\"padding-left: 30px;\">Ich schw\u00f6r ab, Du schw\u00f6rst ab der Verschw\u00f6rungstheorie,<br \/>\nHerr Kultursenator (tiefe Stimmen)<br \/>\nIch schw\u00f6r ab, du schw\u00f6rst ab, nee, Verschw\u00f6rung gab es nie,<br \/>\nHerr Kultursenator<br \/>\nWeg mit allen Theorien<br \/>\nKein noch so kleiner Raum dem noch so kleinen Traum<br \/>\nSo sexy und arm ist Berlin!<\/p>\n<p style=\"padding-left: 30px;\">Wir schw\u00f6ren ab!<br \/>\nWir schw\u00f6ren ab &#8211; allen Verschw\u00f6rungstheorien!<br \/>\nWir schw\u00f6ren ab!<br \/>\nVerschw\u00f6rungen auch nur in Betracht zu ziehen!<br \/>\nWir schw\u00f6ren ab!<br \/>\nUnsern Herrn, wer sie auch sei\u2019n, solln uns verzeih\u2019n<br \/>\nWir schw\u00f6rn jetz\u00b4 ab!<br \/>\nWenn ein Schurkenstaat verreckt: is\u2019 political correct!<\/p>\n<p style=\"padding-left: 30px;\">Refrain<br \/>\nIch schw\u00f6r ab, Du schw\u00f6rst ab&#8230;.<\/p>\n<p style=\"padding-left: 30px;\">(Chor:)Wir schw\u00f6ren ab!<br \/>\nDem Film \u201eJFKay\u201c \u2013 we love the CIA<br \/>\n(Chor:) Wir schw\u00f6ren ab!<br \/>\nDer Oliver Stone ist doch ein russischer Spion<br \/>\nUnd wir schw\u00f6r`n ab!<br \/>\n9\/11 war eben nur ein (Pause) Erdbeben \/ nine-Eleven ein Zufalls-Aufeinandertreffen<br \/>\nWir schw\u00f6ren ab:<br \/>\nder Verschw\u00f6rungstheorie &#8211; die Piloten warn Idioten<\/p>\n<p style=\"padding-left: 30px;\">Lumumba einundsechzig: der hatte keine Feinde<br \/>\nAuch C\u00e4sars Gemeinde: ziemlich beste Freunde<br \/>\nZugegeben: Caesar musste sich sehr, sehr krumm b\u00fccken<br \/>\nSo bugsierte er sich selbst den Dolch in den R\u00fccken<\/p>\n<p style=\"padding-left: 30px;\">Refrain<br \/>\nIch schw\u00f6r ab, Du schw\u00f6rst ab&#8230;.<\/p>\n<p style=\"padding-left: 30px;\">Wir schw\u00f6ren ab!<br \/>\nOb Tonking-Zwischenfall oder Schweinebucht<br \/>\nWir schw\u00f6ren ab<br \/>\nWenn KenFM dann immer gleich Geheimdienste sucht<br \/>\nDa schw\u00f6rn wir ab<br \/>\nZwar wars kein Giftgas, was der Ami da fand<\/p>\n<p style=\"padding-left: 30px;\">War Nur Amerikas \u00d6l im irakischen Sand<\/p>\n<p style=\"padding-left: 30px;\">Wir m\u00fcssen viel mehr gegen Russen r\u00fcsten<br \/>\nUnd f\u00fcr Friedenss\u00e4nger gibt es keine schwarzen Listen<br \/>\nIn der Ukraine gibt es garkeine Faschisten<br \/>\nWeil die das sonst vom ZDF l\u00e4ngst w\u00fcssten<\/p>\n<p style=\"padding-left: 30px;\">Wir schw\u00f6ren ab!<br \/>\nAuch der Reichstagsbrand, wir sehen das jetzt ein<br \/>\nWir schw\u00f6ren ab!<br \/>\nmuss ein irrer Einzelt\u00e4ter gewesen sein<br \/>\nWir schw\u00f6ren ab!<br \/>\nDen Sender Gleiwitz, womit der zweite Weltkrieg begann<br \/>\nJa, wir schw\u00f6rn ab!<br \/>\nDen dichten wir nie wieder Goebbels an!<\/p>\n<p style=\"padding-left: 30px;\">Und immer wieder neue Hitlers: Castro und Assad<br \/>\nMilosewicz, Saddam, Ghadafi &#8211; und hat<br \/>\nnicht der Putin auch einen Hitler tief drin?<br \/>\n(milit\u00e4risch, stakkato gesungen:) Zerschlagt alle Verschw\u00f6rungstheorien!<\/p>\n<p style=\"padding-left: 30px;\">Refrain<br \/>\nIch schw\u00f6r ab, Du schw\u00f6rst ab der Verschw\u00f6rungstheorie,<br \/>\nHerr Kultursenator<br \/>\nIch schw\u00f6r ab, du schw\u00f6rst ab, nee, Verschw\u00f6rung gab es nie,<br \/>\nHerr Kultursenator<br \/>\nWeg mit allen Theorien<br \/>\nKein noch so kleiner Raum dem noch so kleinen Traum<br \/>\nSo sexy und arm ist Berlin!<br \/>\nHau weg alle The \u2013 e \u2013o-rien<br \/>\nSo sexy und arm ist Berlin<br \/>\nHau weg alle The \u2013 e \u2013o-rien<\/p>\n<p style=\"text-align: right;\"><em>Diether Dehm ist Mitglied des Beirats des Deutschen Freidenker-Verbandes.<\/em><\/p>\n<\/div>\n<p><a href=\"https:\/\/weltnetz.tv\/video\/1533-wir-schwoeren-ab\" target=\"_blank\" rel=\"noopener\">Link zur Erstver\u00f6ffentlichung<\/a> auf weltnetz.tv<\/p>\n<p><a href=\"https:\/\/www.youtube.com\/watch?v=W5_g26LfLlE\" target=\"_blank\" rel=\"noopener\">Direktlink zum Video auf YouTube<\/a><\/p>\n<hr \/>\n<p>Bild oben: Screenshot aus dem <a href=\"https:\/\/www.youtube.com\/watch?v=W5_g26LfLlE\" target=\"_blank\" rel=\"noopener\">Video von weltnetz.tv<\/a><\/p>\n<\/div>\n<\/div>\n","protected":false},"excerpt":{"rendered":"<p>Auf der diesj\u00e4hrigen Stopp Air Base Ramstein Demonstration am 30.06.2018 sangen Prinz Chaos II, Diether Dehm und Michael Letz den Song &#8222;Wir schw\u00f6ren ab&#8220; auf der Abschlusskundgebung. Hier das Video und der Text.<\/p>\n","protected":false},"author":3,"featured_media":5277,"comment_status":"closed","ping_status":"closed","sticky":false,"template":"","format":"standard","meta":{"colormag_page_container_layout":"default_layout","colormag_page_sidebar_layout":"default_layout","advanced_seo_description":"","jetpack_seo_html_title":"","jetpack_seo_noindex":false,"jetpack_post_was_ever_published":false,"footnotes":""},"categories":[12],"tags":[60,407,641],"class_list":["post-5269","post","type-post","status-publish","format-standard","has-post-thumbnail","hentry","category-demokratie-medien-aufklaerung","tag-kampagne-stopp-ramstein","tag-kunst","tag-verschwoerungstheorie"],"jetpack_featured_media_url":"https:\/\/i0.wp.com\/www.freidenker.org\/fw17\/wp-content\/uploads\/2018\/07\/ramstein2018_dehm_u_co_v2_800x445.jpg?fit=800%2C445&ssl=1","jetpack_shortlink":"https:\/\/wp.me\/p9stpK-1mZ","jetpack-related-posts":[{"id":5194,"url":"https:\/\/www.freidenker.org\/?p=5194","url_meta":{"origin":5269,"position":0},"title":"Aktionswoche Stopp Air Base Ramstein \u201818","author":"Webredaktion","date":"15. Juni 2018","format":false,"excerpt":"Als H\u00f6hepunkt der diesj\u00e4hrigen Proteste ist eine Demonstration mit 4 Kundgebungen am Samstag, den 30.06.18 geplant. ... Anschlie\u00dfend ziehen die Demonstrationsz\u00fcge gemeinsam zum Denkmal f\u00fcr die 1988 ums Leben gekommenen Flugshow-Opfer. Hier wollen wir am drei\u00dfigsten Jahrestag der Katastrophe der Opfer gedenken. Abschlie\u00dfend treffen wir uns gegen 16 Uhr vor\u2026","rel":"","context":"In &quot;Frieden - Antifaschismus - Solidarit\u00e4t&quot;","block_context":{"text":"Frieden - Antifaschismus - Solidarit\u00e4t","link":"https:\/\/www.freidenker.org\/?cat=13"},"img":{"alt_text":"","src":"https:\/\/i0.wp.com\/www.freidenker.org\/fw17\/wp-content\/uploads\/2018\/06\/ramstein2017_60102_800x445_mL.jpg?fit=800%2C445&ssl=1&resize=350%2C200","width":350,"height":200,"srcset":"https:\/\/i0.wp.com\/www.freidenker.org\/fw17\/wp-content\/uploads\/2018\/06\/ramstein2017_60102_800x445_mL.jpg?fit=800%2C445&ssl=1&resize=350%2C200 1x, https:\/\/i0.wp.com\/www.freidenker.org\/fw17\/wp-content\/uploads\/2018\/06\/ramstein2017_60102_800x445_mL.jpg?fit=800%2C445&ssl=1&resize=525%2C300 1.5x, https:\/\/i0.wp.com\/www.freidenker.org\/fw17\/wp-content\/uploads\/2018\/06\/ramstein2017_60102_800x445_mL.jpg?fit=800%2C445&ssl=1&resize=700%2C400 2x"},"classes":[]},{"id":5273,"url":"https:\/\/www.freidenker.org\/?p=5273","url_meta":{"origin":5269,"position":1},"title":"Ramstein 2018: Die &#8222;neue Ostfront&#8220;","author":"Webredaktion","date":"4. Juli 2018","format":false,"excerpt":"Warum brauchen wir \"kriegsverwendungsf\u00e4hige Stra\u00dfen\"? Rede von Klaus Hartmann auf der Auftaktkundgebung zur Demonstration \"Stopp Air Base Ramstein 2018\" in Landstuhl am 30. Juni 2018 Es ist Aktiven wie dem Freidenker-Vorsitzenden Klaus Hartmann hoch anzurechnen, dass sie nicht davon ablassen, darauf aufmerksam zu machen, dass mit der K\u00fcndigung des Truppenstationierungsvertrages\u2026","rel":"","context":"In &quot;Frieden - Antifaschismus - Solidarit\u00e4t&quot;","block_context":{"text":"Frieden - Antifaschismus - Solidarit\u00e4t","link":"https:\/\/www.freidenker.org\/?cat=13"},"img":{"alt_text":"","src":"https:\/\/i0.wp.com\/www.freidenker.org\/fw17\/wp-content\/uploads\/2018\/07\/ramstein2018_hartmann_800x445.jpg?fit=800%2C445&ssl=1&resize=350%2C200","width":350,"height":200,"srcset":"https:\/\/i0.wp.com\/www.freidenker.org\/fw17\/wp-content\/uploads\/2018\/07\/ramstein2018_hartmann_800x445.jpg?fit=800%2C445&ssl=1&resize=350%2C200 1x, https:\/\/i0.wp.com\/www.freidenker.org\/fw17\/wp-content\/uploads\/2018\/07\/ramstein2018_hartmann_800x445.jpg?fit=800%2C445&ssl=1&resize=525%2C300 1.5x, https:\/\/i0.wp.com\/www.freidenker.org\/fw17\/wp-content\/uploads\/2018\/07\/ramstein2018_hartmann_800x445.jpg?fit=800%2C445&ssl=1&resize=700%2C400 2x"},"classes":[]},{"id":8107,"url":"https:\/\/www.freidenker.org\/?p=8107","url_meta":{"origin":5269,"position":2},"title":"Air Base Ramstein: Drohnenmorde stoppen","author":"Webredaktion","date":"17. Mai 2020","format":false,"excerpt":"Beitrag der Webredaktion Nach der Ermordung des iranischen Generals Ghassem Soleimani durch eine US-Drohne hatten im Februar 2020 acht Bundestagsabgeordnete der Partei Die Linke Strafanzeige gegen Kanzlerin Angela Merkel und weitere Mitglieder der Bundesregierung beim Generalbundesanwalt gestellt: Wegen Beihilfe zum Mord durch Unterlassen. ... Die \"Kampagne Stopp Air Base Ramstein\"\u2026","rel":"","context":"In &quot;Frieden - Antifaschismus - Solidarit\u00e4t&quot;","block_context":{"text":"Frieden - Antifaschismus - Solidarit\u00e4t","link":"https:\/\/www.freidenker.org\/?cat=13"},"img":{"alt_text":"","src":"https:\/\/i0.wp.com\/www.freidenker.org\/fw17\/wp-content\/uploads\/2020\/05\/MQ-9_Reaper_-_800x450.jpg?fit=800%2C450&ssl=1&resize=350%2C200","width":350,"height":200,"srcset":"https:\/\/i0.wp.com\/www.freidenker.org\/fw17\/wp-content\/uploads\/2020\/05\/MQ-9_Reaper_-_800x450.jpg?fit=800%2C450&ssl=1&resize=350%2C200 1x, https:\/\/i0.wp.com\/www.freidenker.org\/fw17\/wp-content\/uploads\/2020\/05\/MQ-9_Reaper_-_800x450.jpg?fit=800%2C450&ssl=1&resize=525%2C300 1.5x, https:\/\/i0.wp.com\/www.freidenker.org\/fw17\/wp-content\/uploads\/2020\/05\/MQ-9_Reaper_-_800x450.jpg?fit=800%2C450&ssl=1&resize=700%2C400 2x"},"classes":[]},{"id":6514,"url":"https:\/\/www.freidenker.org\/?p=6514","url_meta":{"origin":5269,"position":3},"title":"Die U.S. Milit\u00e4rbasis in Ramstein &#038; die anstehende Demonstration dagegen","author":"Webredaktion","date":"20. Juni 2019","format":false,"excerpt":"Video-Interview mit Reiner Braun Vom 23.06. bis 30.06.2019 findet die diesj\u00e4hrige Aktionswoche \"Stopp Air Base Ramstein\" statt. In einem Video nimmt Reiner Braun Stellung zur Bedeutung der Kriegsdrehscheibe Ramstein und den notwendigen Protest dagegen.","rel":"","context":"In &quot;Frieden - Antifaschismus - Solidarit\u00e4t&quot;","block_context":{"text":"Frieden - Antifaschismus - Solidarit\u00e4t","link":"https:\/\/www.freidenker.org\/?cat=13"},"img":{"alt_text":"","src":"https:\/\/i0.wp.com\/www.freidenker.org\/fw17\/wp-content\/uploads\/2019\/06\/ramstein_27-2018-06-30-_800x445.jpg?fit=800%2C445&ssl=1&resize=350%2C200","width":350,"height":200,"srcset":"https:\/\/i0.wp.com\/www.freidenker.org\/fw17\/wp-content\/uploads\/2019\/06\/ramstein_27-2018-06-30-_800x445.jpg?fit=800%2C445&ssl=1&resize=350%2C200 1x, https:\/\/i0.wp.com\/www.freidenker.org\/fw17\/wp-content\/uploads\/2019\/06\/ramstein_27-2018-06-30-_800x445.jpg?fit=800%2C445&ssl=1&resize=525%2C300 1.5x, https:\/\/i0.wp.com\/www.freidenker.org\/fw17\/wp-content\/uploads\/2019\/06\/ramstein_27-2018-06-30-_800x445.jpg?fit=800%2C445&ssl=1&resize=700%2C400 2x"},"classes":[]},{"id":252,"url":"https:\/\/www.freidenker.org\/?p=252","url_meta":{"origin":5269,"position":4},"title":"Kein Drohnenkrieg \u2013 Stopp Ramstein","author":"Webmaster","date":"21. Mai 2016","format":false,"excerpt":"Appell der Planungskonferenz \u201eStopp Ramstein\u201c Kommt und macht mit bei der Menschenkette am 11. Juno 2016! Ramstein steht f\u00fcr die Politik von Interventionen und Krieg, von \u00dcberwachung und Militarismus. Von Ramstein gehen durch die weltweiten Drohneneins\u00e4tze tagt\u00e4glich Tod, Leid, Terror und Verderben aus. Drohnenkrieg ist Serienmord. Als erstes muss die\u2026","rel":"","context":"In &quot;Frieden - Antifaschismus - Solidarit\u00e4t&quot;","block_context":{"text":"Frieden - Antifaschismus - Solidarit\u00e4t","link":"https:\/\/www.freidenker.org\/?cat=13"},"img":{"alt_text":"","src":"https:\/\/i0.wp.com\/www.freidenker.org\/fw17\/wp-content\/uploads\/2016\/07\/Stop_Hand.jpg?fit=800%2C445&ssl=1&resize=350%2C200","width":350,"height":200,"srcset":"https:\/\/i0.wp.com\/www.freidenker.org\/fw17\/wp-content\/uploads\/2016\/07\/Stop_Hand.jpg?fit=800%2C445&ssl=1&resize=350%2C200 1x, https:\/\/i0.wp.com\/www.freidenker.org\/fw17\/wp-content\/uploads\/2016\/07\/Stop_Hand.jpg?fit=800%2C445&ssl=1&resize=525%2C300 1.5x, https:\/\/i0.wp.com\/www.freidenker.org\/fw17\/wp-content\/uploads\/2016\/07\/Stop_Hand.jpg?fit=800%2C445&ssl=1&resize=700%2C400 2x"},"classes":[]},{"id":4491,"url":"https:\/\/www.freidenker.org\/?p=4491","url_meta":{"origin":5269,"position":5},"title":"Aktionswoche Stopp Air Base Ramstein 2017","author":"Webredaktion","date":"12. September 2017","format":false,"excerpt":"Kurzbericht von der Aktionswoche an der Ramstein Air Base vom 3. bis zum 10.09.2017 Die diesj\u00e4hrigen Aktionen gegen die Air Base Ramstein wurden von den Veranstaltern als gro\u00dfer Erfolg gewertet: Sie waren eine der gro\u00dfen Aktionen der Friedensbewegung, als Einzelaktion 2017 mit Abstand die gr\u00f6\u00dfte Friedensaktion in Deutschland. Die Gr\u00fcndung\u2026","rel":"","context":"In &quot;Frieden - Antifaschismus - Solidarit\u00e4t&quot;","block_context":{"text":"Frieden - Antifaschismus - Solidarit\u00e4t","link":"https:\/\/www.freidenker.org\/?cat=13"},"img":{"alt_text":"","src":"https:\/\/i0.wp.com\/www.freidenker.org\/fw17\/wp-content\/uploads\/2018\/02\/Ramstein-2017.jpg?fit=800%2C445&ssl=1&resize=350%2C200","width":350,"height":200,"srcset":"https:\/\/i0.wp.com\/www.freidenker.org\/fw17\/wp-content\/uploads\/2018\/02\/Ramstein-2017.jpg?fit=800%2C445&ssl=1&resize=350%2C200 1x, https:\/\/i0.wp.com\/www.freidenker.org\/fw17\/wp-content\/uploads\/2018\/02\/Ramstein-2017.jpg?fit=800%2C445&ssl=1&resize=525%2C300 1.5x, https:\/\/i0.wp.com\/www.freidenker.org\/fw17\/wp-content\/uploads\/2018\/02\/Ramstein-2017.jpg?fit=800%2C445&ssl=1&resize=700%2C400 2x"},"classes":[]}],"_links":{"self":[{"href":"https:\/\/www.freidenker.org\/index.php?rest_route=\/wp\/v2\/posts\/5269","targetHints":{"allow":["GET"]}}],"collection":[{"href":"https:\/\/www.freidenker.org\/index.php?rest_route=\/wp\/v2\/posts"}],"about":[{"href":"https:\/\/www.freidenker.org\/index.php?rest_route=\/wp\/v2\/types\/post"}],"author":[{"embeddable":true,"href":"https:\/\/www.freidenker.org\/index.php?rest_route=\/wp\/v2\/users\/3"}],"replies":[{"embeddable":true,"href":"https:\/\/www.freidenker.org\/index.php?rest_route=%2Fwp%2Fv2%2Fcomments&post=5269"}],"version-history":[{"count":0,"href":"https:\/\/www.freidenker.org\/index.php?rest_route=\/wp\/v2\/posts\/5269\/revisions"}],"wp:featuredmedia":[{"embeddable":true,"href":"https:\/\/www.freidenker.org\/index.php?rest_route=\/wp\/v2\/media\/5277"}],"wp:attachment":[{"href":"https:\/\/www.freidenker.org\/index.php?rest_route=%2Fwp%2Fv2%2Fmedia&parent=5269"}],"wp:term":[{"taxonomy":"category","embeddable":true,"href":"https:\/\/www.freidenker.org\/index.php?rest_route=%2Fwp%2Fv2%2Fcategories&post=5269"},{"taxonomy":"post_tag","embeddable":true,"href":"https:\/\/www.freidenker.org\/index.php?rest_route=%2Fwp%2Fv2%2Ftags&post=5269"}],"curies":[{"name":"wp","href":"https:\/\/api.w.org\/{rel}","templated":true}]}}