{"id":5248,"date":"2018-06-04T23:36:24","date_gmt":"2018-06-04T21:36:24","guid":{"rendered":"http:\/\/www.freidenker.org\/?p=5248"},"modified":"2018-08-30T21:31:29","modified_gmt":"2018-08-30T19:31:29","slug":"rassismus-fuer-intellektuelle","status":"publish","type":"post","link":"https:\/\/www.freidenker.org\/?p=5248","title":{"rendered":"Rassismus f\u00fcr Intellektuelle"},"content":{"rendered":"<p>In der Rubrik <strong>Tagesdosis<\/strong> wurde am 04.06.2018 bei <a href=\"https:\/\/kenfm.de\/tagesdosis-4-6-2018-rassismus-fuer-intellektuelle\/\" target=\"_blank\" rel=\"noopener\">KenFM<\/a> der Beitrag <strong>\u201eRassismus f\u00fcr Intellektuelle\u201c<\/strong> von <em><strong>Susan Bonath<\/strong><\/em>, Mitglied des Deutschen Freidenker-Verbandes, ver\u00f6ffentlicht.<\/p>\n<p>Den Beitrag als Audio-Datei anh\u00f6ren:<\/p>\n<audio class=\"wp-audio-shortcode\" id=\"audio-5248-1\" preload=\"none\" style=\"width: 100%;\" controls=\"controls\"><source type=\"audio\/mpeg\" src=\"https:\/\/www.freidenker.org\/fw17\/wp-content\/uploads\/2018\/06\/tagesdosis-20180604.mp3?_=1\" \/><a href=\"https:\/\/www.freidenker.org\/fw17\/wp-content\/uploads\/2018\/06\/tagesdosis-20180604.mp3\">https:\/\/www.freidenker.org\/fw17\/wp-content\/uploads\/2018\/06\/tagesdosis-20180604.mp3<\/a><\/audio>\n<h4><\/h4>\n<h4>Tagesdosis 4.6.2018 \u2013 Rassismus f\u00fcr Intellektuelle<\/h4>\n<div class=\"post-article-meta\">\n<div id=\"mp3_download\"><\/div>\n<\/div>\n<p><em>Ein Kommentar von <strong>Susan Bonath<\/strong>.<\/em><\/p>\n<p>Wer sind die Antideutschen? In meiner letzten Tagesdosis schrieb ich \u00fcber ihr Treiben in der angeblich linksradikalen Clubszene im Leipziger S\u00fcden. Die laufende Veranstaltungsreihe \u00bb70 Jahre Israel\u00ab wird von Vertretern ihrer h\u00e4rtesten Front dominiert. Gemeint ist das Umfeld der Redaktion ihres Sprachrohrs \u00bbBahamas\u00ab um Wortf\u00fchrer Justus Wertm\u00fcller. Wie er vertritt das Blatt teils klassisch rechtsradikale Positionen. Es grassiert anti-arabischer Rassismus, Parteien wie die AfD, die FP\u00d6 und der Front National werden bejubelt. Die Tagesdosis stiftete Verwirrung. Tatsache ist, dass die Meisten, auch selbst erkl\u00e4rte Linke, das Ph\u00e4nomen \u00bbAntideutsche\u00ab nicht verstehen. Eins vorab: sind weder links noch \u00bbantideutsch\u00ab.<\/p>\n<h5>Links und rechts<\/h5>\n<p>Zun\u00e4chst m\u00fcssen die Zuschreibungen links und rechts n\u00e4her beleuchtet werden. Sie entstammen der franz\u00f6sischen Revolution. Im damaligen Parlament sa\u00dfen rechts jene, welche die Monarchie bewahren wollten. Links sa\u00dfen die Vertreter der b\u00fcrgerlichen Demokratie. Letztere brachte den armen und am meisten unterdr\u00fcckten Bev\u00f6lkerungsschichten erstmals in Gesetz gegossene Rechte. So konnte die Monarchie \u2013 ein Relikt aus feudalen Zeiten, das dennoch bereits als \u00dcberbau des fr\u00fchkapitalistischen Staats fungierte \u2013 von einer repr\u00e4sentativen Demokratie abgel\u00f6st werden.<\/p>\n<p>Was im Fr\u00fchkapitalismus des sp\u00e4ten 18. Jahrhunderts ein Fortschritt im Sinne der Armen war, ist es heute jedoch l\u00e4ngst nicht mehr. Das seit seinem Beginn nach globalem Wachstum strebende System zerf\u00e4llt bereits. In der Peripherie verlieren Staaten ihre Macht und Kontrolle, Oligarchen, Warlords und deren Terrormilizen \u00fcbernehmen das Ruder. Alles dr\u00e4ngt in die Barbarei. Auch in den Industrienationen zeigt sich der Verfall. Soziale Strukturen zerbrechen, Millionen rutschen in elementare Armut. Und die Staatsapparate r\u00fcsten auf. Politisch dr\u00e4ngen sie in die autorit\u00e4re Richtung in Form von Polizeistaat, Diktatur, Faschismus.<\/p>\n<p>Das hat mehrere Gr\u00fcnde. Zum einen unterliegt jeder Kapitalist dem Zwang, seinen Profit zu mehren. Dabei steht er in Konkurrenz zu anderen Kapitaleigent\u00fcmern. Die Folge: Das Kapital konzentriert sich in wenigen H\u00e4nden. Aktuelle Zahlen, wonach inzwischen die acht reichsten Menschen etwa so viel besitzen, wie die \u00e4rmere H\u00e4lfte der Weltbev\u00f6lkerung, belegen das. Es ist logisch: Wo sich oben immer mehr anh\u00e4uft, bleibt unten immer weniger. Und es schwinden die Anlagem\u00f6glichkeiten. Darum privatisieren Staaten, wo es geht.<\/p>\n<p>Zweitens hat der technologische Fortschritt die auf Kapitaleigentum auf der einen und abh\u00e4ngiger Lohnarbeit auf der anderen Seite basierenden Produktionsverh\u00e4ltnisse l\u00e4ngst \u00fcberholt. Wo Maschinen und Computer die Arbeit erledigen, werden Arbeiter freigesetzt. Das l\u00e4sst Steuereinnahmen schrumpfen. W\u00e4hrend die Zahl der Outgesourcten steigt, bauen die Staaten ihre Sozialsysteme ab. Die Verelendung innerhalb der unteren Schichten schreitet voran. Das treibt das Kapital noch schneller in die \u00dcberproduktions- und Verwertungskrise, die am Ende nur ein globaler Krieg im Sinne des Systemerhalts l\u00f6sen kann. Wir sind mittendrin. Wer daran heute festh\u00e4lt, will bewahren. Per Definition steht er rechts.<\/p>\n<h5>Pseudointellektuelle Thesen<\/h5>\n<p>Zun\u00e4chst: Der Versuch, politische Bewegungen zu unterwandern, psychologisch zu beeinflussen und zu verwirren, ist nicht neu. Die herrschende Klasse und ihr Instrument, der Staat, haben dazu alle Mittel. Schulen, Universit\u00e4ten, Stiftungen, Institute, politische Parteien dienen vor allem dazu, Menschen systemkonform zu integrieren. Und Geheimdienste waren und sind ebenfalls nicht unt\u00e4tig.<\/p>\n<p>Die \u00bbAntideutschen\u00ab traten erstmals mit dieser Selbstbezeichnung nach dem Mauerfall 1989 in Erscheinung. Sie rekrutierten sich aus Gruppen, die sich als \u00bblinksradikale\u00ab Intellektuelle sahen. Deren Bef\u00fcrchtung war damals durchaus nachvollziehbar: Sie wollten den Anschluss der DDR an die BRD aus Angst vor einem neuen Erstarken Deutschlands zur imperialistischen Supermacht verhindern. Fakt ist: Heute ist Deutschland einer der \u00f6konomisch st\u00e4rksten und aggressivsten Staaten in Europa, der die Profite f\u00fcr seine Bourgeoisie durch Niederhalten vor allem S\u00fcd- und Osteuropas sowie der \u00bbDritten Welt\u00ab sichert. Dass die Politik daf\u00fcr auf das B\u00fcndnis mit der global st\u00e4rksten Milit\u00e4rmacht USA setzt, \u00e4ndert daran nichts.<\/p>\n<p>Vorarbeit f\u00fcr das Ideenwerk der \u00bbAntideutschen\u00ab leistete die \u00bbFrankfurter Schule\u00ab. Sie verkaufte wohlf\u00fchl-linken Studenten die Philosophien von Theodor Adorno und Max Horkheimer als neue Richtlinien. Politisch-\u00f6konomisches Grundlagenwissen blieb au\u00dfen vor. Dass deren Thesen ohne ein solches nicht zu verstehen sind, f\u00fchrte zu Fehlschl\u00fcssen. Darauf gr\u00fcndeten die \u00bbAntideutschen\u00ab 1992 ihr Blatt \u00bbBahamas\u00ab.<\/p>\n<p>Nach und nach manifestierten sich immer wirrere Ideologien. Man reduzierte den deutschen Faschismus auf seinen Antisemitismus und die daraus resultierende industrielle Ermordung der Juden. Die Alliierten-M\u00e4chte h\u00e4tten, so hie\u00df es, Deutschland vom Faschismus befreit, weil ihre b\u00fcrgerlichen Demokratien besonders human und fortschrittlich gewesen, ja bis heute die wahren Vorreiter im Kampf gegen drohenden Faschismus seien. Das wahre \u00dcbel, so die These, sei das ungebildete Proletariat. Man negierte, dass Faschismus ebenso wie die b\u00fcrgerliche Demokratie, letztlich eine Herrschaftsform im Kapitalismus ist.<\/p>\n<p>Darauf aufbauend zerrissen die \u00bbantideutschen\u00ab Wortf\u00fchrer den \u00bbantikapitalistischen\u00ab Jargon der Nazis. Sie behaupteten, Antikapitalismus und Antiimperialismus \u2013 klassische linke Haltungen also \u2013 f\u00fchrten zu Faschismus. Damit ignorieren sie, dass die Nazis nicht meinten, was sie sagten, als sie sich als Sozialisten verkauften. Schlie\u00dflich galt ihr Bestreben in letzter Konsequenz dem Erstarken der deutschen Bourgeoisie.<\/p>\n<p>Ersatzweise fixierten \u00bbAntideutsche\u00ab sich auf den Antisemitismus, der zweifelsohne die Vernichtungs-Maschinerie der Nazis mit erm\u00f6glichte. Allerdings rechtfertigen sie damit die autorit\u00e4re rassistische Besatzungspolitik Israels. Jegliche antikapitalistischen und antiimperialistischen Aktionen gelten f\u00fcr sie daher als latent antisemitisch. Jedes Engagement gegen den Klassenkampf von oben deuten Antideutsche zum Hort faschistischer Bestrebungen um.<\/p>\n<h5>Seit an Seit mit AfD und Co.<\/h5>\n<p>Aufgrund von prokapitalistischer Heroisierung und ahistorischer Ent\u00f6konomisierung des Faschismus bestimmt heute die Verachtung der Unterschicht das Denken der Antideutschen. Nur so konnte es kommen, dass sie den Islam zum neuen Faschismus erkl\u00e4rten, der die westlichen Imperien bedrohe. Das geht so weit, dass sie den von den USA nach 9\/11 im Jahr 2001 ausgerufenen \u00bbKrieg gegen den Terror\u201c zu einem \u00bbantifaschistischen Projekt\u00ab umdeuten. Angriffe auf den Irak, auf Libyen und Syrien wurden in der Bahamas bejubelt. Lobeshymnen auf die AfD oder den Front National, ja, gar Rufe nach faktischer Neokolonialisierung von als r\u00fcckst\u00e4ndig bezeichneten L\u00e4ndern geh\u00f6ren zum guten Ton.<\/p>\n<p>Der ehemalige Chef des vermeintlich \u00bblinksradikalen\u00ab Clubs \u00bbConne Island\u00ab und heutige Bahamas-Autor, S\u00f6ren P\u00fcnjer, erkl\u00e4rte beispielsweise in einem Interview mit einem \u00bbantideutschen\u00ab Portal antirassistische Haltungen zu einer \u00bbmenschenverachtenden Ideologie des Multikulturalismus\u00ab. Und der Bahamas-Redakteur Thomas Maul lobte vor einer Woche im \u00bbConne Island\u00ab die unmenschliche Fl\u00fcchtlingspolitik von Viktor Orban in Ungarn und entsprechende Forderungen der AfD in Deutschland. Damit liegen sie auf einer Linie mit der neuen Rechten. Und daraus machen sie auch gar keinen Hehl.<\/p>\n<p>Nun ist Kritik an allen Religionen und ihrem Missbrauch durch die herrschende Klasse als ideologisches Machtinstrument n\u00f6tig. Die heute links firmierende Seite blendet sie weitgehend aus. Dabei war Religionskritik immer wichtiges Element linker Programmatik. Von neoliberaler, rechtsextremer wie antideutscher Seite kommt sie indes chauvinistisch daher. Die imperialistischen Machtstrukturen hinter patriarchaler R\u00fcckst\u00e4ndigkeit und religi\u00f6ser Radikalisierung werden verleugnet. Sie konstruieren Leidtragende zu Hauptt\u00e4tern, verkehren Symptome zur Ursache, hetzten untere Schichten ethnisch gegeneinander auf \u2013 ein perfekter System erhaltender Job f\u00fcr die Herrschenden.<\/p>\n<h5>Verwirrung stiften<\/h5>\n<p>Wie diese Ideologie in den Teilen des Bildungsb\u00fcrgertums, das sich links sieht, greifen konnte, l\u00e4sst sich nur vermuten. Sicher trug die \u00bbpolitisch korrekte\u00ab Indoktrination k\u00fcnftiger staatstragender Protagonisten in den Hochschulen und der ohnehin in diesen Kreisen vorhandene b\u00fcrgerliche Chauvinismus dazu bei. Hinzu kommt fl\u00e4chendeckend, auch in der Linken, fehlendes politisch-\u00f6konomisches Grundwissen. Jedenfalls zieht offensichtlich die schlichte Moralkeule a la \u00bbAntisemitismus ist b\u00f6se\u00ab.<\/p>\n<p>Im \u00dcbrigen: L\u00e4ngst lehnen die meisten \u00bbAntideutschen\u00ab die Bezeichnung \u00bbantideutsch\u00ab ab. Sie firmieren als \u00bbIdeologiekritiker\u00ab. Traf \u00bbantideutsch\u00ab in Bezug auf ihre Haltung zum Anschluss der DDR an die BRD zu, passt der Name heute nicht zu ihrer Verteidigung imperialistischer Nationalstaaten, auch des deutschen. Auch als \u00bblinks\u00ab bezeichnet sich etwa die Bahamas-Fraktion l\u00e4ngst nicht mehr. Im Gegenteil: Sie wendet sich vielmehr \u00bbgegen den linken Mainstream\u00ab.<\/p>\n<p>Als \u00bblinksextrem\u00ab dargestellt werden diese Hardcore-Antideutschen und ihre Anh\u00e4nger, die kurioserweise in Teilen sogar lautstark gegen AfD-Veranstaltungen protestieren und so eine Konkurrenz simulieren, die es nicht gibt, lediglich von politischer und medialer Seite. Das geschieht offenbar sehr kalkuliert. Denn wer politische Begriffe umdeutet und diskreditiert, stiftet unstrukturierte Emp\u00f6rung und Verwirrung. Politisch Verwirrte sind leichter zu lenken.<\/p>\n<p style=\"text-align: right;\"><em>Quelle der Erstver\u00f6ffentlichung: <a href=\"https:\/\/kenfm.de\/tagesdosis-4-6-2018-rassismus-fuer-intellektuelle\/\" target=\"_blank\" rel=\"noopener\">https:\/\/kenfm.de\/tagesdosis-4-6-2018-rassismus-fuer-intellektuelle\/<\/a><\/em><\/p>\n<p>Der Beitrag ist auch auf YouTube verf\u00fcgbar: <a href=\"https:\/\/www.youtube.com\/watch?v=mo_NIuvolSE\" target=\"_blank\" rel=\"noopener\">https:\/\/www.youtube.com\/watch?v=mo_NIuvolSE<\/a><\/p>\n<hr \/>\n<p>Bild: Screenshot der Videover\u00f6ffentlichung bei <a href=\"https:\/\/kenfm.de\/tagesdosis-4-6-2018-rassismus-fuer-intellektuelle\/\" target=\"_blank\" rel=\"noopener\">KenFM<\/a><\/p>\n","protected":false},"excerpt":{"rendered":"<p><strong>In der Rubrik Tagesdosis wurde am 04.06.2018 bei KenFM der Beitrag \u201eRassismus f\u00fcr Intellektuelle\u201c von Susan Bonath, Mitglied des Deutschen Freidenker-Verbandes, ver\u00f6ffentlicht.<\/strong><br \/>\nWer sind die Antideutschen? In meiner letzten Tagesdosis schrieb ich \u00fcber ihr Treiben in der angeblich linksradikalen Clubszene im Leipziger S\u00fcden. Die laufende Veranstaltungsreihe \u00bb70 Jahre Israel\u00ab wird von Vertretern ihrer h\u00e4rtesten Front dominiert. &#8230; Die Tagesdosis stiftete Verwirrung. Tatsache ist, dass die Meisten, auch selbst erkl\u00e4rte Linke, das Ph\u00e4nomen \u00bbAntideutsche\u00ab nicht verstehen. Eins vorab: sind weder links noch \u00bbantideutsch\u00ab.<\/p>\n","protected":false},"author":3,"featured_media":5250,"comment_status":"closed","ping_status":"closed","sticky":false,"template":"","format":"standard","meta":{"colormag_page_container_layout":"default_layout","colormag_page_sidebar_layout":"default_layout","advanced_seo_description":"","jetpack_seo_html_title":"","jetpack_seo_noindex":false,"jetpack_post_was_ever_published":false,"footnotes":""},"categories":[937],"tags":[692,512,511,393,64,1062],"class_list":["post-5248","post","type-post","status-publish","format-standard","has-post-thumbnail","hentry","category-zeit-der-verleumder-freidenker-fuer-klartext","tag-antideutsche","tag-antisemitismus","tag-antizionismus","tag-israel","tag-kenfm","tag-linksradikalismus"],"jetpack_featured_media_url":"https:\/\/i0.wp.com\/www.freidenker.org\/fw17\/wp-content\/uploads\/2018\/06\/Rassismus_fuer_Intellektuelle_800x445.jpg?fit=800%2C445&ssl=1","jetpack_shortlink":"https:\/\/wp.me\/p9stpK-1mE","jetpack-related-posts":[{"id":5240,"url":"https:\/\/www.freidenker.org\/?p=5240","url_meta":{"origin":5248,"position":0},"title":"\u00bbLinke Bastionen\u00ab in rechter Hand","author":"Webredaktion","date":"28. Mai 2018","format":false,"excerpt":"In der Rubrik Tagesdosis wurde am 28.05.2018 bei KenFM der Beitrag \u201e\u00bbLinke Bastionen\u00ab in rechter Hand\u201c von Susan Bonath, Mitglied des Deutschen Freidenker-Verbandes, ver\u00f6ffentlicht. Die Leipziger Veranstaltungsreihe \u00bb70 Jahre Israel\u00ab zeigt, wie reaktion\u00e4re Antideutsche die angeblich \u00bblinksradikale\u00ab Kulturszene im Leipziger S\u00fcden beherrschen. ... Glaubt man dem Verfassungsschutz, sind weite Teile\u2026","rel":"","context":"In &quot;Zeit der Verleumder - Freidenker f\u00fcr Klartext&quot;","block_context":{"text":"Zeit der Verleumder - Freidenker f\u00fcr Klartext","link":"https:\/\/www.freidenker.org\/?cat=937"},"img":{"alt_text":"","src":"https:\/\/i0.wp.com\/www.freidenker.org\/fw17\/wp-content\/uploads\/2018\/06\/israel70_800x445_mR.jpg?fit=800%2C445&ssl=1&resize=350%2C200","width":350,"height":200,"srcset":"https:\/\/i0.wp.com\/www.freidenker.org\/fw17\/wp-content\/uploads\/2018\/06\/israel70_800x445_mR.jpg?fit=800%2C445&ssl=1&resize=350%2C200 1x, https:\/\/i0.wp.com\/www.freidenker.org\/fw17\/wp-content\/uploads\/2018\/06\/israel70_800x445_mR.jpg?fit=800%2C445&ssl=1&resize=525%2C300 1.5x, https:\/\/i0.wp.com\/www.freidenker.org\/fw17\/wp-content\/uploads\/2018\/06\/israel70_800x445_mR.jpg?fit=800%2C445&ssl=1&resize=700%2C400 2x"},"classes":[]},{"id":8450,"url":"https:\/\/www.freidenker.org\/?p=8450","url_meta":{"origin":5248,"position":1},"title":"Bei Black Lives Matter ist 2 + 2 nicht gleich 4","author":"Webredaktion","date":"27. Juli 2020","format":false,"excerpt":"Ein Kommentar von Rainer Rupp. Diese neue mathematische Erkenntnis teilte die afro-amerikanische Hilfslehrerin und BLM-Aktivistin Brittany Marshalls j\u00fcngst in einer Kurznachricht auf Twitter im Rahmen einer Diskussion \u00fcber den Rassismus der Wei\u00dfen. Denn nur wegen des westlichen Imperialismus sei 2+2 = 4. Verst\u00e4ndlicherweise ging ihr Tweet im Internet viral und\u2026","rel":"","context":"In &quot;Demokratie \u2013 Medien \u2013 Aufkl\u00e4rung&quot;","block_context":{"text":"Demokratie \u2013 Medien \u2013 Aufkl\u00e4rung","link":"https:\/\/www.freidenker.org\/?cat=12"},"img":{"alt_text":"","src":"https:\/\/i0.wp.com\/www.freidenker.org\/fw17\/wp-content\/uploads\/2020\/07\/NYC_Rise_Up_and_-ShutItDown_for_Baltimore_800x450.jpg?fit=800%2C450&ssl=1&resize=350%2C200","width":350,"height":200,"srcset":"https:\/\/i0.wp.com\/www.freidenker.org\/fw17\/wp-content\/uploads\/2020\/07\/NYC_Rise_Up_and_-ShutItDown_for_Baltimore_800x450.jpg?fit=800%2C450&ssl=1&resize=350%2C200 1x, https:\/\/i0.wp.com\/www.freidenker.org\/fw17\/wp-content\/uploads\/2020\/07\/NYC_Rise_Up_and_-ShutItDown_for_Baltimore_800x450.jpg?fit=800%2C450&ssl=1&resize=525%2C300 1.5x, https:\/\/i0.wp.com\/www.freidenker.org\/fw17\/wp-content\/uploads\/2020\/07\/NYC_Rise_Up_and_-ShutItDown_for_Baltimore_800x450.jpg?fit=800%2C450&ssl=1&resize=700%2C400 2x"},"classes":[]},{"id":5252,"url":"https:\/\/www.freidenker.org\/?p=5252","url_meta":{"origin":5248,"position":2},"title":"Gipfelst\u00fcrme(r): Trump als russischer Agent entlarvt","author":"Webredaktion","date":"15. Juni 2018","format":false,"excerpt":"In der Rubrik Tagesdosis wurde am 15.06.2018 bei KenFM der Beitrag \u201eGipfelst\u00fcrme(r): Trump als russischer Agent entlarvt\u201c von Klaus Hartmann, Vorsitzender des Deutschen Freidenker-Verbandes, ver\u00f6ffentlicht. Auch Genie\u00dfen will gelernt sein. Ohne M\u00fche und ohne exakte Information kommt man nicht ans Ziel. F\u00fcr nicht so Ge\u00fcbte bietet der j\u00fcngste \u201eG7\u201c-Gipfel im\u2026","rel":"","context":"In &quot;Frieden - Antifaschismus - Solidarit\u00e4t&quot;","block_context":{"text":"Frieden - Antifaschismus - Solidarit\u00e4t","link":"https:\/\/www.freidenker.org\/?cat=13"},"img":{"alt_text":"","src":"https:\/\/i0.wp.com\/www.freidenker.org\/fw17\/wp-content\/uploads\/2018\/06\/trump_800x445.jpg?fit=800%2C445&ssl=1&resize=350%2C200","width":350,"height":200,"srcset":"https:\/\/i0.wp.com\/www.freidenker.org\/fw17\/wp-content\/uploads\/2018\/06\/trump_800x445.jpg?fit=800%2C445&ssl=1&resize=350%2C200 1x, https:\/\/i0.wp.com\/www.freidenker.org\/fw17\/wp-content\/uploads\/2018\/06\/trump_800x445.jpg?fit=800%2C445&ssl=1&resize=525%2C300 1.5x, https:\/\/i0.wp.com\/www.freidenker.org\/fw17\/wp-content\/uploads\/2018\/06\/trump_800x445.jpg?fit=800%2C445&ssl=1&resize=700%2C400 2x"},"classes":[]},{"id":7880,"url":"https:\/\/www.freidenker.org\/?p=7880","url_meta":{"origin":5248,"position":3},"title":"Israelische Soldaten zerst\u00f6ren pal\u00e4stinensische Behelfsklinik","author":"Webredaktion","date":"5. April 2020","format":false,"excerpt":"In der Rubrik Tagesdosis wurde am 03.04.2020 bei KenFM der Beitrag \u201eIsraelische Soldaten bestehlen und zerst\u00f6ren pal\u00e4stinensische Behelfsklinik gegen Covid-19\u201c von Rainer Rupp ver\u00f6ffentlicht. Unvorstellbar aber wahr, w\u00e4hrend sich der Corona Virus auch in den besetzten Gebieten verbreitet, hatte die israelische Soldateska nichts Besseres zu tun, als mit Planierraupen, Hebekr\u00e4nen\u2026","rel":"","context":"In &quot;Arbeit &amp; Soziales&quot;","block_context":{"text":"Arbeit &amp; Soziales","link":"https:\/\/www.freidenker.org\/?cat=11"},"img":{"alt_text":"","src":"https:\/\/i0.wp.com\/www.freidenker.org\/fw17\/wp-content\/uploads\/2020\/04\/pal%C3%A4stina_klinik_800x449.jpg?fit=800%2C449&ssl=1&resize=350%2C200","width":350,"height":200,"srcset":"https:\/\/i0.wp.com\/www.freidenker.org\/fw17\/wp-content\/uploads\/2020\/04\/pal%C3%A4stina_klinik_800x449.jpg?fit=800%2C449&ssl=1&resize=350%2C200 1x, https:\/\/i0.wp.com\/www.freidenker.org\/fw17\/wp-content\/uploads\/2020\/04\/pal%C3%A4stina_klinik_800x449.jpg?fit=800%2C449&ssl=1&resize=525%2C300 1.5x, https:\/\/i0.wp.com\/www.freidenker.org\/fw17\/wp-content\/uploads\/2020\/04\/pal%C3%A4stina_klinik_800x449.jpg?fit=800%2C449&ssl=1&resize=700%2C400 2x"},"classes":[]},{"id":4542,"url":"https:\/\/www.freidenker.org\/?p=4542","url_meta":{"origin":5248,"position":4},"title":"Hochr\u00fcstung und Krieg: Aus Berlin nichts Neues","author":"Webredaktion","date":"16. Februar 2018","format":false,"excerpt":"In der Rubrik Tagesdosis wurde am 09.02.2018 bei KenFM der Beitrag \"Hochr\u00fcstung und Krieg: Aus Berlin nichts Neues\" von Klaus Hartmann ver\u00f6ffentlicht. Waren Sie auch so brennend an den Berliner Koalitionsverhandlungen interessiert? M\u00fcsste wohl, den t\u00e4glichen, ja st\u00fcndlichen Wasserstandsmeldungen in Presse, Funk und Fernsehen nach zu urteilen. Sagen Sie jetzt\u2026","rel":"","context":"In &quot;Demokratie \u2013 Medien \u2013 Aufkl\u00e4rung&quot;","block_context":{"text":"Demokratie \u2013 Medien \u2013 Aufkl\u00e4rung","link":"https:\/\/www.freidenker.org\/?cat=12"},"img":{"alt_text":"","src":"https:\/\/i0.wp.com\/www.freidenker.org\/fw17\/wp-content\/uploads\/2018\/02\/Tagesdosis_2018-02-09.jpg?fit=800%2C445&ssl=1&resize=350%2C200","width":350,"height":200,"srcset":"https:\/\/i0.wp.com\/www.freidenker.org\/fw17\/wp-content\/uploads\/2018\/02\/Tagesdosis_2018-02-09.jpg?fit=800%2C445&ssl=1&resize=350%2C200 1x, https:\/\/i0.wp.com\/www.freidenker.org\/fw17\/wp-content\/uploads\/2018\/02\/Tagesdosis_2018-02-09.jpg?fit=800%2C445&ssl=1&resize=525%2C300 1.5x, https:\/\/i0.wp.com\/www.freidenker.org\/fw17\/wp-content\/uploads\/2018\/02\/Tagesdosis_2018-02-09.jpg?fit=800%2C445&ssl=1&resize=700%2C400 2x"},"classes":[]},{"id":9078,"url":"https:\/\/www.freidenker.org\/?p=9078","url_meta":{"origin":5248,"position":5},"title":"Medizin gegen politischen Brechreiz","author":"Webredaktion","date":"25. Dezember 2020","format":false,"excerpt":"Ein Kommentar von Rainer Rupp Bei KenFM werden die Gr\u00fcnde f\u00fcr das erneut weitverbreitete und wachsende politische Unwohlsein in unserem Land regelm\u00e4\u00dfig thematisiert. Gegen einen dieser Gr\u00fcnde, n\u00e4mlich gegen die irrationale und den Interessen unseres Landes zuwiderlaufende Aggressivit\u00e4t der Bundesregierung gegen Russland, schlage ich im zweiten Teil der heutigen Tagesdosis\u2026","rel":"","context":"In &quot;Frieden - Antifaschismus - Solidarit\u00e4t&quot;","block_context":{"text":"Frieden - Antifaschismus - Solidarit\u00e4t","link":"https:\/\/www.freidenker.org\/?cat=13"},"img":{"alt_text":"","src":"https:\/\/i0.wp.com\/www.freidenker.org\/fw17\/wp-content\/uploads\/2020\/12\/putin_veteranen_kremlin_800x450.jpg?fit=800%2C450&ssl=1&resize=350%2C200","width":350,"height":200,"srcset":"https:\/\/i0.wp.com\/www.freidenker.org\/fw17\/wp-content\/uploads\/2020\/12\/putin_veteranen_kremlin_800x450.jpg?fit=800%2C450&ssl=1&resize=350%2C200 1x, https:\/\/i0.wp.com\/www.freidenker.org\/fw17\/wp-content\/uploads\/2020\/12\/putin_veteranen_kremlin_800x450.jpg?fit=800%2C450&ssl=1&resize=525%2C300 1.5x, https:\/\/i0.wp.com\/www.freidenker.org\/fw17\/wp-content\/uploads\/2020\/12\/putin_veteranen_kremlin_800x450.jpg?fit=800%2C450&ssl=1&resize=700%2C400 2x"},"classes":[]}],"_links":{"self":[{"href":"https:\/\/www.freidenker.org\/index.php?rest_route=\/wp\/v2\/posts\/5248","targetHints":{"allow":["GET"]}}],"collection":[{"href":"https:\/\/www.freidenker.org\/index.php?rest_route=\/wp\/v2\/posts"}],"about":[{"href":"https:\/\/www.freidenker.org\/index.php?rest_route=\/wp\/v2\/types\/post"}],"author":[{"embeddable":true,"href":"https:\/\/www.freidenker.org\/index.php?rest_route=\/wp\/v2\/users\/3"}],"replies":[{"embeddable":true,"href":"https:\/\/www.freidenker.org\/index.php?rest_route=%2Fwp%2Fv2%2Fcomments&post=5248"}],"version-history":[{"count":0,"href":"https:\/\/www.freidenker.org\/index.php?rest_route=\/wp\/v2\/posts\/5248\/revisions"}],"wp:featuredmedia":[{"embeddable":true,"href":"https:\/\/www.freidenker.org\/index.php?rest_route=\/wp\/v2\/media\/5250"}],"wp:attachment":[{"href":"https:\/\/www.freidenker.org\/index.php?rest_route=%2Fwp%2Fv2%2Fmedia&parent=5248"}],"wp:term":[{"taxonomy":"category","embeddable":true,"href":"https:\/\/www.freidenker.org\/index.php?rest_route=%2Fwp%2Fv2%2Fcategories&post=5248"},{"taxonomy":"post_tag","embeddable":true,"href":"https:\/\/www.freidenker.org\/index.php?rest_route=%2Fwp%2Fv2%2Ftags&post=5248"}],"curies":[{"name":"wp","href":"https:\/\/api.w.org\/{rel}","templated":true}]}}