{"id":520,"date":"2008-12-16T18:13:25","date_gmt":"2008-12-16T17:13:25","guid":{"rendered":"http:\/\/www.freidenker.org\/fw17\/?p=520"},"modified":"2018-02-18T19:59:34","modified_gmt":"2018-02-18T18:59:34","slug":"novemberrevolution","status":"publish","type":"post","link":"https:\/\/www.freidenker.org\/?p=520","title":{"rendered":"FREIDENKER 4-08 &#8211; 90 Jahre Novemberrevolution &#8211; Ermordung von Rosa Luxemburg und Karl Liebknecht"},"content":{"rendered":"<h5><strong>Inhalt:\u00a0<\/strong>Editorial &#8211;\u00a0Thema<\/h5>\n<p>Klaus Hartmann: <a href=\"https:\/\/www.freidenker.org\/?p=370\">90 Jahre Novemberrevolution<\/a> \u00a0|\u00a0Clara Zetkin:\u00a0<a href=\"https:\/\/www.freidenker.org\/?p=374\">F\u00fcr Rosa Luxemburg<\/a> \u00a0|\u00a0Prof. Schneider:\u00a0<a href=\"https:\/\/www.freidenker.org\/?p=367\">Karl Liebknecht \u2013 M\u00e4rtyrer, Held, Vorbild?<\/a> \u00a0|\u00a0G\u00fcnter Stamer:\u00a0<a href=\"https:\/\/www.freidenker.org\/?p=364\">Kiel gab das Signal<\/a> |\u00a0Eberhard Schinck: <a href=\"https:\/\/www.freidenker.org\/?p=361\">Die deutschen Freidenker vor, in und nach der Novemberrevolution 1918<\/a>\u00a0|\u00a0Waltraud Roth:\u00a0100 Jahre Proletarische Freidenker |\u00a0Horst Schild:\u00a0Religionsfrei und links \u2013 aber tolerant<\/p>\n<p><strong>Portr\u00e4t<br \/>\n<\/strong>Carl von Ossietzky, Teil II<\/p>\n<p><strong>Meldungen, Meinungen<br \/>\n<\/strong>Lucas Zeise:<br \/>\nVon der M\u00f6glichkeit zur Realit\u00e4t der Krise<br \/>\n19 Thesen zu Ursprung und Wirkung der Finanz und Wirtschaftskrise<br \/>\nKlaus von Raussendorff:\u00a0Kopfgeburten der Kriegstreiber: Der Iran als Feindbild<\/p>\n<p><strong>Aus den Landesverb\u00e4nden<br \/>\nLeserbrief<br \/>\nChronik<br \/>\n<\/strong>Verbandsvorstandstagung in Eisenach<br \/>\nKonferenz \u201eBildung ist Menschenrecht\u201c<br \/>\nAufruf zur Liebknecht-Luxemburg-Ehrung am 11.1.09<br \/>\nKoordinierungsrat s\u00e4kularer Organisationen<br \/>\n<strong><br \/>\nB\u00fccher f\u00fcr Freidenker<\/strong><\/p>\n<p>&nbsp;<\/p>\n","protected":false},"excerpt":{"rendered":"<p><strong>Die Ausgabe 4-08 des Verbandsorgans FREIDENKER hat das Schwerpunkt-Thema \u201e90 Jahre Novemberrevolution &#8211; Ermordung von Rosa Luxemburg und Karl Liebknecht\u201c und enth\u00e4lt u.a folgende Beitr\u00e4ge:<\/strong><br \/>\n&#8211; Klaus Hartmann: 90 Jahre Novemberrevolution<br \/>\n&#8211; Clara Zetkin: F\u00fcr Rosa Luxemburg<br \/>\n&#8211; Prof. Schneider: Karl Liebknecht \u2013 M\u00e4rtyrer, Held, Vorbild?<br \/>\n&#8211; G\u00fcnter Stamer: Kiel gab das Signal<br \/>\n&#8211; Eberhard Schinck: Die deutschen Freidenker vor, in und nach der November-revolution 1918<br \/>\n&#8211; Waltraud Roth: 100 Jahre Proletarische Freidenker<br \/>\n&#8211; Horst Schild: Religionsfrei und links \u2013 aber tolerant<\/p>\n","protected":false},"author":2,"featured_media":2531,"comment_status":"closed","ping_status":"closed","sticky":false,"template":"","format":"standard","meta":{"colormag_page_container_layout":"default_layout","colormag_page_sidebar_layout":"default_layout","advanced_seo_description":"","jetpack_seo_html_title":"","jetpack_seo_noindex":false,"jetpack_post_was_ever_published":false,"footnotes":""},"categories":[8],"tags":[26,137,959,140],"class_list":["post-520","post","type-post","status-publish","format-standard","has-post-thumbnail","hentry","category-verbandsorgan-freidenker","tag-freidenker","tag-karl-liebknecht","tag-novemberrevolution-1918","tag-rosa-luxemburg"],"jetpack_featured_media_url":"https:\/\/i0.wp.com\/www.freidenker.org\/fw17\/wp-content\/uploads\/2017\/12\/FD_2008-04_Titel_mR.jpg?fit=800%2C445&ssl=1","jetpack_shortlink":"https:\/\/wp.me\/p9stpK-8o","jetpack-related-posts":[{"id":5776,"url":"https:\/\/www.freidenker.org\/?p=5776","url_meta":{"origin":520,"position":0},"title":"100 Jahre nach der Ermordung \u2013 Luxemburg und Liebknecht bewegen \u00fcber Zehntausend","author":"Webredaktion","date":"15. Januar 2019","format":false,"excerpt":"Bericht von Tilo Gr\u00e4ser von sputniknews.com Menschen aus vielen L\u00e4ndern haben am Sonntag der vor 100 Jahren ermordeten Gr\u00fcnder der Kommunistischen Partei Deutschlands, Rosa Luxemburg und Karl Liebknecht, gedacht. ... Ein Transparent forderte klar: \u201eFrieden mit Russland statt weiter in den dritten Weltkrieg! Deutschland: Raus aus der Nato! Nato: Raus\u2026","rel":"","context":"In &quot;Frieden - Antifaschismus - Solidarit\u00e4t&quot;","block_context":{"text":"Frieden - Antifaschismus - Solidarit\u00e4t","link":"https:\/\/www.freidenker.org\/?cat=13"},"img":{"alt_text":"","src":"https:\/\/i0.wp.com\/www.freidenker.org\/fw17\/wp-content\/uploads\/2019\/01\/LL_100Jahre_sputnik_323576581.jpg?fit=800%2C445&ssl=1&resize=350%2C200","width":350,"height":200,"srcset":"https:\/\/i0.wp.com\/www.freidenker.org\/fw17\/wp-content\/uploads\/2019\/01\/LL_100Jahre_sputnik_323576581.jpg?fit=800%2C445&ssl=1&resize=350%2C200 1x, https:\/\/i0.wp.com\/www.freidenker.org\/fw17\/wp-content\/uploads\/2019\/01\/LL_100Jahre_sputnik_323576581.jpg?fit=800%2C445&ssl=1&resize=525%2C300 1.5x, https:\/\/i0.wp.com\/www.freidenker.org\/fw17\/wp-content\/uploads\/2019\/01\/LL_100Jahre_sputnik_323576581.jpg?fit=800%2C445&ssl=1&resize=700%2C400 2x"},"classes":[]},{"id":9252,"url":"https:\/\/www.freidenker.org\/?p=9252","url_meta":{"origin":520,"position":1},"title":"Eine andere Welt bleibt unser Ziel","author":"Webredaktion","date":"14. Januar 2021","format":false,"excerpt":"Kundgebung f\u00fcr Rosa und Karl am 09.01.2021 in Frankfurt am Main Wir dokumentieren die Ansprache von Klaus Hartmann, Bundesvorsitzender des Deutschen Freidenker-Verbandes: Freidenker haben vor \u00fcber 100 Jahren gegen Militarismus und Krieg demonstriert, waren Teilnehmer der Novemberrevolution, haben sich in den Arbeiter- und Soldatenr\u00e4ten engagiert. Nach dem Verrat der R\u00e4tebewegung\u2026","rel":"","context":"In &quot;Frieden - Antifaschismus - Solidarit\u00e4t&quot;","block_context":{"text":"Frieden - Antifaschismus - Solidarit\u00e4t","link":"https:\/\/www.freidenker.org\/?cat=13"},"img":{"alt_text":"","src":"https:\/\/i0.wp.com\/www.freidenker.org\/fw17\/wp-content\/uploads\/2021\/01\/Karl_Rosa.jpg?fit=800%2C450&ssl=1&resize=350%2C200","width":350,"height":200,"srcset":"https:\/\/i0.wp.com\/www.freidenker.org\/fw17\/wp-content\/uploads\/2021\/01\/Karl_Rosa.jpg?fit=800%2C450&ssl=1&resize=350%2C200 1x, https:\/\/i0.wp.com\/www.freidenker.org\/fw17\/wp-content\/uploads\/2021\/01\/Karl_Rosa.jpg?fit=800%2C450&ssl=1&resize=525%2C300 1.5x, https:\/\/i0.wp.com\/www.freidenker.org\/fw17\/wp-content\/uploads\/2021\/01\/Karl_Rosa.jpg?fit=800%2C450&ssl=1&resize=700%2C400 2x"},"classes":[]},{"id":367,"url":"https:\/\/www.freidenker.org\/?p=367","url_meta":{"origin":520,"position":2},"title":"Karl Liebknecht \u2013 M\u00e4rtyrer, Held, Vorbild?","author":"Webmaster","date":"17. Dezember 2008","format":false,"excerpt":"Beitrag von Horst Schneider aus FREIDENKER 4-08 J\u00e4hrlich pilgern Zehntausende zur Erinnerung an die Ermordung Rosa Luxemburgs und Karl Liebknechts zur Gedenkst\u00e4tte der Sozialisten in Berlin-Friedrichsfelde. Die Toten mahnen. Karl Liebknecht und Rosa Luxemburg waren die Verk\u00f6rperung des Kampfes der besten Deutschen gegen die R\u00fcstungshaie, die Kriegstreiber und Volksverhetzer. Sie\u2026","rel":"","context":"In &quot;Demokratie \u2013 Medien \u2013 Aufkl\u00e4rung&quot;","block_context":{"text":"Demokratie \u2013 Medien \u2013 Aufkl\u00e4rung","link":"https:\/\/www.freidenker.org\/?cat=12"},"img":{"alt_text":"","src":"https:\/\/i0.wp.com\/www.freidenker.org\/fw17\/wp-content\/uploads\/2016\/08\/Nelken.jpg?fit=800%2C445&ssl=1&resize=350%2C200","width":350,"height":200,"srcset":"https:\/\/i0.wp.com\/www.freidenker.org\/fw17\/wp-content\/uploads\/2016\/08\/Nelken.jpg?fit=800%2C445&ssl=1&resize=350%2C200 1x, https:\/\/i0.wp.com\/www.freidenker.org\/fw17\/wp-content\/uploads\/2016\/08\/Nelken.jpg?fit=800%2C445&ssl=1&resize=525%2C300 1.5x, https:\/\/i0.wp.com\/www.freidenker.org\/fw17\/wp-content\/uploads\/2016\/08\/Nelken.jpg?fit=800%2C445&ssl=1&resize=700%2C400 2x"},"classes":[]},{"id":5739,"url":"https:\/\/www.freidenker.org\/?p=5739","url_meta":{"origin":520,"position":3},"title":"Galerie: Freidenker auf der Liebknecht-Luxemburg-Demo 2019","author":"Webredaktion","date":"14. Januar 2019","format":false,"excerpt":"100 Jahre nach der Ermordung von Rosa Luxemburg und Karl Liebknecht, den Mitbegr\u00fcndern der Kommunistischen Partei Deutschlands, demonstrierten am 13. Januar 2019 in Berlin etwa 15.000 Menschen f\u00fcr eine Welt des Friedens, der Solidarit\u00e4t und des lebenswerten Lebens auf allen Kontinenten. Wie jedes Jahr waren auch wieder viele Freidenker dabei.\u2026","rel":"","context":"In &quot;Zentrale Veranstaltungen&quot;","block_context":{"text":"Zentrale Veranstaltungen","link":"https:\/\/www.freidenker.org\/?cat=20"},"img":{"alt_text":"","src":"https:\/\/i0.wp.com\/www.freidenker.org\/fw17\/wp-content\/uploads\/2019\/01\/LLD_2019_800x445.jpg?fit=800%2C445&ssl=1&resize=350%2C200","width":350,"height":200,"srcset":"https:\/\/i0.wp.com\/www.freidenker.org\/fw17\/wp-content\/uploads\/2019\/01\/LLD_2019_800x445.jpg?fit=800%2C445&ssl=1&resize=350%2C200 1x, https:\/\/i0.wp.com\/www.freidenker.org\/fw17\/wp-content\/uploads\/2019\/01\/LLD_2019_800x445.jpg?fit=800%2C445&ssl=1&resize=525%2C300 1.5x, https:\/\/i0.wp.com\/www.freidenker.org\/fw17\/wp-content\/uploads\/2019\/01\/LLD_2019_800x445.jpg?fit=800%2C445&ssl=1&resize=700%2C400 2x"},"classes":[]},{"id":4113,"url":"https:\/\/www.freidenker.org\/?p=4113","url_meta":{"origin":520,"position":4},"title":"Galerie: Freidenker auf der Liebknecht-Luxemburg-Demo 2018","author":"Webredaktion","date":"15. Januar 2018","format":false,"excerpt":"Vor 99 Jahren wurden Rosa Luxemburg und Karl Liebknecht, die Mitbegr\u00fcnder der Kommunistischen Partei Deutschlands, von der Reaktion ermordet. Aus diesem Anlass demonstrierten mehr als 12.000 Menschen \u2013 Linke verschiedener Str\u00f6mungen \u2013 am 14. Januar 2018 in ihrem Geiste friedlich gegen Kriege und Faschismus \u2013 f\u00fcr eine sozial gerechte, solidarische,\u2026","rel":"","context":"In &quot;Zentrale Veranstaltungen&quot;","block_context":{"text":"Zentrale Veranstaltungen","link":"https:\/\/www.freidenker.org\/?cat=20"},"img":{"alt_text":"","src":"https:\/\/i0.wp.com\/www.freidenker.org\/fw17\/wp-content\/uploads\/2018\/01\/LL-Demo_2018_800x445.jpg?fit=800%2C445&ssl=1&resize=350%2C200","width":350,"height":200,"srcset":"https:\/\/i0.wp.com\/www.freidenker.org\/fw17\/wp-content\/uploads\/2018\/01\/LL-Demo_2018_800x445.jpg?fit=800%2C445&ssl=1&resize=350%2C200 1x, https:\/\/i0.wp.com\/www.freidenker.org\/fw17\/wp-content\/uploads\/2018\/01\/LL-Demo_2018_800x445.jpg?fit=800%2C445&ssl=1&resize=525%2C300 1.5x, https:\/\/i0.wp.com\/www.freidenker.org\/fw17\/wp-content\/uploads\/2018\/01\/LL-Demo_2018_800x445.jpg?fit=800%2C445&ssl=1&resize=700%2C400 2x"},"classes":[]},{"id":1311,"url":"https:\/\/www.freidenker.org\/?p=1311","url_meta":{"origin":520,"position":5},"title":"Liebknecht Luxemburg-Demo 2018","author":"Webredaktion","date":"1. Januar 2018","format":false,"excerpt":"Aus dem Aufruf zur Teilnahme an der Demonstration im Rahmen der Liebknecht-Luxemburg-Ehrung am 14. Januar 2018: Vor 99 Jahren wurden Rosa Luxemburg, Karl Liebknecht und viele ihrer Weggef\u00e4hrten f\u00fcr ihre Standhaftigkeit gegen Ausbeutung und Krieg von der Reaktion ermordet. Demonstrieren wir - Linke verschiedener Str\u00f6mungen - in ihrem Geiste friedlich\u2026","rel":"","context":"In &quot;Zentrale Veranstaltungen&quot;","block_context":{"text":"Zentrale Veranstaltungen","link":"https:\/\/www.freidenker.org\/?cat=20"},"img":{"alt_text":"","src":"https:\/\/i0.wp.com\/www.freidenker.org\/fw17\/wp-content\/uploads\/2017\/10\/B-Friedrichsfelde_Zentralfriedhof_03-2015_img01_Gedenkstaette_800x445.jpg?fit=800%2C445&ssl=1&resize=350%2C200","width":350,"height":200,"srcset":"https:\/\/i0.wp.com\/www.freidenker.org\/fw17\/wp-content\/uploads\/2017\/10\/B-Friedrichsfelde_Zentralfriedhof_03-2015_img01_Gedenkstaette_800x445.jpg?fit=800%2C445&ssl=1&resize=350%2C200 1x, https:\/\/i0.wp.com\/www.freidenker.org\/fw17\/wp-content\/uploads\/2017\/10\/B-Friedrichsfelde_Zentralfriedhof_03-2015_img01_Gedenkstaette_800x445.jpg?fit=800%2C445&ssl=1&resize=525%2C300 1.5x, https:\/\/i0.wp.com\/www.freidenker.org\/fw17\/wp-content\/uploads\/2017\/10\/B-Friedrichsfelde_Zentralfriedhof_03-2015_img01_Gedenkstaette_800x445.jpg?fit=800%2C445&ssl=1&resize=700%2C400 2x"},"classes":[]}],"_links":{"self":[{"href":"https:\/\/www.freidenker.org\/index.php?rest_route=\/wp\/v2\/posts\/520","targetHints":{"allow":["GET"]}}],"collection":[{"href":"https:\/\/www.freidenker.org\/index.php?rest_route=\/wp\/v2\/posts"}],"about":[{"href":"https:\/\/www.freidenker.org\/index.php?rest_route=\/wp\/v2\/types\/post"}],"author":[{"embeddable":true,"href":"https:\/\/www.freidenker.org\/index.php?rest_route=\/wp\/v2\/users\/2"}],"replies":[{"embeddable":true,"href":"https:\/\/www.freidenker.org\/index.php?rest_route=%2Fwp%2Fv2%2Fcomments&post=520"}],"version-history":[{"count":0,"href":"https:\/\/www.freidenker.org\/index.php?rest_route=\/wp\/v2\/posts\/520\/revisions"}],"wp:featuredmedia":[{"embeddable":true,"href":"https:\/\/www.freidenker.org\/index.php?rest_route=\/wp\/v2\/media\/2531"}],"wp:attachment":[{"href":"https:\/\/www.freidenker.org\/index.php?rest_route=%2Fwp%2Fv2%2Fmedia&parent=520"}],"wp:term":[{"taxonomy":"category","embeddable":true,"href":"https:\/\/www.freidenker.org\/index.php?rest_route=%2Fwp%2Fv2%2Fcategories&post=520"},{"taxonomy":"post_tag","embeddable":true,"href":"https:\/\/www.freidenker.org\/index.php?rest_route=%2Fwp%2Fv2%2Ftags&post=520"}],"curies":[{"name":"wp","href":"https:\/\/api.w.org\/{rel}","templated":true}]}}