{"id":52,"date":"2015-12-14T16:57:45","date_gmt":"2015-12-14T15:57:45","guid":{"rendered":"http:\/\/www.freidenker.org\/fw17\/?p=52"},"modified":"2017-12-27T19:50:58","modified_gmt":"2017-12-27T18:50:58","slug":"freidenker-brief-7-2015-schluss-mit-der-missachtung-der-nationalen-souveraenitaet-syriens","status":"publish","type":"post","link":"https:\/\/www.freidenker.org\/?p=52","title":{"rendered":"Freidenker-Brief 7-2015: Schluss mit der Missachtung der nationalen Souver\u00e4nit\u00e4t Syriens!"},"content":{"rendered":"<p><strong><em>Freidenker-Brief Nr. 7 &#8211; 2015 vom 4. Dezember 2015<\/em><\/strong><\/p>\n<p>Der Deutsche Freidenker-Verband solidarisiert sich mit den Protest-Kundgebungen gegen den geplanten v\u00f6lkerrechtswidrigen Einsatz deutscher Soldaten in Syrien. Die Kritik der Anwendung milit\u00e4rischer Gewalt darf aber nicht l\u00e4nger ignorieren, dass die von Anfang an auf Regierungsumsturz abzielende Einmischung Deutschlands und anderer westlicher Staaten in die inneren Angelegenheiten Syriens, die unversch\u00e4mte Missachtung der nationalen Souver\u00e4nit\u00e4t des Landes und seiner Menschen den massivsten Bruch des V\u00f6lkerrechts, ja einen Angriff auf die Grundlagen des internationalen Rechts selbst darstellt. Dagegen verteidigt Russland mit seiner Unterst\u00fctzung Syriens die nationale Souver\u00e4nit\u00e4t und Integrit\u00e4t des Landes. Auch dieser Unterschied zwischen dem Westen und Russland darf nicht ignoriert werden.<\/p>\n<p>Die Resolution der UNO-Generalversammlung \u2013 A\/RES\/3314(XXIX) \u2013 von 1974, definiert auch das Einschleusen bewaffneter Banden in ein fremdes Land als Aggression, desgleichen eine \u201ewesentliche Mitwirkung\u201c daran. Bisher haben die deutschen Machthaber sich auf eine solche wesentliche Mitwirkung beschr\u00e4nkt. Sie haben f\u00fcr den Sturz der syrischen Regierung getrommelt, Patriot-Raketen in der T\u00fcrkei stationiert, Waffen an Saudi Arabien, Katar und Israel geliefert, in Komplizenschaft mit den regionalen Sponsoren von Daisch, Al-Nusra, Al-Kaida, FSA und Co. gehandelt. Nun wollen sie noch einen Schritt weiter gehen, und mit Bundeswehr-Aufkl\u00e4rungsflugzeugen direkt in den Krieg eingreifen. Und schon ist abzusehen, dass es dabei nicht bleiben wird.<\/p>\n<p>Der V\u00f6lkerrechtsbruch wird als \u201eKampf gegen den Terror\u201c maskiert. Zur Rechtfertigung des deutschen Vorgehens gegen Syrien wird eine Mystifikation des \u201eTerrors\u201c betrieben. \u201eTerror\u201c ist jedoch kein eigenst\u00e4ndiges Ph\u00e4nomen der internationalen Politik, keine Bedrohung des Friedens an und f\u00fcr sich.<\/p>\n<p>Hinter den in Syrien agierenden Terrorbanden stehen eigene Interessen verfolgende Staaten und private Sponsoren der Region. Diese wiederum k\u00f6nnen nur unter Aufsicht und mit Duldung der USA agieren, soweit sie dem Weltherrschaftsstreben Washingtons dienstbar sind. Gibt es einen klareren Beweis daf\u00fcr, dass Terror nur in Verbindung mit staatlichen Strukturen wirksam wird, dass Terror Mittel f\u00fcr politische Zwecke ist?<\/p>\n<p>Die mystische Aufbl\u00e4hung des Terrors als \u201eeine der schwersten Bedrohungen des Weltfriedens und der internationalen Sicherheit\u201c ist nicht nur sachlich falsch. Sie ist auch eine Irref\u00fchrung der \u00d6ffentlichkeit \u00fcber die wirklichen Ziele imperialistischer Weltmachtpolitik.<\/p>\n<p><strong>Weitere Informationen zum Hintergrund<\/strong><\/p>\n<p><strong><a href=\"https:\/\/www.freidenker.org\/?p=40\" target=\"_blank\" rel=\"noopener\">Der takfiristische Terrorismus in der Debatte der Islamgelehrten<\/a><\/strong><br \/>\nReferat von Klaus von Raussendorff, DFV-Landesvorsitzender NRW, bei der Konferenz des Deutschen Freidenker-Verbands \u201eN\u00fctzlicher Feind: Der \u201aFaktor Islam\u2018 in den Weltmachtstrategien des Westens\u201c in Frankfurt\/Main (12. September 2015)<\/p>\n<p><strong><a href=\"https:\/\/www.freidenker.org\/?p=37\" target=\"_blank\" rel=\"noopener\">Das Feuer nicht mit Benzin l\u00f6schen<\/a><\/strong><br \/>\nInterview von Sputnik Deutschland mit Klaus Hartmann, Bundesvorsitzender des Deutschen Freidenker-Verbands (20. November 2015)<\/p>\n<p><strong><a href=\"https:\/\/www.freidenker.org\/?p=13\" target=\"_blank\" rel=\"noopener\">Zimmerwald \u2013 was lernen wir?<\/a><\/strong><br \/>\nReferat von Klaus Hartmann bei der Konferenz &#8222;100 Jahre nach der Zimmerwalder Konferenz: Linke und die Friedensfrage. Imperialismus heute \u2013 Differenzen verstehen \u2013 Spaltungen \u00fcberwinden&#8220; (4. Oktober 2015)<\/p>\n<hr \/>\n<p>http:\/\/piqs.de\/fotos\/166193.html: seier+seier, \u201ealeppo, the citadel, syria, easter 2004\u201c, CC-Lizenz (BY 2.0)<br \/>\nhttp:\/\/creativecommons.org\/licenses\/by\/2.0\/de\/deed.de<br \/>\nAlle Bilder stammen aus der kostenlosen Bilddatenbank www.piqs.de<\/p>\n","protected":false},"excerpt":{"rendered":"<p><strong>Der Deutsche Freidenker-Verband solidarisiert sich mit den Protest-Kundgebungen gegen den geplanten v\u00f6lkerrechtswidrigen Einsatz deutscher Soldaten in Syrien.<\/strong> Die Kritik der Anwendung milit\u00e4rischer Gewalt darf aber nicht l\u00e4nger ignorieren, dass die von Anfang an auf Regierungsumsturz abzielende Einmischung Deutschlands und anderer westlicher Staaten in die inneren Angelegenheiten Syriens, die unversch\u00e4mte Missachtung der nationalen Souver\u00e4nit\u00e4t des Landes und seiner Menschen den massivsten Bruch des V\u00f6lkerrechts, ja einen Angriff auf die Grundlagen des internationalen Rechts selbst darstellt.<\/p>\n","protected":false},"author":2,"featured_media":27,"comment_status":"closed","ping_status":"closed","sticky":false,"template":"","format":"standard","meta":{"colormag_page_container_layout":"default_layout","colormag_page_sidebar_layout":"default_layout","advanced_seo_description":"","jetpack_seo_html_title":"","jetpack_seo_noindex":false,"jetpack_post_was_ever_published":false,"footnotes":""},"categories":[341,13],"tags":[335,43,344,336],"class_list":["post-52","post","type-post","status-publish","format-standard","has-post-thumbnail","hentry","category-freidenker-brief","category-frieden-antifaschismus-solidaritaet","tag-frieden","tag-friedensbewegung","tag-solidaritaet","tag-syrien"],"jetpack_featured_media_url":"https:\/\/i0.wp.com\/www.freidenker.org\/fw17\/wp-content\/uploads\/2016\/05\/aleppo_citadel_syria.jpg?fit=800%2C445&ssl=1","jetpack_shortlink":"https:\/\/wp.me\/p9stpK-Q","jetpack-related-posts":[{"id":1391,"url":"https:\/\/www.freidenker.org\/?p=1391","url_meta":{"origin":52,"position":0},"title":"Freidenker-Brief 2-2017: \u201eSyrien erk\u00e4mpft den Sieg\u201c","author":"Webredaktion","date":"30. August 2017","format":false,"excerpt":"Der deutsche Freidenkerverband ist Mitveranstalter der Demonstration \u201eSyrien erk\u00e4mpft den Sieg\u201c gegen den Terrorkrieg von NATO, Zionisten, \"Islamischem Staat\" und Golfmonarchen\" am 2.9.2017 in Frankfurt am Main. Auftaktkundgebung um 13 Uhr an der Alten Oper. Hauptveranstalter ist das Frankfurter Solidarit\u00e4tskomitee f\u00fcr Syrien. Wir laden Sie herzlich ein, an der Demonstration\u2026","rel":"","context":"In &quot;Freidenker-Brief&quot;","block_context":{"text":"Freidenker-Brief","link":"https:\/\/www.freidenker.org\/?cat=341"},"img":{"alt_text":"","src":"https:\/\/i0.wp.com\/www.freidenker.org\/fw17\/wp-content\/uploads\/2017\/08\/International_Mine_Action_Center_in_Syria_Aleppo_45.jpg?fit=800%2C445&ssl=1&resize=350%2C200","width":350,"height":200,"srcset":"https:\/\/i0.wp.com\/www.freidenker.org\/fw17\/wp-content\/uploads\/2017\/08\/International_Mine_Action_Center_in_Syria_Aleppo_45.jpg?fit=800%2C445&ssl=1&resize=350%2C200 1x, https:\/\/i0.wp.com\/www.freidenker.org\/fw17\/wp-content\/uploads\/2017\/08\/International_Mine_Action_Center_in_Syria_Aleppo_45.jpg?fit=800%2C445&ssl=1&resize=525%2C300 1.5x, https:\/\/i0.wp.com\/www.freidenker.org\/fw17\/wp-content\/uploads\/2017\/08\/International_Mine_Action_Center_in_Syria_Aleppo_45.jpg?fit=800%2C445&ssl=1&resize=700%2C400 2x"},"classes":[]},{"id":26,"url":"https:\/\/www.freidenker.org\/?p=26","url_meta":{"origin":52,"position":1},"title":"Freidenker-Brief 4-2012: Verantwortungslos &#8211; Verhalten der Bundesregierung im Syrien-Konflikt","author":"Webmaster","date":"18. November 2012","format":false,"excerpt":"Eine Petition an den Deutschen Bundestag unter der laufenden Nummer 37867, die sich gegen das verantwortungslose Verhalten der Bundesregierung im gegenw\u00e4rtigen Syrienkonflikt richtet, kann demn\u00e4chst online unterst\u00fctzt werden. Die Petition ist eine Initiative des Deutschen Freidenker-Verbands und des Frankfurter Solidarit\u00e4tskomitees f\u00fcr Syrien. Auszug: \u201eWir erheben Beschwerde dagegen, dass der Bundesminister\u2026","rel":"","context":"In &quot;Freidenker-Brief&quot;","block_context":{"text":"Freidenker-Brief","link":"https:\/\/www.freidenker.org\/?cat=341"},"img":{"alt_text":"","src":"https:\/\/i0.wp.com\/www.freidenker.org\/fw17\/wp-content\/uploads\/2012\/11\/syria-1886425_800_445.jpg?fit=800%2C445&ssl=1&resize=350%2C200","width":350,"height":200,"srcset":"https:\/\/i0.wp.com\/www.freidenker.org\/fw17\/wp-content\/uploads\/2012\/11\/syria-1886425_800_445.jpg?fit=800%2C445&ssl=1&resize=350%2C200 1x, https:\/\/i0.wp.com\/www.freidenker.org\/fw17\/wp-content\/uploads\/2012\/11\/syria-1886425_800_445.jpg?fit=800%2C445&ssl=1&resize=525%2C300 1.5x, https:\/\/i0.wp.com\/www.freidenker.org\/fw17\/wp-content\/uploads\/2012\/11\/syria-1886425_800_445.jpg?fit=800%2C445&ssl=1&resize=700%2C400 2x"},"classes":[]},{"id":3103,"url":"https:\/\/www.freidenker.org\/?p=3103","url_meta":{"origin":52,"position":2},"title":"Freidenker-Brief 3-2012: Stoppt den Krieg \u2013 H\u00e4nde weg von Syrien!","author":"Webredaktion","date":"28. August 2012","format":false,"excerpt":"Das \u201eFrankfurter Solidarit\u00e4tskomitee f\u00fcr Syrien\" ruft zu einer Demonstration unter dem Motto \u201eStoppt den Krieg \u2013 H\u00e4nde weg von Syrien\" am Samstag, dem 1. September 2012, dem diesj\u00e4hrigen Antikriegstag, in Frankfurt am Main auf. Zweck der Demonstration ist es, ein Ende der aggressiven v\u00f6lkerrechtswidrigen Einmischung der USA und anderer NATO-Mitgliedsstaaten\u2026","rel":"","context":"In &quot;Freidenker-Brief&quot;","block_context":{"text":"Freidenker-Brief","link":"https:\/\/www.freidenker.org\/?cat=341"},"img":{"alt_text":"","src":"https:\/\/i0.wp.com\/www.freidenker.org\/fw17\/wp-content\/uploads\/2012\/08\/01-2012-09-01-1-0328_800x445.jpg?fit=800%2C445&ssl=1&resize=350%2C200","width":350,"height":200,"srcset":"https:\/\/i0.wp.com\/www.freidenker.org\/fw17\/wp-content\/uploads\/2012\/08\/01-2012-09-01-1-0328_800x445.jpg?fit=800%2C445&ssl=1&resize=350%2C200 1x, https:\/\/i0.wp.com\/www.freidenker.org\/fw17\/wp-content\/uploads\/2012\/08\/01-2012-09-01-1-0328_800x445.jpg?fit=800%2C445&ssl=1&resize=525%2C300 1.5x, https:\/\/i0.wp.com\/www.freidenker.org\/fw17\/wp-content\/uploads\/2012\/08\/01-2012-09-01-1-0328_800x445.jpg?fit=800%2C445&ssl=1&resize=700%2C400 2x"},"classes":[]},{"id":2988,"url":"https:\/\/www.freidenker.org\/?p=2988","url_meta":{"origin":52,"position":3},"title":"Freidenker-Brief 6-2015: Deutschland raus aus der NATO &#8211; NATO raus aus Deutschland","author":"Webredaktion","date":"27. August 2015","format":false,"excerpt":"W\u00e4hrend manche \"Institutionen\" der Friedensbewegung fortgesetzt die Diskussion \u201eWie weiter mit der Friedensbewegung?\u201c f\u00fchren, gibt es erfreulicherweise auch Friedenskr\u00e4fte, die angesichts der gef\u00e4hrlichen internationalen Entwicklung aktiv werden, die auf Aktionen und auf Klarheit dr\u00e4ngen: Einerseits die im \"AK Frieden \/ Internationales\" des Deutschen Freidenker-Verbandes erarbeitete programmatische Erkl\u00e4rung zu Fragen von\u2026","rel":"","context":"In &quot;Freidenker-Brief&quot;","block_context":{"text":"Freidenker-Brief","link":"https:\/\/www.freidenker.org\/?cat=341"},"img":{"alt_text":"","src":"https:\/\/i0.wp.com\/www.freidenker.org\/fw17\/wp-content\/uploads\/2015\/08\/Global_Hawk_800x445_mLogo.jpg?fit=800%2C445&ssl=1&resize=350%2C200","width":350,"height":200,"srcset":"https:\/\/i0.wp.com\/www.freidenker.org\/fw17\/wp-content\/uploads\/2015\/08\/Global_Hawk_800x445_mLogo.jpg?fit=800%2C445&ssl=1&resize=350%2C200 1x, https:\/\/i0.wp.com\/www.freidenker.org\/fw17\/wp-content\/uploads\/2015\/08\/Global_Hawk_800x445_mLogo.jpg?fit=800%2C445&ssl=1&resize=525%2C300 1.5x, https:\/\/i0.wp.com\/www.freidenker.org\/fw17\/wp-content\/uploads\/2015\/08\/Global_Hawk_800x445_mLogo.jpg?fit=800%2C445&ssl=1&resize=700%2C400 2x"},"classes":[]},{"id":22372,"url":"https:\/\/www.freidenker.org\/?p=22372","url_meta":{"origin":52,"position":4},"title":"Wie k\u00f6nnen wir Frieden bekommen \u2013 Sind wir selbst die Hindernisse?","author":"Webredaktion","date":"14. Juli 2025","format":false,"excerpt":"Am Montag, 7. Juli 2025, veranstaltete der NachDenkSeiten-Gespr\u00e4chskreis Darmstadt in Kooperation mit dem Deutschen Freidenker-Verband e.V. eine Vortrags- und Diskussionsveranstaltung mit Elizabeth Ann Murray und Raymond McGovern. Die Moderation lag bei Freidenker Peter Biebel, der den\u00a0NachDenkSeiten-Gespr\u00e4chskreis leitet. Elizabeth Ann Murray diente als stellvertretende Nationale Geheimdienstbeamtin, zust\u00e4ndig f\u00fcr die Region des\u2026","rel":"","context":"In &quot;Frieden - Antifaschismus - Solidarit\u00e4t&quot;","block_context":{"text":"Frieden - Antifaschismus - Solidarit\u00e4t","link":"https:\/\/www.freidenker.org\/?cat=13"},"img":{"alt_text":"","src":"https:\/\/i0.wp.com\/www.freidenker.org\/fw17\/wp-content\/uploads\/2025\/07\/murrey_mcgovern_800x450.jpg?fit=800%2C450&ssl=1&resize=350%2C200","width":350,"height":200,"srcset":"https:\/\/i0.wp.com\/www.freidenker.org\/fw17\/wp-content\/uploads\/2025\/07\/murrey_mcgovern_800x450.jpg?fit=800%2C450&ssl=1&resize=350%2C200 1x, https:\/\/i0.wp.com\/www.freidenker.org\/fw17\/wp-content\/uploads\/2025\/07\/murrey_mcgovern_800x450.jpg?fit=800%2C450&ssl=1&resize=525%2C300 1.5x, https:\/\/i0.wp.com\/www.freidenker.org\/fw17\/wp-content\/uploads\/2025\/07\/murrey_mcgovern_800x450.jpg?fit=800%2C450&ssl=1&resize=700%2C400 2x"},"classes":[]},{"id":882,"url":"https:\/\/www.freidenker.org\/?p=882","url_meta":{"origin":52,"position":5},"title":"Freidenker-Brief 6-2016: Syrien: Kriegspropaganda, Sanktionen und Unterst\u00fctzung der Terrormilizen beenden!","author":"Webredaktion","date":"7. Oktober 2016","format":false,"excerpt":"Unter dieser Losung ver\u00f6ffentlicht der Deutsche Freidenker-Verband die nachstehende Erkl\u00e4rung und ruft damit seine Mitglieder und Sympathisanten auf, sich an der Bundesweiten Friedensdemonstration in Berlin am 8. Oktober 2016 m\u00f6glichst zahlreich zu beteiligen. Geplant ist ein Block mit dem Frontbanner \u201eNATO raus \u2013 raus aus der NATO\u201c. Wer dieser unserer\u2026","rel":"","context":"In &quot;Freidenker-Brief&quot;","block_context":{"text":"Freidenker-Brief","link":"https:\/\/www.freidenker.org\/?cat=341"},"img":{"alt_text":"","src":"https:\/\/i0.wp.com\/www.freidenker.org\/fw17\/wp-content\/uploads\/2017\/11\/syrien_usa_russland_800.jpg?fit=800%2C445&ssl=1&resize=350%2C200","width":350,"height":200,"srcset":"https:\/\/i0.wp.com\/www.freidenker.org\/fw17\/wp-content\/uploads\/2017\/11\/syrien_usa_russland_800.jpg?fit=800%2C445&ssl=1&resize=350%2C200 1x, https:\/\/i0.wp.com\/www.freidenker.org\/fw17\/wp-content\/uploads\/2017\/11\/syrien_usa_russland_800.jpg?fit=800%2C445&ssl=1&resize=525%2C300 1.5x, https:\/\/i0.wp.com\/www.freidenker.org\/fw17\/wp-content\/uploads\/2017\/11\/syrien_usa_russland_800.jpg?fit=800%2C445&ssl=1&resize=700%2C400 2x"},"classes":[]}],"_links":{"self":[{"href":"https:\/\/www.freidenker.org\/index.php?rest_route=\/wp\/v2\/posts\/52","targetHints":{"allow":["GET"]}}],"collection":[{"href":"https:\/\/www.freidenker.org\/index.php?rest_route=\/wp\/v2\/posts"}],"about":[{"href":"https:\/\/www.freidenker.org\/index.php?rest_route=\/wp\/v2\/types\/post"}],"author":[{"embeddable":true,"href":"https:\/\/www.freidenker.org\/index.php?rest_route=\/wp\/v2\/users\/2"}],"replies":[{"embeddable":true,"href":"https:\/\/www.freidenker.org\/index.php?rest_route=%2Fwp%2Fv2%2Fcomments&post=52"}],"version-history":[{"count":0,"href":"https:\/\/www.freidenker.org\/index.php?rest_route=\/wp\/v2\/posts\/52\/revisions"}],"wp:featuredmedia":[{"embeddable":true,"href":"https:\/\/www.freidenker.org\/index.php?rest_route=\/wp\/v2\/media\/27"}],"wp:attachment":[{"href":"https:\/\/www.freidenker.org\/index.php?rest_route=%2Fwp%2Fv2%2Fmedia&parent=52"}],"wp:term":[{"taxonomy":"category","embeddable":true,"href":"https:\/\/www.freidenker.org\/index.php?rest_route=%2Fwp%2Fv2%2Fcategories&post=52"},{"taxonomy":"post_tag","embeddable":true,"href":"https:\/\/www.freidenker.org\/index.php?rest_route=%2Fwp%2Fv2%2Ftags&post=52"}],"curies":[{"name":"wp","href":"https:\/\/api.w.org\/{rel}","templated":true}]}}