{"id":5198,"date":"2018-06-15T23:30:37","date_gmt":"2018-06-15T21:30:37","guid":{"rendered":"http:\/\/www.freidenker.org\/?p=5198"},"modified":"2019-06-17T00:13:54","modified_gmt":"2019-06-16T22:13:54","slug":"freidenker-2-18-genderismus-fortschritt-oder-sabotage-im-kampf-um-frauenrechte","status":"publish","type":"post","link":"https:\/\/www.freidenker.org\/?p=5198","title":{"rendered":"FREIDENKER 2-18 \u2013 Genderismus"},"content":{"rendered":"<p>FREIDENKER Nr. 2-18, Juni 2018, 77. Jahrgang<\/p>\n<p>Inhalt:<\/p>\n<p><strong>Editorial<\/strong><\/p>\n<p><strong>Thema: Genderismus \u2013 Fortschritt oder Sabotage im Kampf um Frauenrechte?<\/strong><\/p>\n<ul>\n<li>R\u00fcdiger Rauls<br \/>\n<strong>Gender-Politik<\/strong><\/li>\n<li>Klaus Hartmann<br \/>\n<strong><a href=\"https:\/\/www.freidenker.org\/?p=5209\">Die gro\u00dfe Un\u00fcbersichtlichkeit<\/a><br \/>\n<\/strong>(<img data-recalc-dims=\"1\" loading=\"lazy\" decoding=\"async\" data-attachment-id=\"1072\" data-permalink=\"https:\/\/www.freidenker.org\/?attachment_id=1072\" data-orig-file=\"https:\/\/i0.wp.com\/www.freidenker.org\/fw17\/wp-content\/uploads\/2017\/10\/pdf_icon-e1509487447542.png?fit=16%2C16&amp;ssl=1\" data-orig-size=\"16,16\" data-comments-opened=\"0\" data-image-meta=\"{&quot;aperture&quot;:&quot;0&quot;,&quot;credit&quot;:&quot;&quot;,&quot;camera&quot;:&quot;&quot;,&quot;caption&quot;:&quot;&quot;,&quot;created_timestamp&quot;:&quot;0&quot;,&quot;copyright&quot;:&quot;&quot;,&quot;focal_length&quot;:&quot;0&quot;,&quot;iso&quot;:&quot;0&quot;,&quot;shutter_speed&quot;:&quot;0&quot;,&quot;title&quot;:&quot;&quot;,&quot;orientation&quot;:&quot;0&quot;}\" data-image-title=\"pdf_icon_16\" data-image-description=\"\" data-image-caption=\"\" data-large-file=\"https:\/\/i0.wp.com\/www.freidenker.org\/fw17\/wp-content\/uploads\/2017\/10\/pdf_icon-e1509487447542.png?fit=16%2C16&amp;ssl=1\" class=\"alignnone size-full wp-image-1072\" src=\"https:\/\/i0.wp.com\/www.freidenker.org\/fw17\/wp-content\/uploads\/2017\/10\/pdf_icon-e1509487447542.png?resize=16%2C16&#038;ssl=1\" alt=\"\" width=\"16\" height=\"16\" \/> <a href=\"https:\/\/www.freidenker.org\/fw17\/wp-content\/uploads\/2018\/06\/Freidenker_2018-02_Hartmann-Unuebersichtlichkeit.pdf\" target=\"_blank\" rel=\"noopener noreferrer\">PDF-Dokument<\/a>, ca. 462 KB)<strong><br \/>\n<\/strong><\/li>\n<li>Dokumentiert:\n<ul>\n<li>Judith Butler<br \/>\n<strong>Gesellschaftliches\/Anatomisches Geschlecht<\/strong><\/li>\n<li>\u201eEmma\u201d 1-17<br \/>\n<strong>Feminismus gegen Genderismus<\/strong><\/li>\n<li>Daniela Dahn<br \/>\n<strong>Gendern<\/strong><\/li>\n<li>Robert Pfaller<br \/>\n<strong>Wider die Identit\u00e4tspolitik<\/strong><\/li>\n<li>Theresa B\u00e4uerlein &amp; Friederike Kn\u00fcpling<br \/>\n<strong>\u201cBig Sister wei\u00df, was gut f\u00fcr dich ist\u201c<\/strong><\/li>\n<\/ul>\n<\/li>\n<li>Helga E. H\u00f6rz<br \/>\n<strong>Frauenrechte durchsetzen oder um Worte und Bilder streiten?<\/strong><\/li>\n<li>Katja Barthold<br \/>\n<strong>Die Vergessenen<\/strong><\/li>\n<li>Annett Torres<br \/>\n<strong>Die Gendermerie kommt<\/strong><\/li>\n<li><strong>Gedicht \u201esexistisch\u201c? \u2013 Muss weg!<\/strong><\/li>\n<li>Christel Buchinger<br \/>\n<strong><a href=\"https:\/\/www.freidenker.org\/?p=5211\">Pyrrhussieg des Feminismus<\/a><br \/>\n<\/strong>(<img data-recalc-dims=\"1\" loading=\"lazy\" decoding=\"async\" data-attachment-id=\"1072\" data-permalink=\"https:\/\/www.freidenker.org\/?attachment_id=1072\" data-orig-file=\"https:\/\/i0.wp.com\/www.freidenker.org\/fw17\/wp-content\/uploads\/2017\/10\/pdf_icon-e1509487447542.png?fit=16%2C16&amp;ssl=1\" data-orig-size=\"16,16\" data-comments-opened=\"0\" data-image-meta=\"{&quot;aperture&quot;:&quot;0&quot;,&quot;credit&quot;:&quot;&quot;,&quot;camera&quot;:&quot;&quot;,&quot;caption&quot;:&quot;&quot;,&quot;created_timestamp&quot;:&quot;0&quot;,&quot;copyright&quot;:&quot;&quot;,&quot;focal_length&quot;:&quot;0&quot;,&quot;iso&quot;:&quot;0&quot;,&quot;shutter_speed&quot;:&quot;0&quot;,&quot;title&quot;:&quot;&quot;,&quot;orientation&quot;:&quot;0&quot;}\" data-image-title=\"pdf_icon_16\" data-image-description=\"\" data-image-caption=\"\" data-large-file=\"https:\/\/i0.wp.com\/www.freidenker.org\/fw17\/wp-content\/uploads\/2017\/10\/pdf_icon-e1509487447542.png?fit=16%2C16&amp;ssl=1\" class=\"alignnone size-full wp-image-1072\" src=\"https:\/\/i0.wp.com\/www.freidenker.org\/fw17\/wp-content\/uploads\/2017\/10\/pdf_icon-e1509487447542.png?resize=16%2C16&#038;ssl=1\" alt=\"\" width=\"16\" height=\"16\" \/> <a href=\"https:\/\/www.freidenker.org\/fw17\/wp-content\/uploads\/2018\/06\/Freidenker_2018-02_Buchinger-Pyrrhussieg.pdf\" target=\"_blank\" rel=\"noopener noreferrer\">PDF-Dokument<\/a>, ca. 360 KB)<\/li>\n<\/ul>\n<p><strong>Meldungen, Meinungen<\/strong><\/p>\n<ul>\n<li>Andreas Wehr<br \/>\n<strong>Der Hauptfeind sind die USA!<\/strong><\/li>\n<li>Klaus Hartmann<br \/>\n<a href=\"https:\/\/www.freidenker.org\/?p=5055\"><strong>Kein Wunder in der H\u00f6lle<\/strong><\/a><\/li>\n<\/ul>\n<p><strong>Chronik<\/strong><\/p>\n<p><a href=\"https:\/\/www.freidenker.org\/?p=5194\"><strong>Stopp Air Base Ramstein &#8217;18<\/strong><\/a><\/p>\n<p><strong>Leserbriefe<\/strong><\/p>\n<p><strong>B\u00fccher f\u00fcr Freidenker<\/strong><\/p>\n<hr \/>\n<p><strong>Online-Ausgabe:<\/strong><\/p>\n<p>Das Heft kann hier komplett als PDF-Dokument angesehen und heruntergeladen werden:<\/p>\n<p><img loading=\"lazy\" decoding=\"async\" data-attachment-id=\"1076\" data-permalink=\"https:\/\/www.freidenker.org\/?attachment_id=1076\" data-orig-file=\"https:\/\/i0.wp.com\/www.freidenker.org\/fw17\/wp-content\/uploads\/2017\/10\/pdf_icon-2.png?fit=32%2C32&amp;ssl=1\" data-orig-size=\"32,32\" data-comments-opened=\"0\" data-image-meta=\"{&quot;aperture&quot;:&quot;0&quot;,&quot;credit&quot;:&quot;&quot;,&quot;camera&quot;:&quot;&quot;,&quot;caption&quot;:&quot;&quot;,&quot;created_timestamp&quot;:&quot;0&quot;,&quot;copyright&quot;:&quot;&quot;,&quot;focal_length&quot;:&quot;0&quot;,&quot;iso&quot;:&quot;0&quot;,&quot;shutter_speed&quot;:&quot;0&quot;,&quot;title&quot;:&quot;&quot;,&quot;orientation&quot;:&quot;0&quot;}\" data-image-title=\"pdf_icon\" data-image-description=\"\" data-image-caption=\"\" data-large-file=\"https:\/\/i0.wp.com\/www.freidenker.org\/fw17\/wp-content\/uploads\/2017\/10\/pdf_icon-2.png?fit=32%2C32&amp;ssl=1\" class=\"alignnone size-full wp-image-1076\" src=\"https:\/\/i0.wp.com\/www.freidenker.org\/fw17\/wp-content\/uploads\/2017\/10\/pdf_icon-2.png?resize=32%2C32&amp;ssl=1\" alt=\"\" width=\"32\" height=\"32\" data-attachment-id=\"1076\" data-permalink=\"https:\/\/www.freidenker.org\/?attachment_id=1076\" data-orig-file=\"https:\/\/i0.wp.com\/www.freidenker.org\/fw17\/wp-content\/uploads\/2017\/10\/pdf_icon-2.png?fit=32%2C32&amp;ssl=1\" data-orig-size=\"32,32\" data-comments-opened=\"0\" data-image-meta=\"{&quot;aperture&quot;:&quot;0&quot;,&quot;credit&quot;:&quot;&quot;,&quot;camera&quot;:&quot;&quot;,&quot;caption&quot;:&quot;&quot;,&quot;created_timestamp&quot;:&quot;0&quot;,&quot;copyright&quot;:&quot;&quot;,&quot;focal_length&quot;:&quot;0&quot;,&quot;iso&quot;:&quot;0&quot;,&quot;shutter_speed&quot;:&quot;0&quot;,&quot;title&quot;:&quot;&quot;,&quot;orientation&quot;:&quot;0&quot;}\" data-image-title=\"pdf_icon\" data-image-description=\"\" data-medium-file=\"https:\/\/i0.wp.com\/www.freidenker.org\/fw17\/wp-content\/uploads\/2017\/10\/pdf_icon-2.png?fit=32%2C32&amp;ssl=1\" data-large-file=\"https:\/\/i0.wp.com\/www.freidenker.org\/fw17\/wp-content\/uploads\/2017\/10\/pdf_icon-2.png?fit=32%2C32&amp;ssl=1\" \/> <a href=\"https:\/\/www.freidenker.org\/fw17\/wp-content\/uploads\/2019\/06\/Freidenker_2018-02_online.pdf\" target=\"_blank\" rel=\"noopener noreferrer\">Verbandsorgan FREIDENKER 2-18 im PDF-Format<\/a> (ca. 2,1 MB)<\/p>\n<p>Zum <a href=\"https:\/\/www.freidenker.org\/?page_id=1682\">\u00dcberblick \u00fcber alle Online-Ausgaben<\/a><\/p>\n<p>&nbsp;<\/p>\n","protected":false},"excerpt":{"rendered":"<p><strong>Die Ausgabe 2-18 des Verbandsorgans FREIDENKER hat das Schwerpunkt-Thema &#8222;Genderismus &#8211; Fortschritt oder Sabotage im Kampf um Frauenrechte?&#8220;<\/strong> und enth\u00e4lt u.a. folgende Beitr\u00e4ge:<br \/>\n&#8211; R\u00fcdiger Rauls: Gender-Politik<br \/>\n&#8211; Klaus Hartmann: Die gro\u00dfe Un\u00fcbersichtlichkeit<br \/>\n&#8211; Helga E. H\u00f6rz: Frauenrechte durchsetzen oder um Worte und Bilder streiten?<br \/>\n&#8211; Katja Barthold: Die Vergessenen<br \/>\n&#8211; Annett Torres: Die Gendermerie kommt<br \/>\n&#8211; Christel Buchinger: Pyrrhussieg des Feminismus<\/p>\n","protected":false},"author":3,"featured_media":5206,"comment_status":"closed","ping_status":"closed","sticky":false,"template":"","format":"standard","meta":{"colormag_page_container_layout":"default_layout","colormag_page_sidebar_layout":"default_layout","advanced_seo_description":"","jetpack_seo_html_title":"","jetpack_seo_noindex":false,"jetpack_post_was_ever_published":false,"footnotes":""},"categories":[11,8],"tags":[1054,1055,1053,1052,1056],"class_list":["post-5198","post","type-post","status-publish","format-standard","has-post-thumbnail","hentry","category-arbeit-soziales","category-verbandsorgan-freidenker","tag-feminismus","tag-frauenrechte","tag-gender-politik","tag-genderismus","tag-gleichberechtigung"],"jetpack_featured_media_url":"https:\/\/i0.wp.com\/www.freidenker.org\/fw17\/wp-content\/uploads\/2018\/06\/FD_2018-02_Titel_mR.jpg?fit=800%2C445&ssl=1","jetpack_shortlink":"https:\/\/wp.me\/p9stpK-1lQ","jetpack-related-posts":[{"id":5209,"url":"https:\/\/www.freidenker.org\/?p=5209","url_meta":{"origin":5198,"position":0},"title":"Die gro\u00dfe Un\u00fcbersichtlichkeit","author":"Webredaktion","date":"16. Juni 2018","format":false,"excerpt":"Beitrag von Klaus Hartmann aus FREIDENKER 2-18 \u201eGender\u201c \u2013 das Problem beginnt schon beim Begriff: Wie hei\u00dft das eigentlich? \u201eGenderismus\u201c? Es gibt Gender-Forschung, Gender-Politik, Gender-Ideologie, und Kritker sprechen vom \u201eGender-Wahn\u201c. Im offiziellen Sprachgebrauch ist die Rede \u2013 auch in Deutschland \u2013 von \u201eGender Mainstreaming\u201c. Der Anglizismus l\u00e4sst schon einen nicht\u2026","rel":"","context":"In &quot;Demokratie \u2013 Medien \u2013 Aufkl\u00e4rung&quot;","block_context":{"text":"Demokratie \u2013 Medien \u2013 Aufkl\u00e4rung","link":"https:\/\/www.freidenker.org\/?cat=12"},"img":{"alt_text":"","src":"https:\/\/i0.wp.com\/www.freidenker.org\/fw17\/wp-content\/uploads\/2018\/06\/paint-2985569_800x445.jpg?fit=800%2C445&ssl=1&resize=350%2C200","width":350,"height":200,"srcset":"https:\/\/i0.wp.com\/www.freidenker.org\/fw17\/wp-content\/uploads\/2018\/06\/paint-2985569_800x445.jpg?fit=800%2C445&ssl=1&resize=350%2C200 1x, https:\/\/i0.wp.com\/www.freidenker.org\/fw17\/wp-content\/uploads\/2018\/06\/paint-2985569_800x445.jpg?fit=800%2C445&ssl=1&resize=525%2C300 1.5x, https:\/\/i0.wp.com\/www.freidenker.org\/fw17\/wp-content\/uploads\/2018\/06\/paint-2985569_800x445.jpg?fit=800%2C445&ssl=1&resize=700%2C400 2x"},"classes":[]},{"id":7095,"url":"https:\/\/www.freidenker.org\/?p=7095","url_meta":{"origin":5198,"position":1},"title":"\u201eErm\u00e4chtigungsgesetz \u2013 Notstandsgesetze \u2013 Klimanotstand?\u201c","author":"Webredaktion","date":"25. Oktober 2019","format":false,"excerpt":"Einladung zur Diskussion - Sonnabend, 26. Oktober 2019, 10:00 Uhr - Jugendherberge, Leiterstra\u00dfe 10, 39104 Magdeburg Einleitungsreferat: Klaus Hartmann Wenn eine Regierung Steuern erh\u00f6hen oder neue einf\u00fchren will, st\u00f6\u00dft das \u00fcblicherweise auf mehr oder weniger massive Proteste. Neuerdings gibt es hingegen Demonstrationen \u2013 f\u00fcr Steuererh\u00f6hungen! W\u00e4hrend das noch einer masochistischen\u2026","rel":"","context":"In &quot;Arbeit &amp; Soziales&quot;","block_context":{"text":"Arbeit &amp; Soziales","link":"https:\/\/www.freidenker.org\/?cat=11"},"img":{"alt_text":"","src":"https:\/\/i0.wp.com\/www.freidenker.org\/fw17\/wp-content\/uploads\/2019\/10\/Klimanotstand.jpg?fit=800%2C445&ssl=1&resize=350%2C200","width":350,"height":200,"srcset":"https:\/\/i0.wp.com\/www.freidenker.org\/fw17\/wp-content\/uploads\/2019\/10\/Klimanotstand.jpg?fit=800%2C445&ssl=1&resize=350%2C200 1x, https:\/\/i0.wp.com\/www.freidenker.org\/fw17\/wp-content\/uploads\/2019\/10\/Klimanotstand.jpg?fit=800%2C445&ssl=1&resize=525%2C300 1.5x, https:\/\/i0.wp.com\/www.freidenker.org\/fw17\/wp-content\/uploads\/2019\/10\/Klimanotstand.jpg?fit=800%2C445&ssl=1&resize=700%2C400 2x"},"classes":[]},{"id":6870,"url":"https:\/\/www.freidenker.org\/?p=6870","url_meta":{"origin":5198,"position":2},"title":"Kongress der Weltunion der Freidenker in Luxemburg am 13. und 14. September 2019","author":"Webredaktion","date":"25. August 2019","format":false,"excerpt":"Kongress der Weltunion der Freidenker in Luxemburg am 13. und 14. September 2019 \/ Congr\u00e8s de Luxembourg de l'UMLP les 13 et 14 septembre 2019: Migration und Laizit\u00e4t \/ Migration et la\u00efcit\u00e9 - https:\/\/www.libres-penseurs.net Migration und Laizit\u00e4t - Welche Auswirkungen hat die aktuelle Migration auf die Anspr\u00fcche einer laizistischen Gesellschaft?\u2026","rel":"","context":"In &quot;Zentrale Veranstaltungen&quot;","block_context":{"text":"Zentrale Veranstaltungen","link":"https:\/\/www.freidenker.org\/?cat=20"},"img":{"alt_text":"","src":"https:\/\/i0.wp.com\/www.freidenker.org\/fw17\/wp-content\/uploads\/2019\/08\/wufkongress_1314092019.jpg?fit=800%2C445&ssl=1&resize=350%2C200","width":350,"height":200,"srcset":"https:\/\/i0.wp.com\/www.freidenker.org\/fw17\/wp-content\/uploads\/2019\/08\/wufkongress_1314092019.jpg?fit=800%2C445&ssl=1&resize=350%2C200 1x, https:\/\/i0.wp.com\/www.freidenker.org\/fw17\/wp-content\/uploads\/2019\/08\/wufkongress_1314092019.jpg?fit=800%2C445&ssl=1&resize=525%2C300 1.5x, https:\/\/i0.wp.com\/www.freidenker.org\/fw17\/wp-content\/uploads\/2019\/08\/wufkongress_1314092019.jpg?fit=800%2C445&ssl=1&resize=700%2C400 2x"},"classes":[]},{"id":824,"url":"https:\/\/www.freidenker.org\/?p=824","url_meta":{"origin":5198,"position":3},"title":"FREIDENKER 2-15 &#8211; Fortschritt &#8211; Wissenschaft &#8211; Technik: Im Dienst des Menschen?","author":"Webmaster","date":"16. Juni 2015","format":false,"excerpt":"Die Ausgabe 2-15 des Verbandsorgans FREIDENKER hat das Schwerpunkt-Thema \u201eFortschritt - Wissenschaft - Technik: Im Dienst des Menschen?\u201c und enth\u00e4lt u.a folgende Beitr\u00e4ge von der Konferenz \u201eZweifel und Kritik an Fortschritt, Wissenschaft und Technik\u201c am 08.10.2011 in Dresden: - Klaus Hartmann: \"Zweifel \u2013 Kritik \u2013 Anklage: Fortschritt \u2013 Wissenschaft \u2013\u2026","rel":"","context":"In &quot;Verbandsorgan FREIDENKER&quot;","block_context":{"text":"Verbandsorgan FREIDENKER","link":"https:\/\/www.freidenker.org\/?cat=8"},"img":{"alt_text":"","src":"https:\/\/i0.wp.com\/www.freidenker.org\/fw17\/wp-content\/uploads\/2017\/12\/FD_2015-02_Titel_mR.jpg?fit=800%2C445&ssl=1&resize=350%2C200","width":350,"height":200,"srcset":"https:\/\/i0.wp.com\/www.freidenker.org\/fw17\/wp-content\/uploads\/2017\/12\/FD_2015-02_Titel_mR.jpg?fit=800%2C445&ssl=1&resize=350%2C200 1x, https:\/\/i0.wp.com\/www.freidenker.org\/fw17\/wp-content\/uploads\/2017\/12\/FD_2015-02_Titel_mR.jpg?fit=800%2C445&ssl=1&resize=525%2C300 1.5x, https:\/\/i0.wp.com\/www.freidenker.org\/fw17\/wp-content\/uploads\/2017\/12\/FD_2015-02_Titel_mR.jpg?fit=800%2C445&ssl=1&resize=700%2C400 2x"},"classes":[]},{"id":6447,"url":"https:\/\/www.freidenker.org\/?p=6447","url_meta":{"origin":5198,"position":4},"title":"28.05.2019 &#8211; &#8222;Venezuela im Zentrum globaler Konflikte&#8220;","author":"Webredaktion","date":"18. Mai 2019","format":false,"excerpt":"Veranstaltung am Dienstag, den 28.05.2019 um 18.30 Uhr in JMG B\u00fcro, Am G\u00fcterbahnhof 15-17, 56564 Neuwied Referent: R\u00fcdiger Rauls, Autor des Buches \"Kolonie, Konzern, Krieg\" Nachdem es im Jahre 2018 in und um Venezuela relativ ruhig gewesen war, begann das Jahr 2019 mit einem Paukenschlag. Juan Guaido hatte sich mit\u2026","rel":"","context":"In &quot;Veranstaltungen in den DFV-Landesverb\u00e4nden&quot;","block_context":{"text":"Veranstaltungen in den DFV-Landesverb\u00e4nden","link":"https:\/\/www.freidenker.org\/?cat=19"},"img":{"alt_text":"","src":"https:\/\/i0.wp.com\/www.freidenker.org\/fw17\/wp-content\/uploads\/2019\/05\/maduro_trump_800x445.jpg?fit=800%2C445&ssl=1&resize=350%2C200","width":350,"height":200,"srcset":"https:\/\/i0.wp.com\/www.freidenker.org\/fw17\/wp-content\/uploads\/2019\/05\/maduro_trump_800x445.jpg?fit=800%2C445&ssl=1&resize=350%2C200 1x, https:\/\/i0.wp.com\/www.freidenker.org\/fw17\/wp-content\/uploads\/2019\/05\/maduro_trump_800x445.jpg?fit=800%2C445&ssl=1&resize=525%2C300 1.5x, https:\/\/i0.wp.com\/www.freidenker.org\/fw17\/wp-content\/uploads\/2019\/05\/maduro_trump_800x445.jpg?fit=800%2C445&ssl=1&resize=700%2C400 2x"},"classes":[]},{"id":37,"url":"https:\/\/www.freidenker.org\/?p=37","url_meta":{"origin":5198,"position":5},"title":"Experte zu Anti-IS-Kampf: Das Feuer nicht mit Benzin l\u00f6schen","author":"Webmaster","date":"28. November 2015","format":false,"excerpt":"Interview von Sputnik Deutschland mit Klaus Hartmann Dass Deutschland und andere EU-Staaten weiterhin Waffen nach Saudi-Arabien oder an Katar liefern, sei ein Problem, sagte der Bundesvorsitzende des Deutschen Freidenker-Verbandes e.V., Klaus Hartmann in einem Sputnik-Interview. \u201eWie sonst soll man die Panzerlieferungen verstehen, wo hier die ersten finanziellen und logistischen Unterst\u00fctzer\u2026","rel":"","context":"In &quot;Frieden - Antifaschismus - Solidarit\u00e4t&quot;","block_context":{"text":"Frieden - Antifaschismus - Solidarit\u00e4t","link":"https:\/\/www.freidenker.org\/?cat=13"},"img":{"alt_text":"","src":"https:\/\/i0.wp.com\/www.freidenker.org\/fw17\/wp-content\/uploads\/2016\/05\/oilfield.jpg?fit=800%2C445&ssl=1&resize=350%2C200","width":350,"height":200,"srcset":"https:\/\/i0.wp.com\/www.freidenker.org\/fw17\/wp-content\/uploads\/2016\/05\/oilfield.jpg?fit=800%2C445&ssl=1&resize=350%2C200 1x, https:\/\/i0.wp.com\/www.freidenker.org\/fw17\/wp-content\/uploads\/2016\/05\/oilfield.jpg?fit=800%2C445&ssl=1&resize=525%2C300 1.5x, https:\/\/i0.wp.com\/www.freidenker.org\/fw17\/wp-content\/uploads\/2016\/05\/oilfield.jpg?fit=800%2C445&ssl=1&resize=700%2C400 2x"},"classes":[]}],"_links":{"self":[{"href":"https:\/\/www.freidenker.org\/index.php?rest_route=\/wp\/v2\/posts\/5198","targetHints":{"allow":["GET"]}}],"collection":[{"href":"https:\/\/www.freidenker.org\/index.php?rest_route=\/wp\/v2\/posts"}],"about":[{"href":"https:\/\/www.freidenker.org\/index.php?rest_route=\/wp\/v2\/types\/post"}],"author":[{"embeddable":true,"href":"https:\/\/www.freidenker.org\/index.php?rest_route=\/wp\/v2\/users\/3"}],"replies":[{"embeddable":true,"href":"https:\/\/www.freidenker.org\/index.php?rest_route=%2Fwp%2Fv2%2Fcomments&post=5198"}],"version-history":[{"count":0,"href":"https:\/\/www.freidenker.org\/index.php?rest_route=\/wp\/v2\/posts\/5198\/revisions"}],"wp:featuredmedia":[{"embeddable":true,"href":"https:\/\/www.freidenker.org\/index.php?rest_route=\/wp\/v2\/media\/5206"}],"wp:attachment":[{"href":"https:\/\/www.freidenker.org\/index.php?rest_route=%2Fwp%2Fv2%2Fmedia&parent=5198"}],"wp:term":[{"taxonomy":"category","embeddable":true,"href":"https:\/\/www.freidenker.org\/index.php?rest_route=%2Fwp%2Fv2%2Fcategories&post=5198"},{"taxonomy":"post_tag","embeddable":true,"href":"https:\/\/www.freidenker.org\/index.php?rest_route=%2Fwp%2Fv2%2Ftags&post=5198"}],"curies":[{"name":"wp","href":"https:\/\/api.w.org\/{rel}","templated":true}]}}