{"id":5194,"date":"2018-06-15T01:37:59","date_gmt":"2018-06-14T23:37:59","guid":{"rendered":"http:\/\/www.freidenker.org\/?p=5194"},"modified":"2018-07-06T01:29:57","modified_gmt":"2018-07-05T23:29:57","slug":"aktionswoche-stopp-air-base-ramstein-18","status":"publish","type":"post","link":"https:\/\/www.freidenker.org\/?p=5194","title":{"rendered":"Aktionswoche Stopp Air Base Ramstein \u201818"},"content":{"rendered":"<p><strong>Wir treffen uns bundesweit wieder zu den Ramstein Protestaktionen vom 24. Juni bis zum 01. Juli 2018.<\/strong><\/p>\n<ul>\n<li>Einw\u00f6chiges Aktions-, Informations- und Kulturcamp.<\/li>\n<li>Die Campteilnehmer fahren am 29.06. in Bussen nach B\u00fcchel und demonstrierenf\u00fcr den Abzug der dort stationierten Atomwaffen.<\/li>\n<li>Eine einw\u00f6chige \u201eFriedenswerkstatt Ramstein\u201c in Kaiserslautern \u00fcber friedenspolitisch relevante Themen, mit Karin Leukefeld, Klaus Hartmann, Dr. Matin Baraki, Reiner Braun, Karl-Heinz Peil, Joachim Guilliard u.a. Die internationale Zusammenarbeit soll weiter ausgebaut werden, besonders das \u201eInternationale Netzwerk gegen Milit\u00e4rbasen\u201c.<\/li>\n<li>Am Freitag, 29.06.: gro\u00dfe \u00f6ffentliche Abendveranstaltung in der Vers\u00f6hnungskirche Kaiserslautern mit Gabriele Krone-Schmaltz: \u201eMacht uns Russland nicht zum Feind!\u201c<\/li>\n<li>Gro\u00dfe Demonstration und Kundgebung am Samstag, den 30. Juni 2018, bei der Abschlusskundgebung sprechen Sahra Wagenknecht und Eugen Drewermann, anschlie\u00dfend Blockade der Air Base.<\/li>\n<li>Abgeschlossen wird alles durch eine Kulturveranstaltung mit Friedensparty im Camp am Samstagabend.<\/li>\n<\/ul>\n<p>Als H\u00f6hepunkt der diesj\u00e4hrigen Proteste ist eine Demonstration mit 4 Kundgebungen am Samstag, den 30.06.18 geplant. Die Auftaktkundgebungen finden ab 13 Uhr in Landstuhl an der Stadthalle sowie in Ramstein-Miesenbach am Haus des B\u00fcrgers statt.<\/p>\n<p>Anschlie\u00dfend ziehen die Demonstrationsz\u00fcge gemeinsam zum Denkmal f\u00fcr die 1988 ums Leben gekommenen Flugshow-Opfer. Hier wollen wir am drei\u00dfigsten Jahrestag der Katastrophe der Opfer gedenken.<\/p>\n<p>Abschlie\u00dfend treffen wir uns gegen 16 Uhr vor den Toren der Air Base Ramstein zur Abschlusskundgebung. Auf allen Kundgebungen werden zahlreiche K\u00fcnstlerInnen und RednerInnen die Teilnehmenden informieren und ein buntes Programm pr\u00e4sentieren.<\/p>\n<p>Erstmals planen wir zus\u00e4tzliche friedliche Aktionen vor der Air Base Ramstein, die sich nach der Demonstration anschlie\u00dfen sollen. Die Air Base \u201eschlie\u00dfen\u201c ist ein neues herausforderndes Ziel, das jetzt intensive vorbereitet werden soll. Dazu geh\u00f6ren Traings f\u00fcr zivilen Ungehorsam genauso wie das Gewinnen spezieller Berufsgruppen, sich aktiv zu beteiligen. Unser Protest vor den Toren der Airbase soll friedlich, vielf\u00e4ltig, bunt und im Geiste von Mahatma Gandhi und Martin Luther King sein.<\/p>\n<p><strong>Weitere Informationen gibt es hier: <a href=\"https:\/\/www.ramstein-kampagne.eu\/category\/aktionswoche-2018\/\" target=\"_blank\" rel=\"noopener\">https:\/\/www.ramstein-kampagne.eu\/category\/aktionswoche-2018\/<\/a><\/strong><\/p>\n<hr \/>\n<p><em>Nachtrag 27.06.2018<\/em><\/p>\n<p><strong>Aufruf von Sarah Wagenknecht zur Teilnahme an der Demonstration am 30.06.2018 <\/strong><strong>:<\/strong><\/p>\n<div class=\"jetpack-video-wrapper\"><span class=\"embed-youtube\" style=\"text-align:center; display: block;\"><iframe loading=\"lazy\" class=\"youtube-player\" width=\"800\" height=\"450\" src=\"https:\/\/www.youtube.com\/embed\/11-y19LvRsw?version=3&#038;rel=1&#038;showsearch=0&#038;showinfo=1&#038;iv_load_policy=1&#038;fs=1&#038;hl=de-DE&#038;autohide=2&#038;wmode=transparent\" allowfullscreen=\"true\" style=\"border:0;\" sandbox=\"allow-scripts allow-same-origin allow-popups allow-presentation allow-popups-to-escape-sandbox\"><\/iframe><\/span><\/div>\n<p>(Video von weltnetzTV auf YouTube)<\/p>\n<hr \/>\n<p>Bild oben: Aktionswoche Stopp Air Base Ramstein 2017, Abschlusskundgebung<br \/>\n\u00a9 by arbeiterfotografie.com<\/p>\n","protected":false},"excerpt":{"rendered":"<p>Als H\u00f6hepunkt der diesj\u00e4hrigen Proteste ist eine Demonstration mit 4 Kundgebungen am Samstag, den 30.06.18 geplant. &#8230; Anschlie\u00dfend ziehen die Demonstrationsz\u00fcge gemeinsam zum Denkmal f\u00fcr die 1988 ums Leben gekommenen Flugshow-Opfer. Hier wollen wir am drei\u00dfigsten Jahrestag der Katastrophe der Opfer gedenken. Abschlie\u00dfend treffen wir uns gegen 16 Uhr vor den Toren der Air Base Ramstein zur Abschlusskundgebung. Auf allen Kundgebungen werden zahlreiche K\u00fcnstlerInnen und RednerInnen die Teilnehmenden informieren und ein buntes Programm pr\u00e4sentieren. Erstmals planen wir zus\u00e4tzliche friedliche Aktionen vor der Air Base Ramstein, die sich nach der Demonstration anschlie\u00dfen sollen.<\/p>\n","protected":false},"author":3,"featured_media":5195,"comment_status":"closed","ping_status":"closed","sticky":false,"template":"","format":"standard","meta":{"colormag_page_container_layout":"default_layout","colormag_page_sidebar_layout":"default_layout","advanced_seo_description":"","jetpack_seo_html_title":"","jetpack_seo_noindex":false,"jetpack_post_was_ever_published":false,"footnotes":""},"categories":[13,20],"tags":[411,335,43,60,63],"class_list":["post-5194","post","type-post","status-publish","format-standard","has-post-thumbnail","hentry","category-frieden-antifaschismus-solidaritaet","category-zentrale-veranstaltungen","tag-demonstration","tag-frieden","tag-friedensbewegung","tag-kampagne-stopp-ramstein","tag-nato-raus-aus-deutschland"],"jetpack_featured_media_url":"https:\/\/i0.wp.com\/www.freidenker.org\/fw17\/wp-content\/uploads\/2018\/06\/ramstein2017_60102_800x445_mL.jpg?fit=800%2C445&ssl=1","jetpack_shortlink":"https:\/\/wp.me\/p9stpK-1lM","jetpack-related-posts":[{"id":6514,"url":"https:\/\/www.freidenker.org\/?p=6514","url_meta":{"origin":5194,"position":0},"title":"Die U.S. Milit\u00e4rbasis in Ramstein &#038; die anstehende Demonstration dagegen","author":"Webredaktion","date":"20. Juni 2019","format":false,"excerpt":"Video-Interview mit Reiner Braun Vom 23.06. bis 30.06.2019 findet die diesj\u00e4hrige Aktionswoche \"Stopp Air Base Ramstein\" statt. In einem Video nimmt Reiner Braun Stellung zur Bedeutung der Kriegsdrehscheibe Ramstein und den notwendigen Protest dagegen.","rel":"","context":"In &quot;Frieden - Antifaschismus - Solidarit\u00e4t&quot;","block_context":{"text":"Frieden - Antifaschismus - Solidarit\u00e4t","link":"https:\/\/www.freidenker.org\/?cat=13"},"img":{"alt_text":"","src":"https:\/\/i0.wp.com\/www.freidenker.org\/fw17\/wp-content\/uploads\/2019\/06\/ramstein_27-2018-06-30-_800x445.jpg?fit=800%2C445&ssl=1&resize=350%2C200","width":350,"height":200,"srcset":"https:\/\/i0.wp.com\/www.freidenker.org\/fw17\/wp-content\/uploads\/2019\/06\/ramstein_27-2018-06-30-_800x445.jpg?fit=800%2C445&ssl=1&resize=350%2C200 1x, https:\/\/i0.wp.com\/www.freidenker.org\/fw17\/wp-content\/uploads\/2019\/06\/ramstein_27-2018-06-30-_800x445.jpg?fit=800%2C445&ssl=1&resize=525%2C300 1.5x, https:\/\/i0.wp.com\/www.freidenker.org\/fw17\/wp-content\/uploads\/2019\/06\/ramstein_27-2018-06-30-_800x445.jpg?fit=800%2C445&ssl=1&resize=700%2C400 2x"},"classes":[]},{"id":252,"url":"https:\/\/www.freidenker.org\/?p=252","url_meta":{"origin":5194,"position":1},"title":"Kein Drohnenkrieg \u2013 Stopp Ramstein","author":"Webmaster","date":"21. Mai 2016","format":false,"excerpt":"Appell der Planungskonferenz \u201eStopp Ramstein\u201c Kommt und macht mit bei der Menschenkette am 11. Juno 2016! Ramstein steht f\u00fcr die Politik von Interventionen und Krieg, von \u00dcberwachung und Militarismus. Von Ramstein gehen durch die weltweiten Drohneneins\u00e4tze tagt\u00e4glich Tod, Leid, Terror und Verderben aus. Drohnenkrieg ist Serienmord. Als erstes muss die\u2026","rel":"","context":"In &quot;Frieden - Antifaschismus - Solidarit\u00e4t&quot;","block_context":{"text":"Frieden - Antifaschismus - Solidarit\u00e4t","link":"https:\/\/www.freidenker.org\/?cat=13"},"img":{"alt_text":"","src":"https:\/\/i0.wp.com\/www.freidenker.org\/fw17\/wp-content\/uploads\/2016\/07\/Stop_Hand.jpg?fit=800%2C445&ssl=1&resize=350%2C200","width":350,"height":200,"srcset":"https:\/\/i0.wp.com\/www.freidenker.org\/fw17\/wp-content\/uploads\/2016\/07\/Stop_Hand.jpg?fit=800%2C445&ssl=1&resize=350%2C200 1x, https:\/\/i0.wp.com\/www.freidenker.org\/fw17\/wp-content\/uploads\/2016\/07\/Stop_Hand.jpg?fit=800%2C445&ssl=1&resize=525%2C300 1.5x, https:\/\/i0.wp.com\/www.freidenker.org\/fw17\/wp-content\/uploads\/2016\/07\/Stop_Hand.jpg?fit=800%2C445&ssl=1&resize=700%2C400 2x"},"classes":[]},{"id":16551,"url":"https:\/\/www.freidenker.org\/?p=16551","url_meta":{"origin":5194,"position":2},"title":"&#8222;Unprovoziert&#8220;? &#8211; Rede von Ekkehard Sieker bei &#8222;Stopp Ramstein&#8220; 2023","author":"Webredaktion","date":"10. Juli 2023","format":false,"excerpt":"Rede von Ekkehard Sieker Am 24.06.2023 sprach Ekkehard Sieker auf der \"Stopp Ramstein\"-Demo, die ein Ende des \u00fcber Ramstein aus gef\u00fchrten Drohnenkrieges sowie eine Schlie\u00dfung der US-Airbase fordert. Zum offiziellen Narrativ westlicher Politiker und Medien geh\u00f6rt es, den Angriffskrieg Russlands auf die Ukraine als \"unprovoziert\" zu bezeichnen und seinen Beginn\u2026","rel":"","context":"In &quot;Frieden - Antifaschismus - Solidarit\u00e4t&quot;","block_context":{"text":"Frieden - Antifaschismus - Solidarit\u00e4t","link":"https:\/\/www.freidenker.org\/?cat=13"},"img":{"alt_text":"","src":"https:\/\/i0.wp.com\/www.freidenker.org\/fw17\/wp-content\/uploads\/2023\/07\/Sieker_Ramsteim_800x450.jpg?fit=800%2C450&ssl=1&resize=350%2C200","width":350,"height":200,"srcset":"https:\/\/i0.wp.com\/www.freidenker.org\/fw17\/wp-content\/uploads\/2023\/07\/Sieker_Ramsteim_800x450.jpg?fit=800%2C450&ssl=1&resize=350%2C200 1x, https:\/\/i0.wp.com\/www.freidenker.org\/fw17\/wp-content\/uploads\/2023\/07\/Sieker_Ramsteim_800x450.jpg?fit=800%2C450&ssl=1&resize=525%2C300 1.5x, https:\/\/i0.wp.com\/www.freidenker.org\/fw17\/wp-content\/uploads\/2023\/07\/Sieker_Ramsteim_800x450.jpg?fit=800%2C450&ssl=1&resize=700%2C400 2x"},"classes":[]},{"id":5273,"url":"https:\/\/www.freidenker.org\/?p=5273","url_meta":{"origin":5194,"position":3},"title":"Ramstein 2018: Die &#8222;neue Ostfront&#8220;","author":"Webredaktion","date":"4. Juli 2018","format":false,"excerpt":"Warum brauchen wir \"kriegsverwendungsf\u00e4hige Stra\u00dfen\"? Rede von Klaus Hartmann auf der Auftaktkundgebung zur Demonstration \"Stopp Air Base Ramstein 2018\" in Landstuhl am 30. Juni 2018 Es ist Aktiven wie dem Freidenker-Vorsitzenden Klaus Hartmann hoch anzurechnen, dass sie nicht davon ablassen, darauf aufmerksam zu machen, dass mit der K\u00fcndigung des Truppenstationierungsvertrages\u2026","rel":"","context":"In &quot;Frieden - Antifaschismus - Solidarit\u00e4t&quot;","block_context":{"text":"Frieden - Antifaschismus - Solidarit\u00e4t","link":"https:\/\/www.freidenker.org\/?cat=13"},"img":{"alt_text":"","src":"https:\/\/i0.wp.com\/www.freidenker.org\/fw17\/wp-content\/uploads\/2018\/07\/ramstein2018_hartmann_800x445.jpg?fit=800%2C445&ssl=1&resize=350%2C200","width":350,"height":200,"srcset":"https:\/\/i0.wp.com\/www.freidenker.org\/fw17\/wp-content\/uploads\/2018\/07\/ramstein2018_hartmann_800x445.jpg?fit=800%2C445&ssl=1&resize=350%2C200 1x, https:\/\/i0.wp.com\/www.freidenker.org\/fw17\/wp-content\/uploads\/2018\/07\/ramstein2018_hartmann_800x445.jpg?fit=800%2C445&ssl=1&resize=525%2C300 1.5x, https:\/\/i0.wp.com\/www.freidenker.org\/fw17\/wp-content\/uploads\/2018\/07\/ramstein2018_hartmann_800x445.jpg?fit=800%2C445&ssl=1&resize=700%2C400 2x"},"classes":[]},{"id":275,"url":"https:\/\/www.freidenker.org\/?p=275","url_meta":{"origin":5194,"position":4},"title":"Freidenker-Brief 2-2016: Kampagne Stopp Ramstein \u2013 Aktionswochenende im Juni","author":"Webmaster","date":"3. Juni 2016","format":false,"excerpt":"Der Deutsche Freidenker-Verband appelliert an seine Mitglieder und Sympathisanten, die Kampagne \u201eStopp Ramstein\u201c zu unterst\u00fctzen und an dem Aktionswochenende in Kaiserslautern\/Ramstein, 10. \u2013 12. Juni 2016, teilzunehmen. \u201eDie US-Airbase in Ramstein repr\u00e4sentiert fast alle Friedensbedrohungen, denen wir heute ausgesetzt sind.\u201c So Klaus Hartmann, der Vorsitzende des Deutschen Freidenker-Verbands in einem\u2026","rel":"","context":"In &quot;Freidenker-Brief&quot;","block_context":{"text":"Freidenker-Brief","link":"https:\/\/www.freidenker.org\/?cat=341"},"img":{"alt_text":"","src":"https:\/\/i0.wp.com\/www.freidenker.org\/fw17\/wp-content\/uploads\/2016\/07\/Megaphone.jpg?fit=800%2C445&ssl=1&resize=350%2C200","width":350,"height":200,"srcset":"https:\/\/i0.wp.com\/www.freidenker.org\/fw17\/wp-content\/uploads\/2016\/07\/Megaphone.jpg?fit=800%2C445&ssl=1&resize=350%2C200 1x, https:\/\/i0.wp.com\/www.freidenker.org\/fw17\/wp-content\/uploads\/2016\/07\/Megaphone.jpg?fit=800%2C445&ssl=1&resize=525%2C300 1.5x, https:\/\/i0.wp.com\/www.freidenker.org\/fw17\/wp-content\/uploads\/2016\/07\/Megaphone.jpg?fit=800%2C445&ssl=1&resize=700%2C400 2x"},"classes":[]},{"id":2988,"url":"https:\/\/www.freidenker.org\/?p=2988","url_meta":{"origin":5194,"position":5},"title":"Freidenker-Brief 6-2015: Deutschland raus aus der NATO &#8211; NATO raus aus Deutschland","author":"Webredaktion","date":"27. August 2015","format":false,"excerpt":"W\u00e4hrend manche \"Institutionen\" der Friedensbewegung fortgesetzt die Diskussion \u201eWie weiter mit der Friedensbewegung?\u201c f\u00fchren, gibt es erfreulicherweise auch Friedenskr\u00e4fte, die angesichts der gef\u00e4hrlichen internationalen Entwicklung aktiv werden, die auf Aktionen und auf Klarheit dr\u00e4ngen: Einerseits die im \"AK Frieden \/ Internationales\" des Deutschen Freidenker-Verbandes erarbeitete programmatische Erkl\u00e4rung zu Fragen von\u2026","rel":"","context":"In &quot;Freidenker-Brief&quot;","block_context":{"text":"Freidenker-Brief","link":"https:\/\/www.freidenker.org\/?cat=341"},"img":{"alt_text":"","src":"https:\/\/i0.wp.com\/www.freidenker.org\/fw17\/wp-content\/uploads\/2015\/08\/Global_Hawk_800x445_mLogo.jpg?fit=800%2C445&ssl=1&resize=350%2C200","width":350,"height":200,"srcset":"https:\/\/i0.wp.com\/www.freidenker.org\/fw17\/wp-content\/uploads\/2015\/08\/Global_Hawk_800x445_mLogo.jpg?fit=800%2C445&ssl=1&resize=350%2C200 1x, https:\/\/i0.wp.com\/www.freidenker.org\/fw17\/wp-content\/uploads\/2015\/08\/Global_Hawk_800x445_mLogo.jpg?fit=800%2C445&ssl=1&resize=525%2C300 1.5x, https:\/\/i0.wp.com\/www.freidenker.org\/fw17\/wp-content\/uploads\/2015\/08\/Global_Hawk_800x445_mLogo.jpg?fit=800%2C445&ssl=1&resize=700%2C400 2x"},"classes":[]}],"_links":{"self":[{"href":"https:\/\/www.freidenker.org\/index.php?rest_route=\/wp\/v2\/posts\/5194","targetHints":{"allow":["GET"]}}],"collection":[{"href":"https:\/\/www.freidenker.org\/index.php?rest_route=\/wp\/v2\/posts"}],"about":[{"href":"https:\/\/www.freidenker.org\/index.php?rest_route=\/wp\/v2\/types\/post"}],"author":[{"embeddable":true,"href":"https:\/\/www.freidenker.org\/index.php?rest_route=\/wp\/v2\/users\/3"}],"replies":[{"embeddable":true,"href":"https:\/\/www.freidenker.org\/index.php?rest_route=%2Fwp%2Fv2%2Fcomments&post=5194"}],"version-history":[{"count":0,"href":"https:\/\/www.freidenker.org\/index.php?rest_route=\/wp\/v2\/posts\/5194\/revisions"}],"wp:featuredmedia":[{"embeddable":true,"href":"https:\/\/www.freidenker.org\/index.php?rest_route=\/wp\/v2\/media\/5195"}],"wp:attachment":[{"href":"https:\/\/www.freidenker.org\/index.php?rest_route=%2Fwp%2Fv2%2Fmedia&parent=5194"}],"wp:term":[{"taxonomy":"category","embeddable":true,"href":"https:\/\/www.freidenker.org\/index.php?rest_route=%2Fwp%2Fv2%2Fcategories&post=5194"},{"taxonomy":"post_tag","embeddable":true,"href":"https:\/\/www.freidenker.org\/index.php?rest_route=%2Fwp%2Fv2%2Ftags&post=5194"}],"curies":[{"name":"wp","href":"https:\/\/api.w.org\/{rel}","templated":true}]}}