{"id":5186,"date":"2018-06-03T23:55:18","date_gmt":"2018-06-03T21:55:18","guid":{"rendered":"http:\/\/www.freidenker.org\/?p=5186"},"modified":"2019-06-27T21:44:37","modified_gmt":"2019-06-27T19:44:37","slug":"klaus-hartmann-was-ist-der-mensch","status":"publish","type":"post","link":"https:\/\/www.freidenker.org\/?p=5186","title":{"rendered":"Klaus Hartmann: Was ist der Mensch?"},"content":{"rendered":"<p>Zum 200. Geburtstag des wirkm\u00e4chtigen Philosophen Karl Marx veranstaltete der Deutsche Freidenker-Verband am 28. April 2018 in Hannover die wissenschaftliche Konferenz &#8222;Individuum und Gesellschaft \u2013 Menschenbild und Pers\u00f6nlichkeitstheorie im Marxismus&#8220;. Mit Marx kann das Fazit nur lauten, den Menschen mittels Aufkl\u00e4rung aus einem unw\u00fcrdigen Objekt-Zustand zu befreien und alle M\u00f6glichkeiten zur Erlangung des Subjekt-Zustandes zu ergreifen. Es wird deutlich: &#8222;Der Mensch ist stets der Mensch einer historischen Epoche.&#8220; Unter wesentlicher Bezugnahme auf drei neuzeitliche Philosophen und Kulturwissenschaftler (Erich Hahn, Alfred Kurella, Lucien S\u00e9ve) zieht der Vorsitzende des Deutschen Freidenker-Verbandes und Pr\u00e4sident der Weltunion der Freidenker, Klaus Hartmann, den (materialistischen) Schluss vom &#8222;Geheimnis der grenzenlosen Weiterentwicklung der menschlichen M\u00f6glichkeiten bei gleichzeitig unver\u00e4ndertem neuronalen Potential&#8220;.<\/p>\n<p style=\"text-align: right;\"><em>Textquelle: <a href=\"http:\/\/www.nrhz.de\/flyer\/beitrag.php?id=24890\" target=\"_blank\" rel=\"noopener noreferrer\">Neue Rheinische Zeitung<\/a><\/em><\/p>\n<p>Die Arbeiterfotografie hat ein Video des Vortrages von Klaus Hartmann ver\u00f6ffentlicht (Dauer 43 min):<\/p>\n<div class=\"jetpack-video-wrapper\"><span class=\"embed-youtube\" style=\"text-align:center; display: block;\"><iframe loading=\"lazy\" class=\"youtube-player\" width=\"800\" height=\"450\" src=\"https:\/\/www.youtube.com\/embed\/d4CUVzBVun4?version=3&#038;rel=1&#038;showsearch=0&#038;showinfo=1&#038;iv_load_policy=1&#038;fs=1&#038;hl=de-DE&#038;autohide=2&#038;wmode=transparent\" allowfullscreen=\"true\" style=\"border:0;\" sandbox=\"allow-scripts allow-same-origin allow-popups allow-presentation allow-popups-to-escape-sandbox\"><\/iframe><\/span><\/div>\n<hr \/>\n<p>Link zur Erstver\u00f6ffentlichung des Videos: <a href=\"http:\/\/www.nrhz.de\/flyer\/beitrag.php?id=24890\" target=\"_blank\" rel=\"noopener noreferrer\">http:\/\/www.nrhz.de\/flyer\/beitrag.php?id=24890<\/a><br \/>\nDirektlink zum Video auf YouTube: <a href=\"https:\/\/youtu.be\/d4CUVzBVun4\" target=\"_blank\" rel=\"noopener noreferrer\">https:\/\/youtu.be\/d4CUVzBVun4<\/a><\/p>\n<hr \/>\n<p><strong>&#8211;&gt; Alle f\u00fcnf Videos der Hauptreferate sind hier zu finden: <a href=\"https:\/\/www.freidenker.org\/?p=5354\">https:\/\/www.freidenker.org\/?p=5354<\/a><\/strong><\/p>\n<hr \/>\n<p>Bild oben: Screenshot aus dem Video<br \/>\n\u00a9 by arbeiterfotografie.com<\/p>\n","protected":false},"excerpt":{"rendered":"<p>Zum 200. Geburtstag des wirkm\u00e4chtigen Philosophen Karl Marx veranstaltete der Deutsche Freidenker-Verband am 28. April 2018 in Hannover die wissenschaftliche Konferenz &#8222;Individuum und Gesellschaft \u2013 Menschenbild und Pers\u00f6nlichkeitstheorie im Marxismus&#8220;. &#8230; Unter wesentlicher Bezugnahme auf drei neuzeitliche Philosophen und Kulturwissenschaftler (Erich Hahn, Alfred Kurella, Lucien S\u00e9ve) zieht der Vorsitzende des Deutschen Freidenker-Verbandes und Pr\u00e4sident der Weltunion der Freidenker, <strong>Klaus Hartmann<\/strong>, den (materialistischen) Schluss vom &#8222;Geheimnis der grenzenlosen Weiterentwicklung der menschlichen M\u00f6glichkeiten bei gleichzeitig unver\u00e4ndertem neuronalen Potential&#8220;.<\/p>\n","protected":false},"author":3,"featured_media":5187,"comment_status":"closed","ping_status":"closed","sticky":false,"template":"","format":"standard","meta":{"colormag_page_container_layout":"default_layout","colormag_page_sidebar_layout":"default_layout","advanced_seo_description":"","jetpack_seo_html_title":"","jetpack_seo_noindex":false,"jetpack_post_was_ever_published":false,"footnotes":""},"categories":[1162,16],"tags":[876,491,883,496,1034,1005,446],"class_list":["post-5186","post","type-post","status-publish","format-standard","has-post-thumbnail","hentry","category-geschichte","category-weltanschauung-philosophie","tag-dialektik","tag-geschichte","tag-gesellschaft","tag-karl-marx","tag-marxismus","tag-materialismus","tag-mensch"],"jetpack_featured_media_url":"https:\/\/i0.wp.com\/www.freidenker.org\/fw17\/wp-content\/uploads\/2018\/06\/karl_marx_konferenz_hartmann_800x445.jpg?fit=800%2C445&ssl=1","jetpack_shortlink":"https:\/\/wp.me\/p9stpK-1lE","jetpack-related-posts":[{"id":5354,"url":"https:\/\/www.freidenker.org\/?p=5354","url_meta":{"origin":5186,"position":0},"title":"Videos: Karl-Marx-Konferenz &#8222;Individuum und Gesellschaft&#8220;","author":"Webredaktion","date":"30. Juli 2018","format":false,"excerpt":"Zum 200. Geburtstag des wirkm\u00e4chtigen Philosophen Karl Marx veranstaltete der Deutsche Freidenker-Verband am 28. April 2018 in Hannover die wissenschaftliche Konferenz \u201eIndividuum und Gesellschaft \u2013 Menschenbild und Pers\u00f6nlichkeitstheorie im Marxismus\u201c. Wir ver\u00f6ffentlichen hier die Videos der Hauptreferate von Klaus Hartmann: \"Was ist der Mensch?\", Prof. Wolfgang Jantzen: \"Pers\u00f6nlichkeit und sozialer\u2026","rel":"","context":"In &quot;Weltanschauung &amp; Philosophie&quot;","block_context":{"text":"Weltanschauung &amp; Philosophie","link":"https:\/\/www.freidenker.org\/?cat=16"},"img":{"alt_text":"","src":"https:\/\/i0.wp.com\/www.freidenker.org\/fw17\/wp-content\/uploads\/2018\/08\/Hartmann_Bahlo_Konferenz2018.jpg?fit=800%2C445&ssl=1&resize=350%2C200","width":350,"height":200,"srcset":"https:\/\/i0.wp.com\/www.freidenker.org\/fw17\/wp-content\/uploads\/2018\/08\/Hartmann_Bahlo_Konferenz2018.jpg?fit=800%2C445&ssl=1&resize=350%2C200 1x, https:\/\/i0.wp.com\/www.freidenker.org\/fw17\/wp-content\/uploads\/2018\/08\/Hartmann_Bahlo_Konferenz2018.jpg?fit=800%2C445&ssl=1&resize=525%2C300 1.5x, https:\/\/i0.wp.com\/www.freidenker.org\/fw17\/wp-content\/uploads\/2018\/08\/Hartmann_Bahlo_Konferenz2018.jpg?fit=800%2C445&ssl=1&resize=700%2C400 2x"},"classes":[]},{"id":4889,"url":"https:\/\/www.freidenker.org\/?p=4889","url_meta":{"origin":5186,"position":1},"title":"Konferenz: Individuum und Gesellschaft \u2013 Menschenbild und Pers\u00f6nlichkeitstheorie im Marxismus","author":"Webredaktion","date":"27. M\u00e4rz 2018","format":false,"excerpt":"\u00d6ffentliche Wissenschaftliche Konferenz zum 200. Geburtstag von Karl Marx am Samstag, 28. April 2018, in Hannover Individuum und Gesellschaft \u2013 Menschenbild und Pers\u00f6nlichkeitstheorie im Marxismus Vortr\u00e4ge und Diskussion: - Was ist der Mensch? (Klaus Hartmann) - Pers\u00f6nlichkeit und sozialer Sinn (Prof. Dr. Wolfgang Jantzen) - Die Leere der Frankfurter Schule\u2026","rel":"","context":"In &quot;Weltanschauung &amp; Philosophie&quot;","block_context":{"text":"Weltanschauung &amp; Philosophie","link":"https:\/\/www.freidenker.org\/?cat=16"},"img":{"alt_text":"","src":"https:\/\/i0.wp.com\/www.freidenker.org\/fw17\/wp-content\/uploads\/2018\/03\/karl-marx-konferenz_800x445.jpg?fit=800%2C445&ssl=1&resize=350%2C200","width":350,"height":200,"srcset":"https:\/\/i0.wp.com\/www.freidenker.org\/fw17\/wp-content\/uploads\/2018\/03\/karl-marx-konferenz_800x445.jpg?fit=800%2C445&ssl=1&resize=350%2C200 1x, https:\/\/i0.wp.com\/www.freidenker.org\/fw17\/wp-content\/uploads\/2018\/03\/karl-marx-konferenz_800x445.jpg?fit=800%2C445&ssl=1&resize=525%2C300 1.5x, https:\/\/i0.wp.com\/www.freidenker.org\/fw17\/wp-content\/uploads\/2018\/03\/karl-marx-konferenz_800x445.jpg?fit=800%2C445&ssl=1&resize=700%2C400 2x"},"classes":[]},{"id":5422,"url":"https:\/\/www.freidenker.org\/?p=5422","url_meta":{"origin":5186,"position":2},"title":"FREIDENKER 3-18 EXTRA \u2013 Menschenbild","author":"Webredaktion","date":"16. September 2018","format":false,"excerpt":"Die EXTRA-Ausgabe 3-18 des Verbandsorgans FREIDENKER hat das Schwerpunkt-Thema \u201eMenschenbild \u2013 Marxistische Pers\u00f6nlichkeitstheorie: Individuum und Gesellschaft\u201c und enth\u00e4lt die Reden der Wissenschaftlichen Konferenz des Deutschen Freidenker-Verbandes vom 28.04.2018 in Hannover. Darin: - Sebastian Bahlo: Marx\u2018 revolution\u00e4re Sch\u00e4rfe bewahren - Klaus Hartmann: Was ist der Mensch? - Wolfgang Jantzen: Pers\u00f6nlichkeit und\u2026","rel":"","context":"In &quot;Verbandsorgan FREIDENKER&quot;","block_context":{"text":"Verbandsorgan FREIDENKER","link":"https:\/\/www.freidenker.org\/?cat=8"},"img":{"alt_text":"","src":"https:\/\/i0.wp.com\/www.freidenker.org\/fw17\/wp-content\/uploads\/2018\/09\/FD_2018-03_Titel_mR.jpg?fit=800%2C445&ssl=1&resize=350%2C200","width":350,"height":200,"srcset":"https:\/\/i0.wp.com\/www.freidenker.org\/fw17\/wp-content\/uploads\/2018\/09\/FD_2018-03_Titel_mR.jpg?fit=800%2C445&ssl=1&resize=350%2C200 1x, https:\/\/i0.wp.com\/www.freidenker.org\/fw17\/wp-content\/uploads\/2018\/09\/FD_2018-03_Titel_mR.jpg?fit=800%2C445&ssl=1&resize=525%2C300 1.5x, https:\/\/i0.wp.com\/www.freidenker.org\/fw17\/wp-content\/uploads\/2018\/09\/FD_2018-03_Titel_mR.jpg?fit=800%2C445&ssl=1&resize=700%2C400 2x"},"classes":[]},{"id":14585,"url":"https:\/\/www.freidenker.org\/?p=14585","url_meta":{"origin":5186,"position":3},"title":"Marx und Engels \u00fcber das Verh\u00e4ltnis von Mensch und Natur","author":"Webredaktion","date":"4. November 2022","format":false,"excerpt":"Themenabend - Freitag, 11. November 2022 um 19.30 Uhr, Villa Leon, N\u00fcrnberg Referent: Richard Dollinger \u201eUns so werden wir mit jedem Schritt daran erinnert, da\u00df wir keineswegs die Natur beherrschen, wie ein Eroberer ein fremdes Volk beherrscht, wie jemand der au\u00dferhalb der Natur steht.\u201c [Friedrich Engels, Dialektik der Natur] Der\u2026","rel":"","context":"In &quot;Veranstaltungen in den DFV-Landesverb\u00e4nden&quot;","block_context":{"text":"Veranstaltungen in den DFV-Landesverb\u00e4nden","link":"https:\/\/www.freidenker.org\/?cat=19"},"img":{"alt_text":"","src":"https:\/\/i0.wp.com\/www.freidenker.org\/fw17\/wp-content\/uploads\/2022\/11\/Berlin_-_Marx-Engels-Forum_1_800x450.jpg?fit=800%2C450&ssl=1&resize=350%2C200","width":350,"height":200,"srcset":"https:\/\/i0.wp.com\/www.freidenker.org\/fw17\/wp-content\/uploads\/2022\/11\/Berlin_-_Marx-Engels-Forum_1_800x450.jpg?fit=800%2C450&ssl=1&resize=350%2C200 1x, https:\/\/i0.wp.com\/www.freidenker.org\/fw17\/wp-content\/uploads\/2022\/11\/Berlin_-_Marx-Engels-Forum_1_800x450.jpg?fit=800%2C450&ssl=1&resize=525%2C300 1.5x, https:\/\/i0.wp.com\/www.freidenker.org\/fw17\/wp-content\/uploads\/2022\/11\/Berlin_-_Marx-Engels-Forum_1_800x450.jpg?fit=800%2C450&ssl=1&resize=700%2C400 2x"},"classes":[]},{"id":4943,"url":"https:\/\/www.freidenker.org\/?p=4943","url_meta":{"origin":5186,"position":4},"title":"Erich Wernig: Karl Marx","author":"Webredaktion","date":"24. M\u00e4rz 2018","format":false,"excerpt":"Beitrag von Erich Wernig. Zuerst ver\u00f6ffentlicht in FREIDENKER 2-1983, nachgedruckt in FREIDENKER 1-2018 Der Begr\u00fcnder des wissenschaftlichen Sozialismus wurde am 5. Mai 1818 in Trier geboren und starb am 14. M\u00e4rz 1883 in London. Der 165. Geburtstag und der 100. Todestag im Jahre 1983 waren Anla\u00df, und das wird mit\u2026","rel":"","context":"In &quot;Weltanschauung &amp; Philosophie&quot;","block_context":{"text":"Weltanschauung &amp; Philosophie","link":"https:\/\/www.freidenker.org\/?cat=16"},"img":{"alt_text":"","src":"https:\/\/i0.wp.com\/www.freidenker.org\/fw17\/wp-content\/uploads\/2018\/04\/marx_wernig.jpg?fit=800%2C445&ssl=1&resize=350%2C200","width":350,"height":200,"srcset":"https:\/\/i0.wp.com\/www.freidenker.org\/fw17\/wp-content\/uploads\/2018\/04\/marx_wernig.jpg?fit=800%2C445&ssl=1&resize=350%2C200 1x, https:\/\/i0.wp.com\/www.freidenker.org\/fw17\/wp-content\/uploads\/2018\/04\/marx_wernig.jpg?fit=800%2C445&ssl=1&resize=525%2C300 1.5x, https:\/\/i0.wp.com\/www.freidenker.org\/fw17\/wp-content\/uploads\/2018\/04\/marx_wernig.jpg?fit=800%2C445&ssl=1&resize=700%2C400 2x"},"classes":[]},{"id":618,"url":"https:\/\/www.freidenker.org\/?p=618","url_meta":{"origin":5186,"position":5},"title":"Schwerpunktthema Religionskritik","author":"Webmaster","date":"1. Januar 1998","format":false,"excerpt":"Die Voraussetzung aller Kritik ist die Religionskritik nach Meinung von Karl Marx. Diesen Teil des Satzes aus der Einleitung Zur Kritik der Hegelschen Rechtsphilosophie unterschlagen des \u00f6fteren Diskussionspartner aus Kirchenkreisen: Sie zitieren nur den ersten Teil (unvollst\u00e4ndig), die Kritik der Religion ist beendet, habe der Herr Marx schlie\u00dflich verlautbart. Komplett\u2026","rel":"","context":"In &quot;Religions- &amp; Kirchenkritik, S\u00e4kulare Szene&quot;","block_context":{"text":"Religions- &amp; Kirchenkritik, S\u00e4kulare Szene","link":"https:\/\/www.freidenker.org\/?cat=15"},"img":{"alt_text":"","src":"https:\/\/i0.wp.com\/www.freidenker.org\/fw17\/wp-content\/uploads\/2016\/08\/petersdom-vatikan.jpg?fit=800%2C445&ssl=1&resize=350%2C200","width":350,"height":200,"srcset":"https:\/\/i0.wp.com\/www.freidenker.org\/fw17\/wp-content\/uploads\/2016\/08\/petersdom-vatikan.jpg?fit=800%2C445&ssl=1&resize=350%2C200 1x, https:\/\/i0.wp.com\/www.freidenker.org\/fw17\/wp-content\/uploads\/2016\/08\/petersdom-vatikan.jpg?fit=800%2C445&ssl=1&resize=525%2C300 1.5x, https:\/\/i0.wp.com\/www.freidenker.org\/fw17\/wp-content\/uploads\/2016\/08\/petersdom-vatikan.jpg?fit=800%2C445&ssl=1&resize=700%2C400 2x"},"classes":[]}],"_links":{"self":[{"href":"https:\/\/www.freidenker.org\/index.php?rest_route=\/wp\/v2\/posts\/5186","targetHints":{"allow":["GET"]}}],"collection":[{"href":"https:\/\/www.freidenker.org\/index.php?rest_route=\/wp\/v2\/posts"}],"about":[{"href":"https:\/\/www.freidenker.org\/index.php?rest_route=\/wp\/v2\/types\/post"}],"author":[{"embeddable":true,"href":"https:\/\/www.freidenker.org\/index.php?rest_route=\/wp\/v2\/users\/3"}],"replies":[{"embeddable":true,"href":"https:\/\/www.freidenker.org\/index.php?rest_route=%2Fwp%2Fv2%2Fcomments&post=5186"}],"version-history":[{"count":0,"href":"https:\/\/www.freidenker.org\/index.php?rest_route=\/wp\/v2\/posts\/5186\/revisions"}],"wp:featuredmedia":[{"embeddable":true,"href":"https:\/\/www.freidenker.org\/index.php?rest_route=\/wp\/v2\/media\/5187"}],"wp:attachment":[{"href":"https:\/\/www.freidenker.org\/index.php?rest_route=%2Fwp%2Fv2%2Fmedia&parent=5186"}],"wp:term":[{"taxonomy":"category","embeddable":true,"href":"https:\/\/www.freidenker.org\/index.php?rest_route=%2Fwp%2Fv2%2Fcategories&post=5186"},{"taxonomy":"post_tag","embeddable":true,"href":"https:\/\/www.freidenker.org\/index.php?rest_route=%2Fwp%2Fv2%2Ftags&post=5186"}],"curies":[{"name":"wp","href":"https:\/\/api.w.org\/{rel}","templated":true}]}}