{"id":5148,"date":"2018-05-22T22:17:05","date_gmt":"2018-05-22T20:17:05","guid":{"rendered":"http:\/\/www.freidenker.org\/?p=5148"},"modified":"2018-06-14T14:03:53","modified_gmt":"2018-06-14T12:03:53","slug":"25-05-2018-vortrag-alternative-heilmethoden-unterdruecktes-wissen-oder-gewoehnlicher-mumpitz","status":"publish","type":"post","link":"https:\/\/www.freidenker.org\/?p=5148","title":{"rendered":"25.05.2018 &#8211; Vortrag &#8222;Alternative Heilmethoden &#8211; unterdr\u00fccktes Wissen oder gew\u00f6hnlicher Mumpitz&#8220;"},"content":{"rendered":"<p>Einladung zum Vortrag mit Diskussion:<\/p>\n<p><strong>\u201eAlternative Heilmethoden &#8211; unterdr\u00fccktes Wissen oder gew\u00f6hnlicher Mumpitz\u201c<\/strong><\/p>\n<p><img data-recalc-dims=\"1\" loading=\"lazy\" decoding=\"async\" data-attachment-id=\"5149\" data-permalink=\"https:\/\/www.freidenker.org\/?attachment_id=5149\" data-orig-file=\"https:\/\/i0.wp.com\/www.freidenker.org\/fw17\/wp-content\/uploads\/2018\/05\/ulf_rassmann.png?fit=220%2C150&amp;ssl=1\" data-orig-size=\"220,150\" data-comments-opened=\"0\" data-image-meta=\"{&quot;aperture&quot;:&quot;0&quot;,&quot;credit&quot;:&quot;&quot;,&quot;camera&quot;:&quot;&quot;,&quot;caption&quot;:&quot;&quot;,&quot;created_timestamp&quot;:&quot;0&quot;,&quot;copyright&quot;:&quot;&quot;,&quot;focal_length&quot;:&quot;0&quot;,&quot;iso&quot;:&quot;0&quot;,&quot;shutter_speed&quot;:&quot;0&quot;,&quot;title&quot;:&quot;&quot;,&quot;orientation&quot;:&quot;0&quot;}\" data-image-title=\"Dr. Ulf Rassmann\" data-image-description=\"\" data-image-caption=\"\" data-large-file=\"https:\/\/i0.wp.com\/www.freidenker.org\/fw17\/wp-content\/uploads\/2018\/05\/ulf_rassmann.png?fit=220%2C150&amp;ssl=1\" class=\"alignnone size-thumbnail wp-image-5149\" src=\"https:\/\/i0.wp.com\/www.freidenker.org\/fw17\/wp-content\/uploads\/2018\/05\/ulf_rassmann.png?resize=150%2C150&#038;ssl=1\" alt=\"Dr. Ulf Rassmann\" width=\"150\" height=\"150\" \/><\/p>\n<p><strong>Referent: Dr. der Chemie Ulf Rassmann<\/strong><\/p>\n<p><strong>am Freitag den 25. 05.2018 um 19:00 Uhr in der Jugendherberge Alte Treibe in Idar-Oberstein<\/strong><\/p>\n<p>Jegliche Medizin basiert auch auf philosophischen Grundlagen. Die christlichen Kirchen haben einen riesigen Wissensschatz vernichtet und im Rahmen der Klostermedizin selbst wieder gesammelt. Alternative Ans\u00e4tze, ob wissenschaftlich fundiert oder auf Erfahrungen beruhend, durchbrachen immer wieder kirchliche und kommerzielle Grenzen und ebneten der Schulmedizin ihren Weg. Was dominiert unser heutiges Gesundheitssystem?<\/p>\n<p>Alle, die Interesse haben, sind herzlich eingeladen.<\/p>\n<hr \/>\n<p>Beitragsbild: <a href=\"https:\/\/pixabay.com\/de\/edelstein-amethyst-violett-1576233\/\" target=\"_blank\" rel=\"noopener\">pixabay.com<\/a> \/ User: alusruvi \/ Lizenz: Lizenz: <a href=\"https:\/\/creativecommons.org\/publicdomain\/zero\/1.0\/deed.de\" target=\"_blank\" rel=\"noopener\">CC0 Creative Commons<\/a> \/ Das Bild von Dr. Ulf Rassmann wurde uns freundlicherweise von ihm zur Ver\u00f6ffentlichung \u00fcberlassen.<\/p>\n","protected":false},"excerpt":{"rendered":"<p><strong>Referent: Dr. der Chemie Ulf Rassmann<\/strong><br \/>\nJegliche Medizin basiert auch auf philosophischen Grundlagen. Die christlichen Kirchen haben einen riesigen Wissensschatz vernichtet und im Rahmen der Klostermedizin selbst wieder gesammelt. Alternative Ans\u00e4tze, ob wissenschaftlich fundiert oder auf Erfahrungen beruhend, durchbrachen immer wieder kirchliche und kommerzielle Grenzen und ebneten der Schulmedizin ihren Weg. Was dominiert unser heutiges Gesundheitssystem?<\/p>\n","protected":false},"author":3,"featured_media":5151,"comment_status":"closed","ping_status":"closed","sticky":false,"template":"","format":"standard","meta":{"colormag_page_container_layout":"default_layout","colormag_page_sidebar_layout":"default_layout","advanced_seo_description":"","jetpack_seo_html_title":"","jetpack_seo_noindex":false,"jetpack_post_was_ever_published":false,"footnotes":""},"categories":[19],"tags":[1048,1049,1050],"class_list":["post-5148","post","type-post","status-publish","format-standard","has-post-thumbnail","hentry","category-veranstaltungen-in-den-dfv-landesverbaenden","tag-alternative-heilmethoden","tag-rheinland-pfalz-saarland","tag-veranstaltung"],"jetpack_featured_media_url":"https:\/\/i0.wp.com\/www.freidenker.org\/fw17\/wp-content\/uploads\/2018\/05\/gem-1576233_800x445.jpg?fit=800%2C445&ssl=1","jetpack_shortlink":"https:\/\/wp.me\/p9stpK-1l2","jetpack-related-posts":[{"id":17542,"url":"https:\/\/www.freidenker.org\/?p=17542","url_meta":{"origin":5148,"position":0},"title":"\u201eWas ist rechts, was ist links?\u201c","author":"Webredaktion","date":"20. November 2023","format":false,"excerpt":"Vortrag von Klaus Hartmann Mitgeschnitten auf der Mitgliederversammlung des LV Rheinland-Pfalz\/Saarland des Deutschen Freidenker-Verbandes am 12.11.2023 in Idar-Oberstein. Gilt das alte Links heute als das neue Rechts? Woher stammte die Einteilung in \"rechts\" und \"links\" urspr\u00fcnglich? Ist das heute noch g\u00fcltig oder \u00fcberholt? Wie steht es mit den Behauptungen, man\u2026","rel":"","context":"In &quot;Demokratie \u2013 Medien \u2013 Aufkl\u00e4rung&quot;","block_context":{"text":"Demokratie \u2013 Medien \u2013 Aufkl\u00e4rung","link":"https:\/\/www.freidenker.org\/?cat=12"},"img":{"alt_text":"","src":"https:\/\/i0.wp.com\/www.freidenker.org\/fw17\/wp-content\/uploads\/2023\/11\/Hartmann_rechts_links_2023_v3_800x450.jpg?fit=800%2C450&ssl=1&resize=350%2C200","width":350,"height":200,"srcset":"https:\/\/i0.wp.com\/www.freidenker.org\/fw17\/wp-content\/uploads\/2023\/11\/Hartmann_rechts_links_2023_v3_800x450.jpg?fit=800%2C450&ssl=1&resize=350%2C200 1x, https:\/\/i0.wp.com\/www.freidenker.org\/fw17\/wp-content\/uploads\/2023\/11\/Hartmann_rechts_links_2023_v3_800x450.jpg?fit=800%2C450&ssl=1&resize=525%2C300 1.5x, https:\/\/i0.wp.com\/www.freidenker.org\/fw17\/wp-content\/uploads\/2023\/11\/Hartmann_rechts_links_2023_v3_800x450.jpg?fit=800%2C450&ssl=1&resize=700%2C400 2x"},"classes":[]},{"id":5799,"url":"https:\/\/www.freidenker.org\/?p=5799","url_meta":{"origin":5148,"position":1},"title":"Eine neue Kriegsgefahr?","author":"Webredaktion","date":"29. Januar 2019","format":false,"excerpt":"Rekord-R\u00fcstungshaushalt, EU-Aufr\u00fcstung, NATO-Aufmarsch, K\u00fcndigung des INF-Vertrags - Vortrag und Diskussion am 30.1.2019 um 18.00 Uhr, Klingspormuseum, Herrnstra\u00dfe 80 - mit Klaus Hartmann, Bundesvorsitzender des Deutschen Freidenker-Verbandes. Gegenw\u00e4rtig sind viele Menschen besorgt \u00fcber die Hochr\u00fcstung und Kriege in aller Welt. Dabei sucht man die Ursache dieser Misere durchaus in verschiedenen Richtungen.Wir\u2026","rel":"","context":"In &quot;Frieden - Antifaschismus - Solidarit\u00e4t&quot;","block_context":{"text":"Frieden - Antifaschismus - Solidarit\u00e4t","link":"https:\/\/www.freidenker.org\/?cat=13"},"img":{"alt_text":"","src":"https:\/\/i0.wp.com\/www.freidenker.org\/fw17\/wp-content\/uploads\/2019\/01\/Klingspor-Museum_800x445.jpg?fit=800%2C445&ssl=1&resize=350%2C200","width":350,"height":200,"srcset":"https:\/\/i0.wp.com\/www.freidenker.org\/fw17\/wp-content\/uploads\/2019\/01\/Klingspor-Museum_800x445.jpg?fit=800%2C445&ssl=1&resize=350%2C200 1x, https:\/\/i0.wp.com\/www.freidenker.org\/fw17\/wp-content\/uploads\/2019\/01\/Klingspor-Museum_800x445.jpg?fit=800%2C445&ssl=1&resize=525%2C300 1.5x, https:\/\/i0.wp.com\/www.freidenker.org\/fw17\/wp-content\/uploads\/2019\/01\/Klingspor-Museum_800x445.jpg?fit=800%2C445&ssl=1&resize=700%2C400 2x"},"classes":[]},{"id":20445,"url":"https:\/\/www.freidenker.org\/?p=20445","url_meta":{"origin":5148,"position":2},"title":"Links wie Rechts &#8211; einig und gleich schlecht?","author":"Webredaktion","date":"30. November 2024","format":false,"excerpt":"Video der Kulturwerkstatt Beckingen \u00fcber eine Veranstaltung des Deutschen Freidenkerverbandes, Landesverband Rheinland-Pfalz\/Saar am 17.11.2024 Gilt das alte Links heute als das neue Rechts? Woher stammte die Einteilung in \u201erechts\u201c und \u201elinks\u201c urspr\u00fcnglich? Ist das heute noch g\u00fcltig oder \u00fcberholt? Wie steht es mit den Behauptungen, man sei weder \u201erechts\u201c noch\u2026","rel":"","context":"In &quot;Kultur &amp; Kunst&quot;","block_context":{"text":"Kultur &amp; Kunst","link":"https:\/\/www.freidenker.org\/?cat=913"},"img":{"alt_text":"","src":"https:\/\/i0.wp.com\/www.freidenker.org\/fw17\/wp-content\/uploads\/2024\/11\/Hartmann_Beckingen-2024_800x450.jpg?fit=800%2C450&ssl=1&resize=350%2C200","width":350,"height":200,"srcset":"https:\/\/i0.wp.com\/www.freidenker.org\/fw17\/wp-content\/uploads\/2024\/11\/Hartmann_Beckingen-2024_800x450.jpg?fit=800%2C450&ssl=1&resize=350%2C200 1x, https:\/\/i0.wp.com\/www.freidenker.org\/fw17\/wp-content\/uploads\/2024\/11\/Hartmann_Beckingen-2024_800x450.jpg?fit=800%2C450&ssl=1&resize=525%2C300 1.5x, https:\/\/i0.wp.com\/www.freidenker.org\/fw17\/wp-content\/uploads\/2024\/11\/Hartmann_Beckingen-2024_800x450.jpg?fit=800%2C450&ssl=1&resize=700%2C400 2x"},"classes":[]},{"id":17088,"url":"https:\/\/www.freidenker.org\/?p=17088","url_meta":{"origin":5148,"position":3},"title":"Umweltschutz auf chinesisch!","author":"Webredaktion","date":"25. September 2023","format":false,"excerpt":"Vortrag und Diskussion mit Wolfram Elsner 10. Oktober 2023 um 19:00 Uhr, M\u00fcnchner Aidshilfe, Lindwurmstr. 71, 80337 M\u00fcnchen Viele denken: dort wo die meisten Menschen leben, da gibt es auch den meisten Dreck. H\u00e4ufig wird hier China benannt. Doch weit gefehlt! Die \u00f6kologische Bilanz Chinas ist auf den meisten Feldern\u2026","rel":"","context":"In &quot;Veranstaltungen in den DFV-Landesverb\u00e4nden&quot;","block_context":{"text":"Veranstaltungen in den DFV-Landesverb\u00e4nden","link":"https:\/\/www.freidenker.org\/?cat=19"},"img":{"alt_text":"","src":"https:\/\/i0.wp.com\/www.freidenker.org\/fw17\/wp-content\/uploads\/2023\/09\/Elsner_China_Umweltschutz_800x450.jpg?fit=800%2C450&ssl=1&resize=350%2C200","width":350,"height":200,"srcset":"https:\/\/i0.wp.com\/www.freidenker.org\/fw17\/wp-content\/uploads\/2023\/09\/Elsner_China_Umweltschutz_800x450.jpg?fit=800%2C450&ssl=1&resize=350%2C200 1x, https:\/\/i0.wp.com\/www.freidenker.org\/fw17\/wp-content\/uploads\/2023\/09\/Elsner_China_Umweltschutz_800x450.jpg?fit=800%2C450&ssl=1&resize=525%2C300 1.5x, https:\/\/i0.wp.com\/www.freidenker.org\/fw17\/wp-content\/uploads\/2023\/09\/Elsner_China_Umweltschutz_800x450.jpg?fit=800%2C450&ssl=1&resize=700%2C400 2x"},"classes":[]},{"id":19313,"url":"https:\/\/www.freidenker.org\/?p=19313","url_meta":{"origin":5148,"position":4},"title":"Milit\u00e4r in der Nachbarschaft: US-Milit\u00e4r in Rheinland-Pfalz","author":"Webredaktion","date":"11. Juni 2024","format":false,"excerpt":"Video eines Vortrages von Karl-Heinz Peil gehalten auf einer Veranstaltung des Deutschen Freidenker-Verbandes, Landesverband Rheinland-Pfalz \/ Saarland am 07.06.2024 in Idar-Oberstein Rheinland-Pfalz ist reich an milit\u00e4rischen Einrichtungen. B\u00fcchel ist als Standort der Bundeswehr durch die Lagerung von Atomraketen, Ramstein als die gr\u00f6\u00dfte Milit\u00e4rdrehscheibe der USA durch die Aktion \u201eStopp Ramstein\u201c\u2026","rel":"","context":"In &quot;Frieden - Antifaschismus - Solidarit\u00e4t&quot;","block_context":{"text":"Frieden - Antifaschismus - Solidarit\u00e4t","link":"https:\/\/www.freidenker.org\/?cat=13"},"img":{"alt_text":"","src":"https:\/\/i0.wp.com\/www.freidenker.org\/fw17\/wp-content\/uploads\/2024\/06\/Peil_Idar-Oberstein_2024-06-07_800x450.jpg?fit=800%2C450&ssl=1&resize=350%2C200","width":350,"height":200,"srcset":"https:\/\/i0.wp.com\/www.freidenker.org\/fw17\/wp-content\/uploads\/2024\/06\/Peil_Idar-Oberstein_2024-06-07_800x450.jpg?fit=800%2C450&ssl=1&resize=350%2C200 1x, https:\/\/i0.wp.com\/www.freidenker.org\/fw17\/wp-content\/uploads\/2024\/06\/Peil_Idar-Oberstein_2024-06-07_800x450.jpg?fit=800%2C450&ssl=1&resize=525%2C300 1.5x, https:\/\/i0.wp.com\/www.freidenker.org\/fw17\/wp-content\/uploads\/2024\/06\/Peil_Idar-Oberstein_2024-06-07_800x450.jpg?fit=800%2C450&ssl=1&resize=700%2C400 2x"},"classes":[]},{"id":15293,"url":"https:\/\/www.freidenker.org\/?p=15293","url_meta":{"origin":5148,"position":5},"title":"Ende der westlichen Dominanz?","author":"Webredaktion","date":"19. Februar 2023","format":false,"excerpt":"Vortrag und Diskussion mit J\u00f6rg Kronauer Montag, 06. 03.2023, 19.00 Uhr, EineWeltHaus M\u00fcnchen Die globalen Kr\u00e4fteverh\u00e4ltnisse haben sich ver\u00e4ndert. Chinas vieldiskutierter Aufstieg, Indiens \u201eAsiatisches Jahrhundert\u201c und Lateinamerika gehen eigene Wege und l\u00f6sen sich aus der US-Hegemonie. Neue nichtwestliche B\u00fcndnisse wie BRICS oder die Shanghai Cooperation Organisation (SCO). Selbst die Staaten\u2026","rel":"","context":"In &quot;Veranstaltungen in den DFV-Landesverb\u00e4nden&quot;","block_context":{"text":"Veranstaltungen in den DFV-Landesverb\u00e4nden","link":"https:\/\/www.freidenker.org\/?cat=19"},"img":{"alt_text":"","src":"https:\/\/i0.wp.com\/www.freidenker.org\/fw17\/wp-content\/uploads\/2023\/02\/kronauer_800x450.jpg?fit=800%2C450&ssl=1&resize=350%2C200","width":350,"height":200,"srcset":"https:\/\/i0.wp.com\/www.freidenker.org\/fw17\/wp-content\/uploads\/2023\/02\/kronauer_800x450.jpg?fit=800%2C450&ssl=1&resize=350%2C200 1x, https:\/\/i0.wp.com\/www.freidenker.org\/fw17\/wp-content\/uploads\/2023\/02\/kronauer_800x450.jpg?fit=800%2C450&ssl=1&resize=525%2C300 1.5x, https:\/\/i0.wp.com\/www.freidenker.org\/fw17\/wp-content\/uploads\/2023\/02\/kronauer_800x450.jpg?fit=800%2C450&ssl=1&resize=700%2C400 2x"},"classes":[]}],"_links":{"self":[{"href":"https:\/\/www.freidenker.org\/index.php?rest_route=\/wp\/v2\/posts\/5148","targetHints":{"allow":["GET"]}}],"collection":[{"href":"https:\/\/www.freidenker.org\/index.php?rest_route=\/wp\/v2\/posts"}],"about":[{"href":"https:\/\/www.freidenker.org\/index.php?rest_route=\/wp\/v2\/types\/post"}],"author":[{"embeddable":true,"href":"https:\/\/www.freidenker.org\/index.php?rest_route=\/wp\/v2\/users\/3"}],"replies":[{"embeddable":true,"href":"https:\/\/www.freidenker.org\/index.php?rest_route=%2Fwp%2Fv2%2Fcomments&post=5148"}],"version-history":[{"count":0,"href":"https:\/\/www.freidenker.org\/index.php?rest_route=\/wp\/v2\/posts\/5148\/revisions"}],"wp:featuredmedia":[{"embeddable":true,"href":"https:\/\/www.freidenker.org\/index.php?rest_route=\/wp\/v2\/media\/5151"}],"wp:attachment":[{"href":"https:\/\/www.freidenker.org\/index.php?rest_route=%2Fwp%2Fv2%2Fmedia&parent=5148"}],"wp:term":[{"taxonomy":"category","embeddable":true,"href":"https:\/\/www.freidenker.org\/index.php?rest_route=%2Fwp%2Fv2%2Fcategories&post=5148"},{"taxonomy":"post_tag","embeddable":true,"href":"https:\/\/www.freidenker.org\/index.php?rest_route=%2Fwp%2Fv2%2Ftags&post=5148"}],"curies":[{"name":"wp","href":"https:\/\/api.w.org\/{rel}","templated":true}]}}