{"id":513,"date":"2008-09-16T18:01:49","date_gmt":"2008-09-16T16:01:49","guid":{"rendered":"http:\/\/www.freidenker.org\/fw17\/?p=513"},"modified":"2018-02-18T23:15:10","modified_gmt":"2018-02-18T22:15:10","slug":"nein-zum-glaesernen-buerger","status":"publish","type":"post","link":"https:\/\/www.freidenker.org\/?p=513","title":{"rendered":"FREIDENKER 2\/3-08 &#8211; Nein zum gl\u00e4sernen B\u00fcrger &#8211; Wohin treibt die Demokratie?"},"content":{"rendered":"<p><strong>Inhalt:<\/strong>\u00a0Editorial &#8211;\u00a0Thema:<\/p>\n<p>Corinna Poll: <a href=\"https:\/\/www.freidenker.org\/?p=352\">F\u00fcr die Versammlungsfreiheit<\/a>\u00a0|\u00a0Siegfried R. Krebs: F\u00fcr das Recht auf Generalstreik |\u00a0Erich Buchholz: <a href=\"https:\/\/www.freidenker.org\/?p=355\">Noch eine Datenspeicherung<\/a>\u00a0|\u00a0Lorenz Knorr: <a href=\"https:\/\/www.freidenker.org\/?p=348\">Gegen die kontinuierliche Einschr\u00e4nkung demokratischer Rechte<\/a>\u00a0|\u00a0Siegfried R. Krebs: Beh\u00f6rdenwillk\u00fcr hebelt Sozialstaat und Demokratie aus |\u00a0Monika Strau\u00df: Verordnete Altersarmut \u00a0|\u00a0Hans-Peter Brenner: <a href=\"https:\/\/www.freidenker.org\/?p=345\">Brave Patienten f\u00fcr die \u201ebrave new world\u201c<\/a>\u00a0 |\u00a0Grundrechtereport<\/p>\n<p><strong>Portr\u00e4t<br \/>\n<\/strong>Carl von Ossietzky, Teil I<br \/>\n<strong><br \/>\nMeldungen, Meinungen<br \/>\nLeserbriefe<br \/>\nAus den Landesverb\u00e4nden<\/strong><\/p>\n<p><strong>Chronik<br \/>\n<\/strong>Verbandsvorstandstagung in Magdeburg<br \/>\nVerbandstag 2009 einberufen<br \/>\nKonferenz \u201eInitiative Volksbildung \u2013 Bildung ist Menschenrecht\u201c<br \/>\nGespr\u00e4ch mit dem NRW-Landesvorstand<strong><br \/>\n<\/strong><strong><br \/>\nB\u00fccher f\u00fcr Freidenker<\/strong><\/p>\n<p>&nbsp;<\/p>\n","protected":false},"excerpt":{"rendered":"<p><strong>Die Ausgabe 2\/3-08 des Verbandsorgans FREIDENKER hat das Schwerpunkt-Thema \u201eNein zum gl\u00e4sernen B\u00fcrger &#8211; Wohin treibt die Demokratie?\u201c und enth\u00e4lt u.a folgende Beitr\u00e4ge:<\/strong><br \/>\n&#8211; Corinna Poll: F\u00fcr die Versammlungsfreiheit<br \/>\n&#8211; Siegfried R. Krebs: F\u00fcr das Recht auf Generalstreik<br \/>\n&#8211; Erich Buchholz: Noch eine Datenspeicherung<br \/>\n&#8211; Lorenz Knorr: Gegen die kontinuierliche Einschr\u00e4nkung demokratischer Rechte<br \/>\n&#8211; Siegfried R. Krebs: Beh\u00f6rdenwillk\u00fcr hebelt Sozialstaat und Demokratie aus<br \/>\n&#8211; Monika Strau\u00df: Verordnete Altersarmut<br \/>\n&#8211; Hans-Peter Brenner: Brave Patienten f\u00fcr die \u201ebrave new world\u201c<\/p>\n","protected":false},"author":2,"featured_media":2530,"comment_status":"closed","ping_status":"closed","sticky":false,"template":"","format":"standard","meta":{"colormag_page_container_layout":"default_layout","colormag_page_sidebar_layout":"default_layout","advanced_seo_description":"","jetpack_seo_html_title":"","jetpack_seo_noindex":false,"jetpack_post_was_ever_published":false,"footnotes":""},"categories":[8],"tags":[976,162,26,376],"class_list":["post-513","post","type-post","status-publish","format-standard","has-post-thumbnail","hentry","category-verbandsorgan-freidenker","tag-buergerrechte","tag-demokratie","tag-freidenker","tag-transparenz"],"jetpack_featured_media_url":"https:\/\/i0.wp.com\/www.freidenker.org\/fw17\/wp-content\/uploads\/2017\/12\/FD_2008-02-03_Titel_mR.jpg?fit=800%2C445&ssl=1","jetpack_shortlink":"https:\/\/wp.me\/p9stpK-8h","jetpack-related-posts":[{"id":16376,"url":"https:\/\/www.freidenker.org\/?p=16376","url_meta":{"origin":513,"position":0},"title":"FREIDENKER Nr. 2-23 \u2013 Kampf um Demokratie 1848\/49 und heute","author":"Webredaktion","date":"29. Juni 2023","format":false,"excerpt":"Die Ausgabe 2-23 des Verbandsorgans FREIDENKER hat das Schwerpunkt-Thema \u201eKampf um Demokratie 1848\/49 und heute\u201c und enth\u00e4lt u.a. folgende Beitr\u00e4ge: - Wolfgang Sch\u00fcrer: Revolutionen f\u00fcr Freiheit und Demokratie - Friedrich Engels: Revolution, die unvollendete - Hartmut Barth-Engelbart: Die erneute Niederschlagung der 1848er Revolution - Corinna Oesch: 1848: Wie sieht es\u2026","rel":"","context":"In &quot;Geschichte&quot;","block_context":{"text":"Geschichte","link":"https:\/\/www.freidenker.org\/?cat=1162"},"img":{"alt_text":"","src":"https:\/\/i0.wp.com\/www.freidenker.org\/fw17\/wp-content\/uploads\/2023\/06\/FD_2023-02_Titel_mR.jpg?fit=800%2C445&ssl=1&resize=350%2C200","width":350,"height":200,"srcset":"https:\/\/i0.wp.com\/www.freidenker.org\/fw17\/wp-content\/uploads\/2023\/06\/FD_2023-02_Titel_mR.jpg?fit=800%2C445&ssl=1&resize=350%2C200 1x, https:\/\/i0.wp.com\/www.freidenker.org\/fw17\/wp-content\/uploads\/2023\/06\/FD_2023-02_Titel_mR.jpg?fit=800%2C445&ssl=1&resize=525%2C300 1.5x, https:\/\/i0.wp.com\/www.freidenker.org\/fw17\/wp-content\/uploads\/2023\/06\/FD_2023-02_Titel_mR.jpg?fit=800%2C445&ssl=1&resize=700%2C400 2x"},"classes":[]},{"id":1060,"url":"https:\/\/www.freidenker.org\/?p=1060","url_meta":{"origin":513,"position":1},"title":"FREIDENKER 2-10 &#8211; Welche Demokratie?","author":"Webredaktion","date":"16. Juli 2010","format":false,"excerpt":"Die Ausgabe 2-10 des Verbandsorgans FREIDENKER hat das Schwerpunkt-Thema \u201eWelche Demokratie?\u201c und enth\u00e4lt u.a folgende Beitr\u00e4ge: - Klaus Hartmann: Demokratie? - Canforas \u201ekurze Geschichte der Demokratie\u201c - Postdemokratie - Arnold Sch\u00f6lzel: De-Emanzipation \u2013 Domenico Losurdos ,Gegengeschichte\u2018 des Liberalismus - Aristoteles zur Staatsform - Erich Buchholz: \u201eRechtsstaat\u201c \u2013 eine Bilanz nach\u2026","rel":"","context":"In &quot;Verbandsorgan FREIDENKER&quot;","block_context":{"text":"Verbandsorgan FREIDENKER","link":"https:\/\/www.freidenker.org\/?cat=8"},"img":{"alt_text":"","src":"https:\/\/i0.wp.com\/www.freidenker.org\/fw17\/wp-content\/uploads\/2017\/12\/FD_2010-02_Titel_mR.jpg?fit=800%2C445&ssl=1&resize=350%2C200","width":350,"height":200,"srcset":"https:\/\/i0.wp.com\/www.freidenker.org\/fw17\/wp-content\/uploads\/2017\/12\/FD_2010-02_Titel_mR.jpg?fit=800%2C445&ssl=1&resize=350%2C200 1x, https:\/\/i0.wp.com\/www.freidenker.org\/fw17\/wp-content\/uploads\/2017\/12\/FD_2010-02_Titel_mR.jpg?fit=800%2C445&ssl=1&resize=525%2C300 1.5x, https:\/\/i0.wp.com\/www.freidenker.org\/fw17\/wp-content\/uploads\/2017\/12\/FD_2010-02_Titel_mR.jpg?fit=800%2C445&ssl=1&resize=700%2C400 2x"},"classes":[]},{"id":17936,"url":"https:\/\/www.freidenker.org\/?p=17936","url_meta":{"origin":513,"position":2},"title":"Galerie: Max-Sievers-Ehrung","author":"Webredaktion","date":"22. Januar 2024","format":false,"excerpt":"Bericht der Webredaktion Vor 80 Jahren haben die deutschen Faschisten den Vorsitzenden des Deutschen Freidenker-Verbandes im Zuchthaus Brandenburg-G\u00f6rden mit dem Fallbeil ermordet. Aus diesem Anlass trafen sich Freidenker aus Berlin, Brandenburg und Hessen zu einem ehrenden Gedenken am 17. Januar 2024 auf dem Urnenfriedhof Wedding in Berlin, wo sich das\u2026","rel":"","context":"In &quot;Geschichte&quot;","block_context":{"text":"Geschichte","link":"https:\/\/www.freidenker.org\/?cat=1162"},"img":{"alt_text":"","src":"https:\/\/i0.wp.com\/www.freidenker.org\/fw17\/wp-content\/uploads\/2024\/01\/Sievers-Ehrung_2024_154236_800x450.jpg?fit=800%2C450&ssl=1&resize=350%2C200","width":350,"height":200,"srcset":"https:\/\/i0.wp.com\/www.freidenker.org\/fw17\/wp-content\/uploads\/2024\/01\/Sievers-Ehrung_2024_154236_800x450.jpg?fit=800%2C450&ssl=1&resize=350%2C200 1x, https:\/\/i0.wp.com\/www.freidenker.org\/fw17\/wp-content\/uploads\/2024\/01\/Sievers-Ehrung_2024_154236_800x450.jpg?fit=800%2C450&ssl=1&resize=525%2C300 1.5x, https:\/\/i0.wp.com\/www.freidenker.org\/fw17\/wp-content\/uploads\/2024\/01\/Sievers-Ehrung_2024_154236_800x450.jpg?fit=800%2C450&ssl=1&resize=700%2C400 2x"},"classes":[]},{"id":11259,"url":"https:\/\/www.freidenker.org\/?p=11259","url_meta":{"origin":513,"position":3},"title":"FREIDENKER 3-21 \u2013 Die Macht im Staat","author":"Webredaktion","date":"28. September 2021","format":false,"excerpt":"Die Ausgabe 3-21 des Verbandsorgans FREIDENKER hat das Schwerpunkt-Thema \u201eDie Macht im Staat\u201c und enth\u00e4lt u.a. folgende Beitr\u00e4ge: - Klaus Linder: Umstrittene Begriffe im Kampf f\u00fcr demokratische und soziale Rechte - Hans Bauer: Demokratieerfahrungen der \u201eDiktatur-Sozialisierten\u201c - Werner R\u00fcgemer: Unter deutscher F\u00fchrung organisert die EU das ArbeitsUnrecht \u2013 \u201eCorona\u201c-versch\u00e4rft -\u2026","rel":"","context":"In &quot;Verbandsorgan FREIDENKER&quot;","block_context":{"text":"Verbandsorgan FREIDENKER","link":"https:\/\/www.freidenker.org\/?cat=8"},"img":{"alt_text":"","src":"https:\/\/i0.wp.com\/www.freidenker.org\/fw17\/wp-content\/uploads\/2021\/09\/FD_2021-03_Titel_mR.jpg?fit=800%2C445&ssl=1&resize=350%2C200","width":350,"height":200,"srcset":"https:\/\/i0.wp.com\/www.freidenker.org\/fw17\/wp-content\/uploads\/2021\/09\/FD_2021-03_Titel_mR.jpg?fit=800%2C445&ssl=1&resize=350%2C200 1x, https:\/\/i0.wp.com\/www.freidenker.org\/fw17\/wp-content\/uploads\/2021\/09\/FD_2021-03_Titel_mR.jpg?fit=800%2C445&ssl=1&resize=525%2C300 1.5x, https:\/\/i0.wp.com\/www.freidenker.org\/fw17\/wp-content\/uploads\/2021\/09\/FD_2021-03_Titel_mR.jpg?fit=800%2C445&ssl=1&resize=700%2C400 2x"},"classes":[]},{"id":3218,"url":"https:\/\/www.freidenker.org\/?p=3218","url_meta":{"origin":513,"position":4},"title":"&#8222;Semit&#8220; &#8211; Nicht mehr so allein","author":"Webredaktion","date":"19. Januar 2010","format":false,"excerpt":"Beitrag von Dr. Seltsam aus: jW vom 16.01.2010 Juden, die die Politik der israelischen Regierung gegen\u00fcber den Pal\u00e4stinensern als reaktion\u00e4r kritisieren, werden verst\u00e4rkt von den Antideutschen als \u00bbKronzeugenjuden\u00ab beschimpft, die mit \u00bbj\u00fcdischem Selbstha\u00df\u00ab beladen seien. Es gibt aber immer mehr davon, nur fehlte ihnen bislang hierzulande eine Stimme. \"Semit\" hei\u00dft\u2026","rel":"","context":"In &quot;Demokratie \u2013 Medien \u2013 Aufkl\u00e4rung&quot;","block_context":{"text":"Demokratie \u2013 Medien \u2013 Aufkl\u00e4rung","link":"https:\/\/www.freidenker.org\/?cat=12"},"img":{"alt_text":"","src":"https:\/\/i0.wp.com\/www.freidenker.org\/fw17\/wp-content\/uploads\/2010\/01\/Der_Semit_Coll.jpg?fit=800%2C445&ssl=1&resize=350%2C200","width":350,"height":200,"srcset":"https:\/\/i0.wp.com\/www.freidenker.org\/fw17\/wp-content\/uploads\/2010\/01\/Der_Semit_Coll.jpg?fit=800%2C445&ssl=1&resize=350%2C200 1x, https:\/\/i0.wp.com\/www.freidenker.org\/fw17\/wp-content\/uploads\/2010\/01\/Der_Semit_Coll.jpg?fit=800%2C445&ssl=1&resize=525%2C300 1.5x, https:\/\/i0.wp.com\/www.freidenker.org\/fw17\/wp-content\/uploads\/2010\/01\/Der_Semit_Coll.jpg?fit=800%2C445&ssl=1&resize=700%2C400 2x"},"classes":[]},{"id":15624,"url":"https:\/\/www.freidenker.org\/?p=15624","url_meta":{"origin":513,"position":5},"title":"FREIDENKER Nr. 1-23 \u2013 Verfemte K\u00fcnstler","author":"Webredaktion","date":"28. M\u00e4rz 2023","format":false,"excerpt":"Die Ausgabe 1-23 des Verbandsorgans FREIDENKER hat das Schwerpunkt-Thema \u201eVerfemte K\u00fcnstler\u201c und enth\u00e4lt u.a. folgende Beitr\u00e4ge: - Diether Dehm: Degenhardt, S\u00fcverkr\u00fcp und die Innenarchitektur des Imperialismus - Franziska Schneider: Garantiert kein Fernsehkabarett - Dreimal Dietrich Kittner (Rotk\u00e4ppchen und Currywurst, Vater geht betteln, Skandal im Friedenslager) - Klaus von Raussendorff: \u201eDie\u2026","rel":"","context":"In &quot;Kultur &amp; Kunst&quot;","block_context":{"text":"Kultur &amp; Kunst","link":"https:\/\/www.freidenker.org\/?cat=913"},"img":{"alt_text":"","src":"https:\/\/i0.wp.com\/www.freidenker.org\/fw17\/wp-content\/uploads\/2023\/03\/FD_2023-01_Titel_mR.jpg?fit=800%2C445&ssl=1&resize=350%2C200","width":350,"height":200,"srcset":"https:\/\/i0.wp.com\/www.freidenker.org\/fw17\/wp-content\/uploads\/2023\/03\/FD_2023-01_Titel_mR.jpg?fit=800%2C445&ssl=1&resize=350%2C200 1x, https:\/\/i0.wp.com\/www.freidenker.org\/fw17\/wp-content\/uploads\/2023\/03\/FD_2023-01_Titel_mR.jpg?fit=800%2C445&ssl=1&resize=525%2C300 1.5x, https:\/\/i0.wp.com\/www.freidenker.org\/fw17\/wp-content\/uploads\/2023\/03\/FD_2023-01_Titel_mR.jpg?fit=800%2C445&ssl=1&resize=700%2C400 2x"},"classes":[]}],"_links":{"self":[{"href":"https:\/\/www.freidenker.org\/index.php?rest_route=\/wp\/v2\/posts\/513","targetHints":{"allow":["GET"]}}],"collection":[{"href":"https:\/\/www.freidenker.org\/index.php?rest_route=\/wp\/v2\/posts"}],"about":[{"href":"https:\/\/www.freidenker.org\/index.php?rest_route=\/wp\/v2\/types\/post"}],"author":[{"embeddable":true,"href":"https:\/\/www.freidenker.org\/index.php?rest_route=\/wp\/v2\/users\/2"}],"replies":[{"embeddable":true,"href":"https:\/\/www.freidenker.org\/index.php?rest_route=%2Fwp%2Fv2%2Fcomments&post=513"}],"version-history":[{"count":0,"href":"https:\/\/www.freidenker.org\/index.php?rest_route=\/wp\/v2\/posts\/513\/revisions"}],"wp:featuredmedia":[{"embeddable":true,"href":"https:\/\/www.freidenker.org\/index.php?rest_route=\/wp\/v2\/media\/2530"}],"wp:attachment":[{"href":"https:\/\/www.freidenker.org\/index.php?rest_route=%2Fwp%2Fv2%2Fmedia&parent=513"}],"wp:term":[{"taxonomy":"category","embeddable":true,"href":"https:\/\/www.freidenker.org\/index.php?rest_route=%2Fwp%2Fv2%2Fcategories&post=513"},{"taxonomy":"post_tag","embeddable":true,"href":"https:\/\/www.freidenker.org\/index.php?rest_route=%2Fwp%2Fv2%2Ftags&post=513"}],"curies":[{"name":"wp","href":"https:\/\/api.w.org\/{rel}","templated":true}]}}