{"id":5128,"date":"2017-11-15T23:12:25","date_gmt":"2017-11-15T22:12:25","guid":{"rendered":"http:\/\/www.freidenker.org\/?p=5128"},"modified":"2018-06-02T00:27:18","modified_gmt":"2018-06-01T22:27:18","slug":"rufmord","status":"publish","type":"post","link":"https:\/\/www.freidenker.org\/?p=5128","title":{"rendered":"Rufmord"},"content":{"rendered":"<h6>Selbsternannte H\u00fcter der Friedensbewegung vergreifen sich mit ungeheuerlichen Anschuldigungen an den Friedensaktivisten Ganser und Jebsen.<\/h6>\n<p><em>von <strong>Helene und Ansgar Klein<\/strong><\/em><\/p>\n<p><span style=\"font-size: 12pt;\">In dem Internetauftritt der Kampagne \u201eKrieg beginnt hier\u201c erschien nach der \u201eStopp Ramstein-Aktion 2017\u201c der Artikel: \u201eKampagne \u201aStopp Airbase Ramstein 2017\u2019: Licht und Schatten\u201c (1). Dieser Artikel ist in unseren Augen ein derma\u00dfen massiver Angriff auf eine wichtige Kampagne der Friedensbewegung und auf deren Organisatoren und Mitwirkende, dass es uns notwendig erscheint, der \u00d6ffentlichkeit die darin angewandten Diffamierungs-Praktiken deutlich zu machen.<\/span><\/p>\n<p><strong>Die Autoren dieses Artikels stellen sich dort wie folgt vor:<\/strong><\/p>\n<p style=\"padding-left: 30px;\"><em>\u201eKlaus-Dieter Heiser (DIE LINKE.Neuk\u00f6lln und Friedensbewegung Berlin), L\u00fchr Henken (Bundesausschuss Friedensratschlag), Uwe Hiksch (NaturFreunde Deutschlands), Stephan Lindner (Attac), Markus Pfl\u00fcger (AG Frieden Trier, DFG-VK Trier), Tobias Pfl\u00fcger (IMI, DIE LINKE)\u201c.<\/em><\/p>\n<p>Zun\u00e4chst geben sie sich sehr \u201efriedensbewegt\u201c. \u201eWir haben diesen Text verfasst, weil wir eine starke Friedensbewegung wollen\u201c und als redliche Anw\u00e4lte \u201eeiner glaubhaften und erfolgreichen Friedensbewegung [zu der] auch ein eindeutiger antifaschistischer Grundkonsens geh\u00f6rt\u201c, und unterstellen implizit, dass die Stopp Ramstein-Kampagne nicht \u201eantifaschistisch\u201c sei. Abgesehen davon, dass mittlerweile mit dem Begriff \u201eantifaschistisch\u201c zuweilen <a href=\"https:\/\/www.rubikon.news\/artikel\/antifa-in-theorie-und-praxis\" target=\"_blank\" rel=\"noopener\">Schindluder<\/a> getrieben wird, merkt man hier schon, wie unterschwellig angegriffen wird.<\/p>\n<p>Der n\u00e4chste Angriff:<\/p>\n<p style=\"padding-left: 30px;\"><em>\u201eAuch in diesem Jahr fiel uns leider wieder auf, dass die Kampagne von Teilen der im Jahr 2014 entstandenen Mahnwachen-Bewegung [\u2026] zusammen getragen wurde.\u201c<\/em><\/p>\n<p>Schon die Nennung \u201eMahnwachen-Bewegung\u201c scheint f\u00fcr die Autoren eine ausreichende Diskreditierung zu sein. Aus leidvoller Erfahrung wissen wir, dass die nicht nur in unseren Augen sehr verdienstvolle \u201eMahnwachen-Bewegung\u201c von Anfang an aus \u201egewissen Kreisen\u201c heraus diffamiert wurde, und zwar mit den seither zu Standardstempeln gewordenen Begriffen: \u201everschw\u00f6rungstheoretisch\u201c, \u201eantisemitisch\u201c, \u201erechtsoffen\u201c, \u201erechts\u201c oder gar \u201erechtsradikal\u201c.<\/p>\n<p>Warum wurde und wird die \u201eMahnwachen-Bewegung\u201c diffamiert? Diese Bewegung griff ab M\u00e4rz 2014 die einseitige und tendenzi\u00f6se Mainstream-Berichterstattung \u00fcber die Vorg\u00e4nge in der Ukraine an, was offensichtlich der westlichen \u201eWertegemeinschaft\u201c, sprich: der US-gef\u00fchrten NATO, nicht gefiel. Von Anfang an war auch die private FED, die sogenannte US-Zentralbank, im Visier der Bewegung, womit die gef\u00e4hrliche Macht der gesamten herrschenden Finanz-Oligarchie plakativ gemeint war, was dieser ebenfalls nicht gefiel.<\/p>\n<p>Geradezu grotesk und gleichzeitig den geistigen Standort der Verfasser erhellend wirkt folgende Passage:<\/p>\n<p style=\"padding-left: 30px;\"><em>\u201eWir stellen aber auch fest, dass (unsere) Kritik in Teilen wirkt und die Sensibilit\u00e4t f\u00fcr die mit einer solchen B\u00fcndniskonstellation verbundenen Probleme insgesamt w\u00e4chst.\u201c<\/em><\/p>\n<p>Es folgt die \u00dcberschrift: \u201eDas Licht: \u201aDie Bandbreite\u2019 nicht mehr Teil des Kulturprogramms\u201c und weiter:<\/p>\n<p style=\"padding-left: 30px;\"><em>\u201eAls gr\u00f6\u00dften Fortschritt werten wir, dass der bekanntesten Band der sogenannten Wahrheitsbewegung, \u201aDie Bandbreite\u2019, dieses Jahr ein offizieller Auftritt im Rahmen des Kulturprogramms der Kampagne verwehrt wurde.\u201c<\/em><\/p>\n<p>Wie weit \u201everwehrt wurde\u201c und ob die \u201eKritik\u201c der Verfasser eine Rolle gespielt hat, wissen wir nicht; h\u00f6chst aufschlussreich ist die Charakterisierung der \u201aBandbreite\u2018 als \u201ebekannteste[n] Band der sogenannten Wahrheitsbewegung\u201c, was von den Verfassern diskreditierend gemeint ist, wie aus folgender Passage des \u201eTextes\u201c eindeutig hervorgeht:<\/p>\n<p style=\"padding-left: 30px;\"><em>\u201eHinter den meisten der sogenannten \u201aMahnwachen f\u00fcr den Frieden\u2019, beziehungsweise was davon noch \u00fcbrig ist, steht \u2013 von Ausnahmen abgesehen \u2013 auch die sogenannte \u201aWahrheits-Bewegung\u2019, auch englisch Truther genannt beziehungsweise Gruppen und Menschen, die keine Probleme mit deren Positionen haben. Wir halten diese Bewegung f\u00fcr eine zutiefst reaktion\u00e4re Bewegung, die mit immer wieder neuen Verschw\u00f6rungstheorien beziehungsweise -ideologien gesellschaftszersetzend wirkt\u2026\u201c<\/em><\/p>\n<p>Schon in den ersten Pamphleten gegen die \u201eMahnwachen-Bewegung\u201c wurde die Teilnahme von \u201eTruthern\u201c negativ konnotiert.<\/p>\n<h6>Ungeheuerliche Diffamierung<\/h6>\n<p>An dieser Verklammerung des von \u201egewissen Kreisen\u201c als Schimpfwort gemeinten Begriffs \u201eTruther\u201c mit der \u201eMahnwachen-Bewegung\u201c wird zweierlei deutlich: Wer die \u201eWahrheits-Bewegung\u201c verurteilt, die in den USA zur Erforschung der Wahrheit \u00fcber \u201e9\/11\u201c entstanden ist, outet sich als Verfechter des offiziellen Narrativs \u00fcber die 9\/11-Attentate und damit einerseits als unf\u00e4hig oder unwillig, dieses Narrativ als unglaubw\u00fcrdig zu entlarven, und andererseits implizit als jemand, der die US-gef\u00fchrten Angriffskriege billigt, die offiziell als Reaktion auf \u201e9\/11 als \u201aKrieg gegen den Terror\u201c ausgegeben wurden.<\/p>\n<p>Uns ist bewusst, dass wir hier eine Verbindung herstellen, die auf den ersten Blick unzutreffend scheint. Doch leider ist diese Verbindung nicht von der Hand zu weisen, was an weiteren Verleumdungen deutlich wird, die die Verfasser dieses \u201eTextes\u201c aussprechen:<\/p>\n<p style=\"padding-left: 30px;\"><em>\u201eIm Programm der diesj\u00e4hrigen Kampagne schlug sich die problematische B\u00fcndniskonstellation zwischen Friedensbewegung und Teilen dieser [Wahrheits-]Bewegung vor allem nieder in der Einladung von Dr. Daniele Ganser als einem der Hauptredner der gro\u00dfen Abendveranstaltung am 8.9.2017 in der Vers\u00f6hnungskirche in Kaiserslautern, zahlreicher mit der sogenannten Wahrheitsbewegung verbundener Rapper\/innen im Kulturprogramm und im Auftritt von Ken Jebsen als Redner auf einer der beiden Auftaktkundgebungen zur Menschenkette in Ramstein.\u201c<\/em><\/p>\n<p>Wer den Schweizer Historiker und Friedensforscher Dr. Daniele Ganser und den Publizisten und Friedensaktivisten Ken Jebsen zu diffamieren sucht, ist deutlich auf der Seite zu verorten, die mit allen Mitteln versucht, die Kritiker der US-gef\u00fchrten Angriffskriege und der brandgef\u00e4hrlichen Konfrontationspolitik Deutschlands, der EU und der NATO gegen\u00fcber Russland mundtot zu machen. Die B\u00fccher \u00fcber die NATO-Geheimarmeen in Europa (2) und die illegalen Kriege der NATO (3) von Daniele Ganser, die wie seine zahlreichen Vortr\u00e4ge an wissenschaftlicher Genauigkeit nichts zu w\u00fcnschen \u00fcbrig lassen, und die schonungslosen faktenbasierten Beitr\u00e4ge, die Ken Jebsen mit seinem TV-Kanal \u201eKenFM\u201c (4) produziert, sind \u201egewissen Kreisen\u201c offensichtlich ein Dorn im Auge.<\/p>\n<p>Wie in diesen \u201eKreisen\u201c \u00fcblich, d\u00fcrfen nat\u00fcrlich auch die Diffamierungsattribute \u201everschw\u00f6rungstheoretisch\u201c und \u201erechts\u201c im \u201eText\u201c nicht fehlen:<\/p>\n<p style=\"padding-left: 30px;\"><em>\u201eDass Dr. Daniele Ganser hier immer wieder entsprechend agiert, zeigt auch sein Auftritt bei dem unter dem Motto \u201aGeopolitik \u2013 Warum die Welt keinen Frieden findet!\u2019 vom als verschw\u00f6rungstheoretisch und rechtsgerichtet bekannten Kopp-Verlages veranstalteten Kongress.\u201c<\/em><\/p>\n<p>Hier wieder die Praktik der \u201eVerklammerung\u201c: Zun\u00e4chst wird der Kopp-Verlag \u201everschw\u00f6rungstheoretisch und rechtsgerichtet\u201c genannt, und dann werden diese Attribute mit der zu diffamierenden Person verkn\u00fcpft.<\/p>\n<p>\u00c4hnlich wird gegen Ken Jebsen vorgegangen:<\/p>\n<p style=\"padding-left: 30px;\"><em>\u201eAuch die spezielle Form seiner Aufrufe zum Nichtw\u00e4hlen und seine rigorose Haltung zu Massenmedien zielen auf eine gesellschaftszersetzende Politik, wie sie in der Truther-Szene verbreitet ist.\u201c<\/em><\/p>\n<p>Hier wieder das Attribut \u201egesellschaftszersetzend\u201c!<\/p>\n<p>Wenn Mitwirkende der Kampagne \u201eStopp Ramstein\u201c, insbesondere Daniele Ganser und Ken Jebsen, wie in dem hier kritisierten \u201eText\u201c, derartig diffamiert werden und gar mit dem Attribut \u201egesellschaftszersetzend\u201c belegt werden, ist das unseres Erachtens Rufmord.<\/p>\n<pre><span style=\"font-size: 12pt;\"><strong>Redaktioneller Hinweis <\/strong>[von <a href=\"https:\/\/www.rubikon.news\/artikel\/rufmord\" target=\"_blank\" rel=\"noopener\">rubikon.news<\/a>]<strong>:<\/strong> Liebe Leserin und Leser! Dieser Artikel war gerade zwei Tage nicht mehr im Netz. In dieser Zeit gingen wir dem Hinweis eines Lesers nach, dass in der urspr\u00fcnglichen Textfassung eine historisch nicht haltbare Einsch\u00e4tzung des \u201eManifests zur Brechung der Zinsknechtschaft\u201c von Gottfried Feder enthalten sei. In Folge dieser Kritik haben wir Feders Text im Original gelesen und mussten dabei feststellen, dass die Kritik unseres Lesers berechtigt war.<\/span>\r\n<span style=\"font-size: 12pt;\">  Die Autoren des Artikels haben das ihrerseits ebenso gesehen und sich deshalb einverstanden erkl\u00e4rt, den Artikel \u201eRufmord!\u201c in einer um die problematische Passage gek\u00fcrzten Fassung erneut zu ver\u00f6ffentlichen.<\/span>\r\n<span style=\"font-size: 12pt;\">  Mit der dahinterstehenden Thematik werden wir uns zeitnah noch einmal gesondert besch\u00e4ftigen. Weil wir aber auf ein offenes und transparentes Verh\u00e4ltnis zu unserer Leserschaft gro\u00dfen Wert legen, erkl\u00e4ren wir freim\u00fctig und unmittelbar: Uns ist hier ein Fehler unterlaufen. Diesen haben wir korrigiert. Vielen Dank. Die Redaktion.<\/span><\/pre>\n<p><strong>Quellen und Anmerkungen:<\/strong><\/p>\n<p>(1) <a href=\"http:\/\/www.krieg-beginnt-hier.de\/index.php\/aktuelles\/106-kritik-kampagne-stopp-ramstein-2017.html\" target=\"_blank\" rel=\"noopener\">http:\/\/www.krieg-beginnt-hier.de\/index.php\/aktuelles\/106-kritik-kampagne-stopp-ramstein-2017.html<\/a><br \/>\n(2) Daniele Ganser: \u201eNATO-Geheimarmeen in Europa \u2013 Inszenierter Terror und verdeckte Kriegsf\u00fchrung\u201c, 2008, Orell F\u00fcssli Verlag AG, Z\u00fcrich<br \/>\n(3) Daniele Ganser: \u201eIllegale Kriege \u2013 Wie die NATO-L\u00e4nder die UNO sabotieren \u2013 Eine Chronik von Kuba bis Syrien\u201c, 2016 Orell F\u00fcssli Verlag AG, Z\u00fcrich<br \/>\n(4) <a href=\"https:\/\/kenfm.de\/\" target=\"_blank\" rel=\"noopener\">https:\/\/kenfm.de\/<\/a><\/p>\n<p style=\"text-align: right;\"><em>Helene und Ansgar Klein, jeweils Jahrgang 1937, sind ehemalige Oberstudienr\u00e4te, engagierten sich 10 Jahre in der SPD, 30 Jahre bei den Gr\u00fcnen und sind seit 2013 parteilos.<br \/>\nSeit 35 Jahren leisten sie Friedensarbeit und sind seit fast 55 Jahren verheiratet.<br \/>\nBeide sind Mitglied des Deutschen Freidenker-Verbandes<\/em><\/p>\n<p><em>Quelle der Erstver\u00f6ffentlichung: <a href=\"https:\/\/www.rubikon.news\/artikel\/rufmord\" target=\"_blank\" rel=\"noopener\">https:\/\/www.rubikon.news\/artikel\/rufmord<\/a>, ver\u00f6ffentlicht am 15.11.2017<\/em><\/p>\n<p>Dieses Werk ist unter einer <strong>Creative Commons-Lizenz<\/strong> (<a href=\"https:\/\/creativecommons.org\/licenses\/by-nc-nd\/4.0\/deed.de\" target=\"_blank\" rel=\"license noopener\">Namensnennung &#8211; Nicht kommerziell &#8211; Keine Bearbeitungen 4.0 International<\/a>) lizenziert. [<span class=\"cc-license-identifier\"><a href=\"https:\/\/creativecommons.org\/licenses\/by-nc-nd\/4.0\/deed.de\" target=\"_blank\" rel=\"noopener\">CC BY-NC-ND 4.0<\/a>]<\/span><\/p>\n<hr \/>\n<p><img data-recalc-dims=\"1\" loading=\"lazy\" decoding=\"async\" data-attachment-id=\"1076\" data-permalink=\"https:\/\/www.freidenker.org\/?attachment_id=1076\" data-orig-file=\"https:\/\/i0.wp.com\/www.freidenker.org\/fw17\/wp-content\/uploads\/2017\/10\/pdf_icon-2.png?fit=32%2C32&amp;ssl=1\" data-orig-size=\"32,32\" data-comments-opened=\"0\" data-image-meta=\"{&quot;aperture&quot;:&quot;0&quot;,&quot;credit&quot;:&quot;&quot;,&quot;camera&quot;:&quot;&quot;,&quot;caption&quot;:&quot;&quot;,&quot;created_timestamp&quot;:&quot;0&quot;,&quot;copyright&quot;:&quot;&quot;,&quot;focal_length&quot;:&quot;0&quot;,&quot;iso&quot;:&quot;0&quot;,&quot;shutter_speed&quot;:&quot;0&quot;,&quot;title&quot;:&quot;&quot;,&quot;orientation&quot;:&quot;0&quot;}\" data-image-title=\"pdf_icon\" data-image-description=\"\" data-image-caption=\"\" data-large-file=\"https:\/\/i0.wp.com\/www.freidenker.org\/fw17\/wp-content\/uploads\/2017\/10\/pdf_icon-2.png?fit=32%2C32&amp;ssl=1\" class=\"alignnone size-full wp-image-1076\" src=\"https:\/\/i0.wp.com\/www.freidenker.org\/fw17\/wp-content\/uploads\/2017\/10\/pdf_icon-2.png?resize=32%2C32&#038;ssl=1\" alt=\"\" width=\"32\" height=\"32\" \/> Diesen Beitrag als <a href=\"https:\/\/www.freidenker.org\/fw17\/wp-content\/uploads\/2018\/05\/rufmord.pdf\" target=\"_blank\" rel=\"noopener\">PDF-Dokument<\/a> ansehen oder herunterladen (ca. 347 KB) [Original-PDF von rubikon.info].<\/p>\n<hr \/>\n<p>Foto: Der Schweizer Historiker und Friedensforscher Dr. Daniele Ganser<br \/>\nFotograf: Christoph Hardt \/ Quelle: <a href=\"https:\/\/www.rubikon.news\/artikel\/rufmord\" target=\"_blank\" rel=\"noopener\">rubikon.news<\/a><\/p>\n","protected":false},"excerpt":{"rendered":"<p><strong>Beitrag von Helene und Ansgar Klein<\/strong><br \/>\nIn dem Internetauftritt der Kampagne \u201eKrieg beginnt hier\u201c erschien nach der \u201eStopp Ramstein-Aktion 2017\u201c der Artikel: \u201eKampagne \u201aStopp Airbase Ramstein 2017\u2019: Licht und Schatten\u201c. Dieser Artikel ist in unseren Augen ein derma\u00dfen massiver Angriff auf eine wichtige Kampagne der Friedensbewegung und auf deren Organisatoren und Mitwirkende, dass es uns notwendig erscheint, der \u00d6ffentlichkeit die darin angewandten Diffamierungs-Praktiken deutlich zu machen.<\/p>\n","protected":false},"author":3,"featured_media":5134,"comment_status":"closed","ping_status":"closed","sticky":false,"template":"","format":"standard","meta":{"colormag_page_container_layout":"default_layout","colormag_page_sidebar_layout":"default_layout","advanced_seo_description":"","jetpack_seo_html_title":"","jetpack_seo_noindex":false,"jetpack_post_was_ever_published":false,"footnotes":""},"categories":[937],"tags":[1047,787,60,594,64,686,717],"class_list":["post-5128","post","type-post","status-publish","format-standard","has-post-thumbnail","hentry","category-zeit-der-verleumder-freidenker-fuer-klartext","tag-daniele-ganser","tag-die-bandbreite","tag-kampagne-stopp-ramstein","tag-ken-jebsen","tag-kenfm","tag-mahnwachen","tag-wahrheit"],"jetpack_featured_media_url":"https:\/\/i0.wp.com\/www.freidenker.org\/fw17\/wp-content\/uploads\/2017\/11\/Ganser_800x445.jpg?fit=800%2C445&ssl=1","jetpack_shortlink":"https:\/\/wp.me\/s9stpK-rufmord","jetpack-related-posts":[{"id":2988,"url":"https:\/\/www.freidenker.org\/?p=2988","url_meta":{"origin":5128,"position":0},"title":"Freidenker-Brief 6-2015: Deutschland raus aus der NATO &#8211; NATO raus aus Deutschland","author":"Webredaktion","date":"27. August 2015","format":false,"excerpt":"W\u00e4hrend manche \"Institutionen\" der Friedensbewegung fortgesetzt die Diskussion \u201eWie weiter mit der Friedensbewegung?\u201c f\u00fchren, gibt es erfreulicherweise auch Friedenskr\u00e4fte, die angesichts der gef\u00e4hrlichen internationalen Entwicklung aktiv werden, die auf Aktionen und auf Klarheit dr\u00e4ngen: Einerseits die im \"AK Frieden \/ Internationales\" des Deutschen Freidenker-Verbandes erarbeitete programmatische Erkl\u00e4rung zu Fragen von\u2026","rel":"","context":"In &quot;Freidenker-Brief&quot;","block_context":{"text":"Freidenker-Brief","link":"https:\/\/www.freidenker.org\/?cat=341"},"img":{"alt_text":"","src":"https:\/\/i0.wp.com\/www.freidenker.org\/fw17\/wp-content\/uploads\/2015\/08\/Global_Hawk_800x445_mLogo.jpg?fit=800%2C445&ssl=1&resize=350%2C200","width":350,"height":200,"srcset":"https:\/\/i0.wp.com\/www.freidenker.org\/fw17\/wp-content\/uploads\/2015\/08\/Global_Hawk_800x445_mLogo.jpg?fit=800%2C445&ssl=1&resize=350%2C200 1x, https:\/\/i0.wp.com\/www.freidenker.org\/fw17\/wp-content\/uploads\/2015\/08\/Global_Hawk_800x445_mLogo.jpg?fit=800%2C445&ssl=1&resize=525%2C300 1.5x, https:\/\/i0.wp.com\/www.freidenker.org\/fw17\/wp-content\/uploads\/2015\/08\/Global_Hawk_800x445_mLogo.jpg?fit=800%2C445&ssl=1&resize=700%2C400 2x"},"classes":[]},{"id":275,"url":"https:\/\/www.freidenker.org\/?p=275","url_meta":{"origin":5128,"position":1},"title":"Freidenker-Brief 2-2016: Kampagne Stopp Ramstein \u2013 Aktionswochenende im Juni","author":"Webmaster","date":"3. Juni 2016","format":false,"excerpt":"Der Deutsche Freidenker-Verband appelliert an seine Mitglieder und Sympathisanten, die Kampagne \u201eStopp Ramstein\u201c zu unterst\u00fctzen und an dem Aktionswochenende in Kaiserslautern\/Ramstein, 10. \u2013 12. Juni 2016, teilzunehmen. \u201eDie US-Airbase in Ramstein repr\u00e4sentiert fast alle Friedensbedrohungen, denen wir heute ausgesetzt sind.\u201c So Klaus Hartmann, der Vorsitzende des Deutschen Freidenker-Verbands in einem\u2026","rel":"","context":"In &quot;Freidenker-Brief&quot;","block_context":{"text":"Freidenker-Brief","link":"https:\/\/www.freidenker.org\/?cat=341"},"img":{"alt_text":"","src":"https:\/\/i0.wp.com\/www.freidenker.org\/fw17\/wp-content\/uploads\/2016\/07\/Megaphone.jpg?fit=800%2C445&ssl=1&resize=350%2C200","width":350,"height":200,"srcset":"https:\/\/i0.wp.com\/www.freidenker.org\/fw17\/wp-content\/uploads\/2016\/07\/Megaphone.jpg?fit=800%2C445&ssl=1&resize=350%2C200 1x, https:\/\/i0.wp.com\/www.freidenker.org\/fw17\/wp-content\/uploads\/2016\/07\/Megaphone.jpg?fit=800%2C445&ssl=1&resize=525%2C300 1.5x, https:\/\/i0.wp.com\/www.freidenker.org\/fw17\/wp-content\/uploads\/2016\/07\/Megaphone.jpg?fit=800%2C445&ssl=1&resize=700%2C400 2x"},"classes":[]},{"id":4491,"url":"https:\/\/www.freidenker.org\/?p=4491","url_meta":{"origin":5128,"position":2},"title":"Aktionswoche Stopp Air Base Ramstein 2017","author":"Webredaktion","date":"12. September 2017","format":false,"excerpt":"Kurzbericht von der Aktionswoche an der Ramstein Air Base vom 3. bis zum 10.09.2017 Die diesj\u00e4hrigen Aktionen gegen die Air Base Ramstein wurden von den Veranstaltern als gro\u00dfer Erfolg gewertet: Sie waren eine der gro\u00dfen Aktionen der Friedensbewegung, als Einzelaktion 2017 mit Abstand die gr\u00f6\u00dfte Friedensaktion in Deutschland. Die Gr\u00fcndung\u2026","rel":"","context":"In &quot;Frieden - Antifaschismus - Solidarit\u00e4t&quot;","block_context":{"text":"Frieden - Antifaschismus - Solidarit\u00e4t","link":"https:\/\/www.freidenker.org\/?cat=13"},"img":{"alt_text":"","src":"https:\/\/i0.wp.com\/www.freidenker.org\/fw17\/wp-content\/uploads\/2018\/02\/Ramstein-2017.jpg?fit=800%2C445&ssl=1&resize=350%2C200","width":350,"height":200,"srcset":"https:\/\/i0.wp.com\/www.freidenker.org\/fw17\/wp-content\/uploads\/2018\/02\/Ramstein-2017.jpg?fit=800%2C445&ssl=1&resize=350%2C200 1x, https:\/\/i0.wp.com\/www.freidenker.org\/fw17\/wp-content\/uploads\/2018\/02\/Ramstein-2017.jpg?fit=800%2C445&ssl=1&resize=525%2C300 1.5x, https:\/\/i0.wp.com\/www.freidenker.org\/fw17\/wp-content\/uploads\/2018\/02\/Ramstein-2017.jpg?fit=800%2C445&ssl=1&resize=700%2C400 2x"},"classes":[]},{"id":6514,"url":"https:\/\/www.freidenker.org\/?p=6514","url_meta":{"origin":5128,"position":3},"title":"Die U.S. Milit\u00e4rbasis in Ramstein &#038; die anstehende Demonstration dagegen","author":"Webredaktion","date":"20. Juni 2019","format":false,"excerpt":"Video-Interview mit Reiner Braun Vom 23.06. bis 30.06.2019 findet die diesj\u00e4hrige Aktionswoche \"Stopp Air Base Ramstein\" statt. In einem Video nimmt Reiner Braun Stellung zur Bedeutung der Kriegsdrehscheibe Ramstein und den notwendigen Protest dagegen.","rel":"","context":"In &quot;Frieden - Antifaschismus - Solidarit\u00e4t&quot;","block_context":{"text":"Frieden - Antifaschismus - Solidarit\u00e4t","link":"https:\/\/www.freidenker.org\/?cat=13"},"img":{"alt_text":"","src":"https:\/\/i0.wp.com\/www.freidenker.org\/fw17\/wp-content\/uploads\/2019\/06\/ramstein_27-2018-06-30-_800x445.jpg?fit=800%2C445&ssl=1&resize=350%2C200","width":350,"height":200,"srcset":"https:\/\/i0.wp.com\/www.freidenker.org\/fw17\/wp-content\/uploads\/2019\/06\/ramstein_27-2018-06-30-_800x445.jpg?fit=800%2C445&ssl=1&resize=350%2C200 1x, https:\/\/i0.wp.com\/www.freidenker.org\/fw17\/wp-content\/uploads\/2019\/06\/ramstein_27-2018-06-30-_800x445.jpg?fit=800%2C445&ssl=1&resize=525%2C300 1.5x, https:\/\/i0.wp.com\/www.freidenker.org\/fw17\/wp-content\/uploads\/2019\/06\/ramstein_27-2018-06-30-_800x445.jpg?fit=800%2C445&ssl=1&resize=700%2C400 2x"},"classes":[]},{"id":252,"url":"https:\/\/www.freidenker.org\/?p=252","url_meta":{"origin":5128,"position":4},"title":"Kein Drohnenkrieg \u2013 Stopp Ramstein","author":"Webmaster","date":"21. Mai 2016","format":false,"excerpt":"Appell der Planungskonferenz \u201eStopp Ramstein\u201c Kommt und macht mit bei der Menschenkette am 11. Juno 2016! Ramstein steht f\u00fcr die Politik von Interventionen und Krieg, von \u00dcberwachung und Militarismus. Von Ramstein gehen durch die weltweiten Drohneneins\u00e4tze tagt\u00e4glich Tod, Leid, Terror und Verderben aus. Drohnenkrieg ist Serienmord. Als erstes muss die\u2026","rel":"","context":"In &quot;Frieden - Antifaschismus - Solidarit\u00e4t&quot;","block_context":{"text":"Frieden - Antifaschismus - Solidarit\u00e4t","link":"https:\/\/www.freidenker.org\/?cat=13"},"img":{"alt_text":"","src":"https:\/\/i0.wp.com\/www.freidenker.org\/fw17\/wp-content\/uploads\/2016\/07\/Stop_Hand.jpg?fit=800%2C445&ssl=1&resize=350%2C200","width":350,"height":200,"srcset":"https:\/\/i0.wp.com\/www.freidenker.org\/fw17\/wp-content\/uploads\/2016\/07\/Stop_Hand.jpg?fit=800%2C445&ssl=1&resize=350%2C200 1x, https:\/\/i0.wp.com\/www.freidenker.org\/fw17\/wp-content\/uploads\/2016\/07\/Stop_Hand.jpg?fit=800%2C445&ssl=1&resize=525%2C300 1.5x, https:\/\/i0.wp.com\/www.freidenker.org\/fw17\/wp-content\/uploads\/2016\/07\/Stop_Hand.jpg?fit=800%2C445&ssl=1&resize=700%2C400 2x"},"classes":[]},{"id":8107,"url":"https:\/\/www.freidenker.org\/?p=8107","url_meta":{"origin":5128,"position":5},"title":"Air Base Ramstein: Drohnenmorde stoppen","author":"Webredaktion","date":"17. Mai 2020","format":false,"excerpt":"Beitrag der Webredaktion Nach der Ermordung des iranischen Generals Ghassem Soleimani durch eine US-Drohne hatten im Februar 2020 acht Bundestagsabgeordnete der Partei Die Linke Strafanzeige gegen Kanzlerin Angela Merkel und weitere Mitglieder der Bundesregierung beim Generalbundesanwalt gestellt: Wegen Beihilfe zum Mord durch Unterlassen. ... Die \"Kampagne Stopp Air Base Ramstein\"\u2026","rel":"","context":"In &quot;Frieden - Antifaschismus - Solidarit\u00e4t&quot;","block_context":{"text":"Frieden - Antifaschismus - Solidarit\u00e4t","link":"https:\/\/www.freidenker.org\/?cat=13"},"img":{"alt_text":"","src":"https:\/\/i0.wp.com\/www.freidenker.org\/fw17\/wp-content\/uploads\/2020\/05\/MQ-9_Reaper_-_800x450.jpg?fit=800%2C450&ssl=1&resize=350%2C200","width":350,"height":200,"srcset":"https:\/\/i0.wp.com\/www.freidenker.org\/fw17\/wp-content\/uploads\/2020\/05\/MQ-9_Reaper_-_800x450.jpg?fit=800%2C450&ssl=1&resize=350%2C200 1x, https:\/\/i0.wp.com\/www.freidenker.org\/fw17\/wp-content\/uploads\/2020\/05\/MQ-9_Reaper_-_800x450.jpg?fit=800%2C450&ssl=1&resize=525%2C300 1.5x, https:\/\/i0.wp.com\/www.freidenker.org\/fw17\/wp-content\/uploads\/2020\/05\/MQ-9_Reaper_-_800x450.jpg?fit=800%2C450&ssl=1&resize=700%2C400 2x"},"classes":[]}],"_links":{"self":[{"href":"https:\/\/www.freidenker.org\/index.php?rest_route=\/wp\/v2\/posts\/5128","targetHints":{"allow":["GET"]}}],"collection":[{"href":"https:\/\/www.freidenker.org\/index.php?rest_route=\/wp\/v2\/posts"}],"about":[{"href":"https:\/\/www.freidenker.org\/index.php?rest_route=\/wp\/v2\/types\/post"}],"author":[{"embeddable":true,"href":"https:\/\/www.freidenker.org\/index.php?rest_route=\/wp\/v2\/users\/3"}],"replies":[{"embeddable":true,"href":"https:\/\/www.freidenker.org\/index.php?rest_route=%2Fwp%2Fv2%2Fcomments&post=5128"}],"version-history":[{"count":0,"href":"https:\/\/www.freidenker.org\/index.php?rest_route=\/wp\/v2\/posts\/5128\/revisions"}],"wp:featuredmedia":[{"embeddable":true,"href":"https:\/\/www.freidenker.org\/index.php?rest_route=\/wp\/v2\/media\/5134"}],"wp:attachment":[{"href":"https:\/\/www.freidenker.org\/index.php?rest_route=%2Fwp%2Fv2%2Fmedia&parent=5128"}],"wp:term":[{"taxonomy":"category","embeddable":true,"href":"https:\/\/www.freidenker.org\/index.php?rest_route=%2Fwp%2Fv2%2Fcategories&post=5128"},{"taxonomy":"post_tag","embeddable":true,"href":"https:\/\/www.freidenker.org\/index.php?rest_route=%2Fwp%2Fv2%2Ftags&post=5128"}],"curies":[{"name":"wp","href":"https:\/\/api.w.org\/{rel}","templated":true}]}}