{"id":5107,"date":"2018-05-12T23:22:57","date_gmt":"2018-05-12T21:22:57","guid":{"rendered":"http:\/\/www.freidenker.org\/?p=5107"},"modified":"2018-06-19T01:30:05","modified_gmt":"2018-06-18T23:30:05","slug":"von-heiko-maas-halte-ich-nichts-lisa-fitz-im-interview","status":"publish","type":"post","link":"https:\/\/www.freidenker.org\/?p=5107","title":{"rendered":"&#8222;Von Heiko Maas halte ich nichts!&#8220; &#8211; Lisa Fitz im Interview"},"content":{"rendered":"<p><strong>Interview von RT-Deutsch mit Lisa Fitz, Kabarettistin aus M\u00fcnchen und Mitglied des Beirates des Deutschen Freidenker-Verbandes<\/strong><\/p>\n<p>Ver\u00f6ffentlicht am 12.05.2018 auf <a href=\"https:\/\/de.rt.com\/1htt\" target=\"_blank\" rel=\"noopener\">RT-Deutsch<\/a><\/p>\n<p>&nbsp;<\/p>\n<p>Mitten im bl\u00fchenden Moskau traf sich RT Deutsch mit Lisa Fitz. Einer mutigen Kabarettistin, die sich noch traut, sich eine eigene Meinung zu bilden und diese auch \u00f6ffentlich kundzutun.<\/p>\n<p>Schlagfertig und wortgewandt. Dass sie in den Mainstream-Medien daf\u00fcr nicht nur kritisiert, sondern auch beschimpft wird, nimmt sie hin. Und lacht dar\u00fcber.<\/p>\n<p>&nbsp;<\/p>\n<p>Video des Interviews auf YouTube, eingestellt von RT Deutsch: <a href=\"https:\/\/www.youtube.com\/watch?v=lF1ABDJjxNY\" target=\"_blank\" rel=\"noopener\">https:\/\/www.youtube.com\/watch?v=lF1ABDJjxNY <\/a><\/p>\n<div class=\"jetpack-video-wrapper\"><span class=\"embed-youtube\" style=\"text-align:center; display: block;\"><iframe loading=\"lazy\" class=\"youtube-player\" width=\"800\" height=\"450\" src=\"https:\/\/www.youtube.com\/embed\/lF1ABDJjxNY?version=3&#038;rel=1&#038;showsearch=0&#038;showinfo=1&#038;iv_load_policy=1&#038;fs=1&#038;hl=de-DE&#038;autohide=2&#038;wmode=transparent\" allowfullscreen=\"true\" style=\"border:0;\" sandbox=\"allow-scripts allow-same-origin allow-popups allow-presentation allow-popups-to-escape-sandbox\"><\/iframe><\/span><\/div>\n<hr \/>\n<p>Foto: Screenshot aus dem Video. \u00a9 by RT Deutsch<\/p>\n","protected":false},"excerpt":{"rendered":"<p>Mitten im bl\u00fchenden Moskau traf sich RT Deutsch mit Lisa Fitz. Einer mutigen Kabarettistin, die sich noch traut, sich eine eigene Meinung zu bilden und diese auch \u00f6ffentlich kundzutun. Schlagfertig und wortgewandt. Dass sie in den Mainstream-Medien daf\u00fcr nicht nur kritisiert, sondern auch beschimpft wird, nimmt sie hin. Und lacht dar\u00fcber.<\/p>\n","protected":false},"author":3,"featured_media":5109,"comment_status":"closed","ping_status":"closed","sticky":false,"template":"","format":"standard","meta":{"colormag_page_container_layout":"default_layout","colormag_page_sidebar_layout":"default_layout","advanced_seo_description":"","jetpack_seo_html_title":"","jetpack_seo_noindex":false,"jetpack_post_was_ever_published":false,"footnotes":""},"categories":[13,913],"tags":[62,941,685],"class_list":["post-5107","post","type-post","status-publish","format-standard","has-post-thumbnail","hentry","category-frieden-antifaschismus-solidaritaet","category-kultur-kunst","tag-interview","tag-lisa-fitz","tag-moskau"],"jetpack_featured_media_url":"https:\/\/i0.wp.com\/www.freidenker.org\/fw17\/wp-content\/uploads\/2018\/05\/Lisa_Fitz_Moskau_800x445.jpg?fit=800%2C445&ssl=1","jetpack_shortlink":"https:\/\/wp.me\/p9stpK-1kn","jetpack-related-posts":[{"id":11838,"url":"https:\/\/www.freidenker.org\/?p=11838","url_meta":{"origin":5107,"position":0},"title":"Ist das neutraler Journalismus?","author":"Webredaktion","date":"26. Dezember 2021","format":false,"excerpt":"Video von Lisa Fitz und Beitrag von Anton Gentzen Seit Tagen braust ein medialer Emp\u00f6rungssturm durchs Land - im Mittelpunkt der Angriffe: die Kabarettistin Lisa Fitz, Beiratsmitglied des Deutschen Freidenker-Verbandes.\u00a0Nachdem der SWR die gesamte Sendung \"Sp\u00e4tschicht\" vom 10.12.2021 aus der ARD Mediathek und seinem Video-Archiv bei YouTube entfernt hat, wurde\u2026","rel":"","context":"In &quot;Demokratie \u2013 Medien \u2013 Aufkl\u00e4rung&quot;","block_context":{"text":"Demokratie \u2013 Medien \u2013 Aufkl\u00e4rung","link":"https:\/\/www.freidenker.org\/?cat=12"},"img":{"alt_text":"","src":"https:\/\/i0.wp.com\/www.freidenker.org\/fw17\/wp-content\/uploads\/2021\/12\/Lisa_Fitz_Impfen_800x450.jpg?fit=800%2C450&ssl=1&resize=350%2C200","width":350,"height":200,"srcset":"https:\/\/i0.wp.com\/www.freidenker.org\/fw17\/wp-content\/uploads\/2021\/12\/Lisa_Fitz_Impfen_800x450.jpg?fit=800%2C450&ssl=1&resize=350%2C200 1x, https:\/\/i0.wp.com\/www.freidenker.org\/fw17\/wp-content\/uploads\/2021\/12\/Lisa_Fitz_Impfen_800x450.jpg?fit=800%2C450&ssl=1&resize=525%2C300 1.5x, https:\/\/i0.wp.com\/www.freidenker.org\/fw17\/wp-content\/uploads\/2021\/12\/Lisa_Fitz_Impfen_800x450.jpg?fit=800%2C450&ssl=1&resize=700%2C400 2x"},"classes":[]},{"id":14941,"url":"https:\/\/www.freidenker.org\/?p=14941","url_meta":{"origin":5107,"position":1},"title":"Lisa Fitz \u2013 Eine Prise Kinski","author":"Webredaktion","date":"5. Januar 2023","format":false,"excerpt":"Video von Lisa Fitz Lisa Fitz, die als Kabarettistin seit Jahrzehnten auf politische und gesellschaftliche Missst\u00e4nde hinweist, besch\u00e4ftigt sich in ihrem neuesten St\u00fcck satirisch mit dem \u201cjournalistischen Meister\u2026 Meisnerhandwerk\u201d sowie Anw\u00fcrfen unter der G\u00fcrtellinie gegen sie und auch gegen die NachDenkSeiten. - \u00dcber die \"M\u00f6chte - gern - auch -\u2026","rel":"","context":"In &quot;Demokratie \u2013 Medien \u2013 Aufkl\u00e4rung&quot;","block_context":{"text":"Demokratie \u2013 Medien \u2013 Aufkl\u00e4rung","link":"https:\/\/www.freidenker.org\/?cat=12"},"img":{"alt_text":"","src":"https:\/\/i0.wp.com\/www.freidenker.org\/fw17\/wp-content\/uploads\/2023\/01\/Lisa-Fitz_Prise-Kinski_800x450.jpg?fit=800%2C450&ssl=1&resize=350%2C200","width":350,"height":200,"srcset":"https:\/\/i0.wp.com\/www.freidenker.org\/fw17\/wp-content\/uploads\/2023\/01\/Lisa-Fitz_Prise-Kinski_800x450.jpg?fit=800%2C450&ssl=1&resize=350%2C200 1x, https:\/\/i0.wp.com\/www.freidenker.org\/fw17\/wp-content\/uploads\/2023\/01\/Lisa-Fitz_Prise-Kinski_800x450.jpg?fit=800%2C450&ssl=1&resize=525%2C300 1.5x, https:\/\/i0.wp.com\/www.freidenker.org\/fw17\/wp-content\/uploads\/2023\/01\/Lisa-Fitz_Prise-Kinski_800x450.jpg?fit=800%2C450&ssl=1&resize=700%2C400 2x"},"classes":[]},{"id":11758,"url":"https:\/\/www.freidenker.org\/?p=11758","url_meta":{"origin":5107,"position":2},"title":"Video: Lisa Fitz zur Debatte \u00fcber political correctness","author":"Webredaktion","date":"5. Dezember 2021","format":false,"excerpt":"Video von\u00a0Lisa Fitz Lisa Fitz arbeitet seit Jahrzehnten in der politischen Satire, sie kennt sich aus mit Menschen, die die Welt verbessern wollen. Dass so etwas aus ihrer Sicht manchmal aber auch Bl\u00fcten treiben kann, erkennt sie an Internet-Stars und Gendersternchen.","rel":"","context":"In &quot;Kultur &amp; Kunst&quot;","block_context":{"text":"Kultur &amp; Kunst","link":"https:\/\/www.freidenker.org\/?cat=913"},"img":{"alt_text":"","src":"https:\/\/i0.wp.com\/www.freidenker.org\/fw17\/wp-content\/uploads\/2021\/12\/Lisa_Fitz_Correctness_800x450.jpg?fit=800%2C450&ssl=1&resize=350%2C200","width":350,"height":200,"srcset":"https:\/\/i0.wp.com\/www.freidenker.org\/fw17\/wp-content\/uploads\/2021\/12\/Lisa_Fitz_Correctness_800x450.jpg?fit=800%2C450&ssl=1&resize=350%2C200 1x, https:\/\/i0.wp.com\/www.freidenker.org\/fw17\/wp-content\/uploads\/2021\/12\/Lisa_Fitz_Correctness_800x450.jpg?fit=800%2C450&ssl=1&resize=525%2C300 1.5x, https:\/\/i0.wp.com\/www.freidenker.org\/fw17\/wp-content\/uploads\/2021\/12\/Lisa_Fitz_Correctness_800x450.jpg?fit=800%2C450&ssl=1&resize=700%2C400 2x"},"classes":[]},{"id":18357,"url":"https:\/\/www.freidenker.org\/?p=18357","url_meta":{"origin":5107,"position":3},"title":"Lisa Fitz &#8211; Batterien","author":"Webredaktion","date":"25. Februar 2024","format":false,"excerpt":"Video von\u00a0Lisa Fitz \u201eJa, es ist keine einfache Zeit im Moment, aber\u2026 denken Sie immer dran: JETZT ist die Zeit, von der Sie sp\u00e4ter mal sagen werden: Das war noch die gute alte Zeit!\u201c. So beginnt das neue St\u00fcck von Lisa Fitz. Ein ziemlich deprimierendes St\u00fcck. Mit einem P.S. kommentiert\u2026","rel":"","context":"In &quot;Demokratie \u2013 Medien \u2013 Aufkl\u00e4rung&quot;","block_context":{"text":"Demokratie \u2013 Medien \u2013 Aufkl\u00e4rung","link":"https:\/\/www.freidenker.org\/?cat=12"},"img":{"alt_text":"","src":"https:\/\/i0.wp.com\/www.freidenker.org\/fw17\/wp-content\/uploads\/2024\/02\/Lisa_Fitz_Batterien_v2_800x450.jpg?fit=800%2C450&ssl=1&resize=350%2C200","width":350,"height":200,"srcset":"https:\/\/i0.wp.com\/www.freidenker.org\/fw17\/wp-content\/uploads\/2024\/02\/Lisa_Fitz_Batterien_v2_800x450.jpg?fit=800%2C450&ssl=1&resize=350%2C200 1x, https:\/\/i0.wp.com\/www.freidenker.org\/fw17\/wp-content\/uploads\/2024\/02\/Lisa_Fitz_Batterien_v2_800x450.jpg?fit=800%2C450&ssl=1&resize=525%2C300 1.5x, https:\/\/i0.wp.com\/www.freidenker.org\/fw17\/wp-content\/uploads\/2024\/02\/Lisa_Fitz_Batterien_v2_800x450.jpg?fit=800%2C450&ssl=1&resize=700%2C400 2x"},"classes":[]},{"id":18514,"url":"https:\/\/www.freidenker.org\/?p=18514","url_meta":{"origin":5107,"position":4},"title":"Lisa Fitz &#8211; Politiker au\u00dfer Rand und Band","author":"Webredaktion","date":"9. M\u00e4rz 2024","format":false,"excerpt":"Video von\u00a0Lisa Fitz In ihrem neuen St\u00fcck f\u00fcr die NachDenkSeiten besch\u00e4ftigt sich Lisa Fitz mit Verbalinjurien und sonstigen Ausf\u00e4llen, mit Cholerikern, P\u00f6beleien im Bundestag und mit sogenannten \u201eEmotionsdilettanten\u201c. Statt Contenance zu wahren, bes\u00e4\u00dfen manche nur emotionale Inkontinenz. Teilweise hat diese Unart in j\u00fcngster Zeit auch sie selbst betroffen. Lisa Fitz\u2026","rel":"","context":"In &quot;Demokratie \u2013 Medien \u2013 Aufkl\u00e4rung&quot;","block_context":{"text":"Demokratie \u2013 Medien \u2013 Aufkl\u00e4rung","link":"https:\/\/www.freidenker.org\/?cat=12"},"img":{"alt_text":"","src":"https:\/\/i0.wp.com\/www.freidenker.org\/fw17\/wp-content\/uploads\/2024\/03\/Lisa_Fitz_Politiker_ausser_Rand_und_Band_800x450.jpg?fit=800%2C450&ssl=1&resize=350%2C200","width":350,"height":200,"srcset":"https:\/\/i0.wp.com\/www.freidenker.org\/fw17\/wp-content\/uploads\/2024\/03\/Lisa_Fitz_Politiker_ausser_Rand_und_Band_800x450.jpg?fit=800%2C450&ssl=1&resize=350%2C200 1x, https:\/\/i0.wp.com\/www.freidenker.org\/fw17\/wp-content\/uploads\/2024\/03\/Lisa_Fitz_Politiker_ausser_Rand_und_Band_800x450.jpg?fit=800%2C450&ssl=1&resize=525%2C300 1.5x, https:\/\/i0.wp.com\/www.freidenker.org\/fw17\/wp-content\/uploads\/2024\/03\/Lisa_Fitz_Politiker_ausser_Rand_und_Band_800x450.jpg?fit=800%2C450&ssl=1&resize=700%2C400 2x"},"classes":[]},{"id":10239,"url":"https:\/\/www.freidenker.org\/?p=10239","url_meta":{"origin":5107,"position":5},"title":"Linken-Politiker zum Tag des Sieges: Die Gr\u00fcnen als Trauma der deutsch-russischen Beziehungen","author":"Webredaktion","date":"10. Mai 2021","format":false,"excerpt":"Bericht von RT Deutsch Der 9. Mai ist der \"Tag des Sieges\" in Russland und einer der wichtigsten Feiertage der heutigen Russischen F\u00f6deration. ... RT traf an diesem besonderen Tag in Moskau Dr. Diether Dehm. Der\u00a0Musikproduzent, Liedermacher und Bundestagsabgeordnete (Die Linke) nutzte die Gelegenheit, um eine Br\u00fccke zwischen dem historischen\u2026","rel":"","context":"In &quot;Frieden - Antifaschismus - Solidarit\u00e4t&quot;","block_context":{"text":"Frieden - Antifaschismus - Solidarit\u00e4t","link":"https:\/\/www.freidenker.org\/?cat=13"},"img":{"alt_text":"","src":"https:\/\/i0.wp.com\/www.freidenker.org\/fw17\/wp-content\/uploads\/2021\/05\/Dehm_SjuganovIMG_9271.jpg?fit=800%2C450&ssl=1&resize=350%2C200","width":350,"height":200,"srcset":"https:\/\/i0.wp.com\/www.freidenker.org\/fw17\/wp-content\/uploads\/2021\/05\/Dehm_SjuganovIMG_9271.jpg?fit=800%2C450&ssl=1&resize=350%2C200 1x, https:\/\/i0.wp.com\/www.freidenker.org\/fw17\/wp-content\/uploads\/2021\/05\/Dehm_SjuganovIMG_9271.jpg?fit=800%2C450&ssl=1&resize=525%2C300 1.5x, https:\/\/i0.wp.com\/www.freidenker.org\/fw17\/wp-content\/uploads\/2021\/05\/Dehm_SjuganovIMG_9271.jpg?fit=800%2C450&ssl=1&resize=700%2C400 2x"},"classes":[]}],"_links":{"self":[{"href":"https:\/\/www.freidenker.org\/index.php?rest_route=\/wp\/v2\/posts\/5107","targetHints":{"allow":["GET"]}}],"collection":[{"href":"https:\/\/www.freidenker.org\/index.php?rest_route=\/wp\/v2\/posts"}],"about":[{"href":"https:\/\/www.freidenker.org\/index.php?rest_route=\/wp\/v2\/types\/post"}],"author":[{"embeddable":true,"href":"https:\/\/www.freidenker.org\/index.php?rest_route=\/wp\/v2\/users\/3"}],"replies":[{"embeddable":true,"href":"https:\/\/www.freidenker.org\/index.php?rest_route=%2Fwp%2Fv2%2Fcomments&post=5107"}],"version-history":[{"count":0,"href":"https:\/\/www.freidenker.org\/index.php?rest_route=\/wp\/v2\/posts\/5107\/revisions"}],"wp:featuredmedia":[{"embeddable":true,"href":"https:\/\/www.freidenker.org\/index.php?rest_route=\/wp\/v2\/media\/5109"}],"wp:attachment":[{"href":"https:\/\/www.freidenker.org\/index.php?rest_route=%2Fwp%2Fv2%2Fmedia&parent=5107"}],"wp:term":[{"taxonomy":"category","embeddable":true,"href":"https:\/\/www.freidenker.org\/index.php?rest_route=%2Fwp%2Fv2%2Fcategories&post=5107"},{"taxonomy":"post_tag","embeddable":true,"href":"https:\/\/www.freidenker.org\/index.php?rest_route=%2Fwp%2Fv2%2Ftags&post=5107"}],"curies":[{"name":"wp","href":"https:\/\/api.w.org\/{rel}","templated":true}]}}