{"id":5055,"date":"2018-04-29T23:34:26","date_gmt":"2018-04-29T21:34:26","guid":{"rendered":"http:\/\/www.freidenker.org\/?p=5055"},"modified":"2018-06-22T01:08:24","modified_gmt":"2018-06-21T23:08:24","slug":"papst-und-teufel-kein-wunder-in-der-hoelle","status":"publish","type":"post","link":"https:\/\/www.freidenker.org\/?p=5055","title":{"rendered":"Papst und Teufel: Kein Wunder in der H\u00f6lle"},"content":{"rendered":"<p>In der Rubrik <strong>Tagesdosis<\/strong> wurde am 27.04.2018 bei <a href=\"https:\/\/kenfm.de\/tagesdosis-27-4-2018-papst-und-teufel-kein-wunder-in-der-hoelle\/\" target=\"_blank\" rel=\"noopener\">KenFM<\/a> der Beitrag \u201e<strong>Papst und Teufel: Kein Wunder in der H\u00f6lle<\/strong>\u201c von Klaus Hartmann, Vorsitzender des Deutschen Freidenker-Verbandes, ver\u00f6ffentlicht.<\/p>\n<p>Den Beitrag als Audio-Datei anh\u00f6ren:<\/p>\n<audio class=\"wp-audio-shortcode\" id=\"audio-5055-1\" preload=\"none\" style=\"width: 100%;\" controls=\"controls\"><source type=\"audio\/mpeg\" src=\"https:\/\/www.freidenker.org\/fw17\/wp-content\/uploads\/2018\/04\/tagesdosis-20180427.mp3?_=1\" \/><a href=\"https:\/\/www.freidenker.org\/fw17\/wp-content\/uploads\/2018\/04\/tagesdosis-20180427.mp3\">https:\/\/www.freidenker.org\/fw17\/wp-content\/uploads\/2018\/04\/tagesdosis-20180427.mp3<\/a><\/audio>\n<p>&nbsp;<\/p>\n<h4>Tagesdosis 27.4.2018 \u2013 Papst und Teufel: Kein Wunder in der H\u00f6lle<\/h4>\n<p><i>Ein Kommentar von <strong>Klaus Hartmann<\/strong>.<\/i><\/p>\n<p>Glaubt man der italienischen Zeitung \u201eLa Repubblica\u201c kurz vor Ostern 2018, soll Jorge Mario Bergoglio alias Papst Franziskus gesagt haben: \u201eDie H\u00f6lle gibt es nicht, was es gibt, ist die Ausl\u00f6schung der s\u00fcndhaften Seelen.\u201c<\/p>\n<p>Die Stuttgarter Zeitung meldete am 04.04.2018: \u201eAusgerechnet Papst Franziskus soll angeblich das finstere Reich des Teufels und der von Gott getrennten Toten, den Ort des endzeitlichen Strafgerichts, wo die Menschen f\u00fcr ihre S\u00fcnden ewig b\u00fc\u00dfen m\u00fcssen, geleugnet haben.\u201c<\/p>\n<p>Fast h\u00e4tten auch wir Freidenker an ein Wunder geglaubt, doch es war wohl keines: \u201eVatican news\u201c, das amtliche Online-Organ des Vatikanstaates dementierte umgehend: Die H\u00f6lle existiere \u2013 auch der Papst habe nie daran gezweifelt. Das \u201eWallstreet Jounal\u201c bedauerte am 12.04.2018: \u201eNoch w\u00e4hrend die S\u00fcndigen dieser Welt aufatmeten und ausgelassen feierten, wurde der Vatikan aktiv, dementierte umgehend und best\u00e4tigte die Existenz der H\u00f6lle.\u201c<\/p>\n<p>Na, wenn das keine frohe Botschaft ist. Auf die Kirchenoberen ist doch immer noch Verlass. \u201eFalsch zitiert\u201c oder \u201efalsch verstanden\u201c sei der Gottesmann geworden, hie\u00df es zur Begr\u00fcndung. Das \u201efalsche Zeugnis\u201c stammte n\u00e4mlich aus einem Gespr\u00e4ch mit dem Gr\u00fcnder von \u201eLa Repubblica\u201c, Eugenio Scalfari. Und da der Atheist schon biblische 93 Jahre alt ist, kann der Vatikan mit seiner Diagnose \u201eZeitungsente\u201c auf einen Hauch Glaubw\u00fcrdigkeit rechnen.<\/p>\n<p>Erzbischof Fisichella, Pr\u00e4sident des P\u00e4pstlichen Rates f\u00fcr Neuevangelisierung, schob als Begr\u00fcndung f\u00fcr die Existenz der H\u00f6lle nach: \u201e\u2026 nicht, weil Gott in seiner Barmherzigkeit die H\u00f6lle will, sondern vielmehr wegen der Dickk\u00f6pfigkeit des Menschen. Der Mensch ist es, der sich einbildet, er k\u00f6nne seine Freiheit bis ins Letzte ausreizen \u2013 und dadurch erniedrigt er sich schlie\u00dflich.\u201c<\/p>\n<p>So bleibt uns die H\u00f6lle, laut Bibel \u201eewige Verdammnis\u201c mit \u201eHeulen und Z\u00e4hneklappern\u201c, Gott sei Dank erhalten. Der Katholische Katechismus muss auch nicht umgeschrieben werden: \u201eDie Seelen derer, die im Stand der Tods\u00fcnde sterben, kommen sogleich nach dem Tod in die Unterwelt, wo sie die Qualen der H\u00f6lle erleiden.\u201c<\/p>\n<p>Himmel, H\u00f6lle, Fegefeuer \u2013 reale Orte auf der irdischen oder kosmischen Landkarte? Da die Kirche nicht daran interessiert sein kann, dass nur die im Geiste armen zur gl\u00e4ubigen Gemeinde z\u00e4hlen, fand schon vor geraumer Zeit ein Umsteuern statt, das die Intelligenz des durchschnittlich gebildeten Gl\u00e4ubigen nicht allzu sehr beleidigt.<\/p>\n<p>Schon der 2005 verstorbene Karol Wojtila alias Papst Johannes Paul II. verk\u00fcndete: \u201eDie H\u00f6lle meint nicht so sehr einen bestimmten Ort, sondern vielmehr die Situation dessen, der sich frei und endg\u00fcltig von Gott entfernt hat.\u201c Gemeint sind wohl Freidenker, Agnostiker und Atheisten, wobei die mehrheitlich bestreiten werden, sich von etwas entfernt zu haben, was ohnehin nur eine Fantasiegestalt ist.<\/p>\n<p>Nicht zum ersten Mal ist somit ein von Scalfari verhei\u00dfenes Wunder geplatzt: Schon 2014 schien sich ein solches anzubahnen, da Papst Franziskus die Ehelosigkeit katholischer Priester als \u201eProblem\u201c bezeichnet habe, wof\u00fcr er \u201eL\u00f6sungen finden\u201c w\u00fcrde. Die \u00c4u\u00dferung wurde als sensationell und als Abgesang auf den Z\u00f6libat aufgefasst, doch zu fr\u00fch gefreut \u2013 auch dies war eine Ente.<\/p>\n<p>F\u00fcr viele Kinder und Minderj\u00e4hrige waren die Jahre in kirchlichen Erziehungseinrichtungen die sprichw\u00f6rtliche H\u00f6lle auf Erden. Um die Verschleierung von Missbrauchsf\u00e4llen einzud\u00e4mmen, berief Papst Franziskus eine \u201eP\u00e4pstliche Kommission f\u00fcr den Schutz von Minderj\u00e4hrigen\u201c, auf die sich gro\u00dfe Erwartungen richteten.<\/p>\n<p>Doch deren Arbeit ist keineswegs eine Erfolgsgeschichte. Zun\u00e4chst auf drei Jahre bis Ende 2017 befristet, berief der Papst Anfang 2018 neue Kommissionsmitglieder. Die franz\u00f6sische Kinderpsychiaterin Catherine Bonnet verzichtete auf ein zweites Mandat, weil sie keine Mehrheit f\u00fcr ihr Anliegen fand, Bisch\u00f6fe und Ordensobere im Fall eines jeden Missbrauchsverdachts von Priestern zur Anzeige bei zivilen Beh\u00f6rden zu verpflichten.<\/p>\n<p>Das britische Kommissionsmitglied Peter Saunders, selbst Missbrauchsopfer, wurde im Februar 2016 \u201ebeurlaubt\u201c, weil er \u201ekein Mitglied einer PR-\u00dcbung\u201c sein wollte, sondern gegen\u00fcber Medien z.B. den australischen Kurienkardinal und Finanzchef des Vatikan George Pell, der unter dem Verdacht steht, Missbrauch vertuscht oder gar selbst begangen zu haben, als \u201ehartherzigen Soziopathen\u201c bezeichnete. (\u201eDer Spiegel\u201c, 07.02.2016)<\/p>\n<p>Im M\u00e4rz 2017 trat das irische Missbrauchsopfer Marie Collins \u201eaus Frustration \u00fcber mangelnde Kooperationsbereitschaft vatikanischer Beh\u00f6rden\u201c aus der p\u00e4pstlichen Kommission aus, lt. \u201ekathnet\u201c \u201eeine der profiliertesten Stimmen.\u201c<\/p>\n<p>Das Dekret \u201eWie eine liebende Mutter\u201c, mit dem Papst Franziskus die Absetzung von Bisch\u00f6fen und Ordensoberen regelt, die Missbrauch verschweigen oder unzureichend darauf reagieren, h\u00e4tte im September 2016 in Kraft treten sollen, \u201eaber bis auf den heutigen Tag wurde in keinem einzigen Fall ermittelt\u201c, erkl\u00e4rte Catherine Bonnet lt. \u201evaticannews\u201c.<\/p>\n<p>Das ist umso bemerkenswerter, als allein der Abschlussbericht der staatlichen australischen Missbrauchskommission auf 100.000 Seiten von \u201eZehntausenden Kindern und Jugendlichen\u201c berichtet, die zu Opfern von Missbrauch wurden. (vaticanhistory, 16.12.2017)<\/p>\n<p>Doch auch der Papst selbst macht beim P\u00e4dophilie-Skandal eine ungl\u00fcckliche Figur. Im Januar 2018 \u00a0hatte er bei einer Pastoralreise nach Chile Vorw\u00fcrfe gegen Bischof Juan Barros vor Journalisten als \u201eVerleumdung\u201c zur\u00fcckgewiesen. Barros wird vorgeworfen, von Missbrauchsvorw\u00fcrfen gegen den chilenischen Priester Fernando Karadima, gewusst und ihn gedeckt zu haben. Nachdem Franziskus 64 Zeugnisse von Beteiligten und Opfern vorgelegt wurden, bekannte er in einem Brief an die chilenischen Bisch\u00f6fe \u201eeinen schwerwiegenden Fehler\u201c, lobte aber zugleich die diesbez\u00fcgliche Diskretion der Medien.<\/p>\n<p>So ist von den Hoffnungen auf Reformen und vom Nimbus des \u201eModernisierungspapstes\u201c wenig \u00fcbrig geblieben. Die \u201eMittelbayerische\u201c stellte am 05.03.2018 ern\u00fcchtert fest: \u201eNach f\u00fcnf Jahren Franziskus hat eine Art Entzauberung eingesetzt. Und vielen Menschen vor allem in Deutschland scheint der Papst sowieso egal zu sein.\u201c<\/p>\n<p>Daraus zu schlie\u00dfen, dass die Katholische Kirche nun g\u00e4nzlich nicht mit der Zeit ginge, w\u00e4re jedoch verfehlt. Besonders dem Trend zur Militarisierung wollen sich manche offenbar nicht verschlie\u00dfen. So vermeldet \u201ekathnet\u201c am 06.04.2018 aus Brasilien, dass w\u00e4hrend des Gottesdienstes in der Stadt Sorocaba eine Monstranz f\u00fcr die Eucharistiefeier mit einer Drohne den Mittelgang entlang zum Altar geflogen kam. \u201eW\u00e4hrend des Fluges jubelten die Gottesdienstbesucher.\u201c<\/p>\n<p>Es bleibt zu hoffen, dass in solchem Hokuspokus nicht die mahnenden Worte Franziskus\u2018 untergehen, die auch unsere Unterst\u00fctzung verdienen: \u201eDamit das System fortbestehen kann, m\u00fcssen Kriege gef\u00fchrt werden, wie es die gro\u00dfen Imperien immer getan haben\u201c, \u201eWir sind am Limit. Ein Zwischenfall wird reichen, um einen Krieg zu entfesseln. Deshalb m\u00fcssen wir die Waffen zerst\u00f6ren und uns f\u00fcr die nukleare Abr\u00fcstung einsetzen.\u201c<\/p>\n<p style=\"text-align: right;\"><em>Quelle der Erstver\u00f6ffentlichung: <a href=\"https:\/\/kenfm.de\/tagesdosis-27-4-2018-papst-und-teufel-kein-wunder-in-der-hoelle\/\" target=\"_blank\" rel=\"noopener\">https:\/\/kenfm.de\/tagesdosis-27-4-2018-papst-und-teufel-kein-wunder-in-der-hoelle\/<\/a><\/em><\/p>\n<p>Der Beitrag ist auch auf YouTube verf\u00fcgbar: <a href=\"https:\/\/youtu.be\/dgqXeTREjKY\" target=\"_blank\" rel=\"noopener\">https:\/\/youtu.be\/dgqXeTREjKY<\/a><\/p>\n<hr \/>\n<p>Collage: rlx unter Verwendung eines Screenshots der Videover\u00f6ffentlichung bei <a href=\"https:\/\/kenfm.de\/tagesdosis-27-4-2018-papst-und-teufel-kein-wunder-in-der-hoelle\/\" target=\"_blank\" rel=\"noopener\">KenFM<\/a> und eines Fotos von pixabay.com (User: <a href=\"https:\/\/pixabay.com\/de\/frau-stein-teufel-figur-skulptur-1321471\/\" target=\"_blank\" rel=\"noopener\">SilviaP_Design<\/a>).<\/p>\n","protected":false},"excerpt":{"rendered":"<p><strong>In der Rubrik Tagesdosis wurde am 27.04.2018 bei KenFM der Beitrag \u201ePapst und Teufel: Kein Wunder in der H\u00f6lle\u201c von Klaus Hartmann, Vorsitzender des Deutschen Freidenker-Verbandes, ver\u00f6ffentlicht.<\/strong><br \/>\nGlaubt man der italienischen Zeitung \u201eLa Repubblica\u201c kurz vor Ostern 2018, soll Jorge Mario Bergoglio alias Papst Franziskus gesagt haben: \u201eDie H\u00f6lle gibt es nicht, was es gibt, ist die Ausl\u00f6schung der s\u00fcndhaften Seelen.\u201c &#8230; Fast h\u00e4tten auch wir Freidenker an ein Wunder geglaubt, doch es war wohl keines: \u201eVatican news\u201c, das amtliche Online-Organ des Vatikanstaates dementierte umgehend: Die H\u00f6lle existiere \u2013 auch der Papst habe nie daran gezweifelt. &#8230; Na, wenn das keine frohe Botschaft ist. Auf die Kirchenoberen ist doch immer noch Verlass. \u201eFalsch zitiert\u201c oder \u201efalsch verstanden\u201c sei der Gottesmann geworden, hie\u00df es zur Begr\u00fcndung.<\/p>\n","protected":false},"author":3,"featured_media":5059,"comment_status":"closed","ping_status":"closed","sticky":false,"template":"","format":"standard","meta":{"colormag_page_container_layout":"default_layout","colormag_page_sidebar_layout":"default_layout","advanced_seo_description":"","jetpack_seo_html_title":"","jetpack_seo_noindex":false,"jetpack_post_was_ever_published":false,"footnotes":""},"categories":[15],"tags":[878,1044,388,64,576,661,1045],"class_list":["post-5055","post","type-post","status-publish","format-standard","has-post-thumbnail","hentry","category-religions-kirchenkritik","tag-gott","tag-hoelle","tag-katholische-kirche","tag-kenfm","tag-missbrauchsskandale","tag-papst-franziskus","tag-teufel"],"jetpack_featured_media_url":"https:\/\/i0.wp.com\/www.freidenker.org\/fw17\/wp-content\/uploads\/2018\/04\/Papst_u_Teufel_800x445.jpg?fit=800%2C445&ssl=1","jetpack_shortlink":"https:\/\/wp.me\/p9stpK-1jx","jetpack-related-posts":[{"id":21907,"url":"https:\/\/www.freidenker.org\/?p=21907","url_meta":{"origin":5055,"position":0},"title":"Robert Francis Prevost \u2013 der neue Papst Leo XIV. Eine politische Wahl?","author":"Webredaktion","date":"21. Mai 2025","format":false,"excerpt":"Ein Standpunkt von\u00a0Wolfgang Effenberger. Nach der Wahl von Kardinal Prevost titelte der SPIEGEL: \"Leo XIV.: Der neue Papst ist Fu\u00dfball- und Baseballfan\". Denn Leo XIV. ist Anh\u00e4nger des Baseballclubs aus seiner US-amerikanischen Heimatstadt, wie sein Bruder John Prevost verriet. Die White Sox sind aber nicht das einzige Team, das das\u2026","rel":"","context":"In &quot;Demokratie \u2013 Medien \u2013 Aufkl\u00e4rung&quot;","block_context":{"text":"Demokratie \u2013 Medien \u2013 Aufkl\u00e4rung","link":"https:\/\/www.freidenker.org\/?cat=12"},"img":{"alt_text":"","src":"https:\/\/i0.wp.com\/www.freidenker.org\/fw17\/wp-content\/uploads\/2025\/05\/Pope_Leo_XIV_3_auszug_800x450.jpg?fit=800%2C450&ssl=1&resize=350%2C200","width":350,"height":200,"srcset":"https:\/\/i0.wp.com\/www.freidenker.org\/fw17\/wp-content\/uploads\/2025\/05\/Pope_Leo_XIV_3_auszug_800x450.jpg?fit=800%2C450&ssl=1&resize=350%2C200 1x, https:\/\/i0.wp.com\/www.freidenker.org\/fw17\/wp-content\/uploads\/2025\/05\/Pope_Leo_XIV_3_auszug_800x450.jpg?fit=800%2C450&ssl=1&resize=525%2C300 1.5x, https:\/\/i0.wp.com\/www.freidenker.org\/fw17\/wp-content\/uploads\/2025\/05\/Pope_Leo_XIV_3_auszug_800x450.jpg?fit=800%2C450&ssl=1&resize=700%2C400 2x"},"classes":[]},{"id":683,"url":"https:\/\/www.freidenker.org\/?p=683","url_meta":{"origin":5055,"position":1},"title":"Der deutsche Papst ist der bisher reaktion\u00e4rste in der Geschichte der Neuzeit","author":"Webmaster","date":"12. September 2011","format":false,"excerpt":"Beitrag von Gerhard Feldbauer aus FREIDENKER 2-11 Im September 2011 wird der deutsche Papst der Bundesrepublik einen offiziellen \u201aStaats\u2018besuch abstatten. Wes Geistes Kind ist dieser Benedikt alias Joseph Ratzinger? Beginnen wir mit einem aktuellen Aspekt. Die Wellen der Emp\u00f6rung \u00fcber den sogenannten Missbrauchsskandal der katholischen Kirche sind noch nicht verebbt.\u2026","rel":"","context":"In &quot;Religions- &amp; Kirchenkritik, S\u00e4kulare Szene&quot;","block_context":{"text":"Religions- &amp; Kirchenkritik, S\u00e4kulare Szene","link":"https:\/\/www.freidenker.org\/?cat=15"},"img":{"alt_text":"","src":"https:\/\/i0.wp.com\/www.freidenker.org\/fw17\/wp-content\/uploads\/2016\/08\/Papast_Benedikt_01.jpg?fit=800%2C445&ssl=1&resize=350%2C200","width":350,"height":200,"srcset":"https:\/\/i0.wp.com\/www.freidenker.org\/fw17\/wp-content\/uploads\/2016\/08\/Papast_Benedikt_01.jpg?fit=800%2C445&ssl=1&resize=350%2C200 1x, https:\/\/i0.wp.com\/www.freidenker.org\/fw17\/wp-content\/uploads\/2016\/08\/Papast_Benedikt_01.jpg?fit=800%2C445&ssl=1&resize=525%2C300 1.5x, https:\/\/i0.wp.com\/www.freidenker.org\/fw17\/wp-content\/uploads\/2016\/08\/Papast_Benedikt_01.jpg?fit=800%2C445&ssl=1&resize=700%2C400 2x"},"classes":[]},{"id":19397,"url":"https:\/\/www.freidenker.org\/?p=19397","url_meta":{"origin":5055,"position":2},"title":"Gipfel-Sturm","author":"Webredaktion","date":"1. Juli 2024","format":false,"excerpt":"Es soll niemand sagen, das Wochenende vom 14. Juni 2024 sei ereignislos verlaufen. Beitrag von Willy Wimmer Mitnichten, wie sich am Besuch des Papstes beim G7 Treffen im italienischen Apulien gezeigt hat. Der Papst traf die weltlichen Regenten aus verschiedenen Staaten und hatte etwas im Gep\u00e4ck, das ihn zumindest von\u2026","rel":"","context":"In &quot;Demokratie \u2013 Medien \u2013 Aufkl\u00e4rung&quot;","block_context":{"text":"Demokratie \u2013 Medien \u2013 Aufkl\u00e4rung","link":"https:\/\/www.freidenker.org\/?cat=12"},"img":{"alt_text":"","src":"https:\/\/i0.wp.com\/www.freidenker.org\/fw17\/wp-content\/uploads\/2024\/07\/2024-06-14_50th_G7_summit_000150318_800x450.jpg?fit=800%2C450&ssl=1&resize=350%2C200","width":350,"height":200,"srcset":"https:\/\/i0.wp.com\/www.freidenker.org\/fw17\/wp-content\/uploads\/2024\/07\/2024-06-14_50th_G7_summit_000150318_800x450.jpg?fit=800%2C450&ssl=1&resize=350%2C200 1x, https:\/\/i0.wp.com\/www.freidenker.org\/fw17\/wp-content\/uploads\/2024\/07\/2024-06-14_50th_G7_summit_000150318_800x450.jpg?fit=800%2C450&ssl=1&resize=525%2C300 1.5x, https:\/\/i0.wp.com\/www.freidenker.org\/fw17\/wp-content\/uploads\/2024\/07\/2024-06-14_50th_G7_summit_000150318_800x450.jpg?fit=800%2C450&ssl=1&resize=700%2C400 2x"},"classes":[]},{"id":638,"url":"https:\/\/www.freidenker.org\/?p=638","url_meta":{"origin":5055,"position":3},"title":"\u00a7 218: Keinen Schein von den Scheinheiligen!","author":"Webmaster","date":"1. Februar 1998","format":false,"excerpt":"Beitrag von Klaus Hartmann In Sorge gebeugt und mit einem Denken, das seinem Krummstab immer \u00e4hnlicher wird, hat sich der \"Nachfolger Petri\"(?) an seine deutschen \"Br\u00fcder\" gewandt. Zur Sorge hat Karol Wojtyla alias Papst Gr\u00fcnde genug. Am 12. Januar 1998 erst verlor er, der den Geschlechtsakt nur zum Zwecke der\u2026","rel":"","context":"In &quot;Religions- &amp; Kirchenkritik, S\u00e4kulare Szene&quot;","block_context":{"text":"Religions- &amp; Kirchenkritik, S\u00e4kulare Szene","link":"https:\/\/www.freidenker.org\/?cat=15"},"img":{"alt_text":"","src":"https:\/\/i0.wp.com\/www.freidenker.org\/fw17\/wp-content\/uploads\/2016\/08\/Bischof.jpg?fit=800%2C445&ssl=1&resize=350%2C200","width":350,"height":200,"srcset":"https:\/\/i0.wp.com\/www.freidenker.org\/fw17\/wp-content\/uploads\/2016\/08\/Bischof.jpg?fit=800%2C445&ssl=1&resize=350%2C200 1x, https:\/\/i0.wp.com\/www.freidenker.org\/fw17\/wp-content\/uploads\/2016\/08\/Bischof.jpg?fit=800%2C445&ssl=1&resize=525%2C300 1.5x, https:\/\/i0.wp.com\/www.freidenker.org\/fw17\/wp-content\/uploads\/2016\/08\/Bischof.jpg?fit=800%2C445&ssl=1&resize=700%2C400 2x"},"classes":[]},{"id":1082,"url":"https:\/\/www.freidenker.org\/?p=1082","url_meta":{"origin":5055,"position":4},"title":"FREIDENKER 4-16 &#8211; Religion","author":"Webredaktion","date":"15. Dezember 2016","format":false,"excerpt":"Die Ausgabe 4-16 des Verbandsorgans FREIDENKER hat das Schwerpunkt-Thema \"Religion\" und enth\u00e4lt u.a folgende Beitr\u00e4ge: - Verbandsvorstand: Religion - Thesen - Jan Bretschneider: Gedanken \u00fcber Religiosit\u00e4t - Thomas Loch: \"Mythos Luther\"? Sektiererischer Atheismus oder marxistische Religionskritik - Gerhard Feldbauer: Welchen Weg geht Franziskus? - Sebastian Bahlo: Erntedank - weltlich feiern","rel":"","context":"In &quot;Verbandsorgan FREIDENKER&quot;","block_context":{"text":"Verbandsorgan FREIDENKER","link":"https:\/\/www.freidenker.org\/?cat=8"},"img":{"alt_text":"","src":"https:\/\/i0.wp.com\/www.freidenker.org\/fw17\/wp-content\/uploads\/2017\/12\/FD_2016-04_Titel_mR.jpg?fit=800%2C445&ssl=1&resize=350%2C200","width":350,"height":200,"srcset":"https:\/\/i0.wp.com\/www.freidenker.org\/fw17\/wp-content\/uploads\/2017\/12\/FD_2016-04_Titel_mR.jpg?fit=800%2C445&ssl=1&resize=350%2C200 1x, https:\/\/i0.wp.com\/www.freidenker.org\/fw17\/wp-content\/uploads\/2017\/12\/FD_2016-04_Titel_mR.jpg?fit=800%2C445&ssl=1&resize=525%2C300 1.5x, https:\/\/i0.wp.com\/www.freidenker.org\/fw17\/wp-content\/uploads\/2017\/12\/FD_2016-04_Titel_mR.jpg?fit=800%2C445&ssl=1&resize=700%2C400 2x"},"classes":[]},{"id":634,"url":"https:\/\/www.freidenker.org\/?p=634","url_meta":{"origin":5055,"position":5},"title":"Mea Culpa? Gegen die Missverst\u00e4ndnisse p\u00e4pstlicher &#8222;Schuldbekenntnisse&#8220;","author":"Webmaster","date":"31. M\u00e4rz 2000","format":false,"excerpt":"Rede von Klaus Hartmann auf einer Mitgliederversammlung Am 12. M\u00e4rz 2000 wurden die Augen der Weltfernsehgemeinde auf einen Gottesdienst in Rom gerichtet. Nach wochenlangen Ank\u00fcndigungen, Spekulationen und h\u00e4ppchenweisen Vorver\u00f6ffentlichungen wurden die Papst-Worte mit Spannung erwartet, mit denen er sich zur Schuld der Kirche \u00e4u\u00dfern und um Vergebung bitten wollte. Das\u2026","rel":"","context":"In &quot;Religions- &amp; Kirchenkritik, S\u00e4kulare Szene&quot;","block_context":{"text":"Religions- &amp; Kirchenkritik, S\u00e4kulare Szene","link":"https:\/\/www.freidenker.org\/?cat=15"},"img":{"alt_text":"","src":"https:\/\/i0.wp.com\/www.freidenker.org\/fw17\/wp-content\/uploads\/2016\/08\/Rom.jpg?fit=800%2C445&ssl=1&resize=350%2C200","width":350,"height":200,"srcset":"https:\/\/i0.wp.com\/www.freidenker.org\/fw17\/wp-content\/uploads\/2016\/08\/Rom.jpg?fit=800%2C445&ssl=1&resize=350%2C200 1x, https:\/\/i0.wp.com\/www.freidenker.org\/fw17\/wp-content\/uploads\/2016\/08\/Rom.jpg?fit=800%2C445&ssl=1&resize=525%2C300 1.5x, https:\/\/i0.wp.com\/www.freidenker.org\/fw17\/wp-content\/uploads\/2016\/08\/Rom.jpg?fit=800%2C445&ssl=1&resize=700%2C400 2x"},"classes":[]}],"_links":{"self":[{"href":"https:\/\/www.freidenker.org\/index.php?rest_route=\/wp\/v2\/posts\/5055","targetHints":{"allow":["GET"]}}],"collection":[{"href":"https:\/\/www.freidenker.org\/index.php?rest_route=\/wp\/v2\/posts"}],"about":[{"href":"https:\/\/www.freidenker.org\/index.php?rest_route=\/wp\/v2\/types\/post"}],"author":[{"embeddable":true,"href":"https:\/\/www.freidenker.org\/index.php?rest_route=\/wp\/v2\/users\/3"}],"replies":[{"embeddable":true,"href":"https:\/\/www.freidenker.org\/index.php?rest_route=%2Fwp%2Fv2%2Fcomments&post=5055"}],"version-history":[{"count":0,"href":"https:\/\/www.freidenker.org\/index.php?rest_route=\/wp\/v2\/posts\/5055\/revisions"}],"wp:featuredmedia":[{"embeddable":true,"href":"https:\/\/www.freidenker.org\/index.php?rest_route=\/wp\/v2\/media\/5059"}],"wp:attachment":[{"href":"https:\/\/www.freidenker.org\/index.php?rest_route=%2Fwp%2Fv2%2Fmedia&parent=5055"}],"wp:term":[{"taxonomy":"category","embeddable":true,"href":"https:\/\/www.freidenker.org\/index.php?rest_route=%2Fwp%2Fv2%2Fcategories&post=5055"},{"taxonomy":"post_tag","embeddable":true,"href":"https:\/\/www.freidenker.org\/index.php?rest_route=%2Fwp%2Fv2%2Ftags&post=5055"}],"curies":[{"name":"wp","href":"https:\/\/api.w.org\/{rel}","templated":true}]}}