{"id":502,"date":"2008-03-16T17:37:59","date_gmt":"2008-03-16T16:37:59","guid":{"rendered":"http:\/\/www.freidenker.org\/fw17\/?p=502"},"modified":"2018-02-04T02:16:24","modified_gmt":"2018-02-04T01:16:24","slug":"religion-und-weltanschauung","status":"publish","type":"post","link":"https:\/\/www.freidenker.org\/?p=502","title":{"rendered":"FREIDENKER 1-08 &#8211; Religion und Weltanschauung &#8211; Positionen der Freidenker"},"content":{"rendered":"<h5><strong>Inhalt:\u00a0<\/strong>Editorial \u00a0&#8211;\u00a0Thema<\/h5>\n<p>Hans-G\u00fcnter Eschke: <a href=\"https:\/\/www.freidenker.org\/?p=3270\">Menschenw\u00fcrde<\/a> |\u00a0Ernst Woit: <a href=\"https:\/\/www.freidenker.org\/?p=3272\">USA-Strategen \u00fcber die wachsende ideologische<\/a><br \/>\nBedeutung der Religionen |\u00a0Interview mit Peter Franz: <a href=\"https:\/\/www.freidenker.org\/?p=3274\">Kirchenkritik aus der Sicht<\/a><br \/>\neines Christen und Sozialisten |\u00a0Hans Lutter: <a href=\"https:\/\/www.freidenker.org\/?p=3276\">Warum es keinen \u201eWissenschaftlichen Atheismus\u201c geben kann<\/a> |\u00a0Gernot Bandur: Der \u201eZehn-Gebote-Hoffmann\u201c<\/p>\n<p><strong>Aus der Geschichte der Freidenker<\/strong><br \/>\nPrinzipien und Ideale des Freidenkerthums<br \/>\nB\u00fccher zum Thema\u00a0\u00a0\u00a0<strong>\u00a0 <\/strong><\/p>\n<p><strong>Portr\u00e4t<br \/>\n<\/strong>Zum 100. Geburtstag von Heinrich Greif<\/p>\n<p><strong>Meldungen, Meinungen<br \/>\n<\/strong>Natosicherheitskonferenz in M\u00fcnchen<\/p>\n<p><strong>Aus den Landesverb\u00e4nden<\/strong><\/p>\n<p>Leserbriefe<\/p>\n<p>Chronik<br \/>\nBericht \u00fcber die Internationale\u00a0 Rosa-Luxemburg-Konferenz<br \/>\nVorstandsberatungen<br \/>\nGratulation zum 80. Geburtstag\u00a0 von Hans Lutter<br \/>\n<strong><br \/>\nB\u00fccher f\u00fcr Freidenker<\/strong><\/p>\n<p><strong>\u00a0<\/strong><\/p>\n","protected":false},"excerpt":{"rendered":"<p><strong>Die Ausgabe 1-08 des Verbandsorgans FREIDENKER hat das Schwerpunkt-Thema \u201eReligion und Weltanschauung\u201c und enth\u00e4lt u.a folgende Beitr\u00e4ge:<\/strong><br \/>\n&#8211; Hans-G\u00fcnter Eschke: Menschenw\u00fcrde<br \/>\n&#8211; Ernst Woit: USA-Strategen \u00fcber die wachsende ideologische Bedeutung der Religionen<br \/>\n&#8211; Interview mit Peter Franz: Kirchenkritik aus der Sicht eines Christen und Sozialisten<br \/>\n&#8211; Hans Lutter: Warum es keinen \u201eWissenschaftlichen Atheismus\u201c geben kann<br \/>\n&#8211; Gernot Bandur: Der \u201eZehn-Gebote-Hoffmann\u201c<\/p>\n","protected":false},"author":2,"featured_media":2529,"comment_status":"closed","ping_status":"closed","sticky":false,"template":"","format":"standard","meta":{"colormag_page_container_layout":"default_layout","colormag_page_sidebar_layout":"default_layout","advanced_seo_description":"","jetpack_seo_html_title":"","jetpack_seo_noindex":false,"jetpack_post_was_ever_published":false,"footnotes":""},"categories":[8],"tags":[26,371,279,38,33],"class_list":["post-502","post","type-post","status-publish","format-standard","has-post-thumbnail","hentry","category-verbandsorgan-freidenker","tag-freidenker","tag-religion","tag-religionskritik","tag-weltanschauung","tag-wissenschaftliche-weltanschauung"],"jetpack_featured_media_url":"https:\/\/i0.wp.com\/www.freidenker.org\/fw17\/wp-content\/uploads\/2017\/12\/FD_2008-01_Titel_mR.jpg?fit=800%2C445&ssl=1","jetpack_shortlink":"https:\/\/wp.me\/p9stpK-86","jetpack-related-posts":[{"id":4850,"url":"https:\/\/www.freidenker.org\/?p=4850","url_meta":{"origin":502,"position":0},"title":"FREIDENKER 1-18 &#8211; Karl Marx zum 200. Geburtstag","author":"Webredaktion","date":"23. M\u00e4rz 2018","format":false,"excerpt":"Die Ausgabe 1-18 des Verbandsorgans FREIDENKER hat das Schwerpunkt-Thema \"Karl Marx zum 200. Geburtstag\" und enth\u00e4lt u.a. folgende Beitr\u00e4ge: - Horst Schild: Dialog mit Karl - Gerhard Steinl: Marx und das idealistische Erbe - Thomas Metscher: Marx\u2018 Gespenst und die Zukunft des Marxismus - Freidenker vor 35 Jahren: Erich Wernig:\u2026","rel":"","context":"In &quot;Verbandsorgan FREIDENKER&quot;","block_context":{"text":"Verbandsorgan FREIDENKER","link":"https:\/\/www.freidenker.org\/?cat=8"},"img":{"alt_text":"","src":"https:\/\/i0.wp.com\/www.freidenker.org\/fw17\/wp-content\/uploads\/2018\/03\/FD_2018-01_Titel_mR.jpg?fit=800%2C445&ssl=1&resize=350%2C200","width":350,"height":200,"srcset":"https:\/\/i0.wp.com\/www.freidenker.org\/fw17\/wp-content\/uploads\/2018\/03\/FD_2018-01_Titel_mR.jpg?fit=800%2C445&ssl=1&resize=350%2C200 1x, https:\/\/i0.wp.com\/www.freidenker.org\/fw17\/wp-content\/uploads\/2018\/03\/FD_2018-01_Titel_mR.jpg?fit=800%2C445&ssl=1&resize=525%2C300 1.5x, https:\/\/i0.wp.com\/www.freidenker.org\/fw17\/wp-content\/uploads\/2018\/03\/FD_2018-01_Titel_mR.jpg?fit=800%2C445&ssl=1&resize=700%2C400 2x"},"classes":[]},{"id":14621,"url":"https:\/\/www.freidenker.org\/?p=14621","url_meta":{"origin":502,"position":1},"title":"Freidenker-Zitate zum Nachdenken","author":"Webredaktion","date":"7. November 2022","format":false,"excerpt":"Information zur Webseite \"Freidenker-Galerie\" von Rainer Ostendorf Die Freidenker Galerie zeigt in verschiedenen Themen-Galerien ber\u00fchmte Zitate und Spr\u00fcche von ber\u00fchmten Dichtern und Denkern zum Thema Leben - Zitate, Weisheiten, Aphorismen und Spr\u00fcche, die zum Nachdenken und Schmunzeln anregen. Sie finden in der Online-Galerie Zitate, lustige Spr\u00fcche und weise Spr\u00fcche von\u2026","rel":"","context":"In &quot;Religions- &amp; Kirchenkritik, S\u00e4kulare Szene&quot;","block_context":{"text":"Religions- &amp; Kirchenkritik, S\u00e4kulare Szene","link":"https:\/\/www.freidenker.org\/?cat=15"},"img":{"alt_text":"","src":"https:\/\/i0.wp.com\/www.freidenker.org\/fw17\/wp-content\/uploads\/2022\/11\/Leo-Tolstoi_800x450.jpg?fit=800%2C450&ssl=1&resize=350%2C200","width":350,"height":200,"srcset":"https:\/\/i0.wp.com\/www.freidenker.org\/fw17\/wp-content\/uploads\/2022\/11\/Leo-Tolstoi_800x450.jpg?fit=800%2C450&ssl=1&resize=350%2C200 1x, https:\/\/i0.wp.com\/www.freidenker.org\/fw17\/wp-content\/uploads\/2022\/11\/Leo-Tolstoi_800x450.jpg?fit=800%2C450&ssl=1&resize=525%2C300 1.5x, https:\/\/i0.wp.com\/www.freidenker.org\/fw17\/wp-content\/uploads\/2022\/11\/Leo-Tolstoi_800x450.jpg?fit=800%2C450&ssl=1&resize=700%2C400 2x"},"classes":[]},{"id":7313,"url":"https:\/\/www.freidenker.org\/?p=7313","url_meta":{"origin":502,"position":2},"title":"FREIDENKER 4-19  \u2013 Klima im Wandel der Zeit","author":"Webredaktion","date":"18. Dezember 2019","format":false,"excerpt":"Die Ausgabe 4-19 des Verbandsorgans FREIDENKER hat das Schwerpunkt-Thema \u201eKlima im Wandel der Zeit\u201c und enth\u00e4lt u.a. folgende Beitr\u00e4ge: - Klaus Hartmann: Kapitalismus, Umweltzerst\u00f6rung und Klimastreit - William F. Engdahl: Das Klima und die Spur des Geldes - Cory Morningstar \u00fcber \u201edie Greta-Konsens-Fabrikation\u201c - Hans-J\u00fcrgen Bandelt: Die Klima-T\u00e4uscher - Annett\u2026","rel":"","context":"In &quot;Verbandsorgan FREIDENKER&quot;","block_context":{"text":"Verbandsorgan FREIDENKER","link":"https:\/\/www.freidenker.org\/?cat=8"},"img":{"alt_text":"","src":"https:\/\/i0.wp.com\/www.freidenker.org\/fw17\/wp-content\/uploads\/2019\/12\/FD_2019-04_Titel_mR.jpg?fit=800%2C445&ssl=1&resize=350%2C200","width":350,"height":200,"srcset":"https:\/\/i0.wp.com\/www.freidenker.org\/fw17\/wp-content\/uploads\/2019\/12\/FD_2019-04_Titel_mR.jpg?fit=800%2C445&ssl=1&resize=350%2C200 1x, https:\/\/i0.wp.com\/www.freidenker.org\/fw17\/wp-content\/uploads\/2019\/12\/FD_2019-04_Titel_mR.jpg?fit=800%2C445&ssl=1&resize=525%2C300 1.5x, https:\/\/i0.wp.com\/www.freidenker.org\/fw17\/wp-content\/uploads\/2019\/12\/FD_2019-04_Titel_mR.jpg?fit=800%2C445&ssl=1&resize=700%2C400 2x"},"classes":[]},{"id":3276,"url":"https:\/\/www.freidenker.org\/?p=3276","url_meta":{"origin":502,"position":3},"title":"Warum es keinen \u201eWissenschaftlichen Atheismus\u201c geben kann","author":"Webredaktion","date":"17. M\u00e4rz 2008","format":false,"excerpt":"Beitrag von Hans Lutter aus: FREIDENKER 1-08 Jahrzehntelang gebrauchten wir in allen sozialistischen L\u00e4ndern den aus der Sowjetunion stammenden Begriff \u201eWissenschaftlicher Atheismus\u201c in dem Sinne, dass es sich um eine Wissenschaftsdisziplin handelt. Im Prozess wachsender Erkenntnis jedoch begriffen wir, dass man auf einem negativen Begriff wie \u201eAtheismus\u201c keine Wissenschaft aufbauen\u2026","rel":"","context":"In &quot;Weltanschauung &amp; Philosophie&quot;","block_context":{"text":"Weltanschauung &amp; Philosophie","link":"https:\/\/www.freidenker.org\/?cat=16"},"img":{"alt_text":"","src":"https:\/\/i0.wp.com\/www.freidenker.org\/fw17\/wp-content\/uploads\/2008\/03\/universe-782697_800x445.jpg?fit=800%2C445&ssl=1&resize=350%2C200","width":350,"height":200,"srcset":"https:\/\/i0.wp.com\/www.freidenker.org\/fw17\/wp-content\/uploads\/2008\/03\/universe-782697_800x445.jpg?fit=800%2C445&ssl=1&resize=350%2C200 1x, https:\/\/i0.wp.com\/www.freidenker.org\/fw17\/wp-content\/uploads\/2008\/03\/universe-782697_800x445.jpg?fit=800%2C445&ssl=1&resize=525%2C300 1.5x, https:\/\/i0.wp.com\/www.freidenker.org\/fw17\/wp-content\/uploads\/2008\/03\/universe-782697_800x445.jpg?fit=800%2C445&ssl=1&resize=700%2C400 2x"},"classes":[]},{"id":4654,"url":"https:\/\/www.freidenker.org\/?p=4654","url_meta":{"origin":502,"position":4},"title":"15.03.2018 &#8211; Kritik des Computers, Autorenlesung mit Werner Seppmann","author":"Webredaktion","date":"27. Februar 2018","format":false,"excerpt":"Der Deutsche Freidenker-Verband e.V. Quedlinburg und der Rosa-Luxemburg-Club Harz laden am 15.3.2018 um 20:00 Uhr zu einer Autorenlesung mit Werner Seppmann zu seinem Buch \"Kritik des Computers\" aus dem Angroven-Verlag ein.","rel":"","context":"In &quot;Veranstaltungen in den DFV-Landesverb\u00e4nden&quot;","block_context":{"text":"Veranstaltungen in den DFV-Landesverb\u00e4nden","link":"https:\/\/www.freidenker.org\/?cat=19"},"img":{"alt_text":"","src":"https:\/\/i0.wp.com\/www.freidenker.org\/fw17\/wp-content\/uploads\/2018\/02\/buecherfruehling.jpg?fit=800%2C445&ssl=1&resize=350%2C200","width":350,"height":200,"srcset":"https:\/\/i0.wp.com\/www.freidenker.org\/fw17\/wp-content\/uploads\/2018\/02\/buecherfruehling.jpg?fit=800%2C445&ssl=1&resize=350%2C200 1x, https:\/\/i0.wp.com\/www.freidenker.org\/fw17\/wp-content\/uploads\/2018\/02\/buecherfruehling.jpg?fit=800%2C445&ssl=1&resize=525%2C300 1.5x, https:\/\/i0.wp.com\/www.freidenker.org\/fw17\/wp-content\/uploads\/2018\/02\/buecherfruehling.jpg?fit=800%2C445&ssl=1&resize=700%2C400 2x"},"classes":[]},{"id":5186,"url":"https:\/\/www.freidenker.org\/?p=5186","url_meta":{"origin":502,"position":5},"title":"Klaus Hartmann: Was ist der Mensch?","author":"Webredaktion","date":"3. Juni 2018","format":false,"excerpt":"Zum 200. Geburtstag des wirkm\u00e4chtigen Philosophen Karl Marx veranstaltete der Deutsche Freidenker-Verband am 28. April 2018 in Hannover die wissenschaftliche Konferenz \"Individuum und Gesellschaft \u2013 Menschenbild und Pers\u00f6nlichkeitstheorie im Marxismus\". ... Unter wesentlicher Bezugnahme auf drei neuzeitliche Philosophen und Kulturwissenschaftler (Erich Hahn, Alfred Kurella, Lucien S\u00e9ve) zieht der Vorsitzende des\u2026","rel":"","context":"In &quot;Geschichte&quot;","block_context":{"text":"Geschichte","link":"https:\/\/www.freidenker.org\/?cat=1162"},"img":{"alt_text":"","src":"https:\/\/i0.wp.com\/www.freidenker.org\/fw17\/wp-content\/uploads\/2018\/06\/karl_marx_konferenz_hartmann_800x445.jpg?fit=800%2C445&ssl=1&resize=350%2C200","width":350,"height":200,"srcset":"https:\/\/i0.wp.com\/www.freidenker.org\/fw17\/wp-content\/uploads\/2018\/06\/karl_marx_konferenz_hartmann_800x445.jpg?fit=800%2C445&ssl=1&resize=350%2C200 1x, https:\/\/i0.wp.com\/www.freidenker.org\/fw17\/wp-content\/uploads\/2018\/06\/karl_marx_konferenz_hartmann_800x445.jpg?fit=800%2C445&ssl=1&resize=525%2C300 1.5x, https:\/\/i0.wp.com\/www.freidenker.org\/fw17\/wp-content\/uploads\/2018\/06\/karl_marx_konferenz_hartmann_800x445.jpg?fit=800%2C445&ssl=1&resize=700%2C400 2x"},"classes":[]}],"_links":{"self":[{"href":"https:\/\/www.freidenker.org\/index.php?rest_route=\/wp\/v2\/posts\/502","targetHints":{"allow":["GET"]}}],"collection":[{"href":"https:\/\/www.freidenker.org\/index.php?rest_route=\/wp\/v2\/posts"}],"about":[{"href":"https:\/\/www.freidenker.org\/index.php?rest_route=\/wp\/v2\/types\/post"}],"author":[{"embeddable":true,"href":"https:\/\/www.freidenker.org\/index.php?rest_route=\/wp\/v2\/users\/2"}],"replies":[{"embeddable":true,"href":"https:\/\/www.freidenker.org\/index.php?rest_route=%2Fwp%2Fv2%2Fcomments&post=502"}],"version-history":[{"count":0,"href":"https:\/\/www.freidenker.org\/index.php?rest_route=\/wp\/v2\/posts\/502\/revisions"}],"wp:featuredmedia":[{"embeddable":true,"href":"https:\/\/www.freidenker.org\/index.php?rest_route=\/wp\/v2\/media\/2529"}],"wp:attachment":[{"href":"https:\/\/www.freidenker.org\/index.php?rest_route=%2Fwp%2Fv2%2Fmedia&parent=502"}],"wp:term":[{"taxonomy":"category","embeddable":true,"href":"https:\/\/www.freidenker.org\/index.php?rest_route=%2Fwp%2Fv2%2Fcategories&post=502"},{"taxonomy":"post_tag","embeddable":true,"href":"https:\/\/www.freidenker.org\/index.php?rest_route=%2Fwp%2Fv2%2Ftags&post=502"}],"curies":[{"name":"wp","href":"https:\/\/api.w.org\/{rel}","templated":true}]}}