{"id":497,"date":"2007-12-16T17:31:25","date_gmt":"2007-12-16T16:31:25","guid":{"rendered":"http:\/\/www.freidenker.org\/fw17\/?p=497"},"modified":"2018-02-18T23:29:02","modified_gmt":"2018-02-18T22:29:02","slug":"weltzivilisation-im-wuergegriff-der-superreichen","status":"publish","type":"post","link":"https:\/\/www.freidenker.org\/?p=497","title":{"rendered":"FREIDENKER 4-07 &#8211; Weltzivilisation im W\u00fcrgegriff der Superreichen"},"content":{"rendered":"<h5><strong>Inhalt:<\/strong>\u00a0Editorial &#8211;\u00a0Thema<\/h5>\n<p>Rainer Rupp: <a href=\"https:\/\/www.freidenker.org\/?p=3278\">Die M\u00e4chtigen und ihre ,heilige Ordnung\u2018<\/a> |\u00a0Klaus von Raussendorff: <a href=\"https:\/\/www.freidenker.org\/?p=3281\">Wer regiert die Welt?<\/a> |\u00a0Christian Christians: <a href=\"https:\/\/www.freidenker.org\/?p=3283\">Au\u00dfenpolitische Denkfabriken\u00a0 und Netzwerke<\/a> |\u00a0Cathrin Sch\u00fctz: <a href=\"https:\/\/www.freidenker.org\/?p=3285\">\u201eNicht\u201c-Regierungs-organisationen?<\/a> |\u00a0Bernd Fricke: <a href=\"https:\/\/www.freidenker.org\/?p=3287\">Die Macht der Medien<\/a> |\u00a0Andr\u00e9 Scheer:\u00a0 <a href=\"https:\/\/www.freidenker.org\/?p=3289\">Bank des S\u00fcdens \u2013 Alternative zu Weltbank und IWF?<\/a> |\u00a0Peter Betscher: Geschichte, Gegenwart und Zukunft Kubas<\/p>\n<p><strong>Meldungen, Meinungen<br \/>\nAlbrecht Sylla: Arriba los pobres del mundo!<br \/>\nAus den Landesverb\u00e4nden<\/strong><\/p>\n<p>Chronik<br \/>\nBericht \u00fcber die Konferenz zum 90. Jahrestag der Oktoberrevolution<br \/>\nErstes Treffen AK International<br \/>\nGegen die Vorratsdatenspeicherung<br \/>\nGratulation zum 90. Geburtstag von Prof. Dr. Kurt Gossweiler<br \/>\nLiebknecht-Luxemburg-Demonstration<br \/>\nNachruf Prof. Dr. Eschke<br \/>\n<strong><strong><br \/>\nB\u00fccher f\u00fcr Freidenker <\/strong><\/strong><\/p>\n<p>&nbsp;<\/p>\n","protected":false},"excerpt":{"rendered":"<p><strong>Die Ausgabe 4-07 des Verbandsorgans FREIDENKER hat das Schwerpunkt-Thema \u201eWeltzivilisation im W\u00fcrgegriff der Superreichen\u201c und enth\u00e4lt u.a folgende Beitr\u00e4ge:<\/strong><br \/>\n&#8211; Rainer Rupp: Die M\u00e4chtigen und ihre ,heilige Ordnung\u2018<br \/>\n&#8211; Klaus von Raussendorff: Wer regiert die Welt?<br \/>\n&#8211; Christian Christians: Au\u00dfenpolitische Denkfabriken und Netzwerke<br \/>\n&#8211; Cathrin Sch\u00fctz: \u201eNicht\u201c-Regierungs-organisationen?<br \/>\n&#8211; Bernd Fricke: Die Macht der Medien<br \/>\n&#8211; Andr\u00e9 Scheer:  Bank des S\u00fcdens \u2013 Alternative zu Weltbank und IWF?<br \/>\n&#8211; Peter Betscher: Geschichte, Gegenwart und Zukunft Kubas<\/p>\n","protected":false},"author":2,"featured_media":2528,"comment_status":"closed","ping_status":"closed","sticky":false,"template":"","format":"standard","meta":{"colormag_page_container_layout":"default_layout","colormag_page_sidebar_layout":"default_layout","advanced_seo_description":"","jetpack_seo_html_title":"","jetpack_seo_noindex":false,"jetpack_post_was_ever_published":false,"footnotes":""},"categories":[8],"tags":[217,26,404,441,553,552],"class_list":["post-497","post","type-post","status-publish","format-standard","has-post-thumbnail","hentry","category-verbandsorgan-freidenker","tag-ausbeutung","tag-freidenker","tag-imperialismus","tag-kapitalismus","tag-superreiche","tag-zivilisation"],"jetpack_featured_media_url":"https:\/\/i0.wp.com\/www.freidenker.org\/fw17\/wp-content\/uploads\/2017\/12\/FD_2007-04_Titel_mR.jpg?fit=800%2C445&ssl=1","jetpack_shortlink":"https:\/\/wp.me\/p9stpK-81","jetpack-related-posts":[{"id":14621,"url":"https:\/\/www.freidenker.org\/?p=14621","url_meta":{"origin":497,"position":0},"title":"Freidenker-Zitate zum Nachdenken","author":"Webredaktion","date":"7. November 2022","format":false,"excerpt":"Information zur Webseite \"Freidenker-Galerie\" von Rainer Ostendorf Die Freidenker Galerie zeigt in verschiedenen Themen-Galerien ber\u00fchmte Zitate und Spr\u00fcche von ber\u00fchmten Dichtern und Denkern zum Thema Leben - Zitate, Weisheiten, Aphorismen und Spr\u00fcche, die zum Nachdenken und Schmunzeln anregen. Sie finden in der Online-Galerie Zitate, lustige Spr\u00fcche und weise Spr\u00fcche von\u2026","rel":"","context":"In &quot;Religions- &amp; Kirchenkritik, S\u00e4kulare Szene&quot;","block_context":{"text":"Religions- &amp; Kirchenkritik, S\u00e4kulare Szene","link":"https:\/\/www.freidenker.org\/?cat=15"},"img":{"alt_text":"","src":"https:\/\/i0.wp.com\/www.freidenker.org\/fw17\/wp-content\/uploads\/2022\/11\/Leo-Tolstoi_800x450.jpg?fit=800%2C450&ssl=1&resize=350%2C200","width":350,"height":200,"srcset":"https:\/\/i0.wp.com\/www.freidenker.org\/fw17\/wp-content\/uploads\/2022\/11\/Leo-Tolstoi_800x450.jpg?fit=800%2C450&ssl=1&resize=350%2C200 1x, https:\/\/i0.wp.com\/www.freidenker.org\/fw17\/wp-content\/uploads\/2022\/11\/Leo-Tolstoi_800x450.jpg?fit=800%2C450&ssl=1&resize=525%2C300 1.5x, https:\/\/i0.wp.com\/www.freidenker.org\/fw17\/wp-content\/uploads\/2022\/11\/Leo-Tolstoi_800x450.jpg?fit=800%2C450&ssl=1&resize=700%2C400 2x"},"classes":[]},{"id":1146,"url":"https:\/\/www.freidenker.org\/?p=1146","url_meta":{"origin":497,"position":1},"title":"Freidenker-Brief 3-2016: Freidenker-Verbandstag und KenFM-Interview mit Klaus Hartmann","author":"Webredaktion","date":"7. Juni 2016","format":false,"excerpt":"Der \"Freidenker-Brief\" gibt zun\u00e4chst die Presseerkl\u00e4rung zum Freidenker-Verbandstag wieder, und verweist auf ein Telefon-Interview von KenFM mit Klaus Hartmann, in dem der DFV-Bundesvorsitzende erl\u00e4utert, wer die Freidenker sind, woher sie kommen, wof\u00fcr die stehen, und wie sie in der Friedenbewegung aktiv sind. Klaus Hartmann vertritt darin die Auffassung, dass die\u2026","rel":"","context":"In &quot;Freidenker-Brief&quot;","block_context":{"text":"Freidenker-Brief","link":"https:\/\/www.freidenker.org\/?cat=341"},"img":{"alt_text":"","src":"https:\/\/i0.wp.com\/www.freidenker.org\/fw17\/wp-content\/uploads\/2016\/06\/news-1713669_800x445.jpg?fit=800%2C445&ssl=1&resize=350%2C200","width":350,"height":200,"srcset":"https:\/\/i0.wp.com\/www.freidenker.org\/fw17\/wp-content\/uploads\/2016\/06\/news-1713669_800x445.jpg?fit=800%2C445&ssl=1&resize=350%2C200 1x, https:\/\/i0.wp.com\/www.freidenker.org\/fw17\/wp-content\/uploads\/2016\/06\/news-1713669_800x445.jpg?fit=800%2C445&ssl=1&resize=525%2C300 1.5x, https:\/\/i0.wp.com\/www.freidenker.org\/fw17\/wp-content\/uploads\/2016\/06\/news-1713669_800x445.jpg?fit=800%2C445&ssl=1&resize=700%2C400 2x"},"classes":[]},{"id":197,"url":"https:\/\/www.freidenker.org\/?p=197","url_meta":{"origin":497,"position":2},"title":"Jugendfeier 2005 in M\u00fcnchen","author":"Webmaster","date":"17. Juni 2005","format":false,"excerpt":"Beitrag von Christiane Kr\u00f6ll aus FREIDENKER 2-05 Unter dem Motto \"\u00c4ndere die Welt, sie braucht es.\" begingen in M\u00fcnchen 12 Jugendliche mit rund 100 G\u00e4sten am Vorabend des \"Tages der Befreiung\" ihre Jugendfeier in der Gastst\u00e4tte Weyprechthof. In der Festrede hob Eva Bulling-Schr\u00f6ter, Landesvorsitzende der PDS Bayern und Freidenker-Mitglied, u.a.\u2026","rel":"","context":"In &quot;Jugendweihe &amp; Jugendfeier&quot;","block_context":{"text":"Jugendweihe &amp; Jugendfeier","link":"https:\/\/www.freidenker.org\/?cat=14"},"img":{"alt_text":"","src":"https:\/\/i0.wp.com\/www.freidenker.org\/fw17\/wp-content\/uploads\/2016\/05\/Munch.jpg?fit=800%2C445&ssl=1&resize=350%2C200","width":350,"height":200,"srcset":"https:\/\/i0.wp.com\/www.freidenker.org\/fw17\/wp-content\/uploads\/2016\/05\/Munch.jpg?fit=800%2C445&ssl=1&resize=350%2C200 1x, https:\/\/i0.wp.com\/www.freidenker.org\/fw17\/wp-content\/uploads\/2016\/05\/Munch.jpg?fit=800%2C445&ssl=1&resize=525%2C300 1.5x, https:\/\/i0.wp.com\/www.freidenker.org\/fw17\/wp-content\/uploads\/2016\/05\/Munch.jpg?fit=800%2C445&ssl=1&resize=700%2C400 2x"},"classes":[]},{"id":3108,"url":"https:\/\/www.freidenker.org\/?p=3108","url_meta":{"origin":497,"position":3},"title":"DFV Nord protestiert gegen die Verquickung von Schule und Kirche in Hamburg","author":"Webredaktion","date":"24. August 2012","format":false,"excerpt":"Der Deutsche Freidenker-Verband Nord e. V. protestiert scharf gegen die Beeinflussung von Lehrerinnen und Lehrern an Hamburger Schulen. Diese werden \u00fcber ihre Schulleitungen zum Gottesdienst in eine Hamburger Kirche vom P\u00e4dagogisch- Theologischen Institut zum 28. August eingeladen. Der Vorstand des DFV Nord fordert die Schulleitungen auf, dieses Ansinnen der Kircheninstitution\u2026","rel":"","context":"In &quot;Religions- &amp; Kirchenkritik, S\u00e4kulare Szene&quot;","block_context":{"text":"Religions- &amp; Kirchenkritik, S\u00e4kulare Szene","link":"https:\/\/www.freidenker.org\/?cat=15"},"img":{"alt_text":"","src":"https:\/\/i0.wp.com\/www.freidenker.org\/fw17\/wp-content\/uploads\/2012\/08\/cross-2598303_800x445.jpg?fit=800%2C445&ssl=1&resize=350%2C200","width":350,"height":200,"srcset":"https:\/\/i0.wp.com\/www.freidenker.org\/fw17\/wp-content\/uploads\/2012\/08\/cross-2598303_800x445.jpg?fit=800%2C445&ssl=1&resize=350%2C200 1x, https:\/\/i0.wp.com\/www.freidenker.org\/fw17\/wp-content\/uploads\/2012\/08\/cross-2598303_800x445.jpg?fit=800%2C445&ssl=1&resize=525%2C300 1.5x, https:\/\/i0.wp.com\/www.freidenker.org\/fw17\/wp-content\/uploads\/2012\/08\/cross-2598303_800x445.jpg?fit=800%2C445&ssl=1&resize=700%2C400 2x"},"classes":[]},{"id":23999,"url":"https:\/\/www.freidenker.org\/?p=23999","url_meta":{"origin":497,"position":4},"title":"Neue Aufkleber &#8222;Kriegsdienstpflicht&#8220; und &#8222;Gesellschaftspflichtjahr&#8220;","author":"Webredaktion","date":"26. Dezember 2025","format":false,"excerpt":"Im Zuge der von Pistorius, Merz und anderen \"Spitzen\" der Bundesregierung betriebenen Kriegsert\u00fcchtigung wurde die \"Wehrpflicht\" durch Gesetz wiedereingef\u00fchrt. Falls sich nicht gen\u00fcgend Freiwillige als Kanonenfutter finden, soll die Zwangsrekutierung folgen. Der Deutsche Freidenker-Verband solidarisiert sich mit den Sch\u00fclerprotesten gegen die Pflicht zum Kriegsdienst und steuert zur Unterst\u00fctzung einen neuen\u2026","rel":"","context":"In &quot;Frieden - Antifaschismus - Solidarit\u00e4t&quot;","block_context":{"text":"Frieden - Antifaschismus - Solidarit\u00e4t","link":"https:\/\/www.freidenker.org\/?cat=13"},"img":{"alt_text":"","src":"https:\/\/i0.wp.com\/www.freidenker.org\/fw17\/wp-content\/uploads\/2025\/12\/Aufkleber_Kriegsdienstpflicht_und_Gesellschaftspflichtjahr.jpg?fit=800%2C450&ssl=1&resize=350%2C200","width":350,"height":200,"srcset":"https:\/\/i0.wp.com\/www.freidenker.org\/fw17\/wp-content\/uploads\/2025\/12\/Aufkleber_Kriegsdienstpflicht_und_Gesellschaftspflichtjahr.jpg?fit=800%2C450&ssl=1&resize=350%2C200 1x, https:\/\/i0.wp.com\/www.freidenker.org\/fw17\/wp-content\/uploads\/2025\/12\/Aufkleber_Kriegsdienstpflicht_und_Gesellschaftspflichtjahr.jpg?fit=800%2C450&ssl=1&resize=525%2C300 1.5x, https:\/\/i0.wp.com\/www.freidenker.org\/fw17\/wp-content\/uploads\/2025\/12\/Aufkleber_Kriegsdienstpflicht_und_Gesellschaftspflichtjahr.jpg?fit=800%2C450&ssl=1&resize=700%2C400 2x"},"classes":[]},{"id":502,"url":"https:\/\/www.freidenker.org\/?p=502","url_meta":{"origin":497,"position":5},"title":"FREIDENKER 1-08 &#8211; Religion und Weltanschauung &#8211; Positionen der Freidenker","author":"Webmaster","date":"16. M\u00e4rz 2008","format":false,"excerpt":"Die Ausgabe 1-08 des Verbandsorgans FREIDENKER hat das Schwerpunkt-Thema \u201eReligion und Weltanschauung\u201c und enth\u00e4lt u.a folgende Beitr\u00e4ge: - Hans-G\u00fcnter Eschke: Menschenw\u00fcrde - Ernst Woit: USA-Strategen \u00fcber die wachsende ideologische Bedeutung der Religionen - Interview mit Peter Franz: Kirchenkritik aus der Sicht eines Christen und Sozialisten - Hans Lutter: Warum es\u2026","rel":"","context":"In &quot;Verbandsorgan FREIDENKER&quot;","block_context":{"text":"Verbandsorgan FREIDENKER","link":"https:\/\/www.freidenker.org\/?cat=8"},"img":{"alt_text":"","src":"https:\/\/i0.wp.com\/www.freidenker.org\/fw17\/wp-content\/uploads\/2017\/12\/FD_2008-01_Titel_mR.jpg?fit=800%2C445&ssl=1&resize=350%2C200","width":350,"height":200,"srcset":"https:\/\/i0.wp.com\/www.freidenker.org\/fw17\/wp-content\/uploads\/2017\/12\/FD_2008-01_Titel_mR.jpg?fit=800%2C445&ssl=1&resize=350%2C200 1x, https:\/\/i0.wp.com\/www.freidenker.org\/fw17\/wp-content\/uploads\/2017\/12\/FD_2008-01_Titel_mR.jpg?fit=800%2C445&ssl=1&resize=525%2C300 1.5x, https:\/\/i0.wp.com\/www.freidenker.org\/fw17\/wp-content\/uploads\/2017\/12\/FD_2008-01_Titel_mR.jpg?fit=800%2C445&ssl=1&resize=700%2C400 2x"},"classes":[]}],"_links":{"self":[{"href":"https:\/\/www.freidenker.org\/index.php?rest_route=\/wp\/v2\/posts\/497","targetHints":{"allow":["GET"]}}],"collection":[{"href":"https:\/\/www.freidenker.org\/index.php?rest_route=\/wp\/v2\/posts"}],"about":[{"href":"https:\/\/www.freidenker.org\/index.php?rest_route=\/wp\/v2\/types\/post"}],"author":[{"embeddable":true,"href":"https:\/\/www.freidenker.org\/index.php?rest_route=\/wp\/v2\/users\/2"}],"replies":[{"embeddable":true,"href":"https:\/\/www.freidenker.org\/index.php?rest_route=%2Fwp%2Fv2%2Fcomments&post=497"}],"version-history":[{"count":0,"href":"https:\/\/www.freidenker.org\/index.php?rest_route=\/wp\/v2\/posts\/497\/revisions"}],"wp:featuredmedia":[{"embeddable":true,"href":"https:\/\/www.freidenker.org\/index.php?rest_route=\/wp\/v2\/media\/2528"}],"wp:attachment":[{"href":"https:\/\/www.freidenker.org\/index.php?rest_route=%2Fwp%2Fv2%2Fmedia&parent=497"}],"wp:term":[{"taxonomy":"category","embeddable":true,"href":"https:\/\/www.freidenker.org\/index.php?rest_route=%2Fwp%2Fv2%2Fcategories&post=497"},{"taxonomy":"post_tag","embeddable":true,"href":"https:\/\/www.freidenker.org\/index.php?rest_route=%2Fwp%2Fv2%2Ftags&post=497"}],"curies":[{"name":"wp","href":"https:\/\/api.w.org\/{rel}","templated":true}]}}