{"id":4968,"date":"2018-04-07T21:57:14","date_gmt":"2018-04-07T19:57:14","guid":{"rendered":"http:\/\/www.freidenker.org\/?p=4968"},"modified":"2018-06-02T00:26:28","modified_gmt":"2018-06-01T22:26:28","slug":"skandal-im-nato-sperrbezirk","status":"publish","type":"post","link":"https:\/\/www.freidenker.org\/?p=4968","title":{"rendered":"Skandal im NATO-Sperrbezirk"},"content":{"rendered":"<h4>Diether Dehm, der \u201eM\u00f6chtegern-Kultursenator\u201c Lederer und das unverhofft nachhaltige Echo auf die diesj\u00e4hrigen Osterm\u00e4rsche<\/h4>\n<p>Diether Dehm sei Dank: Seine Rede beim Berliner Ostermarsch sorgte daf\u00fcr, dass die Medienberichterstattung nicht auf Lokalnachrichten oder \u00fcberregional den pflichtschuldigen Nachdruck von Agenturmeldungen beschr\u00e4nkt blieb. Am 02.04.2018 berichtete der \u201eStern\u201c online \u00fcber erste Anzeichen von Emp\u00f6rialismus:<\/p>\n<p style=\"padding-left: 30px;\"><strong>Provokation beim Ostermarsch<\/strong><\/p>\n<h6 style=\"padding-left: 30px;\">Linke-Abgeordneter soll Au\u00dfenminister Maas als &#8222;Nato-Strichjungen&#8220; verunglimpft haben<\/h6>\n<p style=\"padding-left: 30px;\"><strong>Diether Dehm, Bundestagsabgeordneter der Linken, soll Au\u00dfenminister Heiko Maas bei einer Rede als &#8222;gut gestylten Nato-Strichjungen&#8220; bezeichnet haben. Kritik aus der eigenen Partei folgte prompt.<\/strong><\/p>\n<p style=\"padding-left: 30px;\">In zahlreichen deutschen St\u00e4dten haben auch am Karsamstag Menschen f\u00fcr Frieden und Abr\u00fcstung demonstriert. Am Ostermarsch in Berlin nahmen nach Angaben des Netzwerks Friedenskooperative mehr als 2000 Menschen teil. Darunter:\u00a0<a href=\"https:\/\/www.stern.de\/politik\/deutschland\/themen\/diether-dehm-4181312.html\" target=\"_blank\" rel=\"noopener\">Diether Dehm<\/a>, Bundestagsabgeordneter der Linken. Der Politiker demonstrierte etwa gegen eine Erh\u00f6hung der R\u00fcstungsausgaben und Auslandseins\u00e4tze der Bundeswehr (Motto: &#8222;Abr\u00fcsten statt aufr\u00fcsten &#8211; R\u00fcstungsexporte stoppen&#8220;) und teilte bei seiner Rede offenbar m\u00e4chtig aus.<\/p>\n<p style=\"padding-left: 30px;\">Der 67-J\u00e4hrige bezeichnete den Bundesau\u00dfenminister Heiko Maas als &#8222;gut gestylten Nato-Strichjungen&#8220;, wie <a href=\"https:\/\/www.bild.de\/politik\/inland\/heiko-maas\/beleidigung-diether-dehm-55266016.bild.html\" target=\"_blank\" rel=\"noopener\">&#8222;Bild&#8220;<\/a> und <a href=\"https:\/\/www.bz-berlin.de\/berlin\/linke-politiker-dehm-beleidigt-justizminister-als-nato-strichjungen\" target=\"_blank\" rel=\"noopener\">&#8222;B.Z.&#8220;<\/a> unabh\u00e4ngig voneinander berichten. Der Bundesau\u00dfenminister meine, &#8222;jede Rechtm\u00e4\u00dfigkeit und das Grundgesetz mit F\u00fc\u00dfen treten zu m\u00fcssen&#8220;, wird Dehm weiter zitiert.<br \/>\n(<a href=\"https:\/\/www.stern.de\/politik\/deutschland\/heiko-maas-sei-ein--nato-strichjunge----linke-politiker-in-der-kritik-7923866.html\" target=\"_blank\" rel=\"noopener\">https:\/\/www.stern.de\/politik\/deutschland\/heiko-maas-sei-ein&#8211;nato-strichjunge&#8212;-linke-politiker-in-der-kritik-7923866.html<\/a>)<\/p>\n<p>Zwischenfrage: Was ist eigentlich ein Volont\u00e4r? Laut Duden \u201ejemand, der zur Vorbereitung auf seine k\u00fcnftige berufliche (besonders journalistische oder kaufm\u00e4nnische) T\u00e4tigkeit [gegen geringe Bezahlung] in einer Redaktion, in einem kaufm\u00e4nnischen Betrieb o. \u00c4. arbeitet\u201c.<\/p>\n<p>Und was ist ein Volont\u00e4r bei der \u201eBerliner Morgenpost\u201c? Das ist z. B. Julius Betschka, der sich mit seinen Textversuchen f\u00fcr H\u00f6heres empfehlen will. Weil was Trump kann, kann Betschka schon lange: Twittern. Und zwar sowas:<\/p>\n<p style=\"padding-left: 30px;\">\u201eKein Wunder, dass Osterm\u00e4rsche sterben. Sie werden seit Jahren von Russlandverstehern &amp; Verschw\u00f6rungstheoretikern im Friedensaktivistengewand missbraucht.\u201c<br \/>\n(<a href=\"https:\/\/twitter.com\/JuliusBetschka\/status\/980145498953867265\" target=\"_blank\" rel=\"noopener\">https:\/\/twitter.com\/JuliusBetschka\/status\/980145498953867265<\/a> )<\/p>\n<p>Dieses Gezwitscher eines schr\u00e4gen Vogels der Berliner Morgenpost ist nur aus einem Grund von Interesse: Weil dem Berliner Kultursenator Lederer die Zeilen so aus dem Herzen sprachen bzw. er sie so genial fand, dass er sie auf seinem eigenen Twitter-Account \u201eretweeted\u201c (weitergegeben) hat.<\/p>\n<p><strong>Bernhard Loyen <\/strong>kommentiert (<a href=\"https:\/\/kenfm.de\/tagesdosis-5-4-2018-bad-boy-dehm\/\" target=\"_blank\" rel=\"noopener\">https:\/\/kenfm.de\/tagesdosis-5-4-2018-bad-boy-dehm\/<\/a>) unter dem Titel \u201eBad Boy Dehm\u201c:<\/p>\n<p style=\"padding-left: 30px;\">\u201eDie Frankfurter Allgemeine informiert: \u201aDer Bundestagsabgeordnete der Linkspartei, Diether Dehm, ger\u00e4t nach seiner Verbalattacke auf Au\u00dfenminister Heiko Maas in der eigenen Partei unter Druck. Der Berliner Bezirkspolitiker Oliver N\u00f6ll stellte den Antrag auf ein Parteiordnungsverfahren mit dem Ziel des Parteiausschlusses. Parteichef Bernd Riexinger distanzierte sich von Dehms \u00c4u\u00dferungen\u2018 (<a href=\"http:\/\/www.faz.net\/aktuell\/politik\/inland\/diether-dehm-nach-beleidigung-von-heiko-maas-unter-druck-15524499.html\" target=\"_blank\" rel=\"noopener\">http:\/\/www.faz.net\/aktuell\/politik\/inland\/diether-dehm-nach-beleidigung-von-heiko-maas-unter-druck-15524499.html<\/a>).<\/p>\n<p style=\"padding-left: 30px;\">Da jubeln die Erf\u00fcllungsgehilfen in den Redaktionsr\u00e4umen bei Springer &amp; Bertelsmann. Nein, Ecken und Kanten, klare Statements und vor allem R\u00fcckgrat sind in dieser Partei schon lange nicht mehr erw\u00fcnscht.\u201c<\/p>\n<p>Der vorgeblich \u201eLinke\u201c Lederer, dem so sehr an den \u201esterbenden Osterm\u00e4rschen\u201c liegt, sah seine Hoffnungen schwinden, und nimmt folgerichtig seinen Genossen ins Visier:<\/p>\n<p style=\"padding-left: 30px;\"><strong>\u201e<\/strong><strong>Das ist das projizierte Selbstmitleid des in die Tage gekommenen M\u00f6chtegern-Gigolos und M\u00f6chtegern-Popstars, getarnt als politische Haltung. Gewohnt peinlich im Stil, aber schon deshalb lange nicht mehr ernst zu nehmen.<\/strong><strong>\u201c <\/strong><\/p>\n<p>Der M\u00f6chtegern-Kultursenator hat gesprochen.<\/p>\n<p>Worum es geht, fasst <strong>Bernhard Loyen<\/strong> so zusammen:<\/p>\n<p style=\"padding-left: 30px;\">\u201eEin Mitglied der Partei Die Linke, Diether Dehm, h\u00e4lt auf einer Demonstration beim traditionellen Ostermarsch in Berlin eine knackige 16.min\u00fctige Rede und findet deutliche Worte zur aktuellen Kampagne gegen Russland. Er kl\u00e4rt auf, \u00fcber die Diskrepanz milit\u00e4rischer Wehretats von den USA und Russland &amp; China. Sie lauten 900 Milliarden gegen\u00fcber 64, bzw. 120 Milliarden. Er erinnert an die tiefe Wunde die deutsche Soldaten im 2. Weltkrieg in Russland hinterlassen haben. 27 Millionen tote Sowjetb\u00fcrger. Er erkl\u00e4rt die wahren Gr\u00fcnde, Motivationen und Ziele der aktuellen Russland Politik eines Gro\u00dfteils diverser Nato Mitgliedsstaaten. Dann formuliert er seine Definition au\u00dfenpolitischer \u00c4u\u00dferungen, des noch frischen Ministers Maas zu Russland.<\/p>\n<p style=\"padding-left: 30px;\">Focus online fasst die Antrittsrede von Heiko Maas wie folgt zusammen: \u201a<em>Der Fall Skripal brachte das Fass zum \u00dcberlaufen. Maas zeichnet hier eine neue Linie. Und der Fall Skripal ist dabei gewiss nur der ber\u00fchmte Tropfen, der das Fass zum \u00dcberlaufen brachte, auch wenn der Einsatz eines chemischen Kampfstoffes von erheblicher Tragweite ist. Der Westen stand vor der Frage, wie viel Provokation er sich von Russland noch bieten lassen wollte, bevor er ein Stopp-Signal setzte. Da war die Annexion der Krim, die Invasion in der Ost-Ukraine, wo angeblich einige russische Soldaten lediglich Urlaub machten. Es gab den Abschuss des Passagierflugzeugs MH17 und das provokante Vorgehen in Syrien und \u2013 nicht zu vergessen \u2013 die Cyber-Attacken auf die IT-Systeme von Bundesregierung und Bundestag\u2018<br \/>\n(<\/em><a href=\"https:\/\/www.focus.de\/politik\/deutschland\/harte-linie-gegenueber-moskau-maas-setzt-deutlich-andere-akzente-als-sein-vorgaenger-und-nimmt-widerspruch-aus-der-spd-in-kauf_id_8684376.html\" target=\"_blank\" rel=\"noopener\">https:\/\/www.focus.de\/politik\/deutschland\/harte-linie-gegenueber-moskau-maas-setzt-deutlich-andere-akzente-als-sein-vorgaenger-und-nimmt-widerspruch-aus-der-spd-in-kauf_id_8684376.html<\/a><em>).<\/em><\/p>\n<p style=\"padding-left: 30px;\">Dehm erwiderte diesen Ausf\u00fchrungen und dem Monate langen Russland Bashing die nun kritisierte Formulierung:<\/p>\n<p style=\"padding-left: 30px;\"><em>Das ist nun die Situation, in der ein gut gestylter Nato-Strichjunge, ich wiederhole das nochmal, ein gut gestylter Nato-Strichjunge Heiko Maas meint jede Rechtm\u00e4\u00dfigkeit und das Grundgesetz mit F\u00fc\u00dfen treten zu m\u00fcssen<br \/>\n(<\/em><a href=\"https:\/\/www.youtube.com\/watch?v=Nb9MG-sRPA8&amp;time_continue=335\" target=\"_blank\" rel=\"noopener\">https:\/\/www.youtube.com\/watch?v=Nb9MG-sRPA8&amp;time_continue=335<\/a><em>).<\/em><\/p>\n<p style=\"padding-left: 30px;\">Voila, da haben wir den Skandal. Was erregt nun bundesweit so viele Gem\u00fcter? Nein, nicht die \u00c4u\u00dferungen von Herrn Maas zu Russland. Nein, nicht die B\u00fcndnistreue unserer Regierung zu der Lachnummer aus England. Nicht das Schweigen unserer Politiker zu jahrzehntelangen Provokationen der USA und anderer Nato Mitgliedsstaaten gegen\u00fcber Russland und den damit verbundenen Friedensgef\u00e4hrdungen. Es ist das Bindestrichwort Nato- Strichjunge. H\u00e4tte Dehm Nato-Marionette, -Faktotum, -Laufbursche, -B\u00fcckling, oder -Knappe gerufen, h\u00e4tte es keinerlei Aufschrei gegeben. Wo nun der Bindestrich im Manuskript gesetzt war, ob nach Nato, oder Strich ist v\u00f6llig nebens\u00e4chlich.\u201c<\/p>\n<p>In seinem FAZ-Interview wurde der Delinquent auch nach seiner \u201eWortwahl\u201c befragt, und antwortete:<\/p>\n<p style=\"padding-left: 30px;\">\u201e\u00dcber die Wortwahl l\u00e4sst sich streiten. Und ich verstehe auch Kritik daran von Mitstreitern. Man kann das alles auch anders formulieren. Sicher, ich h\u00e4tte besser Nato-Strichm\u00e4nnchen sagen sollen, damit sich niemand sonst diskriminiert f\u00fchlt. Aber <strong>eine politdiplomatische, unauff\u00e4lligere Wortwahl versinkt meist im Mainstreambrei<\/strong>. Das halte ich f\u00fcr genauso unangemessen, wie ich es einst f\u00fcr falsch gehalten hatte, auf Stra\u00dfenblockaden gegen Atomraketen zu verzichten oder auf anderen zivilen Ungehorsam. Es gibt ja auch sprachliche Formen von zivilem Ungehorsam.\u201c<\/p>\n<p>Um was es jedoch gehen m\u00fcsste:<\/p>\n<p style=\"padding-left: 30px;\">\u201eEs gibt eine Pentagon-Studie aus dem Dezember 2017, in der gesagt wird, nicht die Dschihadisten und nicht die IS-Terroristen seien der Hauptfeind der USA, sondern Russland. Und nat\u00fcrlich geht es auch um \u00f6konomische Konzerninteressen. Es geht also auch um eine Propagandaschlacht f\u00fcr das US-Fracking-Gas und gegen das billigere Gas, also gegen den Bau der russischen Pipeline &#8222;Northstream II&#8220;. [&#8230;] Und dies alles spielt mit dem dritten Weltkrieg. (\u2026)Und dass da jetzt Mitglieder der Bundesregierung, statt zu m\u00e4\u00dfigen und zu vermitteln, sofort als erste Amtshandlung in dieses NATO-Horn blasen, ist gef\u00e4hrlich. Heiko Maas ist ein Volljurist, der die Unschuldsvermutung kennt und auch als Au\u00dfenminister und oberster Diplomat zur Umsicht angehalten ist. Aber er hat sich allemal so undiplomatisch verhalten wie ich.\u201c<br \/>\n(<a href=\"http:\/\/www.faz.net\/aktuell\/politik\/inland\/heiko-maas-als-nato-strichjunge-diether-dehm-verteidigt-sich-15526233.html\" target=\"_blank\" rel=\"noopener\">http:\/\/www.faz.net\/aktuell\/politik\/inland\/heiko-maas-als-nato-strichjunge-diether-dehm-verteidigt-sich-15526233.html<\/a>)<\/p>\n<p><strong>Rainer Rupp<\/strong>, Beiratsmitglied des Freidenkerverbandes, kommentiert unter \u201e\u2018Linke\u2018 Liebesdiener der NATO\u201c (<a href=\"https:\/\/kenfm.de\/tagesdosis-6-4-2018-linke-liebesdiener-der-nato\/\" target=\"_blank\" rel=\"noopener\">https:\/\/kenfm.de\/tagesdosis-6-4-2018-linke-liebesdiener-der-nato\/<\/a>), und ihn<\/p>\n<p style=\"padding-left: 30px;\">\u201ewundert es auch nicht, dass die \u201eQuerfront\u201c-Inquisitoren des Berliner Landesverbands der Partei \u201eDie Linke\u201c den Ostermarschaufruf f\u00fcr Berlin nicht mitunterzeichnet haben. Der Grund war, dass den Berliner \u201eLinken\u201c unter F\u00fchrung von Lederer die eindeutigen Aussagen im Text des Aufrufs \u00fcber NATO und Russland nicht gepasst haben.<br \/>\n(<a href=\"http:\/\/www.frikoberlin.de\/oster\/2018\/om2018_flyer.pdf\" target=\"_blank\" rel=\"noopener\">http:\/\/www.frikoberlin.de\/oster\/2018\/om2018_flyer.pdf<\/a>)<\/p>\n<p style=\"padding-left: 30px;\">Nachfolgend eine der f\u00fcr die Berliner Lederer-\u201eLinke\u201c anst\u00f6\u00dfigen Textstellen: \u201aSteht Russland angriffsbereit an den Grenzen der westlichen Industriel\u00e4nder? Nein. Erh\u00f6ht Russland seine Milit\u00e4rausgaben? Nein, es verringert sie sogar. Hat es einen Raketenabwehrschirm aufgebaut? Nein! Aber die NATO steht schon an den Grenzen Russlands und h\u00e4lt dort Man\u00f6ver ab, hat viermal so viel Soldaten wie Russland, gibt zehnmal so viel f\u00fcr das Milit\u00e4r aus und hat beschlossen, ihre Milit\u00e4rhaushalte noch erheblich zu erh\u00f6hen. Wir wissen, dass jede weitere NATO-Waffe Spannungen erh\u00f6ht und milit\u00e4rische Gegenma\u00dfnahmen ausl\u00f6sen kann. Deshalb wollen wir, dass Bundeswehr und NATO abr\u00fcsten. Das ist das einzig richtige Signal f\u00fcr vertrauensbildende Ma\u00dfnahmen und eine Politik der Entspannung!\u2018<\/p>\n<p style=\"padding-left: 30px;\">Der Textauszug ist in der Tat starker Tobak, mit dem sich ein \u201aLinker\u2018, der mit der M\u00f6glichkeit lieb\u00e4ugelt, bei den n\u00e4chsten Wahlen im Bund Regierungsverantwortung zu \u00fcbernehmen, unm\u00f6glich identifizieren kann. So ist es denn auch nur folgerichtig, wenn Lederer zu denen in der \u201aLinken\u2018 geh\u00f6rt, die sich am meisten \u00fcber Diether Dehms zutreffende Beschreibung des neuen deutschen Au\u00dfenministers Heiko Maas als gut gestylten \u201aStrichjungen der NATO\u2018 aufregen. Nun ist die Emp\u00f6rung unter den linken Ank\u00f6mmlingen und Karrieristen gro\u00df. Man echauffiert sich \u00fcber Dehms Versto\u00df gegen die guten Sitten durch seine politisch inkorrekte Wortwahl, anstatt gem\u00e4\u00df der friedenspolitischen Beschlusslage der Linkspartei die NATO-Kriegspolitik und das Mittun der CDUCSUSPD-Einheitspartei anzuprangern.<\/p>\n<p style=\"padding-left: 30px;\">Da sind viele Leser der konservativen FAZ linker als die Berliner Lederer-Linken. Etwa die H\u00e4lfte der Kommentare auf Dieter Dehms Interview in der FAZ, in der er sein Strichjungen-Zitat nochmals bekr\u00e4ftigt, stimmt dem Mitglied der Linksfraktion im Bundestag Dehm zu. \u201aWo Dehm recht hat, hat er recht\u2018, war der Tenor. Nur in einem Punkt wird Dehm auf einen Fehler hingewiesen, als er Bezug nehmend zur britischen Skripal-Novichok-Provokation gegen Russland sagte:<\/p>\n<p style=\"padding-left: 30px;\">\u201a \u2026.und dies alles spielt mit dem dritten Weltkrieg. Und dass da jetzt Mitglieder der Bundesregierung, statt zu m\u00e4\u00dfigen und zu vermitteln, sofort als erste Amtshandlung in dieses NATO-Horn blasen, ist gef\u00e4hrlich. Heiko Maas ist ein Volljurist, der die Unschuldsvermutung kennt und auch als Au\u00dfenminister und oberster Diplomat zur Umsicht angehalten ist.\u2018<\/p>\n<p style=\"padding-left: 30px;\">Ein Leser verweist Dehm darauf, dass \u201aHerr Maas kein Volljurist\u2018 sei. Er habe \u201anur ein Staatsexamen, d.h. eine unvollst\u00e4ndige Ausbildung wie viele unserer Politiker. Ansonsten Danke, Herr Dehm \u2013 wenn ich auch nicht zu Ihrer Seite neige, freue ich mich dennoch \u00fcber handfeste, ehrliche Politikerpers\u00f6nlichkeiten \u2026 da fallen mir nicht mehr viele ein.\u2018\u201c<\/p>\n<p><strong>Diesem \u201eDanke\u201c an unseren Genossen Diether Dehm schlie\u00dfen wir uns ausdr\u00fccklich an.<\/strong><\/p>\n<p><em>Webredaktion<\/em><\/p>\n<hr \/>\n<p>Die komplette Rede von Dieter Dehm beim Berliner Ostermarsch 2018 kann hier angesehen werden: <a href=\"https:\/\/www.youtube.com\/watch?v=Nb9MG-sRPA8\" target=\"_blank\" rel=\"noopener\">https:\/\/www.youtube.com\/watch?v=Nb9MG-sRPA8<\/a><\/p>\n<p>Direktlink zur anst\u00f6\u00dfigen Textstelle: <a href=\"https:\/\/www.youtube.com\/watch?v=Nb9MG-sRPA8&amp;time_continue=335\" target=\"_blank\" rel=\"noopener\">https:\/\/www.youtube.com\/watch?v=Nb9MG-sRPA8&amp;time_continue=335<\/a><\/p>\n<hr \/>\n<p>Bild: Dieter Dehm bei seiner Rede anl\u00e4sslich des Ostermarsches am 31.03.2018 in Berlin<br \/>\nFoto: Screenshot aus dem <a href=\"https:\/\/www.youtube.com\/watch?v=Nb9MG-sRPA8\" target=\"_blank\" rel=\"noopener\">Video von WeltnetzTV<\/a><\/p>\n","protected":false},"excerpt":{"rendered":"<p>Diether Dehm sei Dank: Seine Rede beim Berliner Ostermarsch sorgte daf\u00fcr, dass die Medienberichterstattung nicht auf Lokalnachrichten oder \u00fcberregional den pflichtschuldigen Nachdruck von Agenturmeldungen beschr\u00e4nkt blieb. &#8230;<br \/>\nVoila, da haben wir den Skandal. Was erregt nun bundesweit so viele Gem\u00fcter? Nein, nicht die \u00c4u\u00dferungen von Herrn Maas zu Russland. Nein, nicht die B\u00fcndnistreue unserer Regierung zu der Lachnummer aus England. Nicht das Schweigen unserer Politiker zu jahrzehntelangen Provokationen der USA und anderer Nato Mitgliedsstaaten gegen\u00fcber Russland und den damit verbundenen Friedensgef\u00e4hrdungen. Es ist das Bindestrichwort Nato- Strichjunge.<\/p>\n","protected":false},"author":3,"featured_media":4970,"comment_status":"closed","ping_status":"closed","sticky":false,"template":"","format":"standard","meta":{"colormag_page_container_layout":"default_layout","colormag_page_sidebar_layout":"default_layout","advanced_seo_description":"","jetpack_seo_html_title":"","jetpack_seo_noindex":false,"jetpack_post_was_ever_published":false,"footnotes":""},"categories":[13,937],"tags":[335,224,1030,917,56,695,222],"class_list":["post-4968","post","type-post","status-publish","format-standard","has-post-thumbnail","hentry","category-frieden-antifaschismus-solidaritaet","category-zeit-der-verleumder-freidenker-fuer-klartext","tag-frieden","tag-frieden-mit-russland","tag-linke","tag-linkspartei","tag-nato","tag-ostermaersche","tag-russland"],"jetpack_featured_media_url":"https:\/\/i0.wp.com\/www.freidenker.org\/fw17\/wp-content\/uploads\/2018\/04\/dieter_dehm_om2018_800x445.jpg?fit=800%2C445&ssl=1","jetpack_shortlink":"https:\/\/wp.me\/p9stpK-1i8","jetpack-related-posts":[{"id":6075,"url":"https:\/\/www.freidenker.org\/?p=6075","url_meta":{"origin":4968,"position":0},"title":"Aufruf zum 18. Potsdamer Ostermarsch","author":"Webredaktion","date":"29. M\u00e4rz 2019","format":false,"excerpt":"Der Brandenburgische Freidenker-Verband ruft alle Friedensfreundinnen und Friedensfreunde zur aktiven Teilnahme an den Osterm\u00e4rschen der Friedensbewegung in diesem Jahr auf, welche traditionell in Potsdam seit vielen Jahren starten.","rel":"","context":"In &quot;Frieden - Antifaschismus - Solidarit\u00e4t&quot;","block_context":{"text":"Frieden - Antifaschismus - Solidarit\u00e4t","link":"https:\/\/www.freidenker.org\/?cat=13"},"img":{"alt_text":"","src":"https:\/\/i0.wp.com\/www.freidenker.org\/fw17\/wp-content\/uploads\/2019\/03\/fd_18.-potsdamer-ostermarsch-2019-800x445.jpg?fit=800%2C445&ssl=1&resize=350%2C200","width":350,"height":200,"srcset":"https:\/\/i0.wp.com\/www.freidenker.org\/fw17\/wp-content\/uploads\/2019\/03\/fd_18.-potsdamer-ostermarsch-2019-800x445.jpg?fit=800%2C445&ssl=1&resize=350%2C200 1x, https:\/\/i0.wp.com\/www.freidenker.org\/fw17\/wp-content\/uploads\/2019\/03\/fd_18.-potsdamer-ostermarsch-2019-800x445.jpg?fit=800%2C445&ssl=1&resize=525%2C300 1.5x, https:\/\/i0.wp.com\/www.freidenker.org\/fw17\/wp-content\/uploads\/2019\/03\/fd_18.-potsdamer-ostermarsch-2019-800x445.jpg?fit=800%2C445&ssl=1&resize=700%2C400 2x"},"classes":[]},{"id":15730,"url":"https:\/\/www.freidenker.org\/?p=15730","url_meta":{"origin":4968,"position":1},"title":"F\u00fcrs Klima und die NATO \u2013 Die manipulierte Ostermarschbewegung","author":"Webredaktion","date":"8. April 2023","format":false,"excerpt":"Beitrag von Felicitas Rabe Orientiert man sich an der Website der traditionellen deutschen Friedensbewegung, finden am kommenden Wochenende in Deutschland 123 angemeldete Osterm\u00e4rsche statt. Mit den vielen Friedensdemonstrationen wirkt die Planung der \u00f6sterlichen Aufz\u00fcge eher kleinteilig. Auch der \u00fcberregional bekannte Ostermarsch Rhein-Ruhr wird verteilt auf 14 Veranstaltungen stattfinden. Den Auftakt\u2026","rel":"","context":"In &quot;Frieden - Antifaschismus - Solidarit\u00e4t&quot;","block_context":{"text":"Frieden - Antifaschismus - Solidarit\u00e4t","link":"https:\/\/www.freidenker.org\/?cat=13"},"img":{"alt_text":"","src":"https:\/\/i0.wp.com\/www.freidenker.org\/fw17\/wp-content\/uploads\/2023\/04\/Friedensbewegung_Kapitalismuskritisch_800x450.jpg?fit=800%2C450&ssl=1&resize=350%2C200","width":350,"height":200,"srcset":"https:\/\/i0.wp.com\/www.freidenker.org\/fw17\/wp-content\/uploads\/2023\/04\/Friedensbewegung_Kapitalismuskritisch_800x450.jpg?fit=800%2C450&ssl=1&resize=350%2C200 1x, https:\/\/i0.wp.com\/www.freidenker.org\/fw17\/wp-content\/uploads\/2023\/04\/Friedensbewegung_Kapitalismuskritisch_800x450.jpg?fit=800%2C450&ssl=1&resize=525%2C300 1.5x, https:\/\/i0.wp.com\/www.freidenker.org\/fw17\/wp-content\/uploads\/2023\/04\/Friedensbewegung_Kapitalismuskritisch_800x450.jpg?fit=800%2C450&ssl=1&resize=700%2C400 2x"},"classes":[]},{"id":24883,"url":"https:\/\/www.freidenker.org\/?p=24883","url_meta":{"origin":4968,"position":2},"title":"Osterm\u00e4rsche 2026 in Hessen","author":"Webredaktion","date":"18. April 2026","format":false,"excerpt":"Wir berichten von einigen Veranstaltungen anl\u00e4sslich der Osterm\u00e4rsche in Hessen, an denen auch zahlreiche Mitglieder unseres Verbandes teilnahmen und mitwirkten. Der traditionelle Start der Hessischen Osterm\u00e4rsche fand auch diesmal mit dem Ostermarsch der Friedenplattform Hanau 2026 am Karfreitag (3.4.26) in Bruchk\u00f6bel statt. Die Kundgebung begann um 14:00 Uhr und stand\u2026","rel":"","context":"In &quot;Aktuelles&quot;","block_context":{"text":"Aktuelles","link":"https:\/\/www.freidenker.org\/?cat=574"},"img":{"alt_text":"","src":"https:\/\/i0.wp.com\/www.freidenker.org\/fw17\/wp-content\/uploads\/2026\/04\/OM26-Frankfurt-133056_800x450.jpg?fit=800%2C450&ssl=1&resize=350%2C200","width":350,"height":200,"srcset":"https:\/\/i0.wp.com\/www.freidenker.org\/fw17\/wp-content\/uploads\/2026\/04\/OM26-Frankfurt-133056_800x450.jpg?fit=800%2C450&ssl=1&resize=350%2C200 1x, https:\/\/i0.wp.com\/www.freidenker.org\/fw17\/wp-content\/uploads\/2026\/04\/OM26-Frankfurt-133056_800x450.jpg?fit=800%2C450&ssl=1&resize=525%2C300 1.5x, https:\/\/i0.wp.com\/www.freidenker.org\/fw17\/wp-content\/uploads\/2026\/04\/OM26-Frankfurt-133056_800x450.jpg?fit=800%2C450&ssl=1&resize=700%2C400 2x"},"classes":[]},{"id":15752,"url":"https:\/\/www.freidenker.org\/?p=15752","url_meta":{"origin":4968,"position":3},"title":"Osterm\u00e4rsche 2023: &#8222;Verhandeln statt schie\u00dfen&#8220;","author":"Webredaktion","date":"16. April 2023","format":false,"excerpt":"Wir dokumentieren in Texten, Bildern und Videos verschiedene Osterm\u00e4rsche unter Mitwirkung von Mitgliedern unseres Verbandes. Wir weisen besonders auf die fast sensationell zu nennende Rede eines Ukrainers beim Ostermarsch im hessischen Bruchk\u00f6bel hin, der sich klarer als viele Redner an diesem Wochenende gegen Waffenlieferungen an die Ukraine aussprach und feststellte:\u2026","rel":"","context":"In &quot;Frieden - Antifaschismus - Solidarit\u00e4t&quot;","block_context":{"text":"Frieden - Antifaschismus - Solidarit\u00e4t","link":"https:\/\/www.freidenker.org\/?cat=13"},"img":{"alt_text":"","src":"https:\/\/i0.wp.com\/www.freidenker.org\/fw17\/wp-content\/uploads\/2023\/04\/OM-2023_Frankfurt-a.M._Schmitthenner.jpg?fit=800%2C450&ssl=1&resize=350%2C200","width":350,"height":200,"srcset":"https:\/\/i0.wp.com\/www.freidenker.org\/fw17\/wp-content\/uploads\/2023\/04\/OM-2023_Frankfurt-a.M._Schmitthenner.jpg?fit=800%2C450&ssl=1&resize=350%2C200 1x, https:\/\/i0.wp.com\/www.freidenker.org\/fw17\/wp-content\/uploads\/2023\/04\/OM-2023_Frankfurt-a.M._Schmitthenner.jpg?fit=800%2C450&ssl=1&resize=525%2C300 1.5x, https:\/\/i0.wp.com\/www.freidenker.org\/fw17\/wp-content\/uploads\/2023\/04\/OM-2023_Frankfurt-a.M._Schmitthenner.jpg?fit=800%2C450&ssl=1&resize=700%2C400 2x"},"classes":[]},{"id":8345,"url":"https:\/\/www.freidenker.org\/?p=8345","url_meta":{"origin":4968,"position":4},"title":"Video: Diether Dehm zu angeblichen Schulden Deutschlands","author":"Webredaktion","date":"27. Juni 2020","format":false,"excerpt":"Donald Trump ist zur\u00fcck im Wahlkampf: Der US-Pr\u00e4sident bekr\u00e4ftigte in seiner Ansprache in Tulsa seine Absicht, fast 10.000 US-Soldaten aus Deutschland abzuziehen. Au\u00dferdem warf der Republikaner der Bundesregierung vor, der NATO wegen unzureichender Verteidigungsausgaben in den vergangenen 25 Jahren eine Billion US-Dollar zu schulden. Der Linke-Abgeordnete Dr. Diether Dehm sagte\u2026","rel":"","context":"In &quot;Frieden - Antifaschismus - Solidarit\u00e4t&quot;","block_context":{"text":"Frieden - Antifaschismus - Solidarit\u00e4t","link":"https:\/\/www.freidenker.org\/?cat=13"},"img":{"alt_text":"","src":"https:\/\/i0.wp.com\/www.freidenker.org\/fw17\/wp-content\/uploads\/2020\/06\/dehm_rt_2020-06_800x450.jpg?fit=800%2C450&ssl=1&resize=350%2C200","width":350,"height":200,"srcset":"https:\/\/i0.wp.com\/www.freidenker.org\/fw17\/wp-content\/uploads\/2020\/06\/dehm_rt_2020-06_800x450.jpg?fit=800%2C450&ssl=1&resize=350%2C200 1x, https:\/\/i0.wp.com\/www.freidenker.org\/fw17\/wp-content\/uploads\/2020\/06\/dehm_rt_2020-06_800x450.jpg?fit=800%2C450&ssl=1&resize=525%2C300 1.5x, https:\/\/i0.wp.com\/www.freidenker.org\/fw17\/wp-content\/uploads\/2020\/06\/dehm_rt_2020-06_800x450.jpg?fit=800%2C450&ssl=1&resize=700%2C400 2x"},"classes":[]},{"id":10239,"url":"https:\/\/www.freidenker.org\/?p=10239","url_meta":{"origin":4968,"position":5},"title":"Linken-Politiker zum Tag des Sieges: Die Gr\u00fcnen als Trauma der deutsch-russischen Beziehungen","author":"Webredaktion","date":"10. Mai 2021","format":false,"excerpt":"Bericht von RT Deutsch Der 9. Mai ist der \"Tag des Sieges\" in Russland und einer der wichtigsten Feiertage der heutigen Russischen F\u00f6deration. ... RT traf an diesem besonderen Tag in Moskau Dr. Diether Dehm. Der\u00a0Musikproduzent, Liedermacher und Bundestagsabgeordnete (Die Linke) nutzte die Gelegenheit, um eine Br\u00fccke zwischen dem historischen\u2026","rel":"","context":"In &quot;Frieden - Antifaschismus - Solidarit\u00e4t&quot;","block_context":{"text":"Frieden - Antifaschismus - Solidarit\u00e4t","link":"https:\/\/www.freidenker.org\/?cat=13"},"img":{"alt_text":"","src":"https:\/\/i0.wp.com\/www.freidenker.org\/fw17\/wp-content\/uploads\/2021\/05\/Dehm_SjuganovIMG_9271.jpg?fit=800%2C450&ssl=1&resize=350%2C200","width":350,"height":200,"srcset":"https:\/\/i0.wp.com\/www.freidenker.org\/fw17\/wp-content\/uploads\/2021\/05\/Dehm_SjuganovIMG_9271.jpg?fit=800%2C450&ssl=1&resize=350%2C200 1x, https:\/\/i0.wp.com\/www.freidenker.org\/fw17\/wp-content\/uploads\/2021\/05\/Dehm_SjuganovIMG_9271.jpg?fit=800%2C450&ssl=1&resize=525%2C300 1.5x, https:\/\/i0.wp.com\/www.freidenker.org\/fw17\/wp-content\/uploads\/2021\/05\/Dehm_SjuganovIMG_9271.jpg?fit=800%2C450&ssl=1&resize=700%2C400 2x"},"classes":[]}],"_links":{"self":[{"href":"https:\/\/www.freidenker.org\/index.php?rest_route=\/wp\/v2\/posts\/4968","targetHints":{"allow":["GET"]}}],"collection":[{"href":"https:\/\/www.freidenker.org\/index.php?rest_route=\/wp\/v2\/posts"}],"about":[{"href":"https:\/\/www.freidenker.org\/index.php?rest_route=\/wp\/v2\/types\/post"}],"author":[{"embeddable":true,"href":"https:\/\/www.freidenker.org\/index.php?rest_route=\/wp\/v2\/users\/3"}],"replies":[{"embeddable":true,"href":"https:\/\/www.freidenker.org\/index.php?rest_route=%2Fwp%2Fv2%2Fcomments&post=4968"}],"version-history":[{"count":0,"href":"https:\/\/www.freidenker.org\/index.php?rest_route=\/wp\/v2\/posts\/4968\/revisions"}],"wp:featuredmedia":[{"embeddable":true,"href":"https:\/\/www.freidenker.org\/index.php?rest_route=\/wp\/v2\/media\/4970"}],"wp:attachment":[{"href":"https:\/\/www.freidenker.org\/index.php?rest_route=%2Fwp%2Fv2%2Fmedia&parent=4968"}],"wp:term":[{"taxonomy":"category","embeddable":true,"href":"https:\/\/www.freidenker.org\/index.php?rest_route=%2Fwp%2Fv2%2Fcategories&post=4968"},{"taxonomy":"post_tag","embeddable":true,"href":"https:\/\/www.freidenker.org\/index.php?rest_route=%2Fwp%2Fv2%2Ftags&post=4968"}],"curies":[{"name":"wp","href":"https:\/\/api.w.org\/{rel}","templated":true}]}}