{"id":4953,"date":"2017-12-28T02:16:09","date_gmt":"2017-12-28T01:16:09","guid":{"rendered":"http:\/\/www.freidenker.org\/?p=4953"},"modified":"2018-04-02T02:35:48","modified_gmt":"2018-04-02T00:35:48","slug":"unser-jan-ist-tot","status":"publish","type":"post","link":"https:\/\/www.freidenker.org\/?p=4953","title":{"rendered":"Unser Jan ist tot"},"content":{"rendered":"<div style=\"border: 3pt solid; padding: 20pt;\">\n<figure id=\"attachment_4955\" aria-describedby=\"caption-attachment-4955\" style=\"width: 353px\" class=\"wp-caption aligncenter\"><img data-recalc-dims=\"1\" loading=\"lazy\" decoding=\"async\" data-attachment-id=\"4955\" data-permalink=\"https:\/\/www.freidenker.org\/?attachment_id=4955\" data-orig-file=\"https:\/\/i0.wp.com\/www.freidenker.org\/fw17\/wp-content\/uploads\/2018\/04\/jan_bretschneider_sepia.jpg?fit=353%2C480&amp;ssl=1\" data-orig-size=\"353,480\" data-comments-opened=\"0\" data-image-meta=\"{&quot;aperture&quot;:&quot;0&quot;,&quot;credit&quot;:&quot;&quot;,&quot;camera&quot;:&quot;&quot;,&quot;caption&quot;:&quot;&quot;,&quot;created_timestamp&quot;:&quot;0&quot;,&quot;copyright&quot;:&quot;&quot;,&quot;focal_length&quot;:&quot;0&quot;,&quot;iso&quot;:&quot;0&quot;,&quot;shutter_speed&quot;:&quot;0&quot;,&quot;title&quot;:&quot;&quot;,&quot;orientation&quot;:&quot;1&quot;}\" data-image-title=\"jan_bretschneider_sepia\" data-image-description=\"\" data-image-caption=\"\" data-large-file=\"https:\/\/i0.wp.com\/www.freidenker.org\/fw17\/wp-content\/uploads\/2018\/04\/jan_bretschneider_sepia.jpg?fit=353%2C480&amp;ssl=1\" class=\"wp-image-4955 size-full\" src=\"https:\/\/i0.wp.com\/www.freidenker.org\/fw17\/wp-content\/uploads\/2018\/04\/jan_bretschneider_sepia.jpg?resize=353%2C480&#038;ssl=1\" alt=\"\" width=\"353\" height=\"480\" srcset=\"https:\/\/i0.wp.com\/www.freidenker.org\/fw17\/wp-content\/uploads\/2018\/04\/jan_bretschneider_sepia.jpg?w=353&amp;ssl=1 353w, https:\/\/i0.wp.com\/www.freidenker.org\/fw17\/wp-content\/uploads\/2018\/04\/jan_bretschneider_sepia.jpg?resize=221%2C300&amp;ssl=1 221w\" sizes=\"auto, (max-width: 353px) 100vw, 353px\" \/><figcaption id=\"caption-attachment-4955\" class=\"wp-caption-text\"><strong>Dr. Dr. Jan Bretschneider<\/strong><br \/> 28.04.1938 \u2013 21.12.2017<\/figcaption><\/figure>\n<p>Kurz vor Weihnachten erreichte uns die Nachricht, dass unser Freidenkergenosse Dr. Dr. Jan Bretschneider am 21. Dezember 2017 nach schwerer, unheilbarer Krankheit in Weimar verstorben ist.<\/p>\n<p>Der Tod Jans rei\u00dft eine nur schwer zu schlie\u00dfende L\u00fccke in die Reihen unseres Landesverbandes und des Ortsverbandes Erfurt, dem er seit vielen Jahren angeh\u00f6rte.<\/p>\n<p>Wir trauern mit seinen Angeh\u00f6rigen um einen Genossen, dessen gesamte Lebensauffassung von den Idealen des Humanismus und einer sozial gerechten Welt gekennzeichnet war. Sein Auftreten in unserem Verband war gepr\u00e4gt durch Klarheit und Sachlichkeit in der Argumentation und sein parteiliches Eintreten f\u00fcr die Interessen derSchwachen und Benachteiligten in dieser Gesellschaft. Ihn zeichnete die F\u00e4higkeit aus, anderen zuzuh\u00f6ren und mit Ratschl\u00e4gen zur Seite zu stehen, um komplizierte Lebenssituationen zu meistern.<\/p>\n<p>Als Mitglied im Landesvorstand Th\u00fcringen war er \u00fcber Jahre verantwortlich f\u00fcr Weltanschauungsfragen. Aus seiner Feder stammen \u00fcber 220 wissenschaftliche Ver\u00f6ffentlichungen zu philosophisch-weltanschaulichen Fragen. Er war ein gefragter Referent auf Veranstaltungen freigeistiger Vereine und als Trauerredner in unserer Region.<\/p>\n<p>Ein bleibendes Verdienst hat er sich Mitherausgeber des LEXIKONS FREIEN DENKENS und Verfasser vieler Beitr\u00e4ge darin erworben. Dar\u00fcber hinaus war er ein streitbarer Autor einer ganzen Reihe von Artikeln im FREIDENKER.<\/p>\n<p>\u00dcber 10 Jahre war Jan ein pr\u00e4gendes Mitglied der Erfurter Freidenkergruppe. Fehlen werden uns seine literarischen, philosophischen und naturwissenschaftlichen Beitr\u00e4ge, die nicht selten auch mit manchem Schuss Humor gew\u00fcrzt waren und menschliche W\u00e4rme nie vermissen lie\u00dfen. Diese Eigenschaften wurden von allen Mitgliedern und Sympathisanten geachtet und gesch\u00e4tzt.<\/p>\n<p>Wir werden sein Andenken stets in Ehren halten und in seinem Sinne unser Wirken f\u00fcr Aufkl\u00e4rung und sozialen Fortschritt fortsetzen.<\/p>\n<p>&nbsp;<\/p>\n<p><strong><em>Hans-J\u00f6rg R\u00f6diger<\/em><\/strong><\/p>\n<p><strong><em>DFV Ortsgruppe Erfurt und Umland<\/em><\/strong><\/p>\n<p><strong><em>Landesvorstand Th\u00fcringen<\/em><\/strong><\/p>\n<p><strong><em>Verbandsvorstand<\/em><\/strong><\/p>\n<\/div>\n<p><span style=\"font-size: 8pt;\">Beitragsbild: pixabay.com \/ User: alethaann<\/span><\/p>\n","protected":false},"excerpt":{"rendered":"<p>Kurz vor Weihnachten erreichte uns die Nachricht, dass unser Freidenkergenosse Dr. Dr. Jan Bretschneider am 21. Dezember 2017 nach schwerer, unheilbarer Krankheit in Weimar verstorben ist. Der Tod Jans rei\u00dft eine nur schwer zu schlie\u00dfende L\u00fccke in die Reihen unseres Landesverbandes und des Ortsverbandes Erfurt, dem er seit vielen Jahren angeh\u00f6rte. Wir trauern mit seinen Angeh\u00f6rigen um einen Genossen, dessen gesamte Lebensauffassung von den Idealen des Humanismus und einer sozial gerechten Welt gekennzeichnet war. <\/p>\n","protected":false},"author":3,"featured_media":4958,"comment_status":"closed","ping_status":"closed","sticky":false,"template":"","format":"standard","meta":{"colormag_page_container_layout":"default_layout","colormag_page_sidebar_layout":"default_layout","advanced_seo_description":"","jetpack_seo_html_title":"","jetpack_seo_noindex":false,"jetpack_post_was_ever_published":false,"footnotes":""},"categories":[17],"tags":[26,81,700],"class_list":["post-4953","post","type-post","status-publish","format-standard","has-post-thumbnail","hentry","category-weltliche-trauerkultur","tag-freidenker","tag-jan-bretschneider","tag-nachruf"],"jetpack_featured_media_url":"https:\/\/i0.wp.com\/www.freidenker.org\/fw17\/wp-content\/uploads\/2018\/04\/sunrise-3278333_800x445.jpg?fit=800%2C445&ssl=1","jetpack_shortlink":"https:\/\/wp.me\/p9stpK-1hT","jetpack-related-posts":[{"id":726,"url":"https:\/\/www.freidenker.org\/?p=726","url_meta":{"origin":4953,"position":0},"title":"FREIDENKER 1-10 &#8211; Klima &#8211; Energie &#8211; Ressourcen","author":"Webmaster","date":"16. M\u00e4rz 2010","format":false,"excerpt":"Die Ausgabe 1-10 des Verbandsorgans FREIDENKER hat das Schwerpunkt-Thema \u201eKlima - Energie - Ressourcen\u201c und enth\u00e4lt u.a folgende Beitr\u00e4ge: - Rainer M\u00fcller: Das Scheitern von Kopenhagen: Die Welt in der Wachstumsfalle - Eva Bulling-Schr\u00f6ter: Neue Klimabewegung jetzt \u00fcberlebenswichtig - Klaus Hartmann: Der Streit um das Klima - Jan Bretschneider: Wie\u2026","rel":"","context":"In &quot;Verbandsorgan FREIDENKER&quot;","block_context":{"text":"Verbandsorgan FREIDENKER","link":"https:\/\/www.freidenker.org\/?cat=8"},"img":{"alt_text":"","src":"https:\/\/i0.wp.com\/www.freidenker.org\/fw17\/wp-content\/uploads\/2017\/12\/FD_2010-01_Titel_mR.jpg?fit=800%2C445&ssl=1&resize=350%2C200","width":350,"height":200,"srcset":"https:\/\/i0.wp.com\/www.freidenker.org\/fw17\/wp-content\/uploads\/2017\/12\/FD_2010-01_Titel_mR.jpg?fit=800%2C445&ssl=1&resize=350%2C200 1x, https:\/\/i0.wp.com\/www.freidenker.org\/fw17\/wp-content\/uploads\/2017\/12\/FD_2010-01_Titel_mR.jpg?fit=800%2C445&ssl=1&resize=525%2C300 1.5x, https:\/\/i0.wp.com\/www.freidenker.org\/fw17\/wp-content\/uploads\/2017\/12\/FD_2010-01_Titel_mR.jpg?fit=800%2C445&ssl=1&resize=700%2C400 2x"},"classes":[]},{"id":754,"url":"https:\/\/www.freidenker.org\/?p=754","url_meta":{"origin":4953,"position":1},"title":"FREIDENKER 1-12 &#8211; Unser Geld, die EU und die Krise","author":"Webmaster","date":"16. M\u00e4rz 2012","format":false,"excerpt":"Die Ausgabe 1-12 des Verbandsorgans FREIDENKER hat das Schwerpunkt-Thema \u201eUnser Geld, die EU und die Krise\u201c und enth\u00e4lt u.a folgende Beitr\u00e4ge: - Andreas Wehr: Krise, EURO und EU - Emmanuel Korakis: Solidarit\u00e4t mit den streikenden griechischen Stahlarbeitern - Jan Bretschneider: Was sind Ratingagenturen? - Tobias Baumann: (Finanzmarkt-)Krise: Die progressiven L\u00e4nder\u2026","rel":"","context":"In &quot;Verbandsorgan FREIDENKER&quot;","block_context":{"text":"Verbandsorgan FREIDENKER","link":"https:\/\/www.freidenker.org\/?cat=8"},"img":{"alt_text":"","src":"https:\/\/i0.wp.com\/www.freidenker.org\/fw17\/wp-content\/uploads\/2017\/12\/FD_2012-01_Titel_mR.jpg?fit=800%2C445&ssl=1&resize=350%2C200","width":350,"height":200,"srcset":"https:\/\/i0.wp.com\/www.freidenker.org\/fw17\/wp-content\/uploads\/2017\/12\/FD_2012-01_Titel_mR.jpg?fit=800%2C445&ssl=1&resize=350%2C200 1x, https:\/\/i0.wp.com\/www.freidenker.org\/fw17\/wp-content\/uploads\/2017\/12\/FD_2012-01_Titel_mR.jpg?fit=800%2C445&ssl=1&resize=525%2C300 1.5x, https:\/\/i0.wp.com\/www.freidenker.org\/fw17\/wp-content\/uploads\/2017\/12\/FD_2012-01_Titel_mR.jpg?fit=800%2C445&ssl=1&resize=700%2C400 2x"},"classes":[]},{"id":1487,"url":"https:\/\/www.freidenker.org\/?p=1487","url_meta":{"origin":4953,"position":2},"title":"Bildung ist Menschenrecht","author":"Webredaktion","date":"5. September 2009","format":false,"excerpt":"Buchver\u00f6ffentlichung im Eigenverlag des Deutschen Freidenker-Verbandes e.V. Materialien der Konferenz \"Bildung ist Menschenrecht\" am 4. Oktober 2008 in Erfurt und weitere Beitr\u00e4ge zum Thema Mit Beitr\u00e4gen von Klaus Hartmann, Cornelia Hirsch (MdB), Gottfried Schunke, Witold Fischer, Waltraut Roth, Frank Bauer, Rainer Rupp, Prof. Dr. Horst Schneider, Henrik Volkert, Heike D\u00f6bler,\u2026","rel":"","context":"In &quot;B\u00fccher des Verbandes&quot;","block_context":{"text":"B\u00fccher des Verbandes","link":"https:\/\/www.freidenker.org\/?cat=5"},"img":{"alt_text":"","src":"https:\/\/i0.wp.com\/www.freidenker.org\/fw17\/wp-content\/uploads\/2017\/12\/FD_Buch_2009_Bildung.jpg?fit=800%2C445&ssl=1&resize=350%2C200","width":350,"height":200,"srcset":"https:\/\/i0.wp.com\/www.freidenker.org\/fw17\/wp-content\/uploads\/2017\/12\/FD_Buch_2009_Bildung.jpg?fit=800%2C445&ssl=1&resize=350%2C200 1x, https:\/\/i0.wp.com\/www.freidenker.org\/fw17\/wp-content\/uploads\/2017\/12\/FD_Buch_2009_Bildung.jpg?fit=800%2C445&ssl=1&resize=525%2C300 1.5x, https:\/\/i0.wp.com\/www.freidenker.org\/fw17\/wp-content\/uploads\/2017\/12\/FD_Buch_2009_Bildung.jpg?fit=800%2C445&ssl=1&resize=700%2C400 2x"},"classes":[]},{"id":475,"url":"https:\/\/www.freidenker.org\/?p=475","url_meta":{"origin":4953,"position":3},"title":"FREIDENKER 1-07 &#8211; Irrationalismus und Herrschaft","author":"Webmaster","date":"16. M\u00e4rz 2007","format":false,"excerpt":"Die Ausgabe 1-07 des Verbandsorgans FREIDENKER hat das Schwerpunkt-Thema \u201eIrrationalismus und Herrschaft\u201c und enth\u00e4lt u.a folgende Beitr\u00e4ge: - Robert Steigerwald: Zur Auseinandersetzung mit dem Irrationalismus - Horst Schild: Anmerkungen zu Gebrauch und Missbrauch von Sprache - Arnold Sch\u00f6lzel: Imperialer Irrationalismus - Werner Seppmann: Auf dem Weg in die Armutsgesellschaft -\u2026","rel":"","context":"In &quot;Verbandsorgan FREIDENKER&quot;","block_context":{"text":"Verbandsorgan FREIDENKER","link":"https:\/\/www.freidenker.org\/?cat=8"},"img":{"alt_text":"","src":"https:\/\/i0.wp.com\/www.freidenker.org\/fw17\/wp-content\/uploads\/2017\/12\/FD_2007-01_Titel_mR.jpg?fit=800%2C445&ssl=1&resize=350%2C200","width":350,"height":200,"srcset":"https:\/\/i0.wp.com\/www.freidenker.org\/fw17\/wp-content\/uploads\/2017\/12\/FD_2007-01_Titel_mR.jpg?fit=800%2C445&ssl=1&resize=350%2C200 1x, https:\/\/i0.wp.com\/www.freidenker.org\/fw17\/wp-content\/uploads\/2017\/12\/FD_2007-01_Titel_mR.jpg?fit=800%2C445&ssl=1&resize=525%2C300 1.5x, https:\/\/i0.wp.com\/www.freidenker.org\/fw17\/wp-content\/uploads\/2017\/12\/FD_2007-01_Titel_mR.jpg?fit=800%2C445&ssl=1&resize=700%2C400 2x"},"classes":[]},{"id":750,"url":"https:\/\/www.freidenker.org\/?p=750","url_meta":{"origin":4953,"position":4},"title":"FREIDENKER 3-11 &#8211; Ungehorsam: Revolte &#8211; Widerstand &#8211; Generalstreik","author":"Webmaster","date":"16. September 2011","format":false,"excerpt":"Die Ausgabe 3-11 des Verbandsorgans FREIDENKER hat das Schwerpunkt-Thema \u201eUngehorsam: Revolte - Widerstand - Generalstreik\u201c und enth\u00e4lt u.a folgende Beitr\u00e4ge: - Ulf Rassmann: Die Angst vor dem Volk - Jan Bretschneider: Ziviler Ungehorsam - Klaus Mausner: Der Widerstand gegen \u201eStuttgart 21\" hat jetzt schon die Republik ver\u00e4ndert - Renate M\u00fcnder:\u2026","rel":"","context":"In &quot;Verbandsorgan FREIDENKER&quot;","block_context":{"text":"Verbandsorgan FREIDENKER","link":"https:\/\/www.freidenker.org\/?cat=8"},"img":{"alt_text":"","src":"https:\/\/i0.wp.com\/www.freidenker.org\/fw17\/wp-content\/uploads\/2017\/12\/FD_2011-03_Titel_mR.jpg?fit=800%2C445&ssl=1&resize=350%2C200","width":350,"height":200,"srcset":"https:\/\/i0.wp.com\/www.freidenker.org\/fw17\/wp-content\/uploads\/2017\/12\/FD_2011-03_Titel_mR.jpg?fit=800%2C445&ssl=1&resize=350%2C200 1x, https:\/\/i0.wp.com\/www.freidenker.org\/fw17\/wp-content\/uploads\/2017\/12\/FD_2011-03_Titel_mR.jpg?fit=800%2C445&ssl=1&resize=525%2C300 1.5x, https:\/\/i0.wp.com\/www.freidenker.org\/fw17\/wp-content\/uploads\/2017\/12\/FD_2011-03_Titel_mR.jpg?fit=800%2C445&ssl=1&resize=700%2C400 2x"},"classes":[]},{"id":1082,"url":"https:\/\/www.freidenker.org\/?p=1082","url_meta":{"origin":4953,"position":5},"title":"FREIDENKER 4-16 &#8211; Religion","author":"Webredaktion","date":"15. Dezember 2016","format":false,"excerpt":"Die Ausgabe 4-16 des Verbandsorgans FREIDENKER hat das Schwerpunkt-Thema \"Religion\" und enth\u00e4lt u.a folgende Beitr\u00e4ge: - Verbandsvorstand: Religion - Thesen - Jan Bretschneider: Gedanken \u00fcber Religiosit\u00e4t - Thomas Loch: \"Mythos Luther\"? Sektiererischer Atheismus oder marxistische Religionskritik - Gerhard Feldbauer: Welchen Weg geht Franziskus? - Sebastian Bahlo: Erntedank - weltlich feiern","rel":"","context":"In &quot;Verbandsorgan FREIDENKER&quot;","block_context":{"text":"Verbandsorgan FREIDENKER","link":"https:\/\/www.freidenker.org\/?cat=8"},"img":{"alt_text":"","src":"https:\/\/i0.wp.com\/www.freidenker.org\/fw17\/wp-content\/uploads\/2017\/12\/FD_2016-04_Titel_mR.jpg?fit=800%2C445&ssl=1&resize=350%2C200","width":350,"height":200,"srcset":"https:\/\/i0.wp.com\/www.freidenker.org\/fw17\/wp-content\/uploads\/2017\/12\/FD_2016-04_Titel_mR.jpg?fit=800%2C445&ssl=1&resize=350%2C200 1x, https:\/\/i0.wp.com\/www.freidenker.org\/fw17\/wp-content\/uploads\/2017\/12\/FD_2016-04_Titel_mR.jpg?fit=800%2C445&ssl=1&resize=525%2C300 1.5x, https:\/\/i0.wp.com\/www.freidenker.org\/fw17\/wp-content\/uploads\/2017\/12\/FD_2016-04_Titel_mR.jpg?fit=800%2C445&ssl=1&resize=700%2C400 2x"},"classes":[]}],"_links":{"self":[{"href":"https:\/\/www.freidenker.org\/index.php?rest_route=\/wp\/v2\/posts\/4953","targetHints":{"allow":["GET"]}}],"collection":[{"href":"https:\/\/www.freidenker.org\/index.php?rest_route=\/wp\/v2\/posts"}],"about":[{"href":"https:\/\/www.freidenker.org\/index.php?rest_route=\/wp\/v2\/types\/post"}],"author":[{"embeddable":true,"href":"https:\/\/www.freidenker.org\/index.php?rest_route=\/wp\/v2\/users\/3"}],"replies":[{"embeddable":true,"href":"https:\/\/www.freidenker.org\/index.php?rest_route=%2Fwp%2Fv2%2Fcomments&post=4953"}],"version-history":[{"count":0,"href":"https:\/\/www.freidenker.org\/index.php?rest_route=\/wp\/v2\/posts\/4953\/revisions"}],"wp:featuredmedia":[{"embeddable":true,"href":"https:\/\/www.freidenker.org\/index.php?rest_route=\/wp\/v2\/media\/4958"}],"wp:attachment":[{"href":"https:\/\/www.freidenker.org\/index.php?rest_route=%2Fwp%2Fv2%2Fmedia&parent=4953"}],"wp:term":[{"taxonomy":"category","embeddable":true,"href":"https:\/\/www.freidenker.org\/index.php?rest_route=%2Fwp%2Fv2%2Fcategories&post=4953"},{"taxonomy":"post_tag","embeddable":true,"href":"https:\/\/www.freidenker.org\/index.php?rest_route=%2Fwp%2Fv2%2Ftags&post=4953"}],"curies":[{"name":"wp","href":"https:\/\/api.w.org\/{rel}","templated":true}]}}