{"id":49,"date":"2016-01-10T16:54:42","date_gmt":"2016-01-10T15:54:42","guid":{"rendered":"http:\/\/www.freidenker.org\/fw17\/?p=49"},"modified":"2018-02-18T23:43:53","modified_gmt":"2018-02-18T22:43:53","slug":"xxi-internationale-rosa-luxemburg-konferenz","status":"publish","type":"post","link":"https:\/\/www.freidenker.org\/?p=49","title":{"rendered":"XXI. Internationale Rosa-Luxemburg-Konferenz"},"content":{"rendered":"<p>Am <strong>9. Januar 2016<\/strong> fand in der Berliner Urania die XXI. Internationale Rosa-Luxemburg-Konferenz statt. Die Veranstaltung wurde 1996 von der unabh\u00e4ngigen, marxistisch orientierten Tageszeitung\u00a0<em>junge Welt<\/em>\u00a0ins Leben gerufen. Auf der Konferenz, stets am Tag vor der traditionellen Liebknecht-Luxemburg-Ehrung, pr\u00e4sentieren <em>junge Welt<\/em>\u00a0und Unterst\u00fctzerorganisationen mit politischen Referentinnen und Referenten aus mehreren L\u00e4ndern Vortr\u00e4ge und Debatten zu Strategie und Praxis linker Politik und Kultur.<\/p>\n<p><a title=\"Hyperlink zur Webseite der Rosa-Luxemburg-Konferenz 2016\" href=\"http:\/\/www.rosa-luxemburg-konferenz.de\/de\/konferenz-2016\" target=\"_blank\" rel=\"noopener\">Internationale Rosa-Luxemburg-Konferenz 2016<\/a><\/p>\n<p><img data-recalc-dims=\"1\" loading=\"lazy\" decoding=\"async\" data-attachment-id=\"1657\" data-permalink=\"https:\/\/www.freidenker.org\/?attachment_id=1657\" data-orig-file=\"https:\/\/i0.wp.com\/www.freidenker.org\/fw17\/wp-content\/uploads\/2016\/01\/rlk_xxi_600x89.png?fit=600%2C89&amp;ssl=1\" data-orig-size=\"600,89\" data-comments-opened=\"0\" data-image-meta=\"{&quot;aperture&quot;:&quot;0&quot;,&quot;credit&quot;:&quot;&quot;,&quot;camera&quot;:&quot;&quot;,&quot;caption&quot;:&quot;&quot;,&quot;created_timestamp&quot;:&quot;0&quot;,&quot;copyright&quot;:&quot;&quot;,&quot;focal_length&quot;:&quot;0&quot;,&quot;iso&quot;:&quot;0&quot;,&quot;shutter_speed&quot;:&quot;0&quot;,&quot;title&quot;:&quot;&quot;,&quot;orientation&quot;:&quot;0&quot;}\" data-image-title=\"rlk_xxi_600x89\" data-image-description=\"\" data-image-caption=\"\" data-large-file=\"https:\/\/i0.wp.com\/www.freidenker.org\/fw17\/wp-content\/uploads\/2016\/01\/rlk_xxi_600x89.png?fit=600%2C89&amp;ssl=1\" class=\"alignnone size-full wp-image-1657\" src=\"https:\/\/i0.wp.com\/www.freidenker.org\/fw17\/wp-content\/uploads\/2016\/01\/rlk_xxi_600x89.png?resize=600%2C89&#038;ssl=1\" alt=\"\" width=\"600\" height=\"89\" srcset=\"https:\/\/i0.wp.com\/www.freidenker.org\/fw17\/wp-content\/uploads\/2016\/01\/rlk_xxi_600x89.png?w=600&amp;ssl=1 600w, https:\/\/i0.wp.com\/www.freidenker.org\/fw17\/wp-content\/uploads\/2016\/01\/rlk_xxi_600x89.png?resize=300%2C45&amp;ssl=1 300w\" sizes=\"auto, (max-width: 600px) 100vw, 600px\" \/><\/p>\n<hr \/>\n<p>Bild oben: CC BY-SA 3.0, https:\/\/commons.wikimedia.org\/w\/index.php?curid=545268 \/ \u00a0photo taken by Manfred Br\u00fcckels in 2005 \/ Source: de.wikipedia.org: 12:31, 10. Jan 2006 . . Eisenacher (Diskussion)<\/p>\n","protected":false},"excerpt":{"rendered":"<p>Am 9. Januar 2016 fand in der Berliner Urania die XXI. Internationale Rosa-Luxemburg-Konferenz statt. Die Veranstaltung wurde 1996 von der unabh\u00e4ngigen, marxistisch orientierten Tageszeitung junge Welt ins Leben gerufen. Auf der Konferenz, stets am Tag vor der traditionellen Liebknecht-Luxemburg-Ehrung, pr\u00e4sentieren junge Welt und Unterst\u00fctzerorganisationen mit politischen Referentinnen und Referenten aus mehreren L\u00e4ndern Vortr\u00e4ge und Debatten zu Strategie und Praxis linker Politik und Kultur.<\/p>\n","protected":false},"author":2,"featured_media":613,"comment_status":"closed","ping_status":"closed","sticky":false,"template":"","format":"standard","meta":{"colormag_page_container_layout":"default_layout","colormag_page_sidebar_layout":"default_layout","advanced_seo_description":"","jetpack_seo_html_title":"","jetpack_seo_noindex":false,"jetpack_post_was_ever_published":false,"footnotes":""},"categories":[20],"tags":[41,357,140,671],"class_list":["post-49","post","type-post","status-publish","format-standard","has-post-thumbnail","hentry","category-zentrale-veranstaltungen","tag-junge-welt","tag-konferenz","tag-rosa-luxemburg","tag-rosa-luxemburg-konferenz"],"jetpack_featured_media_url":"https:\/\/i0.wp.com\/www.freidenker.org\/fw17\/wp-content\/uploads\/2016\/05\/Luxemburg.jpg?fit=800%2C445&ssl=1","jetpack_shortlink":"https:\/\/wp.me\/p9stpK-N","jetpack-related-posts":[{"id":3143,"url":"https:\/\/www.freidenker.org\/?p=3143","url_meta":{"origin":49,"position":0},"title":"Rosa Luxemburg-Konferenz 2017","author":"Webredaktion","date":"15. Januar 2017","format":false,"excerpt":"Am 14. Januar 2017 fand im Berliner Konferenzhotel Mercure MOA die XXII. Internationale Rosa-Luxemburg-Konferenz statt. Die Veranstaltung wurde 1996 von der unabh\u00e4ngigen, marxistisch orientierten Tageszeitung junge Welt ins Leben gerufen. Auf der Konferenz, stets am Tag vor der traditionellen Liebknecht-Luxemburg-Ehrung, pr\u00e4sentieren junge Welt und Unterst\u00fctzerorganisationen mit politischen Referentinnen und Referenten\u2026","rel":"","context":"In &quot;Zentrale Veranstaltungen&quot;","block_context":{"text":"Zentrale Veranstaltungen","link":"https:\/\/www.freidenker.org\/?cat=20"},"img":{"alt_text":"","src":"https:\/\/i0.wp.com\/www.freidenker.org\/fw17\/wp-content\/uploads\/2017\/01\/2017-01-14-pa-1023_800x445.jpg?fit=800%2C445&ssl=1&resize=350%2C200","width":350,"height":200,"srcset":"https:\/\/i0.wp.com\/www.freidenker.org\/fw17\/wp-content\/uploads\/2017\/01\/2017-01-14-pa-1023_800x445.jpg?fit=800%2C445&ssl=1&resize=350%2C200 1x, https:\/\/i0.wp.com\/www.freidenker.org\/fw17\/wp-content\/uploads\/2017\/01\/2017-01-14-pa-1023_800x445.jpg?fit=800%2C445&ssl=1&resize=525%2C300 1.5x, https:\/\/i0.wp.com\/www.freidenker.org\/fw17\/wp-content\/uploads\/2017\/01\/2017-01-14-pa-1023_800x445.jpg?fit=800%2C445&ssl=1&resize=700%2C400 2x"},"classes":[]},{"id":3858,"url":"https:\/\/www.freidenker.org\/?p=3858","url_meta":{"origin":49,"position":1},"title":"XXIII. Internationale Rosa-Luxemburg-Konferenz","author":"Webredaktion","date":"1. Januar 2018","format":false,"excerpt":"Kommt am 13. Januar 2018 zur XXIII. Internationalen Rosa-Luxemburg-Konferenz. Weitere Informationen zur Veranstaltung erhaltet Ihr auf der Webseite der Konferenz http:\/\/www.rosa-luxemburg-konferenz.de.","rel":"","context":"In &quot;Zentrale Veranstaltungen&quot;","block_context":{"text":"Zentrale Veranstaltungen","link":"https:\/\/www.freidenker.org\/?cat=20"},"img":{"alt_text":"","src":"https:\/\/i0.wp.com\/www.freidenker.org\/fw17\/wp-content\/uploads\/2018\/01\/102210.jpg_800x445.png?fit=800%2C445&ssl=1&resize=350%2C200","width":350,"height":200,"srcset":"https:\/\/i0.wp.com\/www.freidenker.org\/fw17\/wp-content\/uploads\/2018\/01\/102210.jpg_800x445.png?fit=800%2C445&ssl=1&resize=350%2C200 1x, https:\/\/i0.wp.com\/www.freidenker.org\/fw17\/wp-content\/uploads\/2018\/01\/102210.jpg_800x445.png?fit=800%2C445&ssl=1&resize=525%2C300 1.5x, https:\/\/i0.wp.com\/www.freidenker.org\/fw17\/wp-content\/uploads\/2018\/01\/102210.jpg_800x445.png?fit=800%2C445&ssl=1&resize=700%2C400 2x"},"classes":[]},{"id":3193,"url":"https:\/\/www.freidenker.org\/?p=3193","url_meta":{"origin":49,"position":2},"title":"Rosa Luxemburg Konferenz 2010","author":"Webredaktion","date":"8. Januar 2010","format":false,"excerpt":"Veranstaltungshinweis: XV. Rosa-Luxemburg-Konferenz 2010 am 09.01.2010 in Berlin Die Rosa-Luxemburg-Konferenz ist jedes Jahr ein belietes Meeting von bis zu 2000 Menschen unterschiedlicher Herkunft und jeden Alters. Schwerpunkte dieser Veranstaltung sind Vortr\u00e4ge und Diskussionen linker Bewegungen und Parteien \u00fcber \u00fcber linke Theorie und Politik, Gesellschaft, Historie und Gegenwart. Im Angebot stehen\u2026","rel":"","context":"In &quot;Zentrale Veranstaltungen&quot;","block_context":{"text":"Zentrale Veranstaltungen","link":"https:\/\/www.freidenker.org\/?cat=20"},"img":{"alt_text":"","src":"https:\/\/i0.wp.com\/www.freidenker.org\/fw17\/wp-content\/uploads\/2010\/01\/2010-01-09-dw-3573_800x445.jpg?fit=800%2C445&ssl=1&resize=350%2C200","width":350,"height":200,"srcset":"https:\/\/i0.wp.com\/www.freidenker.org\/fw17\/wp-content\/uploads\/2010\/01\/2010-01-09-dw-3573_800x445.jpg?fit=800%2C445&ssl=1&resize=350%2C200 1x, https:\/\/i0.wp.com\/www.freidenker.org\/fw17\/wp-content\/uploads\/2010\/01\/2010-01-09-dw-3573_800x445.jpg?fit=800%2C445&ssl=1&resize=525%2C300 1.5x, https:\/\/i0.wp.com\/www.freidenker.org\/fw17\/wp-content\/uploads\/2010\/01\/2010-01-09-dw-3573_800x445.jpg?fit=800%2C445&ssl=1&resize=700%2C400 2x"},"classes":[]},{"id":20722,"url":"https:\/\/www.freidenker.org\/?p=20722","url_meta":{"origin":49,"position":3},"title":"Galerie: Liebknecht-Luxemburg-Wochenende 2025","author":"Webredaktion","date":"17. Januar 2025","format":false,"excerpt":"Beitrag der Webredaktion Allj\u00e4hrlich am zweiten Januar-Wochenende finden traditionsgem\u00e4\u00df die Rosa-Luxemburg-Konferenz und die Liebknecht-Luxemburg-Demonstration in Berlin statt. Da sich zu diesem Anlass viele Mitglieder des Deutschen Freidenker-Verbandes ohnehin in Berlin aufhalten, nutzen wir die Gelegenheit zu weiteren Veranstaltungen in der Hauptstadt: Sitzung des Gesch\u00e4ftsf\u00fchrenden Verbandsvorstandes und Treffen des Beirates des\u2026","rel":"","context":"In &quot;Frieden - Antifaschismus - Solidarit\u00e4t&quot;","block_context":{"text":"Frieden - Antifaschismus - Solidarit\u00e4t","link":"https:\/\/www.freidenker.org\/?cat=13"},"img":{"alt_text":"","src":"https:\/\/i0.wp.com\/www.freidenker.org\/fw17\/wp-content\/uploads\/2025\/01\/RLK_LLD_2025_800x450.jpg?fit=800%2C450&ssl=1&resize=350%2C200","width":350,"height":200,"srcset":"https:\/\/i0.wp.com\/www.freidenker.org\/fw17\/wp-content\/uploads\/2025\/01\/RLK_LLD_2025_800x450.jpg?fit=800%2C450&ssl=1&resize=350%2C200 1x, https:\/\/i0.wp.com\/www.freidenker.org\/fw17\/wp-content\/uploads\/2025\/01\/RLK_LLD_2025_800x450.jpg?fit=800%2C450&ssl=1&resize=525%2C300 1.5x, https:\/\/i0.wp.com\/www.freidenker.org\/fw17\/wp-content\/uploads\/2025\/01\/RLK_LLD_2025_800x450.jpg?fit=800%2C450&ssl=1&resize=700%2C400 2x"},"classes":[]},{"id":4126,"url":"https:\/\/www.freidenker.org\/?p=4126","url_meta":{"origin":49,"position":4},"title":"Galerie: Freidenker auf der Rosa-Luxemburg-Konferenz 2018","author":"Webredaktion","date":"15. Januar 2018","format":false,"excerpt":"An der XXIII. Internationalen Rosa-Luxemburg-Konferenz (RLK), die am 13. Januar 2018 in Berlin stattfand, nahmen mehr als 2.700 G\u00e4ste teil, darunter nat\u00fcrlich auch viele Mitglieder des Deutschen Freidenker-Verbandes. Die Moderatoren der Konferenz, die S\u00e4ngerin Gina Pietsch und der Kabarettist Dr. Seltsam, erl\u00e4uterten eingangs deren Motto: \u00bbAmandla! Awethu! \u2013 Alle Macht\u2026","rel":"","context":"In &quot;Zentrale Veranstaltungen&quot;","block_context":{"text":"Zentrale Veranstaltungen","link":"https:\/\/www.freidenker.org\/?cat=20"},"img":{"alt_text":"","src":"https:\/\/i0.wp.com\/www.freidenker.org\/fw17\/wp-content\/uploads\/2018\/01\/RLK_2018_800x445.jpg?fit=800%2C445&ssl=1&resize=350%2C200","width":350,"height":200,"srcset":"https:\/\/i0.wp.com\/www.freidenker.org\/fw17\/wp-content\/uploads\/2018\/01\/RLK_2018_800x445.jpg?fit=800%2C445&ssl=1&resize=350%2C200 1x, https:\/\/i0.wp.com\/www.freidenker.org\/fw17\/wp-content\/uploads\/2018\/01\/RLK_2018_800x445.jpg?fit=800%2C445&ssl=1&resize=525%2C300 1.5x, https:\/\/i0.wp.com\/www.freidenker.org\/fw17\/wp-content\/uploads\/2018\/01\/RLK_2018_800x445.jpg?fit=800%2C445&ssl=1&resize=700%2C400 2x"},"classes":[]},{"id":5711,"url":"https:\/\/www.freidenker.org\/?p=5711","url_meta":{"origin":49,"position":5},"title":"Galerie: Freidenker auf der Rosa-Luxemburg-Konferenz 2019","author":"Webredaktion","date":"14. Januar 2019","format":false,"excerpt":"Am 12. Januar 2019 fand in Berlin die XXIV. Internationalen Rosa-Luxemburg-Konferenz (RLK) statt. Das diesj\u00e4hrige Motto lautete \"Sozialismus oder Barbarei: Die n\u00e4chste Krise. Der n\u00e4chste Krieg. Die n\u00e4chste Revolution\". Mit 3.100 G\u00e4sten wurde ein neuer Teilnehmerrekord erreicht. Nat\u00fcrlich waren auch wieder viele Mitglieder des Deutschen Freidenker-Verbandes dabei. Hier einige fotografische\u2026","rel":"","context":"In &quot;Zentrale Veranstaltungen&quot;","block_context":{"text":"Zentrale Veranstaltungen","link":"https:\/\/www.freidenker.org\/?cat=20"},"img":{"alt_text":"","src":"https:\/\/i0.wp.com\/www.freidenker.org\/fw17\/wp-content\/uploads\/2019\/01\/rlk_2019_800x445.jpg?fit=800%2C445&ssl=1&resize=350%2C200","width":350,"height":200,"srcset":"https:\/\/i0.wp.com\/www.freidenker.org\/fw17\/wp-content\/uploads\/2019\/01\/rlk_2019_800x445.jpg?fit=800%2C445&ssl=1&resize=350%2C200 1x, https:\/\/i0.wp.com\/www.freidenker.org\/fw17\/wp-content\/uploads\/2019\/01\/rlk_2019_800x445.jpg?fit=800%2C445&ssl=1&resize=525%2C300 1.5x, https:\/\/i0.wp.com\/www.freidenker.org\/fw17\/wp-content\/uploads\/2019\/01\/rlk_2019_800x445.jpg?fit=800%2C445&ssl=1&resize=700%2C400 2x"},"classes":[]}],"_links":{"self":[{"href":"https:\/\/www.freidenker.org\/index.php?rest_route=\/wp\/v2\/posts\/49","targetHints":{"allow":["GET"]}}],"collection":[{"href":"https:\/\/www.freidenker.org\/index.php?rest_route=\/wp\/v2\/posts"}],"about":[{"href":"https:\/\/www.freidenker.org\/index.php?rest_route=\/wp\/v2\/types\/post"}],"author":[{"embeddable":true,"href":"https:\/\/www.freidenker.org\/index.php?rest_route=\/wp\/v2\/users\/2"}],"replies":[{"embeddable":true,"href":"https:\/\/www.freidenker.org\/index.php?rest_route=%2Fwp%2Fv2%2Fcomments&post=49"}],"version-history":[{"count":0,"href":"https:\/\/www.freidenker.org\/index.php?rest_route=\/wp\/v2\/posts\/49\/revisions"}],"wp:featuredmedia":[{"embeddable":true,"href":"https:\/\/www.freidenker.org\/index.php?rest_route=\/wp\/v2\/media\/613"}],"wp:attachment":[{"href":"https:\/\/www.freidenker.org\/index.php?rest_route=%2Fwp%2Fv2%2Fmedia&parent=49"}],"wp:term":[{"taxonomy":"category","embeddable":true,"href":"https:\/\/www.freidenker.org\/index.php?rest_route=%2Fwp%2Fv2%2Fcategories&post=49"},{"taxonomy":"post_tag","embeddable":true,"href":"https:\/\/www.freidenker.org\/index.php?rest_route=%2Fwp%2Fv2%2Ftags&post=49"}],"curies":[{"name":"wp","href":"https:\/\/api.w.org\/{rel}","templated":true}]}}