{"id":4889,"date":"2018-03-27T07:46:23","date_gmt":"2018-03-27T05:46:23","guid":{"rendered":"http:\/\/www.freidenker.org\/?p=4889"},"modified":"2018-04-29T23:40:00","modified_gmt":"2018-04-29T21:40:00","slug":"konferenz-individuum-und-gesellschaft-menschenbild-und-persoenlichkeitstheorie-im-marxismus","status":"publish","type":"post","link":"https:\/\/www.freidenker.org\/?p=4889","title":{"rendered":"Konferenz: Individuum und Gesellschaft \u2013 Menschenbild und Pers\u00f6nlichkeitstheorie im Marxismus"},"content":{"rendered":"<h4>\u00d6ffentliche Wissenschaftliche Konferenz zum 200. Geburtstag von Karl Marx<\/h4>\n<p><strong>Samstag, 28. April 2018, Hannover<\/strong><\/p>\n<p>&nbsp;<\/p>\n<h6>Vortr\u00e4ge und Diskussion<\/h6>\n<p><strong>Was ist der Mensch?<\/strong><br \/>\nKlaus Hartmann<\/p>\n<p><strong>Pers\u00f6nlichkeit und sozialer Sinn<\/strong><br \/>\nProf. Dr. Wolfgang Jantzen<\/p>\n<p><strong>Die Leere der Frankfurter Schule<\/strong><br \/>\nKlaus Linder<\/p>\n<p><strong>Warum und wie passen Mensch und Arbeit zusammen?<\/strong><br \/>\nDr. Elmar Witzgall<\/p>\n<p><strong>Das Menschenbild des informationstechnologischen Kapitals<\/strong><br \/>\nDr. Werner Seppmann<\/p>\n<div style=\"border: 1pt solid; padding: 20pt;\"><span style=\"font-size: 18pt;\">Samstag, 28. April 2018, 10.30 \u2013 17 Uhr<\/span><br \/>\n<span style=\"font-size: 14pt;\">Freizeitheim Linden, Windheimstra\u00dfe 4, 30451 Hannover<\/span><br \/>\nStadtbahn Linie 10 \u2013 Hauptbahnhof Richtung Ahlem, Haltestelle &#8222;Ungerstra\u00dfe&#8220;<br \/>\nKostenbeitrag 10 Euro, erm\u00e4\u00dfigt 7 Euro<\/div>\n<p>.<br \/>\n<strong>Deutscher Freidenker-Verband, Verbandsvorstand<\/strong><br \/>\nin Zusammenarbeit mit:<\/p>\n<ul>\n<li>Ostdeutsches Kuratorium von Verb\u00e4nden (OKV) e.V.,<\/li>\n<li>Gesellschaft zum Schutz von B\u00fcrgerrecht und Menschenw\u00fcrde (GBM) e.V.,<\/li>\n<li>Gesellschaft zur rechtlichen und humanit\u00e4ren Unterst\u00fctzung (GRH) e.V.,<\/li>\n<li>Arbeiterfotografie &#8211; Forum f\u00fcr Engagierte Fotografie,<\/li>\n<li>Marx-Engels-Stiftung Wuppertal,<\/li>\n<li>Marx-Engels-Zentrum Berlin,<\/li>\n<li>DKP Hannover<\/li>\n<\/ul>\n<p>&nbsp;<\/p>\n<p><a href=\"https:\/\/i0.wp.com\/www.freidenker.org\/fw17\/wp-content\/uploads\/2018\/03\/Karl_Marx_Konferenz_vrs-001.jpg?ssl=1\" target=\"_blank\" rel=\"noopener\"><img data-recalc-dims=\"1\" loading=\"lazy\" decoding=\"async\" data-attachment-id=\"4901\" data-permalink=\"https:\/\/www.freidenker.org\/?attachment_id=4901\" data-orig-file=\"https:\/\/i0.wp.com\/www.freidenker.org\/fw17\/wp-content\/uploads\/2018\/03\/Karl_Marx_Konferenz_vrs-001.jpg?fit=1252%2C1252&amp;ssl=1\" data-orig-size=\"1252,1252\" data-comments-opened=\"0\" data-image-meta=\"{&quot;aperture&quot;:&quot;0&quot;,&quot;credit&quot;:&quot;&quot;,&quot;camera&quot;:&quot;&quot;,&quot;caption&quot;:&quot;&quot;,&quot;created_timestamp&quot;:&quot;0&quot;,&quot;copyright&quot;:&quot;&quot;,&quot;focal_length&quot;:&quot;0&quot;,&quot;iso&quot;:&quot;0&quot;,&quot;shutter_speed&quot;:&quot;0&quot;,&quot;title&quot;:&quot;&quot;,&quot;orientation&quot;:&quot;0&quot;}\" data-image-title=\"Karl_Marx_Konferenz_vrs-001\" data-image-description=\"\" data-image-caption=\"\" data-large-file=\"https:\/\/i0.wp.com\/www.freidenker.org\/fw17\/wp-content\/uploads\/2018\/03\/Karl_Marx_Konferenz_vrs-001.jpg?fit=800%2C800&amp;ssl=1\" class=\"alignnone size-large wp-image-4901\" src=\"https:\/\/i0.wp.com\/www.freidenker.org\/fw17\/wp-content\/uploads\/2018\/03\/Karl_Marx_Konferenz_vrs-001.jpg?resize=800%2C800&#038;ssl=1\" alt=\"\" width=\"800\" height=\"800\" srcset=\"https:\/\/i0.wp.com\/www.freidenker.org\/fw17\/wp-content\/uploads\/2018\/03\/Karl_Marx_Konferenz_vrs-001.jpg?resize=1024%2C1024&amp;ssl=1 1024w, https:\/\/i0.wp.com\/www.freidenker.org\/fw17\/wp-content\/uploads\/2018\/03\/Karl_Marx_Konferenz_vrs-001.jpg?resize=150%2C150&amp;ssl=1 150w, https:\/\/i0.wp.com\/www.freidenker.org\/fw17\/wp-content\/uploads\/2018\/03\/Karl_Marx_Konferenz_vrs-001.jpg?resize=300%2C300&amp;ssl=1 300w, https:\/\/i0.wp.com\/www.freidenker.org\/fw17\/wp-content\/uploads\/2018\/03\/Karl_Marx_Konferenz_vrs-001.jpg?resize=768%2C768&amp;ssl=1 768w, https:\/\/i0.wp.com\/www.freidenker.org\/fw17\/wp-content\/uploads\/2018\/03\/Karl_Marx_Konferenz_vrs-001.jpg?w=1252&amp;ssl=1 1252w\" sizes=\"auto, (max-width: 800px) 100vw, 800px\" \/><\/a><\/p>\n<p><a href=\"https:\/\/i0.wp.com\/www.freidenker.org\/fw17\/wp-content\/uploads\/2018\/03\/Karl_Marx_Konferenz_vrs-002.jpg?ssl=1\" target=\"_blank\" rel=\"noopener\"><img data-recalc-dims=\"1\" loading=\"lazy\" decoding=\"async\" data-attachment-id=\"4900\" data-permalink=\"https:\/\/www.freidenker.org\/?attachment_id=4900\" data-orig-file=\"https:\/\/i0.wp.com\/www.freidenker.org\/fw17\/wp-content\/uploads\/2018\/03\/Karl_Marx_Konferenz_vrs-002.jpg?fit=1252%2C1252&amp;ssl=1\" data-orig-size=\"1252,1252\" data-comments-opened=\"0\" data-image-meta=\"{&quot;aperture&quot;:&quot;0&quot;,&quot;credit&quot;:&quot;&quot;,&quot;camera&quot;:&quot;&quot;,&quot;caption&quot;:&quot;&quot;,&quot;created_timestamp&quot;:&quot;0&quot;,&quot;copyright&quot;:&quot;&quot;,&quot;focal_length&quot;:&quot;0&quot;,&quot;iso&quot;:&quot;0&quot;,&quot;shutter_speed&quot;:&quot;0&quot;,&quot;title&quot;:&quot;&quot;,&quot;orientation&quot;:&quot;0&quot;}\" data-image-title=\"Karl_Marx_Konferenz_vrs-002\" data-image-description=\"\" data-image-caption=\"\" data-large-file=\"https:\/\/i0.wp.com\/www.freidenker.org\/fw17\/wp-content\/uploads\/2018\/03\/Karl_Marx_Konferenz_vrs-002.jpg?fit=800%2C800&amp;ssl=1\" class=\"alignnone size-large wp-image-4900\" src=\"https:\/\/i0.wp.com\/www.freidenker.org\/fw17\/wp-content\/uploads\/2018\/03\/Karl_Marx_Konferenz_vrs-002.jpg?resize=800%2C800&#038;ssl=1\" alt=\"\" width=\"800\" height=\"800\" srcset=\"https:\/\/i0.wp.com\/www.freidenker.org\/fw17\/wp-content\/uploads\/2018\/03\/Karl_Marx_Konferenz_vrs-002.jpg?resize=1024%2C1024&amp;ssl=1 1024w, https:\/\/i0.wp.com\/www.freidenker.org\/fw17\/wp-content\/uploads\/2018\/03\/Karl_Marx_Konferenz_vrs-002.jpg?resize=150%2C150&amp;ssl=1 150w, https:\/\/i0.wp.com\/www.freidenker.org\/fw17\/wp-content\/uploads\/2018\/03\/Karl_Marx_Konferenz_vrs-002.jpg?resize=300%2C300&amp;ssl=1 300w, https:\/\/i0.wp.com\/www.freidenker.org\/fw17\/wp-content\/uploads\/2018\/03\/Karl_Marx_Konferenz_vrs-002.jpg?resize=768%2C768&amp;ssl=1 768w, https:\/\/i0.wp.com\/www.freidenker.org\/fw17\/wp-content\/uploads\/2018\/03\/Karl_Marx_Konferenz_vrs-002.jpg?w=1252&amp;ssl=1 1252w\" sizes=\"auto, (max-width: 800px) 100vw, 800px\" \/><\/a><\/p>\n<p>Nachfragen zu unserer Konferenz sind m\u00f6glich \u00fcber Sebastian Bahlo via E-Mail: s.bahlo@freidenker.org<\/p>\n<p>&nbsp;<\/p>\n<p><img data-recalc-dims=\"1\" loading=\"lazy\" decoding=\"async\" data-attachment-id=\"1076\" data-permalink=\"https:\/\/www.freidenker.org\/?attachment_id=1076\" data-orig-file=\"https:\/\/i0.wp.com\/www.freidenker.org\/fw17\/wp-content\/uploads\/2017\/10\/pdf_icon-2.png?fit=32%2C32&amp;ssl=1\" data-orig-size=\"32,32\" data-comments-opened=\"0\" data-image-meta=\"{&quot;aperture&quot;:&quot;0&quot;,&quot;credit&quot;:&quot;&quot;,&quot;camera&quot;:&quot;&quot;,&quot;caption&quot;:&quot;&quot;,&quot;created_timestamp&quot;:&quot;0&quot;,&quot;copyright&quot;:&quot;&quot;,&quot;focal_length&quot;:&quot;0&quot;,&quot;iso&quot;:&quot;0&quot;,&quot;shutter_speed&quot;:&quot;0&quot;,&quot;title&quot;:&quot;&quot;,&quot;orientation&quot;:&quot;0&quot;}\" data-image-title=\"pdf_icon\" data-image-description=\"\" data-image-caption=\"\" data-large-file=\"https:\/\/i0.wp.com\/www.freidenker.org\/fw17\/wp-content\/uploads\/2017\/10\/pdf_icon-2.png?fit=32%2C32&amp;ssl=1\" class=\"alignnone size-full wp-image-1076\" src=\"https:\/\/i0.wp.com\/www.freidenker.org\/fw17\/wp-content\/uploads\/2017\/10\/pdf_icon-2.png?resize=32%2C32&#038;ssl=1\" alt=\"\" width=\"32\" height=\"32\" \/> <a href=\"https:\/\/www.freidenker.org\/fw17\/wp-content\/uploads\/2018\/03\/180428-Einladung-Konferenz_A4.pdf\" target=\"_blank\" rel=\"noopener\">Einladung zur Konferenz\u00a0 [A4 zum Ausdrucken]<\/a> (PDF-Dokument, ca. 260 KB)<\/p>\n<p><img data-recalc-dims=\"1\" loading=\"lazy\" decoding=\"async\" data-attachment-id=\"1076\" data-permalink=\"https:\/\/www.freidenker.org\/?attachment_id=1076\" data-orig-file=\"https:\/\/i0.wp.com\/www.freidenker.org\/fw17\/wp-content\/uploads\/2017\/10\/pdf_icon-2.png?fit=32%2C32&amp;ssl=1\" data-orig-size=\"32,32\" data-comments-opened=\"0\" data-image-meta=\"{&quot;aperture&quot;:&quot;0&quot;,&quot;credit&quot;:&quot;&quot;,&quot;camera&quot;:&quot;&quot;,&quot;caption&quot;:&quot;&quot;,&quot;created_timestamp&quot;:&quot;0&quot;,&quot;copyright&quot;:&quot;&quot;,&quot;focal_length&quot;:&quot;0&quot;,&quot;iso&quot;:&quot;0&quot;,&quot;shutter_speed&quot;:&quot;0&quot;,&quot;title&quot;:&quot;&quot;,&quot;orientation&quot;:&quot;0&quot;}\" data-image-title=\"pdf_icon\" data-image-description=\"\" data-image-caption=\"\" data-large-file=\"https:\/\/i0.wp.com\/www.freidenker.org\/fw17\/wp-content\/uploads\/2017\/10\/pdf_icon-2.png?fit=32%2C32&amp;ssl=1\" class=\"alignnone size-full wp-image-1076\" src=\"https:\/\/i0.wp.com\/www.freidenker.org\/fw17\/wp-content\/uploads\/2017\/10\/pdf_icon-2.png?resize=32%2C32&#038;ssl=1\" alt=\"\" width=\"32\" height=\"32\" \/> <a href=\"https:\/\/www.freidenker.org\/fw17\/wp-content\/uploads\/2018\/03\/180428-Einladung-Konferenz_Faltblatt.pdf\" target=\"_blank\" rel=\"noopener\">Einladung zur Konferenz als Faltblatt<\/a> (PDF-Dokument, ca. 780 KB)<\/p>\n<hr \/>\n<p>.<\/p>\n<p>&nbsp;<\/p>\n","protected":false},"excerpt":{"rendered":"<p><strong>\u00d6ffentliche Wissenschaftliche Konferenz zum 200. Geburtstag von Karl Marx am Samstag, 28. April 2018, in Hannover<\/strong><br \/>\nIndividuum und Gesellschaft \u2013 Menschenbild und Pers\u00f6nlichkeitstheorie im Marxismus<br \/>\nVortr\u00e4ge und Diskussion:<br \/>\n&#8211; Was ist der Mensch? (Klaus Hartmann)<br \/>\n&#8211; Pers\u00f6nlichkeit und sozialer Sinn (Prof. Dr. Wolfgang Jantzen)<br \/>\n&#8211; Die Leere der Frankfurter Schule (Klaus Linder)<br \/>\n&#8211; Warum und wie passen Mensch und Arbeit zusammen? (Dr. Elmar Witzgall)<br \/>\n&#8211; Das Menschenbild des informationstechnologischen Kapitals (Dr. Werner Seppmann)<\/p>\n","protected":false},"author":3,"featured_media":4899,"comment_status":"closed","ping_status":"closed","sticky":false,"template":"","format":"standard","meta":{"colormag_page_container_layout":"default_layout","colormag_page_sidebar_layout":"default_layout","advanced_seo_description":"","jetpack_seo_html_title":"","jetpack_seo_noindex":false,"jetpack_post_was_ever_published":false,"footnotes":""},"categories":[16,20],"tags":[27,883,1035,496,357,446,884,38,767],"class_list":["post-4889","post","type-post","status-publish","format-standard","has-post-thumbnail","hentry","category-weltanschauung-philosophie","category-zentrale-veranstaltungen","tag-deutscher-freidenker-verband","tag-gesellschaft","tag-hannover","tag-karl-marx","tag-konferenz","tag-mensch","tag-persoenlichkeit","tag-weltanschauung","tag-wissenschaftliche-konferenz"],"jetpack_featured_media_url":"https:\/\/i0.wp.com\/www.freidenker.org\/fw17\/wp-content\/uploads\/2018\/03\/karl-marx-konferenz_800x445.jpg?fit=800%2C445&ssl=1","jetpack_shortlink":"https:\/\/wp.me\/p9stpK-1gR","jetpack-related-posts":[{"id":5422,"url":"https:\/\/www.freidenker.org\/?p=5422","url_meta":{"origin":4889,"position":0},"title":"FREIDENKER 3-18 EXTRA \u2013 Menschenbild","author":"Webredaktion","date":"16. September 2018","format":false,"excerpt":"Die EXTRA-Ausgabe 3-18 des Verbandsorgans FREIDENKER hat das Schwerpunkt-Thema \u201eMenschenbild \u2013 Marxistische Pers\u00f6nlichkeitstheorie: Individuum und Gesellschaft\u201c und enth\u00e4lt die Reden der Wissenschaftlichen Konferenz des Deutschen Freidenker-Verbandes vom 28.04.2018 in Hannover. Darin: - Sebastian Bahlo: Marx\u2018 revolution\u00e4re Sch\u00e4rfe bewahren - Klaus Hartmann: Was ist der Mensch? - Wolfgang Jantzen: Pers\u00f6nlichkeit und\u2026","rel":"","context":"In &quot;Verbandsorgan FREIDENKER&quot;","block_context":{"text":"Verbandsorgan FREIDENKER","link":"https:\/\/www.freidenker.org\/?cat=8"},"img":{"alt_text":"","src":"https:\/\/i0.wp.com\/www.freidenker.org\/fw17\/wp-content\/uploads\/2018\/09\/FD_2018-03_Titel_mR.jpg?fit=800%2C445&ssl=1&resize=350%2C200","width":350,"height":200,"srcset":"https:\/\/i0.wp.com\/www.freidenker.org\/fw17\/wp-content\/uploads\/2018\/09\/FD_2018-03_Titel_mR.jpg?fit=800%2C445&ssl=1&resize=350%2C200 1x, https:\/\/i0.wp.com\/www.freidenker.org\/fw17\/wp-content\/uploads\/2018\/09\/FD_2018-03_Titel_mR.jpg?fit=800%2C445&ssl=1&resize=525%2C300 1.5x, https:\/\/i0.wp.com\/www.freidenker.org\/fw17\/wp-content\/uploads\/2018\/09\/FD_2018-03_Titel_mR.jpg?fit=800%2C445&ssl=1&resize=700%2C400 2x"},"classes":[]},{"id":5186,"url":"https:\/\/www.freidenker.org\/?p=5186","url_meta":{"origin":4889,"position":1},"title":"Klaus Hartmann: Was ist der Mensch?","author":"Webredaktion","date":"3. Juni 2018","format":false,"excerpt":"Zum 200. Geburtstag des wirkm\u00e4chtigen Philosophen Karl Marx veranstaltete der Deutsche Freidenker-Verband am 28. April 2018 in Hannover die wissenschaftliche Konferenz \"Individuum und Gesellschaft \u2013 Menschenbild und Pers\u00f6nlichkeitstheorie im Marxismus\". ... Unter wesentlicher Bezugnahme auf drei neuzeitliche Philosophen und Kulturwissenschaftler (Erich Hahn, Alfred Kurella, Lucien S\u00e9ve) zieht der Vorsitzende des\u2026","rel":"","context":"In &quot;Geschichte&quot;","block_context":{"text":"Geschichte","link":"https:\/\/www.freidenker.org\/?cat=1162"},"img":{"alt_text":"","src":"https:\/\/i0.wp.com\/www.freidenker.org\/fw17\/wp-content\/uploads\/2018\/06\/karl_marx_konferenz_hartmann_800x445.jpg?fit=800%2C445&ssl=1&resize=350%2C200","width":350,"height":200,"srcset":"https:\/\/i0.wp.com\/www.freidenker.org\/fw17\/wp-content\/uploads\/2018\/06\/karl_marx_konferenz_hartmann_800x445.jpg?fit=800%2C445&ssl=1&resize=350%2C200 1x, https:\/\/i0.wp.com\/www.freidenker.org\/fw17\/wp-content\/uploads\/2018\/06\/karl_marx_konferenz_hartmann_800x445.jpg?fit=800%2C445&ssl=1&resize=525%2C300 1.5x, https:\/\/i0.wp.com\/www.freidenker.org\/fw17\/wp-content\/uploads\/2018\/06\/karl_marx_konferenz_hartmann_800x445.jpg?fit=800%2C445&ssl=1&resize=700%2C400 2x"},"classes":[]},{"id":5354,"url":"https:\/\/www.freidenker.org\/?p=5354","url_meta":{"origin":4889,"position":2},"title":"Videos: Karl-Marx-Konferenz &#8222;Individuum und Gesellschaft&#8220;","author":"Webredaktion","date":"30. Juli 2018","format":false,"excerpt":"Zum 200. Geburtstag des wirkm\u00e4chtigen Philosophen Karl Marx veranstaltete der Deutsche Freidenker-Verband am 28. April 2018 in Hannover die wissenschaftliche Konferenz \u201eIndividuum und Gesellschaft \u2013 Menschenbild und Pers\u00f6nlichkeitstheorie im Marxismus\u201c. Wir ver\u00f6ffentlichen hier die Videos der Hauptreferate von Klaus Hartmann: \"Was ist der Mensch?\", Prof. Wolfgang Jantzen: \"Pers\u00f6nlichkeit und sozialer\u2026","rel":"","context":"In &quot;Weltanschauung &amp; Philosophie&quot;","block_context":{"text":"Weltanschauung &amp; Philosophie","link":"https:\/\/www.freidenker.org\/?cat=16"},"img":{"alt_text":"","src":"https:\/\/i0.wp.com\/www.freidenker.org\/fw17\/wp-content\/uploads\/2018\/08\/Hartmann_Bahlo_Konferenz2018.jpg?fit=800%2C445&ssl=1&resize=350%2C200","width":350,"height":200,"srcset":"https:\/\/i0.wp.com\/www.freidenker.org\/fw17\/wp-content\/uploads\/2018\/08\/Hartmann_Bahlo_Konferenz2018.jpg?fit=800%2C445&ssl=1&resize=350%2C200 1x, https:\/\/i0.wp.com\/www.freidenker.org\/fw17\/wp-content\/uploads\/2018\/08\/Hartmann_Bahlo_Konferenz2018.jpg?fit=800%2C445&ssl=1&resize=525%2C300 1.5x, https:\/\/i0.wp.com\/www.freidenker.org\/fw17\/wp-content\/uploads\/2018\/08\/Hartmann_Bahlo_Konferenz2018.jpg?fit=800%2C445&ssl=1&resize=700%2C400 2x"},"classes":[]},{"id":3146,"url":"https:\/\/www.freidenker.org\/?p=3146","url_meta":{"origin":4889,"position":3},"title":"Zweifel und Kritik an Fortschritt, Wissenschaft und Technik","author":"Webredaktion","date":"1. Oktober 2011","format":false,"excerpt":"Einladung zur wissenschaftlichen Konferenz des Deutschen Freidenker-Verbands am 8. Oktober 2011 in Dresden Die Wirtschaftskrise macht die Krisenhaftigkeit des Kapitalismus un\u00fcbersehbar, umso gefragter sind Ideologien, die die Systemursachen in Abrede stellen. Klassenneutral sollen die \u00dcbel und ihre Verursacher erscheinen: \u201eder Mensch\u201c, \u201edas Wachstum\u201c etc.; und wer die Gesetzm\u00e4\u00dfigkeit des gesellschaftlichen\u2026","rel":"","context":"In &quot;Weltanschauung &amp; Philosophie&quot;","block_context":{"text":"Weltanschauung &amp; Philosophie","link":"https:\/\/www.freidenker.org\/?cat=16"},"img":{"alt_text":"","src":"https:\/\/i0.wp.com\/www.freidenker.org\/fw17\/wp-content\/uploads\/2011\/10\/dna-2075143_800x445.jpg?fit=800%2C445&ssl=1&resize=350%2C200","width":350,"height":200,"srcset":"https:\/\/i0.wp.com\/www.freidenker.org\/fw17\/wp-content\/uploads\/2011\/10\/dna-2075143_800x445.jpg?fit=800%2C445&ssl=1&resize=350%2C200 1x, https:\/\/i0.wp.com\/www.freidenker.org\/fw17\/wp-content\/uploads\/2011\/10\/dna-2075143_800x445.jpg?fit=800%2C445&ssl=1&resize=525%2C300 1.5x, https:\/\/i0.wp.com\/www.freidenker.org\/fw17\/wp-content\/uploads\/2011\/10\/dna-2075143_800x445.jpg?fit=800%2C445&ssl=1&resize=700%2C400 2x"},"classes":[]},{"id":578,"url":"https:\/\/www.freidenker.org\/?p=578","url_meta":{"origin":4889,"position":4},"title":"Konferenz: 1914 \/ 2014 &#8211; Der &#8222;Westen&#8220; und Russland","author":"Webmaster","date":"27. Juli 2014","format":false,"excerpt":"Einladung zur \u00d6ffentlichen Wissenschaftlichen Konferenz \"1914 \/ 2014 - Der \"Westen\" und Russland - Internationale Lage und geopolitische Spannungen - vor Beginn des 1. Weltkrieges bis heute\" 6. September 2014, 10:30 Uhr, Rathaus Berlin Pankow, Ratssaal Vortr\u00e4ge von Wilfried Handwerk, Prof. Dr. Anton Latzo, Karl-Heinz Wendt, Dr. Hans-G\u00fcnter Szalkiewicz, Dr.\u2026","rel":"","context":"In &quot;Zentrale Veranstaltungen&quot;","block_context":{"text":"Zentrale Veranstaltungen","link":"https:\/\/www.freidenker.org\/?cat=20"},"img":{"alt_text":"","src":"https:\/\/i0.wp.com\/www.freidenker.org\/fw17\/wp-content\/uploads\/2016\/08\/Konferenz_2014.jpg?fit=800%2C445&ssl=1&resize=350%2C200","width":350,"height":200,"srcset":"https:\/\/i0.wp.com\/www.freidenker.org\/fw17\/wp-content\/uploads\/2016\/08\/Konferenz_2014.jpg?fit=800%2C445&ssl=1&resize=350%2C200 1x, https:\/\/i0.wp.com\/www.freidenker.org\/fw17\/wp-content\/uploads\/2016\/08\/Konferenz_2014.jpg?fit=800%2C445&ssl=1&resize=525%2C300 1.5x, https:\/\/i0.wp.com\/www.freidenker.org\/fw17\/wp-content\/uploads\/2016\/08\/Konferenz_2014.jpg?fit=800%2C445&ssl=1&resize=700%2C400 2x"},"classes":[]},{"id":824,"url":"https:\/\/www.freidenker.org\/?p=824","url_meta":{"origin":4889,"position":5},"title":"FREIDENKER 2-15 &#8211; Fortschritt &#8211; Wissenschaft &#8211; Technik: Im Dienst des Menschen?","author":"Webmaster","date":"16. Juni 2015","format":false,"excerpt":"Die Ausgabe 2-15 des Verbandsorgans FREIDENKER hat das Schwerpunkt-Thema \u201eFortschritt - Wissenschaft - Technik: Im Dienst des Menschen?\u201c und enth\u00e4lt u.a folgende Beitr\u00e4ge von der Konferenz \u201eZweifel und Kritik an Fortschritt, Wissenschaft und Technik\u201c am 08.10.2011 in Dresden: - Klaus Hartmann: \"Zweifel \u2013 Kritik \u2013 Anklage: Fortschritt \u2013 Wissenschaft \u2013\u2026","rel":"","context":"In &quot;Verbandsorgan FREIDENKER&quot;","block_context":{"text":"Verbandsorgan FREIDENKER","link":"https:\/\/www.freidenker.org\/?cat=8"},"img":{"alt_text":"","src":"https:\/\/i0.wp.com\/www.freidenker.org\/fw17\/wp-content\/uploads\/2017\/12\/FD_2015-02_Titel_mR.jpg?fit=800%2C445&ssl=1&resize=350%2C200","width":350,"height":200,"srcset":"https:\/\/i0.wp.com\/www.freidenker.org\/fw17\/wp-content\/uploads\/2017\/12\/FD_2015-02_Titel_mR.jpg?fit=800%2C445&ssl=1&resize=350%2C200 1x, https:\/\/i0.wp.com\/www.freidenker.org\/fw17\/wp-content\/uploads\/2017\/12\/FD_2015-02_Titel_mR.jpg?fit=800%2C445&ssl=1&resize=525%2C300 1.5x, https:\/\/i0.wp.com\/www.freidenker.org\/fw17\/wp-content\/uploads\/2017\/12\/FD_2015-02_Titel_mR.jpg?fit=800%2C445&ssl=1&resize=700%2C400 2x"},"classes":[]}],"_links":{"self":[{"href":"https:\/\/www.freidenker.org\/index.php?rest_route=\/wp\/v2\/posts\/4889","targetHints":{"allow":["GET"]}}],"collection":[{"href":"https:\/\/www.freidenker.org\/index.php?rest_route=\/wp\/v2\/posts"}],"about":[{"href":"https:\/\/www.freidenker.org\/index.php?rest_route=\/wp\/v2\/types\/post"}],"author":[{"embeddable":true,"href":"https:\/\/www.freidenker.org\/index.php?rest_route=\/wp\/v2\/users\/3"}],"replies":[{"embeddable":true,"href":"https:\/\/www.freidenker.org\/index.php?rest_route=%2Fwp%2Fv2%2Fcomments&post=4889"}],"version-history":[{"count":0,"href":"https:\/\/www.freidenker.org\/index.php?rest_route=\/wp\/v2\/posts\/4889\/revisions"}],"wp:featuredmedia":[{"embeddable":true,"href":"https:\/\/www.freidenker.org\/index.php?rest_route=\/wp\/v2\/media\/4899"}],"wp:attachment":[{"href":"https:\/\/www.freidenker.org\/index.php?rest_route=%2Fwp%2Fv2%2Fmedia&parent=4889"}],"wp:term":[{"taxonomy":"category","embeddable":true,"href":"https:\/\/www.freidenker.org\/index.php?rest_route=%2Fwp%2Fv2%2Fcategories&post=4889"},{"taxonomy":"post_tag","embeddable":true,"href":"https:\/\/www.freidenker.org\/index.php?rest_route=%2Fwp%2Fv2%2Ftags&post=4889"}],"curies":[{"name":"wp","href":"https:\/\/api.w.org\/{rel}","templated":true}]}}