{"id":4831,"date":"2018-03-20T03:05:31","date_gmt":"2018-03-20T02:05:31","guid":{"rendered":"http:\/\/www.freidenker.org\/?p=4831"},"modified":"2018-03-26T01:21:02","modified_gmt":"2018-03-25T23:21:02","slug":"buendnisse-fuer-welche-ziele-und-mit-wem","status":"publish","type":"post","link":"https:\/\/www.freidenker.org\/?p=4831","title":{"rendered":"Einladung: B\u00fcndnisse \u2013 f\u00fcr welche Ziele und mit wem?"},"content":{"rendered":"<p><strong>Einladung zur Diskussion <\/strong><\/p>\n<h4>B\u00fcndnisse \u2013 f\u00fcr welche Ziele und mit wem?<\/h4>\n<p><strong>Einleitungsreferat: <\/strong><\/p>\n<h5 style=\"text-align: center;\">Andreas Wehr<\/h5>\n<p style=\"text-align: center;\">Marx-Engels-Zentrum Berlin<\/p>\n<p>\u201cGemeinsam sind wir stark\u201c, \u201eSolidarit\u00e4t ist unsere Kraft\u201c \u2013 solche Losungen sind keine Floskeln oder Gemeinpl\u00e4tze, sie sind Ausdruck der Erfahrung der Arbeiterbewegung.<\/p>\n<p>Bei linken und demokratischen Organisationen ist es \u201eim Prinzip\u201c unumstritten, dass man f\u00fcr gemeinsame Forderungen zusammenarbeiten muss. \u201eIm Prinzip\u201c \u2013 weil wenn\u2019s konkret wird, beginnen die Schwierigkeiten, und sie haben in den letzten Jahren noch zugenommen.<\/p>\n<p>Angesichts wachsender Kriegsgefahr, dem Abbau demokratischer und sozialer Rechte sowie offen auftretender Neonazis scheint nicht die Klarheit, sondern die Konfusion zuzunehmen.<\/p>\n<ul>\n<li>Politische Verwirrung macht sich breit \u2013 was sind die Ursachen?<\/li>\n<li>Statt \u201eNie wieder Krieg\u201c \u2013 \u201eNie wieder Friedensbewegung\u201c?<\/li>\n<li>Welche Rolle spielt der Richtungsstreit \u00fcber die Zukunft der Partei Die Linke?<\/li>\n<li>Welche Interessen haben die Herrschenden, wie setzen sie diese durch?<\/li>\n<li>Aktuelle Spaltungsstrategien: Was ist, wie funktioniert die \u201eKontaktschuld\u201c?<\/li>\n<li>Wie geht man um mit Vorw\u00fcrfen wie \u201eQuerfront\u201c, \u201erechts offen\u201c \u201eVerschw\u00f6rungstheoretiker\u201c, \u201eAntisemit\u201c, \u201eanti-amerikanisch\u201c?<\/li>\n<li>Welche Abgrenzungen sind n\u00f6tig \u2013 welche sind sch\u00e4dlich?<\/li>\n<\/ul>\n<p>Wir fordern \u201ezivile Konfliktl\u00f6sungen und Dialog\u201c \u2013 k\u00f6nnen wir das auch selbst praktizieren?<\/p>\n<p style=\"text-align: center;\"><strong>Sonnabend, 24. M\u00e4rz 2018, 14:00 Uhr <\/strong><\/p>\n<p style=\"text-align: center;\"><strong>Jugendherberge <\/strong><\/p>\n<p style=\"text-align: center;\"><strong>Leiterstra\u00dfe 10, 39104 Magdeburg<\/strong><\/p>\n<p>&nbsp;<\/p>\n<hr \/>\n<p><img data-recalc-dims=\"1\" loading=\"lazy\" decoding=\"async\" data-attachment-id=\"1076\" data-permalink=\"https:\/\/www.freidenker.org\/?attachment_id=1076\" data-orig-file=\"https:\/\/i0.wp.com\/www.freidenker.org\/fw17\/wp-content\/uploads\/2017\/10\/pdf_icon-2.png?fit=32%2C32&amp;ssl=1\" data-orig-size=\"32,32\" data-comments-opened=\"0\" data-image-meta=\"{&quot;aperture&quot;:&quot;0&quot;,&quot;credit&quot;:&quot;&quot;,&quot;camera&quot;:&quot;&quot;,&quot;caption&quot;:&quot;&quot;,&quot;created_timestamp&quot;:&quot;0&quot;,&quot;copyright&quot;:&quot;&quot;,&quot;focal_length&quot;:&quot;0&quot;,&quot;iso&quot;:&quot;0&quot;,&quot;shutter_speed&quot;:&quot;0&quot;,&quot;title&quot;:&quot;&quot;,&quot;orientation&quot;:&quot;0&quot;}\" data-image-title=\"pdf_icon\" data-image-description=\"\" data-image-caption=\"\" data-large-file=\"https:\/\/i0.wp.com\/www.freidenker.org\/fw17\/wp-content\/uploads\/2017\/10\/pdf_icon-2.png?fit=32%2C32&amp;ssl=1\" class=\"alignnone size-full wp-image-1076\" src=\"https:\/\/i0.wp.com\/www.freidenker.org\/fw17\/wp-content\/uploads\/2017\/10\/pdf_icon-2.png?resize=32%2C32&#038;ssl=1\" alt=\"\" width=\"32\" height=\"32\" \/>\u00a0<a href=\"https:\/\/www.freidenker.org\/fw17\/wp-content\/uploads\/2018\/03\/VV-180324-Veranstaltung_v2.pdf\" target=\"_blank\" rel=\"noopener\">Einladung als PDF-Dokument<\/a> downloaden<\/p>\n<hr \/>\n<p>Bild: pixabay.com \/ User: geralt<\/p>\n","protected":false},"excerpt":{"rendered":"<p><strong>Einladung zu einem Referat und zur Diskussion mit Andreas Wehr am 24.03.2018 in der Jugendherberge Magdeburg<\/strong><br \/>\n\u201cGemeinsam sind wir stark\u201c, \u201eSolidarit\u00e4t ist unsere Kraft\u201c \u2013 solche Losungen sind keine Floskeln oder Gemeinpl\u00e4tze, sie sind Ausdruck der Erfahrung der Arbeiterbewegung. Bei linken und demokratischen Organisationen ist es \u201eim Prinzip\u201c unumstritten, dass man f\u00fcr gemeinsame Forderungen zusammenarbeiten muss. \u201eIm Prinzip\u201c \u2013 weil wenn\u2019s konkret wird, beginnen die Schwierigkeiten, und sie haben in den letzten Jahren noch zugenommen.<br \/>\nAngesichts wachsender Kriegsgefahr, dem Abbau demokratischer und sozialer Rechte sowie offen auftretender Neonazis scheint nicht die Klarheit, sondern die Konfusion zuzunehmen.<\/p>\n","protected":false},"author":3,"featured_media":4834,"comment_status":"closed","ping_status":"closed","sticky":false,"template":"","format":"standard","meta":{"colormag_page_container_layout":"default_layout","colormag_page_sidebar_layout":"default_layout","advanced_seo_description":"","jetpack_seo_html_title":"","jetpack_seo_noindex":false,"jetpack_post_was_ever_published":false,"footnotes":""},"categories":[13,20],"tags":[975,43,917,783,342],"class_list":["post-4831","post","type-post","status-publish","format-standard","has-post-thumbnail","hentry","category-frieden-antifaschismus-solidaritaet","category-zentrale-veranstaltungen","tag-buendnispolitik","tag-friedensbewegung","tag-linkspartei","tag-neofaschismus","tag-querfront"],"jetpack_featured_media_url":"https:\/\/i0.wp.com\/www.freidenker.org\/fw17\/wp-content\/uploads\/2018\/03\/together-2450090_800x445.jpg?fit=800%2C445&ssl=1","jetpack_shortlink":"https:\/\/wp.me\/p9stpK-1fV","jetpack-related-posts":[{"id":5483,"url":"https:\/\/www.freidenker.org\/?p=5483","url_meta":{"origin":4831,"position":0},"title":"Distanzieren, Diffamieren, Spalten \u2013  Zwei \u201eLinke\u201c in ihrem Element","author":"Webredaktion","date":"14. Oktober 2018","format":false,"excerpt":"Die Spitzenfunktion\u00e4re der sogenannten \u201eLinken\u201c in Sachsen-Anhalt gaben eine \u201eErkl\u00e4rung\u201c zu unserer Veranstaltung mit der ehemaligen Bundestagsabgeordneten der Partei Die Linke ab. ... Diese Bewertung ist ein Paradebeispiel f\u00fcr \u201ebetreutes Denken\u201c, denn die Einladung wird dem geneigten Publikum ebenso die \u201ePositionierung\u201c der Referentin vorenthalten. Es k\u00f6nnte ja zu anderen Schl\u00fcssen\u2026","rel":"","context":"In &quot;Frieden - Antifaschismus - Solidarit\u00e4t&quot;","block_context":{"text":"Frieden - Antifaschismus - Solidarit\u00e4t","link":"https:\/\/www.freidenker.org\/?cat=13"},"img":{"alt_text":"","src":"https:\/\/i0.wp.com\/www.freidenker.org\/fw17\/wp-content\/uploads\/2018\/10\/desert-1803878_800x445_zdV.jpg?fit=800%2C445&ssl=1&resize=350%2C200","width":350,"height":200,"srcset":"https:\/\/i0.wp.com\/www.freidenker.org\/fw17\/wp-content\/uploads\/2018\/10\/desert-1803878_800x445_zdV.jpg?fit=800%2C445&ssl=1&resize=350%2C200 1x, https:\/\/i0.wp.com\/www.freidenker.org\/fw17\/wp-content\/uploads\/2018\/10\/desert-1803878_800x445_zdV.jpg?fit=800%2C445&ssl=1&resize=525%2C300 1.5x, https:\/\/i0.wp.com\/www.freidenker.org\/fw17\/wp-content\/uploads\/2018\/10\/desert-1803878_800x445_zdV.jpg?fit=800%2C445&ssl=1&resize=700%2C400 2x"},"classes":[]},{"id":11659,"url":"https:\/\/www.freidenker.org\/?p=11659","url_meta":{"origin":4831,"position":1},"title":"Zur Notwendigkeit breiter antifaschistischer B\u00fcndnisse","author":"Webredaktion","date":"22. November 2021","format":false,"excerpt":"Vortrag von Klaus Linder, gehalten in der Ortsgruppe Berlin-Marzahn des Rotfuchs-F\u00f6rdervereins Wir haben zu pr\u00fcfen: Was sind B\u00fcndnisse? Was ist antifaschistisch? Was ist Breite? Was ist Notwendigkeit? Zun\u00e4chst stellt sich die Frage nach dem Subjekt von B\u00fcndnissen. Ich sollte sagen: nach den Subjekten. Allerdings ist ein B\u00fcndnis der Versuch, in\u2026","rel":"","context":"In &quot;Frieden - Antifaschismus - Solidarit\u00e4t&quot;","block_context":{"text":"Frieden - Antifaschismus - Solidarit\u00e4t","link":"https:\/\/www.freidenker.org\/?cat=13"},"img":{"alt_text":"","src":"https:\/\/i0.wp.com\/www.freidenker.org\/fw17\/wp-content\/uploads\/2021\/11\/Linder_Rotfuchs._800x450jpg.jpg?fit=800%2C450&ssl=1&resize=350%2C200","width":350,"height":200,"srcset":"https:\/\/i0.wp.com\/www.freidenker.org\/fw17\/wp-content\/uploads\/2021\/11\/Linder_Rotfuchs._800x450jpg.jpg?fit=800%2C450&ssl=1&resize=350%2C200 1x, https:\/\/i0.wp.com\/www.freidenker.org\/fw17\/wp-content\/uploads\/2021\/11\/Linder_Rotfuchs._800x450jpg.jpg?fit=800%2C450&ssl=1&resize=525%2C300 1.5x, https:\/\/i0.wp.com\/www.freidenker.org\/fw17\/wp-content\/uploads\/2021\/11\/Linder_Rotfuchs._800x450jpg.jpg?fit=800%2C450&ssl=1&resize=700%2C400 2x"},"classes":[]},{"id":4209,"url":"https:\/\/www.freidenker.org\/?p=4209","url_meta":{"origin":4831,"position":2},"title":"Video: Klaus Hartmann im Kreuzverh\u00f6r bei Dr. Seltsam 2018","author":"Webredaktion","date":"25. Januar 2018","format":false,"excerpt":"Klaus Hartmann bei Dr. Seltam am 14.01.2018 in Berlin Realsatire \u2013 auch wenn die Lage ernst ist... Was war (2017) und was ist los in der Welt? Was ist los in der Friedensbewegung? Ziele, B\u00fcndnisse und St\u00f6rman\u00f6ver, Spaltungsversuche. Der Vorsitzende des Deutschen Freidenker-Verbandes, Klaus Hartmann, steht f\u00fcr ebenso glasklare wie\u2026","rel":"","context":"In &quot;Demokratie \u2013 Medien \u2013 Aufkl\u00e4rung&quot;","block_context":{"text":"Demokratie \u2013 Medien \u2013 Aufkl\u00e4rung","link":"https:\/\/www.freidenker.org\/?cat=12"},"img":{"alt_text":"","src":"https:\/\/i0.wp.com\/www.freidenker.org\/fw17\/wp-content\/uploads\/2018\/01\/dr-seltsam_2018_af-video.jpg?fit=800%2C445&ssl=1&resize=350%2C200","width":350,"height":200,"srcset":"https:\/\/i0.wp.com\/www.freidenker.org\/fw17\/wp-content\/uploads\/2018\/01\/dr-seltsam_2018_af-video.jpg?fit=800%2C445&ssl=1&resize=350%2C200 1x, https:\/\/i0.wp.com\/www.freidenker.org\/fw17\/wp-content\/uploads\/2018\/01\/dr-seltsam_2018_af-video.jpg?fit=800%2C445&ssl=1&resize=525%2C300 1.5x, https:\/\/i0.wp.com\/www.freidenker.org\/fw17\/wp-content\/uploads\/2018\/01\/dr-seltsam_2018_af-video.jpg?fit=800%2C445&ssl=1&resize=700%2C400 2x"},"classes":[]},{"id":4517,"url":"https:\/\/www.freidenker.org\/?p=4517","url_meta":{"origin":4831,"position":3},"title":"Selbstdarstellung des KORSO","author":"Webredaktion","date":"20. Dezember 2016","format":false,"excerpt":"Der Koordinierungsrat s\u00e4kularer Organisationen (KORSO) hat eine Selbstdarstellungsbrosch\u00fcre herausgegeben. Neben einem \u00dcberblick \u00fcber die Ziele und Forderungen des KORSO sind darin Kurzportraits aller Mitgliedsorganisationen enthalten. Aus dem Vorwort: Die Ziele und Strategien der s\u00e4kularen Organisationen sind keineswegs identisch. Sie sind zudem unterschiedlich alt, unterschiedlich gro\u00df, regional unterschiedlich entwickelt und in\u2026","rel":"","context":"In &quot;Publikationen f\u00fcr Freidenker&quot;","block_context":{"text":"Publikationen f\u00fcr Freidenker","link":"https:\/\/www.freidenker.org\/?cat=6"},"img":{"alt_text":"","src":"https:\/\/i0.wp.com\/www.freidenker.org\/fw17\/wp-content\/uploads\/2016\/12\/korso-broschuere_v5.jpg?fit=800%2C445&ssl=1&resize=350%2C200","width":350,"height":200,"srcset":"https:\/\/i0.wp.com\/www.freidenker.org\/fw17\/wp-content\/uploads\/2016\/12\/korso-broschuere_v5.jpg?fit=800%2C445&ssl=1&resize=350%2C200 1x, https:\/\/i0.wp.com\/www.freidenker.org\/fw17\/wp-content\/uploads\/2016\/12\/korso-broschuere_v5.jpg?fit=800%2C445&ssl=1&resize=525%2C300 1.5x, https:\/\/i0.wp.com\/www.freidenker.org\/fw17\/wp-content\/uploads\/2016\/12\/korso-broschuere_v5.jpg?fit=800%2C445&ssl=1&resize=700%2C400 2x"},"classes":[]},{"id":23579,"url":"https:\/\/www.freidenker.org\/?p=23579","url_meta":{"origin":4831,"position":4},"title":"Mobilisierung der Jugend: Strategien und Aktionen im Kampf gegen die Wehrpflicht","author":"Webredaktion","date":"20. November 2025","format":false,"excerpt":"Beitrag von Felicitas Rabe Auf dem 32. Bundesweiten Friedensratschlag, der am 2. Novemberwochenende in Kassel tagte, nahmen Vertreter von linken Jugendorganisationen in gestaltenden Funktionen teil. In der Podiumsdiskussion \"Wie verhindern wir die Wehrpflicht?\" pr\u00e4sentierten sich die Jugendvertreter \u00e4u\u00dferst informiert \u00fcber die politische Entwicklung in Deutschland und die Kriegsmotivation der herrschenden\u2026","rel":"","context":"In &quot;Demokratie \u2013 Medien \u2013 Aufkl\u00e4rung&quot;","block_context":{"text":"Demokratie \u2013 Medien \u2013 Aufkl\u00e4rung","link":"https:\/\/www.freidenker.org\/?cat=12"},"img":{"alt_text":"","src":"https:\/\/i0.wp.com\/www.freidenker.org\/fw17\/wp-content\/uploads\/2025\/11\/Rabe_Wehrpflicht_800x450.jpg?fit=800%2C450&ssl=1&resize=350%2C200","width":350,"height":200,"srcset":"https:\/\/i0.wp.com\/www.freidenker.org\/fw17\/wp-content\/uploads\/2025\/11\/Rabe_Wehrpflicht_800x450.jpg?fit=800%2C450&ssl=1&resize=350%2C200 1x, https:\/\/i0.wp.com\/www.freidenker.org\/fw17\/wp-content\/uploads\/2025\/11\/Rabe_Wehrpflicht_800x450.jpg?fit=800%2C450&ssl=1&resize=525%2C300 1.5x, https:\/\/i0.wp.com\/www.freidenker.org\/fw17\/wp-content\/uploads\/2025\/11\/Rabe_Wehrpflicht_800x450.jpg?fit=800%2C450&ssl=1&resize=700%2C400 2x"},"classes":[]},{"id":339,"url":"https:\/\/www.freidenker.org\/?p=339","url_meta":{"origin":4831,"position":5},"title":"Solidarit\u00e4t mit den streikenden griechischen Stahlarbeitern","author":"Webmaster","date":"16. April 2012","format":false,"excerpt":"Beitrag von Emmanuel Korakis aus FREIDENKER 1-12 Das Griechische Stahlwerk ELLINIKI CHALYVOURGIA ist das gr\u00f6\u00dfte Stahlunternehmen in Griechenland. .. Die Produktion und die Gewinne des Unternehmens steigen in den letzten Jahren stetig. ... Arbeit unter unmenschlichen Bedingungen mit Temperaturen \u00fcber 110 C, Verbrennungen, Ohnmacht, t\u00f6dliche Arbeitsunf\u00e4lle wegen des schlechten Arbeitsschutzes\u2026","rel":"","context":"In &quot;Arbeit &amp; Soziales&quot;","block_context":{"text":"Arbeit &amp; Soziales","link":"https:\/\/www.freidenker.org\/?cat=11"},"img":{"alt_text":"","src":"https:\/\/i0.wp.com\/www.freidenker.org\/fw17\/wp-content\/uploads\/2016\/07\/Stahl.jpg?fit=800%2C445&ssl=1&resize=350%2C200","width":350,"height":200,"srcset":"https:\/\/i0.wp.com\/www.freidenker.org\/fw17\/wp-content\/uploads\/2016\/07\/Stahl.jpg?fit=800%2C445&ssl=1&resize=350%2C200 1x, https:\/\/i0.wp.com\/www.freidenker.org\/fw17\/wp-content\/uploads\/2016\/07\/Stahl.jpg?fit=800%2C445&ssl=1&resize=525%2C300 1.5x, https:\/\/i0.wp.com\/www.freidenker.org\/fw17\/wp-content\/uploads\/2016\/07\/Stahl.jpg?fit=800%2C445&ssl=1&resize=700%2C400 2x"},"classes":[]}],"_links":{"self":[{"href":"https:\/\/www.freidenker.org\/index.php?rest_route=\/wp\/v2\/posts\/4831","targetHints":{"allow":["GET"]}}],"collection":[{"href":"https:\/\/www.freidenker.org\/index.php?rest_route=\/wp\/v2\/posts"}],"about":[{"href":"https:\/\/www.freidenker.org\/index.php?rest_route=\/wp\/v2\/types\/post"}],"author":[{"embeddable":true,"href":"https:\/\/www.freidenker.org\/index.php?rest_route=\/wp\/v2\/users\/3"}],"replies":[{"embeddable":true,"href":"https:\/\/www.freidenker.org\/index.php?rest_route=%2Fwp%2Fv2%2Fcomments&post=4831"}],"version-history":[{"count":0,"href":"https:\/\/www.freidenker.org\/index.php?rest_route=\/wp\/v2\/posts\/4831\/revisions"}],"wp:featuredmedia":[{"embeddable":true,"href":"https:\/\/www.freidenker.org\/index.php?rest_route=\/wp\/v2\/media\/4834"}],"wp:attachment":[{"href":"https:\/\/www.freidenker.org\/index.php?rest_route=%2Fwp%2Fv2%2Fmedia&parent=4831"}],"wp:term":[{"taxonomy":"category","embeddable":true,"href":"https:\/\/www.freidenker.org\/index.php?rest_route=%2Fwp%2Fv2%2Fcategories&post=4831"},{"taxonomy":"post_tag","embeddable":true,"href":"https:\/\/www.freidenker.org\/index.php?rest_route=%2Fwp%2Fv2%2Ftags&post=4831"}],"curies":[{"name":"wp","href":"https:\/\/api.w.org\/{rel}","templated":true}]}}