{"id":480,"date":"2007-07-16T17:09:02","date_gmt":"2007-07-16T15:09:02","guid":{"rendered":"http:\/\/www.freidenker.org\/fw17\/?p=480"},"modified":"2018-02-18T16:08:01","modified_gmt":"2018-02-18T15:08:01","slug":"russland-alter-neuer-feind","status":"publish","type":"post","link":"https:\/\/www.freidenker.org\/?p=480","title":{"rendered":"FREIDENKER 2-07 &#8211; Russland &#8211; alter neuer Feind?"},"content":{"rendered":"<h5><strong>Inhalt:<\/strong> Editorial-\u00a0Thema:<\/h5>\n<p>Eberhard Schinck: Von da ist etwas Neues in die Welt gekommen |\u00a0Klaus Eichner: Zur Strategie der Einkreisung Russlands |\u00a0Klaus Hartmann: Das Russlandbild der Medien |\u00a0Gerd Hommel: Tradition \u2013 Bewahren von Asche oder Weitertragen des Feuers<\/p>\n<p><strong>Aus den Landesverb\u00e4nden<br \/>\nMeldungen, Meinungen<br \/>\n<\/strong><\/p>\n<p>Streit um Rat der Ex-Muslime Interview mit Mina Ahadi<br \/>\nKlaus Hartmann: Nochmals zum Zentralrat der Ex-Muslime<br \/>\nAus unserer sch\u00f6nen Republik<\/p>\n<p><strong>Leserbrief<br \/>\nChronik<br \/>\n<\/strong><\/p>\n<p>Zum 120. Geburtstag von\u00a0 Max Sievers am 11. Juli 2007<br \/>\nVerbandsvorstandstagung in Magdeburg<br \/>\nWir trauern um Franz Wabra-Collet<br \/>\nKonferenz zum 90. Jahrestag der Oktoberrevolution<\/p>\n<p><strong>B\u00fccher f\u00fcr Freidenker<\/strong><\/p>\n<p>&nbsp;<\/p>\n","protected":false},"excerpt":{"rendered":"<p><strong>Die Ausgabe 2-07 des Verbandsorgans FREIDENKER hat das Schwerpunkt-Thema \u201eRussland &#8211; alter neuer Feind?\u201c und enth\u00e4lt u.a folgende Beitr\u00e4ge:<\/strong><br \/>\n&#8211; Eberhard Schinck: Von da ist etwas Neues in die Welt gekommen<br \/>\n&#8211; Klaus Eichner: Zur Strategie der Einkreisung Russlands<br \/>\n&#8211; Klaus Hartmann: Das Russlandbild der Medien<br \/>\n&#8211; Gerd Hommel: Tradition \u2013 Bewahren von Asche oder Weitertragen des Feuers<br \/>\n&#8211; Streit um Rat der Ex-Muslime (Interview mit Mina Ahadi)<br \/>\n&#8211; Klaus Hartmann: Nochmals zum Zentralrat der Ex-Muslime<\/p>\n","protected":false},"author":2,"featured_media":2526,"comment_status":"closed","ping_status":"closed","sticky":false,"template":"","format":"standard","meta":{"colormag_page_container_layout":"default_layout","colormag_page_sidebar_layout":"default_layout","advanced_seo_description":"","jetpack_seo_html_title":"","jetpack_seo_noindex":false,"jetpack_post_was_ever_published":false,"footnotes":""},"categories":[8],"tags":[635,26,335,188,222],"class_list":["post-480","post","type-post","status-publish","format-standard","has-post-thumbnail","hentry","category-verbandsorgan-freidenker","tag-feindbild","tag-freidenker","tag-frieden","tag-krieg","tag-russland"],"jetpack_featured_media_url":"https:\/\/i0.wp.com\/www.freidenker.org\/fw17\/wp-content\/uploads\/2017\/12\/FD_2007-02_Titel_mR.jpg?fit=800%2C445&ssl=1","jetpack_shortlink":"https:\/\/wp.me\/p9stpK-7K","jetpack-related-posts":[{"id":475,"url":"https:\/\/www.freidenker.org\/?p=475","url_meta":{"origin":480,"position":0},"title":"FREIDENKER 1-07 &#8211; Irrationalismus und Herrschaft","author":"Webmaster","date":"16. M\u00e4rz 2007","format":false,"excerpt":"Die Ausgabe 1-07 des Verbandsorgans FREIDENKER hat das Schwerpunkt-Thema \u201eIrrationalismus und Herrschaft\u201c und enth\u00e4lt u.a folgende Beitr\u00e4ge: - Robert Steigerwald: Zur Auseinandersetzung mit dem Irrationalismus - Horst Schild: Anmerkungen zu Gebrauch und Missbrauch von Sprache - Arnold Sch\u00f6lzel: Imperialer Irrationalismus - Werner Seppmann: Auf dem Weg in die Armutsgesellschaft -\u2026","rel":"","context":"In &quot;Verbandsorgan FREIDENKER&quot;","block_context":{"text":"Verbandsorgan FREIDENKER","link":"https:\/\/www.freidenker.org\/?cat=8"},"img":{"alt_text":"","src":"https:\/\/i0.wp.com\/www.freidenker.org\/fw17\/wp-content\/uploads\/2017\/12\/FD_2007-01_Titel_mR.jpg?fit=800%2C445&ssl=1&resize=350%2C200","width":350,"height":200,"srcset":"https:\/\/i0.wp.com\/www.freidenker.org\/fw17\/wp-content\/uploads\/2017\/12\/FD_2007-01_Titel_mR.jpg?fit=800%2C445&ssl=1&resize=350%2C200 1x, https:\/\/i0.wp.com\/www.freidenker.org\/fw17\/wp-content\/uploads\/2017\/12\/FD_2007-01_Titel_mR.jpg?fit=800%2C445&ssl=1&resize=525%2C300 1.5x, https:\/\/i0.wp.com\/www.freidenker.org\/fw17\/wp-content\/uploads\/2017\/12\/FD_2007-01_Titel_mR.jpg?fit=800%2C445&ssl=1&resize=700%2C400 2x"},"classes":[]},{"id":716,"url":"https:\/\/www.freidenker.org\/?p=716","url_meta":{"origin":480,"position":1},"title":"FREIDENKER 2-09 &#8211; Aufkl\u00e4rung &#8211; Aktuelle Aufgaben &#8211; Verbandstag 2009","author":"Webmaster","date":"2. Juli 2009","format":false,"excerpt":"Die Ausgabe 2-09 des Verbandsorgans FREIDENKER hat das Schwerpunkt-Thema \u201eAufkl\u00e4rung - Aktuelle Aufgaben - Verbandstag 2009\u201c und enth\u00e4lt u.a folgende Beitr\u00e4ge: - Horst Schild: Le si\u00e8cle de lumi\u00e8res \u2013 das Zeitalter der Lichter - Wolf-Dieter Gudopp-von Behm: Anst\u00f6\u00dfe zum Thema \u201eAufkl\u00e4rung\u201c - Lorenz Knorr: Ex-Bundespr\u00e4sident Herzogs Beihilfe zur Geschichtsf\u00e4lschung -\u2026","rel":"","context":"In &quot;Verbandsorgan FREIDENKER&quot;","block_context":{"text":"Verbandsorgan FREIDENKER","link":"https:\/\/www.freidenker.org\/?cat=8"},"img":{"alt_text":"","src":"https:\/\/i0.wp.com\/www.freidenker.org\/fw17\/wp-content\/uploads\/2017\/12\/FD_2009-02_Titel_mR.jpg?fit=800%2C445&ssl=1&resize=350%2C200","width":350,"height":200,"srcset":"https:\/\/i0.wp.com\/www.freidenker.org\/fw17\/wp-content\/uploads\/2017\/12\/FD_2009-02_Titel_mR.jpg?fit=800%2C445&ssl=1&resize=350%2C200 1x, https:\/\/i0.wp.com\/www.freidenker.org\/fw17\/wp-content\/uploads\/2017\/12\/FD_2009-02_Titel_mR.jpg?fit=800%2C445&ssl=1&resize=525%2C300 1.5x, https:\/\/i0.wp.com\/www.freidenker.org\/fw17\/wp-content\/uploads\/2017\/12\/FD_2009-02_Titel_mR.jpg?fit=800%2C445&ssl=1&resize=700%2C400 2x"},"classes":[]},{"id":2986,"url":"https:\/\/www.freidenker.org\/?p=2986","url_meta":{"origin":480,"position":2},"title":"&#8222;Deutschland raus aus der NATO&#8220;: DFV-Weckruf an den Bundestag","author":"Webredaktion","date":"8. September 2015","format":false,"excerpt":"Interview von Klaus Hartmann, Bundesvorsitzender des Deutschen Freidenker-Verbandes, mit Sputnik Deutschland \"Deutschland raus aus der Nato, Nato raus aus Deutschland\" \u2013 fordert der Deutsche Freidenker-Verband in seinem Aufruf an die Bundestagsabgeordneten. Der Appell ist eine Reaktion auf den Nato-Konfrontationskurs gegen Russland, wie der DFV-Vorstand erkl\u00e4rt. Nach 1990 erlebte die Nato\u2026","rel":"","context":"In &quot;Frieden - Antifaschismus - Solidarit\u00e4t&quot;","block_context":{"text":"Frieden - Antifaschismus - Solidarit\u00e4t","link":"https:\/\/www.freidenker.org\/?cat=13"},"img":{"alt_text":"","src":"https:\/\/i0.wp.com\/www.freidenker.org\/fw17\/wp-content\/uploads\/2015\/09\/the-eleventh-hour-758726_800x445.jpg?fit=800%2C445&ssl=1&resize=350%2C200","width":350,"height":200,"srcset":"https:\/\/i0.wp.com\/www.freidenker.org\/fw17\/wp-content\/uploads\/2015\/09\/the-eleventh-hour-758726_800x445.jpg?fit=800%2C445&ssl=1&resize=350%2C200 1x, https:\/\/i0.wp.com\/www.freidenker.org\/fw17\/wp-content\/uploads\/2015\/09\/the-eleventh-hour-758726_800x445.jpg?fit=800%2C445&ssl=1&resize=525%2C300 1.5x, https:\/\/i0.wp.com\/www.freidenker.org\/fw17\/wp-content\/uploads\/2015\/09\/the-eleventh-hour-758726_800x445.jpg?fit=800%2C445&ssl=1&resize=700%2C400 2x"},"classes":[]},{"id":5287,"url":"https:\/\/www.freidenker.org\/?p=5287","url_meta":{"origin":480,"position":3},"title":"Raus aus der Nato statt Krieg gegen Russland \u2013 Friedensaktions-Konferenz","author":"Webredaktion","date":"10. Juli 2018","format":false,"excerpt":"Bericht von Tilo Gr\u00e4ser von Sputniknews Deutschland von der Friedensaktionskonferenz am 07.07.2018 in Potsdam \u201eFrieden mit Russland!\u201c hat eine Friedensaktionskonferenz am Samstag in Potsdam gefordert. F\u00fcr Klaus Hartmann vom Freidenker-Verband geht das nur ohne Nato. Historiker Anton Latzo sieht Moskaus Au\u00dfenpolitik am Frieden orientiert. F\u00fcr Karin Leukefeld best\u00e4tigt sich das\u2026","rel":"","context":"In &quot;Frieden - Antifaschismus - Solidarit\u00e4t&quot;","block_context":{"text":"Frieden - Antifaschismus - Solidarit\u00e4t","link":"https:\/\/www.freidenker.org\/?cat=13"},"img":{"alt_text":"","src":"https:\/\/i0.wp.com\/www.freidenker.org\/fw17\/wp-content\/uploads\/2018\/07\/leukefeld_potsdam_2018-07-07_800x445.jpg?fit=800%2C445&ssl=1&resize=350%2C200","width":350,"height":200,"srcset":"https:\/\/i0.wp.com\/www.freidenker.org\/fw17\/wp-content\/uploads\/2018\/07\/leukefeld_potsdam_2018-07-07_800x445.jpg?fit=800%2C445&ssl=1&resize=350%2C200 1x, https:\/\/i0.wp.com\/www.freidenker.org\/fw17\/wp-content\/uploads\/2018\/07\/leukefeld_potsdam_2018-07-07_800x445.jpg?fit=800%2C445&ssl=1&resize=525%2C300 1.5x, https:\/\/i0.wp.com\/www.freidenker.org\/fw17\/wp-content\/uploads\/2018\/07\/leukefeld_potsdam_2018-07-07_800x445.jpg?fit=800%2C445&ssl=1&resize=700%2C400 2x"},"classes":[]},{"id":4612,"url":"https:\/\/www.freidenker.org\/?p=4612","url_meta":{"origin":480,"position":4},"title":"Video: Russland &#8211; Feind oder Freund?","author":"Webredaktion","date":"22. Februar 2018","format":false,"excerpt":"Video der Veranstaltung mit Klaus Hartmann am 15.02.2018 in Bremen Geht von Russland eine Bedrohung aus? Ist Russland heute ein aggressiver, imperialistischer Staat? Haben russische Hacker die amerikanischen (und andere) Wahlen beeinflusst? All das und mehr wird in unseren Medien behauptet, ohne es genauer zu belegen. Ist es nicht vielmehr\u2026","rel":"","context":"In &quot;Frieden - Antifaschismus - Solidarit\u00e4t&quot;","block_context":{"text":"Frieden - Antifaschismus - Solidarit\u00e4t","link":"https:\/\/www.freidenker.org\/?cat=13"},"img":{"alt_text":"","src":"https:\/\/i0.wp.com\/www.freidenker.org\/fw17\/wp-content\/uploads\/2018\/02\/Russland_Feind_oder_Freund_Vorspann_800x445.jpg?fit=800%2C445&ssl=1&resize=350%2C200","width":350,"height":200,"srcset":"https:\/\/i0.wp.com\/www.freidenker.org\/fw17\/wp-content\/uploads\/2018\/02\/Russland_Feind_oder_Freund_Vorspann_800x445.jpg?fit=800%2C445&ssl=1&resize=350%2C200 1x, https:\/\/i0.wp.com\/www.freidenker.org\/fw17\/wp-content\/uploads\/2018\/02\/Russland_Feind_oder_Freund_Vorspann_800x445.jpg?fit=800%2C445&ssl=1&resize=525%2C300 1.5x, https:\/\/i0.wp.com\/www.freidenker.org\/fw17\/wp-content\/uploads\/2018\/02\/Russland_Feind_oder_Freund_Vorspann_800x445.jpg?fit=800%2C445&ssl=1&resize=700%2C400 2x"},"classes":[]},{"id":5808,"url":"https:\/\/www.freidenker.org\/?p=5808","url_meta":{"origin":480,"position":5},"title":"Diskussion: 20 Jahre nach dem NATO-\u00dcberfall auf Jugoslawien","author":"Webredaktion","date":"30. Januar 2019","format":false,"excerpt":"Am 16.01.2019 folgten mehr als 65 Interessierte der Einladung der Berliner Freidenker zur Diskussion mit Klaus Hartmann zum Thema \"20 Jahre nach dem NATO-\u00dcberfall auf Jugoslawien \u2013 Die neokoloniale Neuaufteilung der Welt und der Kampf f\u00fcr die multipolare Weltordnung\". Klaus Hartmann wies auf die fr\u00fche Einsch\u00e4tzung der Freidenker in den\u2026","rel":"","context":"In &quot;Frieden - Antifaschismus - Solidarit\u00e4t&quot;","block_context":{"text":"Frieden - Antifaschismus - Solidarit\u00e4t","link":"https:\/\/www.freidenker.org\/?cat=13"},"img":{"alt_text":"","src":"https:\/\/i0.wp.com\/www.freidenker.org\/fw17\/wp-content\/uploads\/2019\/01\/190116_Podium_ND_02.jpg?fit=800%2C445&ssl=1&resize=350%2C200","width":350,"height":200,"srcset":"https:\/\/i0.wp.com\/www.freidenker.org\/fw17\/wp-content\/uploads\/2019\/01\/190116_Podium_ND_02.jpg?fit=800%2C445&ssl=1&resize=350%2C200 1x, https:\/\/i0.wp.com\/www.freidenker.org\/fw17\/wp-content\/uploads\/2019\/01\/190116_Podium_ND_02.jpg?fit=800%2C445&ssl=1&resize=525%2C300 1.5x, https:\/\/i0.wp.com\/www.freidenker.org\/fw17\/wp-content\/uploads\/2019\/01\/190116_Podium_ND_02.jpg?fit=800%2C445&ssl=1&resize=700%2C400 2x"},"classes":[]}],"_links":{"self":[{"href":"https:\/\/www.freidenker.org\/index.php?rest_route=\/wp\/v2\/posts\/480","targetHints":{"allow":["GET"]}}],"collection":[{"href":"https:\/\/www.freidenker.org\/index.php?rest_route=\/wp\/v2\/posts"}],"about":[{"href":"https:\/\/www.freidenker.org\/index.php?rest_route=\/wp\/v2\/types\/post"}],"author":[{"embeddable":true,"href":"https:\/\/www.freidenker.org\/index.php?rest_route=\/wp\/v2\/users\/2"}],"replies":[{"embeddable":true,"href":"https:\/\/www.freidenker.org\/index.php?rest_route=%2Fwp%2Fv2%2Fcomments&post=480"}],"version-history":[{"count":0,"href":"https:\/\/www.freidenker.org\/index.php?rest_route=\/wp\/v2\/posts\/480\/revisions"}],"wp:featuredmedia":[{"embeddable":true,"href":"https:\/\/www.freidenker.org\/index.php?rest_route=\/wp\/v2\/media\/2526"}],"wp:attachment":[{"href":"https:\/\/www.freidenker.org\/index.php?rest_route=%2Fwp%2Fv2%2Fmedia&parent=480"}],"wp:term":[{"taxonomy":"category","embeddable":true,"href":"https:\/\/www.freidenker.org\/index.php?rest_route=%2Fwp%2Fv2%2Fcategories&post=480"},{"taxonomy":"post_tag","embeddable":true,"href":"https:\/\/www.freidenker.org\/index.php?rest_route=%2Fwp%2Fv2%2Ftags&post=480"}],"curies":[{"name":"wp","href":"https:\/\/api.w.org\/{rel}","templated":true}]}}