{"id":4699,"date":"2015-04-02T19:28:25","date_gmt":"2015-04-02T17:28:25","guid":{"rendered":"http:\/\/www.freidenker.org\/?p=4699"},"modified":"2018-03-05T00:20:34","modified_gmt":"2018-03-04T23:20:34","slug":"formierte-gegenaufklaerung-anmerkungen","status":"publish","type":"post","link":"https:\/\/www.freidenker.org\/?p=4699","title":{"rendered":"\u201eFormierte Gegenaufkl\u00e4rung\u201c &#8211; Anmerkungen"},"content":{"rendered":"<p>von <em><strong>Andreas Wehr<\/strong><\/em><\/p>\n<h4>Anmerkungen zu dem Artikel \u201eFormierte Gegenaufkl\u00e4rung\u201c in der Zeitung Junge Welt vom 21.\/22. M\u00e4rz 2015<\/h4>\n<p>In der Wochenendausgabe vom 21.\/22. M\u00e4rz 2015 ver\u00f6ffentlichte die Tageszeitung <em>junge Welt<\/em> unter der \u00dcberschrift \u201e<a href=\"https:\/\/www.jungewelt.de\/loginFailed.php?ref=\/artikel\/258305.formierte-gegenaufkl%C3%A4rung.html?sstr=formierte%7Cgegenaufkl%C3%A4rung\" target=\"_blank\" rel=\"noopener\">Formierte Gegenaufkl\u00e4rung<\/a>\u201c einen Artikel, der sich u. a. mit der Situation der Friedensbewegung und hier insbesondere mit den Montagsmahnwachen besch\u00e4ftigt. Autor ist der Redakteur der <em>jungen Welt<\/em> Sebastian Carlens.<\/p>\n<p>Der Artikel bedarf einer eingehenden Analyse und Kritik, die ich hier im Folgenden nur in ersten Ans\u00e4tzen leisten kann. Eine solche Kritik ist umso notwendiger, da der Beitrag von Sebastian Carlens nach Aussage des Gesch\u00e4ftsf\u00fchrers der <em>jungen Welt<\/em>, Dietmar Koschmieder die Meinung der gesamten Redaktion widergibt, dies erkl\u00e4rte er jedenfalls auf einer Veranstaltung des Marx-Engels-Zentrums Berlin am 26.03.15. Die folgende Kritik ist als eine solidarische zu verstehen, die in Sorge um den weiteren Weg der Zeitung geschrieben wurde. Die <em>junge Welt<\/em> ist f\u00fcr die gesamte Linke zu wichtig, um \u00fcber diesen Beitrag schweigend hinwegzusehen.<\/p>\n<p>1. In dem Absatz unter der \u00dcberschrift &#8222;Neue Inflationsheilige&#8220; werden als rechte &#8222;Selbstanbieter und -vermarkter&#8220; in einem Satz &#8222;F\u00fchrer der Montagsmahnwachen und der Pegida-Aufm\u00e4rsche&#8220; genannt. Etwas sp\u00e4ter wird dann auch noch J\u00fcrgen Els\u00e4sser dazugenommen. Schon diese Gleichsetzung stellt eine Vermengung unterschiedlichster Personen und Zusammenh\u00e4nge dar. Carlens weist anschlie\u00dfend\u00a0 diesen &#8222;Neuen Inflationsheiligen&#8220; die Rolle zu, faschistische Bewegungen in spe zu sein. Nicht anders sind die folgenden S\u00e4tze zu verstehen: \u201eDie geschickteren unter ihnen sammeln genug Anhang, um irgendwann eine Bewegung herauszubilden, die schlie\u00dflich als Kraft der Stra\u00dfe nicht mehr \u00fcbergangen werden kann. Einen solchen Alternativplan k\u00f6nnte das Kapital gebrauchen, und sei es zur Erpressung der Werkt\u00e4tigen in Lohnk\u00e4mpfen. Den im Parlament gebundenen Kr\u00e4ften wird die eigene Ohnmacht und stete Abrufbarkeit so fortw\u00e4hrend vor Augen gef\u00fchrt. Exemplarisch f\u00fcr viele weitere dieser Inflationsheiligen seien an dieser Stelle der Publizist J\u00fcrgen Els\u00e4sser und der ehemalige Radiomoderator Ken Jebsen erw\u00e4hnt.\u201c Diese Bewertung von Ken Jebsen aber auch von J\u00fcrgen Els\u00e4sser als Exemplare von Keimformen faschistischer Massenbewegungen kann nur als eine analytische Fehlleistung angesehen werden. Auf diese Weise soll ganz offenkundig eine sachliche und inhaltliche Auseinandersetzung der Linken mit den Positionen von Ken Jebsen und anderen Vertretern der \u201eMontagsmahnwachen\u201c von vornherein unterbunden werden.<\/p>\n<p>2. Ken Jebsen wird in seiner Rolle als &#8222;neuer Inflationsheiliger&#8220;, im Unterschied zu J\u00fcrgen Els\u00e4sser, als besonders gef\u00e4hrlich angesehen, da er \u00fcber die \u201eMontagsmahnwachen\u201c innerhalb des B\u00fcndnisses \u201eFriedenswinter\u201c mit Repr\u00e4sentanten der \u201ealten\u201c Friedensbewegung und mit Politikern der Linken zusammenarbeitet: \u201eAnders ist es mit Jebsen, der Verb\u00fcndete in der Partei Die Linke finden konnte.\u201c Sp\u00e4ter wird in dem Artikel als einer der hier gemeinten Politiker der Linkspartei Wolfgang Gehrcke\u00a0 genannt. Dies hei\u00dft nichts anderes: Wolfgang Gehrcke, aber wohl auch der hier nicht explizit genannte Diether Dehm und weitere des linken Fl\u00fcgels der Linkspartei, sind \u201eVerb\u00fcndete\u201c von Ken Jebsen und damit eines jener &#8222;neuer Inflationsheiligen&#8220;, die eines Tages eine faschistische Massenbewegung anf\u00fchren k\u00f6nnten. Dies ist ein Vorwurf, der an Denunziation grenzt. Das rechte FdS in der Linkspartei hat Grund zum Jubel \u00fcber diese Unterstellung.<\/p>\n<p>3. Carlens und mit ihm die <em>junge Welt<\/em> entziehen den Aktivisten der Friedensbewegung ihre Solidarit\u00e4t, wenn sie leugnen, dass sie \u00fcberhaupt existiert, bzw. wenn sie behaupten, dass ihr der Anhang fehlt. Hierzu hei\u00dft es im Artikel: \u201eEs gibt keine alten Friedensbewegung mehr, ihre Zeit war in den 80er Jahren, unter dem Eindruck der Blockkonfrontation und der NATO-Nachr\u00fcstung. Es existierte eine DDR und eine UdSSR, in der BRD konnte die DKP Eindluss auf Teile der Bewegung nehmen. Heute sind lediglich einige Strukturen \u00fcbriggeblieben, denen der Anhang fehlt.\u201c Die Aktivisten der Friedensbewegung k\u00f6nnen sich \u00fcber diese solidarische Unterst\u00fctzung im Vorfeld der Osterm\u00e4rsche und der Demonstration am 10. Mai bei der <em>jungen Welt<\/em> nur bedanken!<\/p>\n<p>4. Am Ende seines Artikels beschreibt Sebastian Carlens, wie seiner Meinung nach jetzt f\u00fcr den Frieden zu k\u00e4mpfen sei: \u201eEs wird sich zeigen, ob die organisierte revolution\u00e4re Bewegung wenigstens einen Kern an Wissen, Personal und Erfahrung retten und konsolidieren kann. Ohne organisatorische Eigenst\u00e4ndigkeit, ohne eigene Mobilisierungsf\u00e4higkeit und ohne aufkl\u00e4rerische Gegenangebote an die Menschen, die die drohenden Gefahren erahnen und denen grunds\u00e4tzlich und mehrheitlich, das zeigt bislang noch jede Umfrage, an Frieden gelegen ist, wird dies scheitern.\u201c An die Stelle der Friedensbewegung soll also \u201edie organisierte revolution\u00e4re Bewegung\u201c treten. Hier zeigt sich, dass Carlens die Friedensbewegung als ein m\u00f6glichst breites B\u00fcndnis von weltanschaulich durchaus unterschiedlichen Positionen, die sich auf wenige, existenzielle Ziele verst\u00e4ndigt, nicht verstanden hat. Und eine Fragen sei hier abschlie\u00dfend gestellt: Wer und wo ist bitte sch\u00f6n diese \u201eorganisierte revolution\u00e4re Bewegung\u201c?<\/p>\n<p style=\"text-align: right;\"><em>Andreas Wehr<br \/>\nLeiter des Marx-Engels-Zentrums Berlin<\/em><br \/>\n<em>Mitglied des Beirates des Deutschen Freidenker-Verbandes<\/em><\/p>\n<p>Erstver\u00f6ffentlichung auf <a href=\"http:\/\/www.andreas-wehr.eu\/anmerkungen-zu-dem-artikel-formierte-gegenaufklaerung-in-der-zeitung-junge-welt-vom-2122-maerz-2015.html\" target=\"_blank\" rel=\"noopener\">www.andreas-wehr.eu<\/a><\/p>\n<hr \/>\n<p>Bild: pixabay.com \/ User: HNewberry [CC0 Creative Commons]<\/p>\n","protected":false},"excerpt":{"rendered":"<p><strong>Beitrag von Andreas Wehr<\/strong><br \/>\nIn der Wochenendausgabe vom 21.\/22. M\u00e4rz 2015 ver\u00f6ffentlichte die Tageszeitung junge Welt unter der \u00dcberschrift \u201eFormierte Gegenaufkl\u00e4rung\u201c einen Artikel, der sich u. a. mit der Situation der Friedensbewegung und hier insbesondere mit den Montagsmahnwachen besch\u00e4ftigt. Autor ist der Redakteur der jungen Welt Sebastian Carlens. Der Artikel bedarf einer eingehenden Analyse und Kritik, die ich hier im Folgenden nur in ersten Ans\u00e4tzen leisten kann. Eine solche Kritik ist umso notwendiger, da der Beitrag von Sebastian Carlens nach Aussage des Gesch\u00e4ftsf\u00fchrers der jungen Welt, Dietmar Koschmieder die Meinung der gesamten Redaktion widergibt &#8230;<\/p>\n","protected":false},"author":3,"featured_media":4713,"comment_status":"closed","ping_status":"closed","sticky":false,"template":"","format":"standard","meta":{"colormag_page_container_layout":"default_layout","colormag_page_sidebar_layout":"default_layout","advanced_seo_description":"","jetpack_seo_html_title":"","jetpack_seo_noindex":false,"jetpack_post_was_ever_published":false,"footnotes":""},"categories":[12,937],"tags":[43,41,594,686,56,1028],"class_list":["post-4699","post","type-post","status-publish","format-standard","has-post-thumbnail","hentry","category-demokratie-medien-aufklaerung","category-zeit-der-verleumder-freidenker-fuer-klartext","tag-friedensbewegung","tag-junge-welt","tag-ken-jebsen","tag-mahnwachen","tag-nato","tag-revolutionaere-bewegung"],"jetpack_featured_media_url":"https:\/\/i0.wp.com\/www.freidenker.org\/fw17\/wp-content\/uploads\/2015\/04\/klartext_peace_800x445.jpg?fit=800%2C445&ssl=1","jetpack_shortlink":"https:\/\/wp.me\/p9stpK-1dN","jetpack-related-posts":[{"id":3003,"url":"https:\/\/www.freidenker.org\/?p=3003","url_meta":{"origin":4699,"position":0},"title":"Sie l\u00fcgen wie gedruckt?","author":"Webredaktion","date":"10. April 2015","format":false,"excerpt":"Offener Brief von Rainer Rupp an die \"junge welt\" Aufgabe der Friedensbewegung m\u00fcsste es sein, mit allen alten und neuen Kr\u00e4ften wenigstens Teile des in der Bev\u00f6lkerung vorhandenen Potentials zu mobilisieren. Statt sich aber auf diese Aufgabe zu konzentrieren, haben sich Monty Sch\u00e4del und seine Anh\u00e4nger mit medialer Unterst\u00fctzung von\u2026","rel":"","context":"In &quot;Frieden - Antifaschismus - Solidarit\u00e4t&quot;","block_context":{"text":"Frieden - Antifaschismus - Solidarit\u00e4t","link":"https:\/\/www.freidenker.org\/?cat=13"},"img":{"alt_text":"","src":"https:\/\/i0.wp.com\/www.freidenker.org\/fw17\/wp-content\/uploads\/2015\/04\/rrfoto_800x445.jpg?fit=800%2C445&ssl=1&resize=350%2C200","width":350,"height":200,"srcset":"https:\/\/i0.wp.com\/www.freidenker.org\/fw17\/wp-content\/uploads\/2015\/04\/rrfoto_800x445.jpg?fit=800%2C445&ssl=1&resize=350%2C200 1x, https:\/\/i0.wp.com\/www.freidenker.org\/fw17\/wp-content\/uploads\/2015\/04\/rrfoto_800x445.jpg?fit=800%2C445&ssl=1&resize=525%2C300 1.5x, https:\/\/i0.wp.com\/www.freidenker.org\/fw17\/wp-content\/uploads\/2015\/04\/rrfoto_800x445.jpg?fit=800%2C445&ssl=1&resize=700%2C400 2x"},"classes":[]},{"id":6400,"url":"https:\/\/www.freidenker.org\/?p=6400","url_meta":{"origin":4699,"position":1},"title":"Junge Welt im Klassenkrampf","author":"Webredaktion","date":"6. Mai 2019","format":false,"excerpt":"Beitrag von Uli Gellermann Knut Mellenthin ist recht h\u00e4ufig ein guter Journalist. Nicht selten schreibt er f\u00fcr die \u201eJunge Welt\u201c. Auch das Blatt kann Journalismus. Zeitung wie Autor d\u00fcrften also wissen, woher der Begriff \u201eJournalismus\u201c kommt: Vom franz\u00f6sischen Wort Tag. Was f\u00fcr die schreibende Zunft bedeutet, dass man t\u00e4glich, also\u2026","rel":"","context":"In &quot;Zeit der Verleumder - Freidenker f\u00fcr Klartext&quot;","block_context":{"text":"Zeit der Verleumder - Freidenker f\u00fcr Klartext","link":"https:\/\/www.freidenker.org\/?cat=937"},"img":{"alt_text":"","src":"https:\/\/i0.wp.com\/www.freidenker.org\/fw17\/wp-content\/uploads\/2019\/05\/klartext_dehm-wagenknecht_800x445.jpg?fit=800%2C445&ssl=1&resize=350%2C200","width":350,"height":200,"srcset":"https:\/\/i0.wp.com\/www.freidenker.org\/fw17\/wp-content\/uploads\/2019\/05\/klartext_dehm-wagenknecht_800x445.jpg?fit=800%2C445&ssl=1&resize=350%2C200 1x, https:\/\/i0.wp.com\/www.freidenker.org\/fw17\/wp-content\/uploads\/2019\/05\/klartext_dehm-wagenknecht_800x445.jpg?fit=800%2C445&ssl=1&resize=525%2C300 1.5x, https:\/\/i0.wp.com\/www.freidenker.org\/fw17\/wp-content\/uploads\/2019\/05\/klartext_dehm-wagenknecht_800x445.jpg?fit=800%2C445&ssl=1&resize=700%2C400 2x"},"classes":[]},{"id":6600,"url":"https:\/\/www.freidenker.org\/?p=6600","url_meta":{"origin":4699,"position":2},"title":"\u201eNationale Frage\u201c, \u201enationale Positionen\u201c?","author":"Webredaktion","date":"6. Juli 2019","format":false,"excerpt":"Am 7. und 13. Juni sowie am 1. Juli 2019 erschienen Beitr\u00e4ge in der Tageszeitung \u201ejunge Welt\" mit Erw\u00e4hnungen des Deutschen Freidenker-Verbandes und des Vorsitzenden Klaus Hartmann. W\u00e4hrend im ersten Beitrag u.a. behauptet wurde, \u201eHartmann (...) beschimpft uns als \u00bbDreckschleuder\u00ab\u201c, wurde im folgenden Beitrag bekannt, diesen \u201eVorwurf halten wir nicht\u2026","rel":"","context":"In &quot;Zeit der Verleumder - Freidenker f\u00fcr Klartext&quot;","block_context":{"text":"Zeit der Verleumder - Freidenker f\u00fcr Klartext","link":"https:\/\/www.freidenker.org\/?cat=937"},"img":{"alt_text":"","src":"https:\/\/i0.wp.com\/www.freidenker.org\/fw17\/wp-content\/uploads\/2019\/07\/klartext_news-2097363_800x445_v3.jpg?fit=800%2C445&ssl=1&resize=350%2C200","width":350,"height":200,"srcset":"https:\/\/i0.wp.com\/www.freidenker.org\/fw17\/wp-content\/uploads\/2019\/07\/klartext_news-2097363_800x445_v3.jpg?fit=800%2C445&ssl=1&resize=350%2C200 1x, https:\/\/i0.wp.com\/www.freidenker.org\/fw17\/wp-content\/uploads\/2019\/07\/klartext_news-2097363_800x445_v3.jpg?fit=800%2C445&ssl=1&resize=525%2C300 1.5x, https:\/\/i0.wp.com\/www.freidenker.org\/fw17\/wp-content\/uploads\/2019\/07\/klartext_news-2097363_800x445_v3.jpg?fit=800%2C445&ssl=1&resize=700%2C400 2x"},"classes":[]},{"id":2998,"url":"https:\/\/www.freidenker.org\/?p=2998","url_meta":{"origin":4699,"position":3},"title":"\u201eKrieg der Friedensfreunde\u201c?","author":"Webredaktion","date":"19. April 2015","format":false,"excerpt":"Breitseiten gegen die Friedensbewegung (1. Fortsetzung). Beitrag von Klaus Hartmann Wenn eine Zeitung wie die \u201eTaz\u201c, die bisher allen imperialistischen Kriegen in den letzten Jahrzehnten ihre propagandistische Unterst\u00fctzung nicht versagen wollte, mit dieser \u00dcberschrift einen Zustandsbericht \u00fcber die Friedensbewegung ver\u00f6ffentlicht, liegt die Diagnose nahe: \u201eDer Wunsch ist der Vater des\u2026","rel":"","context":"In &quot;Frieden - Antifaschismus - Solidarit\u00e4t&quot;","block_context":{"text":"Frieden - Antifaschismus - Solidarit\u00e4t","link":"https:\/\/www.freidenker.org\/?cat=13"},"img":{"alt_text":"","src":"https:\/\/i0.wp.com\/www.freidenker.org\/fw17\/wp-content\/uploads\/2015\/04\/klartext_22-2015-02-07-wr-6224_800x445.jpg?fit=800%2C445&ssl=1&resize=350%2C200","width":350,"height":200,"srcset":"https:\/\/i0.wp.com\/www.freidenker.org\/fw17\/wp-content\/uploads\/2015\/04\/klartext_22-2015-02-07-wr-6224_800x445.jpg?fit=800%2C445&ssl=1&resize=350%2C200 1x, https:\/\/i0.wp.com\/www.freidenker.org\/fw17\/wp-content\/uploads\/2015\/04\/klartext_22-2015-02-07-wr-6224_800x445.jpg?fit=800%2C445&ssl=1&resize=525%2C300 1.5x, https:\/\/i0.wp.com\/www.freidenker.org\/fw17\/wp-content\/uploads\/2015\/04\/klartext_22-2015-02-07-wr-6224_800x445.jpg?fit=800%2C445&ssl=1&resize=700%2C400 2x"},"classes":[]},{"id":7376,"url":"https:\/\/www.freidenker.org\/?p=7376","url_meta":{"origin":4699,"position":4},"title":"Saustall Debattenkultur","author":"Webredaktion","date":"5. Januar 2020","format":false,"excerpt":"Ohne Begr\u00fcndung und ohne es zu kommunizieren, hat die \u201ejunge Welt\u201c den Freidenkerverband klammheimlich von der Liste der Unterst\u00fctzer-Organisationen der Rosa-Luxemburg-Konferenz gestrichen. So muss man vermuten, dass wir durch den Appell \u201eWir wollen Transparenz, junge Welt!\u201c in Ungnade gefallen sind. Den hatten auch Freidenker unterschrieben, weil in der Zei\u00adtung wiederholt\u2026","rel":"","context":"In &quot;Zeit der Verleumder - Freidenker f\u00fcr Klartext&quot;","block_context":{"text":"Zeit der Verleumder - Freidenker f\u00fcr Klartext","link":"https:\/\/www.freidenker.org\/?cat=937"},"img":{"alt_text":"","src":"https:\/\/i0.wp.com\/www.freidenker.org\/fw17\/wp-content\/uploads\/2020\/01\/klartext_pig-1531167_800x445.jpg?fit=800%2C445&ssl=1&resize=350%2C200","width":350,"height":200,"srcset":"https:\/\/i0.wp.com\/www.freidenker.org\/fw17\/wp-content\/uploads\/2020\/01\/klartext_pig-1531167_800x445.jpg?fit=800%2C445&ssl=1&resize=350%2C200 1x, https:\/\/i0.wp.com\/www.freidenker.org\/fw17\/wp-content\/uploads\/2020\/01\/klartext_pig-1531167_800x445.jpg?fit=800%2C445&ssl=1&resize=525%2C300 1.5x, https:\/\/i0.wp.com\/www.freidenker.org\/fw17\/wp-content\/uploads\/2020\/01\/klartext_pig-1531167_800x445.jpg?fit=800%2C445&ssl=1&resize=700%2C400 2x"},"classes":[]},{"id":7307,"url":"https:\/\/www.freidenker.org\/?p=7307","url_meta":{"origin":4699,"position":5},"title":"Doppelb\u00f6diges Spiel von Antideutschen?","author":"Webredaktion","date":"17. Dezember 2019","format":false,"excerpt":"Beitrag von Anneliese Fikentscher und Andreas Neumann Es ist bemerkenswert, dass Autoren, die im \"antideutschen\" Spektrum \u2013 also als im Interesse imperialer M\u00e4chte wie USA und Israel operierende Kr\u00e4fte \u2013 in Erscheinung getreten sind, (neuerdings) in einer Weise ver\u00f6ffentlichen, die zu ihrem sonstigen (fr\u00fcheren) Auftreten im Widerspruch zu stehen scheint.\u2026","rel":"","context":"In &quot;Zeit der Verleumder - Freidenker f\u00fcr Klartext&quot;","block_context":{"text":"Zeit der Verleumder - Freidenker f\u00fcr Klartext","link":"https:\/\/www.freidenker.org\/?cat=937"},"img":{"alt_text":"","src":"https:\/\/i0.wp.com\/www.freidenker.org\/fw17\/wp-content\/uploads\/2019\/12\/mask-3829017_800x445.jpg?fit=800%2C445&ssl=1&resize=350%2C200","width":350,"height":200,"srcset":"https:\/\/i0.wp.com\/www.freidenker.org\/fw17\/wp-content\/uploads\/2019\/12\/mask-3829017_800x445.jpg?fit=800%2C445&ssl=1&resize=350%2C200 1x, https:\/\/i0.wp.com\/www.freidenker.org\/fw17\/wp-content\/uploads\/2019\/12\/mask-3829017_800x445.jpg?fit=800%2C445&ssl=1&resize=525%2C300 1.5x, https:\/\/i0.wp.com\/www.freidenker.org\/fw17\/wp-content\/uploads\/2019\/12\/mask-3829017_800x445.jpg?fit=800%2C445&ssl=1&resize=700%2C400 2x"},"classes":[]}],"_links":{"self":[{"href":"https:\/\/www.freidenker.org\/index.php?rest_route=\/wp\/v2\/posts\/4699","targetHints":{"allow":["GET"]}}],"collection":[{"href":"https:\/\/www.freidenker.org\/index.php?rest_route=\/wp\/v2\/posts"}],"about":[{"href":"https:\/\/www.freidenker.org\/index.php?rest_route=\/wp\/v2\/types\/post"}],"author":[{"embeddable":true,"href":"https:\/\/www.freidenker.org\/index.php?rest_route=\/wp\/v2\/users\/3"}],"replies":[{"embeddable":true,"href":"https:\/\/www.freidenker.org\/index.php?rest_route=%2Fwp%2Fv2%2Fcomments&post=4699"}],"version-history":[{"count":0,"href":"https:\/\/www.freidenker.org\/index.php?rest_route=\/wp\/v2\/posts\/4699\/revisions"}],"wp:featuredmedia":[{"embeddable":true,"href":"https:\/\/www.freidenker.org\/index.php?rest_route=\/wp\/v2\/media\/4713"}],"wp:attachment":[{"href":"https:\/\/www.freidenker.org\/index.php?rest_route=%2Fwp%2Fv2%2Fmedia&parent=4699"}],"wp:term":[{"taxonomy":"category","embeddable":true,"href":"https:\/\/www.freidenker.org\/index.php?rest_route=%2Fwp%2Fv2%2Fcategories&post=4699"},{"taxonomy":"post_tag","embeddable":true,"href":"https:\/\/www.freidenker.org\/index.php?rest_route=%2Fwp%2Fv2%2Ftags&post=4699"}],"curies":[{"name":"wp","href":"https:\/\/api.w.org\/{rel}","templated":true}]}}