{"id":4683,"date":"2015-09-01T20:27:47","date_gmt":"2015-09-01T18:27:47","guid":{"rendered":"http:\/\/www.freidenker.org\/?p=4683"},"modified":"2018-03-05T23:26:58","modified_gmt":"2018-03-05T22:26:58","slug":"bratanovic-in-der-offensive","status":"publish","type":"post","link":"https:\/\/www.freidenker.org\/?p=4683","title":{"rendered":"Bratanovic in der Offensive?"},"content":{"rendered":"<p><strong>Am 03.08.15 hat Daniel Bratanovic in der \u201ejungen Welt\u201c ein Pamphlet mit dem Titel &#8222;<a href=\"https:\/\/www.jungewelt.de\/loginFailed.php?ref=\/artikel\/269568.aus-der-defensive.html\" target=\"_blank\" rel=\"noopener\">Aus der Defensive &#8211; Wolfgang Gehrckes Schrift zum Antisemitismusvorwurf gegen Linke<\/a>&#8220; ver\u00f6ffentlicht. Die gew\u00e4hlte Form einer Buchbesprechung erscheint als Vorwand f\u00fcr eine Abrechnung, denn \u00fcber den Inhalt des Buches erf\u00e4hrt man wenig bis nichts.<\/strong><\/p>\n<p><strong>Zumindest zwei kritische Leserbriefe dazu wurden bisher nicht ver\u00f6ffentlicht, daher die folgende gr\u00fcndliche Stellungnahme, verfasst in der Sorge um den Erhalt der \u201ejungen Welt\u201c als linke Zeitung. Rainer Rupp schrieb gegen\u00fcber einem der \u201aabgelehnten Leserbriefschreiber\u2018 von \u201eLeuten, \u2026 die in einem sanften Coup die jW an sich gerissen haben und andere Meinungen nicht mehr zulassen\u201c.<\/strong><\/p>\n<p><strong>Deshalb ging die Bitte an die \u201ejunge Welt\u201c-Redaktion, die folgende Stellungnahme als Gegenposition zu ver\u00f6ffentlichen. F\u00fcr den Fall einer Ablehnung wurde angek\u00fcndigt, die Ver\u00f6ffentlichung an anderer Stelle vorzunehmen.<\/strong><\/p>\n<p><strong>Da die &#8222;junge Welt&#8220; die Ver\u00f6ffentlichung ablehnte, erfolgte die Erstver\u00f6ffentlichung auf der Facebook-Seite von KenFM: <a href=\"https:\/\/www.facebook.com\/KenFM.de\/posts\/10152975858896583:0\" target=\"_blank\" rel=\"noopener\">https:\/\/www.facebook.com\/KenFM.de\/posts\/10152975858896583:0<\/a> <\/strong><\/p>\n<p>*<\/p>\n<p>Vom Titel des besprochenen Werkes, \u201eRufmord\u201c, hat sich der \u201aRezensent\u2018 offenbar inspirieren lassen. Neben dem Autor Wolfgang Gehrcke sind es namentlich der Bundestagsabgeordnete Dr. Diether Dehm und \u201eder ehemalige RBB-Moderator\u201c und \u201eprominente Vertreter der Montagsmahnwachen\u201c Ken Jebsen, die von Bratanovic \u201aentlarvt\u2018 werden. Eingangs konzediert er, \u201eder Vorwurf des Antisemitismus auch und gerade gegen Linke wird nicht selten leichtfertig und in verleumderischer Absicht erhoben\u201c, anschlie\u00dfend tritt er in seinem Artikel selbst den Beweis an.<\/p>\n<p>Tats\u00e4chlich ist Bratanovics scheinbare \u201aKonzession\u2018 nur scheinheilig, sie soll ihn vorab exkulpieren und sein Hauptanliegen legitimieren: N\u00e4mlich \u201eauf der anderen Seite (wird) Antisemitismus nicht selten geleugnet\u201c, und sozusagen als Beleg werden Dehm und Jebsen vorgef\u00fchrt; beide w\u00fcrden vom Autor Gehrcke unentschuldbarer Weise nicht als Antisemiten geoutet, sondern im Gegenteil \u201everteidigt\u201c, \u201eals Opfer der n\u00e4mlichen Kampagne\u201c.<\/p>\n<p>Die \u201eExistenz einer Kampagne\u201c, um Antisemitismus zum politischen Kampfbegriff gegen Antifaschisten und Linke umzuformen, wird nach seinen Worten von Gehrcke \u201eunterstellt\u201c. Wir alle haben die Kampagnen gegen Attac, G\u00fcnter Grass, Jakob Augstein, Werner R\u00fcgemer, gegen Occupy und die Partei DIE LINKE in Erinnerung. Bratanovic scheint sie verschlafen zu haben. Um Gehrcke mit seiner \u201eUnterstellung\u201c einer Kampagne vollends l\u00e4cherlich zu machen, unterstellt er, dass demnach \u201enoch der letzte antideutsche Fu\u00dftrupp seine Order erhalten haben soll\u201c.<\/p>\n<p>Von der Frage abgesehen, ob die \u201eAntideutschen\u201c auch noch eine Kavallerie oder Luftwaffe unterhalten, ist Bratanovics Suggestion selbst absurd und l\u00e4cherlich: Seit wann brauchen denn \u201eAntideutsche\u201c eine \u201eOrder\u201c? Es ist doch geradezu ihre Raison d\u2019\u00eatre, ihr Daseinszweck, Antikriegsproteste als \u201eantiamerikanisch\u201c, Kritik am Finanzkapital und seinem Imperialismus als \u201eantisemitisch\u201c zu denunzieren, und die Politik des zionistischen Regimes bis aufs Blut (des letzten Pal\u00e4stinensers) zu verteidigen. W\u00fcrden sie das nicht tun, w\u00e4ren sie keine \u201eAntideutschen\u201c. Dazu brauchen sie keinen Auftrag, sie selbst geben vielmehr die Order. Wie das funktioniert, steht in Gehrckes Buch, aber davon in einer \u201eBuchbesprechung\u201c zu erfahren, w\u00e4re wohl zu viel verlangt.<\/p>\n<p>Wir erfahren hingegen, dass es Gercke ist, der mit \u201efragw\u00fcrdiger Methode\u201c dem \u201earglosen Leser\u201c etwas \u201esuggerieren\u201c will. Dabei \u201ebediene\u201c er \u201eein Klischee\u201c \u2013 welches, verr\u00e4t der \u201aRezensent* nicht, da verl\u00e4sst er sich ganz auf das Assoziationsverm\u00f6gen des Publikums. Um was geht es in dem Buch nochmal? Ach ja, Antisemitismus. Alles klar. Auch wir wissen jetzt, welches Klischee gemeint ist. Man braucht\u2019s gar nicht hinzuschreiben.<\/p>\n<p>Und Gehrckes \u201efragw\u00fcrdige Methode\u201c tut noch etwas, etwas Entlarvendes, denn \u201esie zeigt allemal ein unterkomplexes Verst\u00e4ndnis\u201c. Unterkomplex! Das Zauber- und Lieblingswort der \u201eAntideutschen\u201c: die Kapitalismuskritik der Linken sei \u201eunterkomplex\u201c, weil sie komplizierte Vorg\u00e4nge \u201epersonalisiere\u201c und \u201ed\u00e4monisiere\u201c \u2013 \u201eD\u00e4monisierung der als schuldig befundenen Akteure\u201c, nennt es die \u201eAntideutsche Antifa Jena\u201c. Deshalb sei die Kritik (n\u00e4chstes Lieblingswort:) \u201eanschlussf\u00e4hig\u201c nach \u201erechts\u201c (wie Donnergrollen wird hier die Nazilosung vom \u201eguten schaffenden und b\u00f6sen raffenden Kapital\u201c eingespielt), und daher handle es sich um (noch ein Gedicht:) \u201estrukturellen Antisemitismus\u201c. So geht der ganze \u201eantideutsche\u201c Zauber. Offenbar ist der Bratanovic auch schon verzaubert.<\/p>\n<p>Eine Unterstellung, unbegr\u00fcndet? Blo\u00df eine Retourkutsche f\u00fcr des Kritikers Unterstellung, Gehrcke bediene antisemitische Klischees? Vielleicht hat er das Wort \u201eunterkomplex\u201c auch nur gebraucht um zu zeigen, dass er es auch kennt. Es ist auch keineswegs mehr ein \u201eantideutsches\u201c Monopol, auch in der \u201eWelt\u201c wird damit unbefangen hantiert. (Obwohl: Wo man sich per Arbeitsvertrag zur US- und Israelsolidarit\u00e4t verpflichten muss, sind \u201eAntideutsche\u201c hochwillkommen.) Aber auch dort ist \u201eunterkomplex\u201c fast immer zum Abwatschen von Kapitalismuskritik im genannten Sinn in Gebrauch.<\/p>\n<p>Auch andere Formulierungen verraten, dass der Autor in der \u201eantideutschen\u201c Welt heimisch ist. Die von Gehrcke \u201eunterstellte\u201c Kampagne gegen links \u00fcbersetzt er als \u201eein (von oben) zentral geplantes und gesteuertes Vorgehen\u201c \u2013 und dieses \u201evon oben\u201c ist wiederum in \u201eantideutschen\u201c Argumentationsmustern sehr beliebt: damit denken sie, das \u201eantisemitische Ressentiment\u201c gegen \u201eEliten\u201c, das \u201eeine Prozent\u201c, gegen G7, Bilderberger, Davos-Treffen, M\u00fcnchner Sicherheitskonferenz etc. markieren zu k\u00f6nnen, gegen die \u201egeheimen Weltenlenker\u201c, also \u2013 in ihrer! Vorstellung \u2013 die Juden. Verk\u00fcndigung der \u201eAntideutschen Antifa Jena\u201c: Die \u201eVerantwortung\u201c werde \u201ebei den \u201aherrschenden Eliten\u2018 verortet\u201c, und \u201edaraus resultieren \u2026 Verschw\u00f6rungstheorien\u201c.<\/p>\n<p>Damit w\u00e4ren wir auch schon beim Lieblingsfeind der \u201eAntideutschen\u201c, dem \u201eehemaligen RBB-Moderator Ken Jebsen\u201c, dem ein \u201eBeitrag voll von \u00fcbelriechendem Unrat\u201c attestiert wird. Jebsen l\u00e4sst sich in diesem Beitrag (in scharfen Worten) \u00fcber die terroristische Politik Israels gegen\u00fcber den Pal\u00e4stinensern aus, einen Beitrag, \u201eden nicht als antisemitisch zu bezeichnen, ausgesprochen schwerfallen d\u00fcrfte\u201c, gibt sich Bratanovic sicher. In der Kritik vieler Juden kommt Israel viel unvorteilhafter weg \u2013 sind sie deshalb \u201eAntisemiten\u201c?<\/p>\n<p>Doch wieso der israelischen Regierung auf den Leim gehen, die einen selbsternannten \u201eJudenstaat\u201c repr\u00e4sentieren, womit sie ausdr\u00fcckt, dass in diesem Staat nicht alle B\u00fcrger gleiche Rechte haben und haben sollen? Die Anma\u00dfung der Zionisten, f\u00fcr alle Juden sprechen und handeln zu wollen, das ist antisemitisch. Alle Juden unabh\u00e4ngig ihrer politischen Haltung in Sippenhaft f\u00fcr die v\u00f6lkerrechtswidrige israelische Politik zu nehmen, das ist Antisemitismus. Jebsen tut das nicht, Bratanovic schon.<\/p>\n<p>Als Kettenglied zwischen Gehrcke und Jebsen will unser (vermeintlicher) Rezensent Diether Dehm vorf\u00fchren. Dessen Zitat vom Ostermarsch 2009 in Kassel ist ein Evergreen f\u00fcr die \u201etaz\u201c, \u201eAntideutsche\u201c und nat\u00fcrlich diesen jW-Autor. In Kassel kam Diether Dehm nach dem Schauspieler, Antifaschist und Freidenker Rolf Becker auf die B\u00fchne, und verwahrte sich dagegen, dass w\u00e4hrend dessen Rede mit \u201eAntisemitismus!\u201c-Zwischenrufen \u201edazwischengep\u00f6belt wird\u201c. Man d\u00fcrfe \u201enicht zulassen, dass der Begriff Antisemitismus f\u00fcr alles und jedes inflationiert wird\u201c, weil seit dem deutschen Faschismus Antisemitismus nicht mehr ohne Massenmord gedacht werden kann. Dass der Vorwurf \u201eAntisemitismus dem Massenmord vorbehalten bleiben muss&#8220;, liege daran, dass der <em>\u201e<\/em>das wurde, was er wirklich ist: Eine massenmordende Bestie.\u201c Also das Gegenteil der Verharmlosung, was aber in \u201eantideutscher\u201c Lesart negiert wird.<\/p>\n<p>Sie l\u00fcgen wie gedruckt. Bratanovic druckt sie nach, die L\u00fcgen, statt sie zu entlarven. Warum tut er das? In der jungen Welt-Redaktion erfreut sich bei einigen die \u201eEnten-Typologie\u201c einer gewissen Beliebtheit: \u201eWenn ich einen Vogel sehe, der watschelt wie eine Ente, schwimmt wie eine Ente und quakt wie eine Ente, nenne ich diesen Vogel eine Ente\u201c. Daran anschlie\u00dfend k\u00f6nnte man folgern: Wenn ich einen Bratanovic lese, der \u201eantideutsche\u201c Themen bedient, der die Feinde der \u201eAntideutschen\u201c angreift, und sich dabei auf \u201eantideutsche\u201c Thesen st\u00fctzt, dann nenne ich diesen Bratanovic einen \u201eantideutschen\u201c Vogel.<\/p>\n<p>Dass der Mann \u201eantideutsch\u201c agitiert, steht au\u00dfer Frage, ob er das jedoch aus \u00dcberzeugung tut, steht auf einem anderen Blatt. Zun\u00e4chst stellt sich die Frage, warum er ausgerechnet unbestreitbar Linke und Antimilitaristen aus der Bundestagsfraktion der gleichnamigen Partei attackiert. Soll es eine Anbiederung an die \u201eAtlantiker\u201c um Liebich &amp; Co sein? Ist es Stimmungsmache im Hinblick auf den bevorstehenden Wechsel an der Fraktionsspitze, bei dem sich die Parteilinken und die \u201eReformer\u201c auf Sarah Wagenknecht und Dietmar Bartsch geeinigt haben? Diether Dehm und Wolfgang Gehrcke haben diese L\u00f6sung nachdr\u00fccklich unterst\u00fctzt, das Nachsehen hat die Str\u00f6mung \u201eMittelerde\u201c um Parteichefin Kipping. Wie die \u201ejunge Welt\u201c vom 24.06.2015 (\u201e\u2018Mittelerde\u2018 macht mobil\u201c) berichtete, kommen aus ihrem Umfeld weiterhin Quersch\u00fcsse gegen das Personalpaket. Leistet hier Bratanovic nach dem Motto \u201ehaut den Sack und meint den Esel\u201c seinen Beitrag? Es soll auch Anh\u00e4nger der Milchm\u00e4dchenrechnung geben, dass falls Wagenknecht in der PDL nicht die erforderliche Unterst\u00fctzung findet, es dort viele Marxisten nicht mehr aushalten, die dann in die DKP str\u00f6men w\u00fcrden.<\/p>\n<p>Welche \u201eVerschw\u00f6rungstheorie\u201c plausibler ist, ob es eine \u201aangeregte\u2018 Auftragsarbeit, ein selbst erteilter Parteiauftrag war oder der blanke Opportunismus die Feder f\u00fchrte, mag dahingestellt bleiben. Rainer Rupp schrieb dem Autor eines nicht ver\u00f6ffentlichten Leserbriefs zu der Frage, \u201ef\u00fcr wen eigentlich Daniel Bratanovic arbeitet? Objektiv arbeiten er und seine Bundesgenossen f\u00fcr die Kriegstreiber, indem er eine starke anti-Kriegsbewegung, die nichts links-rrrrrevoluzzzion\u00e4r ist, zu verhindern versucht. Ob er das auch subjektiv so empfindet, ist die gro\u00dfe Frage.\u201c<\/p>\n<p>Es w\u00e4re unertr\u00e4glich, wenn eine gro\u00dfartige und f\u00fcr Linke unverzichtbare Zeitung wie die \u201ejunge Welt\u201c, die mit dem leider verstorbenen Werner Pirker einen Kommentator von einsamer Klasse hatte, die auch heute brillanten Journalismus und Analyse liefert, wof\u00fcr stellvertretend Arnold Sch\u00f6lzel steht, ihre Rolle und Bedeutung verliert, weil sie auf den Bratanovic kommt.<\/p>\n<p style=\"text-align: right;\"><em>Klaus Hartmann, Bundesvorsitzender des Deutschen Freidenker-Verbandes<\/em><\/p>\n<p>&nbsp;<\/p>\n<hr \/>\n<p>Collage: rlx; verwendete Fotos:<br \/>\n&#8211; Portrait Daniel Bratanovic\u00a0 &#8211; \u00a9 by arbeiterfotografie.com<br \/>\n&#8211; Logo Junge Welt &#8211; von Jejungewelt &#8211; Eigenes Werk, CC BY-SA 4.0, https:\/\/commons.wikimedia.org\/w\/index.php?curid=38458498<br \/>\n&#8211; Antideutsche in Frankfurt am Main 2006 &#8211; von Irmel Hirsch &#8211; http:\/\/de.indymedia.org\/2006\/06\/150265.shtml, CC BY-SA 2.0, https:\/\/commons.wikimedia.org\/w\/index.php?curid=4760699<\/p>\n","protected":false},"excerpt":{"rendered":"<p><strong>Beitrag von Klaus Hartmann<\/strong><br \/>\nAm 03.08.15 hat Daniel Bratanovic in der \u201ejungen Welt\u201c ein Pamphlet mit dem Titel &#8222;Aus der Defensive &#8211; Wolfgang Gehrckes Schrift zum Antisemitismusvorwurf gegen Linke&#8220; ver\u00f6ffentlicht. Die gew\u00e4hlte Form einer Buchbesprechung erscheint als Vorwand f\u00fcr eine Abrechnung, denn \u00fcber den Inhalt des Buches erf\u00e4hrt man wenig bis nichts.<br \/>\nZumindest zwei kritische Leserbriefe dazu wurden bisher nicht ver\u00f6ffentlicht, daher die folgende gr\u00fcndliche Stellungnahme, verfasst in der Sorge um den Erhalt der \u201ejungen Welt\u201c als linke Zeitung. Rainer Rupp schrieb gegen\u00fcber einem der \u201aabgelehnten Leserbriefschreiber\u2018 von \u201eLeuten, \u2026 die in einem sanften Coup die jW an sich gerissen haben und andere Meinungen nicht mehr zulassen\u201c.<\/p>\n","protected":false},"author":3,"featured_media":4686,"comment_status":"closed","ping_status":"closed","sticky":false,"template":"","format":"standard","meta":{"colormag_page_container_layout":"default_layout","colormag_page_sidebar_layout":"default_layout","advanced_seo_description":"","jetpack_seo_html_title":"","jetpack_seo_noindex":false,"jetpack_post_was_ever_published":false,"footnotes":""},"categories":[12,937],"tags":[692,512,211,41,594,743,641],"class_list":["post-4683","post","type-post","status-publish","format-standard","has-post-thumbnail","hentry","category-demokratie-medien-aufklaerung","category-zeit-der-verleumder-freidenker-fuer-klartext","tag-antideutsche","tag-antisemitismus","tag-aufklaerung","tag-junge-welt","tag-ken-jebsen","tag-medienluegen","tag-verschwoerungstheorie"],"jetpack_featured_media_url":"https:\/\/i0.wp.com\/www.freidenker.org\/fw17\/wp-content\/uploads\/2015\/12\/Klartext_Bratanovic_v2.jpg?fit=800%2C445&ssl=1","jetpack_shortlink":"https:\/\/wp.me\/p9stpK-1dx","jetpack-related-posts":[{"id":6600,"url":"https:\/\/www.freidenker.org\/?p=6600","url_meta":{"origin":4683,"position":0},"title":"\u201eNationale Frage\u201c, \u201enationale Positionen\u201c?","author":"Webredaktion","date":"6. Juli 2019","format":false,"excerpt":"Am 7. und 13. Juni sowie am 1. Juli 2019 erschienen Beitr\u00e4ge in der Tageszeitung \u201ejunge Welt\" mit Erw\u00e4hnungen des Deutschen Freidenker-Verbandes und des Vorsitzenden Klaus Hartmann. W\u00e4hrend im ersten Beitrag u.a. behauptet wurde, \u201eHartmann (...) beschimpft uns als \u00bbDreckschleuder\u00ab\u201c, wurde im folgenden Beitrag bekannt, diesen \u201eVorwurf halten wir nicht\u2026","rel":"","context":"In &quot;Zeit der Verleumder - Freidenker f\u00fcr Klartext&quot;","block_context":{"text":"Zeit der Verleumder - Freidenker f\u00fcr Klartext","link":"https:\/\/www.freidenker.org\/?cat=937"},"img":{"alt_text":"","src":"https:\/\/i0.wp.com\/www.freidenker.org\/fw17\/wp-content\/uploads\/2019\/07\/klartext_news-2097363_800x445_v3.jpg?fit=800%2C445&ssl=1&resize=350%2C200","width":350,"height":200,"srcset":"https:\/\/i0.wp.com\/www.freidenker.org\/fw17\/wp-content\/uploads\/2019\/07\/klartext_news-2097363_800x445_v3.jpg?fit=800%2C445&ssl=1&resize=350%2C200 1x, https:\/\/i0.wp.com\/www.freidenker.org\/fw17\/wp-content\/uploads\/2019\/07\/klartext_news-2097363_800x445_v3.jpg?fit=800%2C445&ssl=1&resize=525%2C300 1.5x, https:\/\/i0.wp.com\/www.freidenker.org\/fw17\/wp-content\/uploads\/2019\/07\/klartext_news-2097363_800x445_v3.jpg?fit=800%2C445&ssl=1&resize=700%2C400 2x"},"classes":[]},{"id":6400,"url":"https:\/\/www.freidenker.org\/?p=6400","url_meta":{"origin":4683,"position":1},"title":"Junge Welt im Klassenkrampf","author":"Webredaktion","date":"6. Mai 2019","format":false,"excerpt":"Beitrag von Uli Gellermann Knut Mellenthin ist recht h\u00e4ufig ein guter Journalist. Nicht selten schreibt er f\u00fcr die \u201eJunge Welt\u201c. Auch das Blatt kann Journalismus. Zeitung wie Autor d\u00fcrften also wissen, woher der Begriff \u201eJournalismus\u201c kommt: Vom franz\u00f6sischen Wort Tag. Was f\u00fcr die schreibende Zunft bedeutet, dass man t\u00e4glich, also\u2026","rel":"","context":"In &quot;Zeit der Verleumder - Freidenker f\u00fcr Klartext&quot;","block_context":{"text":"Zeit der Verleumder - Freidenker f\u00fcr Klartext","link":"https:\/\/www.freidenker.org\/?cat=937"},"img":{"alt_text":"","src":"https:\/\/i0.wp.com\/www.freidenker.org\/fw17\/wp-content\/uploads\/2019\/05\/klartext_dehm-wagenknecht_800x445.jpg?fit=800%2C445&ssl=1&resize=350%2C200","width":350,"height":200,"srcset":"https:\/\/i0.wp.com\/www.freidenker.org\/fw17\/wp-content\/uploads\/2019\/05\/klartext_dehm-wagenknecht_800x445.jpg?fit=800%2C445&ssl=1&resize=350%2C200 1x, https:\/\/i0.wp.com\/www.freidenker.org\/fw17\/wp-content\/uploads\/2019\/05\/klartext_dehm-wagenknecht_800x445.jpg?fit=800%2C445&ssl=1&resize=525%2C300 1.5x, https:\/\/i0.wp.com\/www.freidenker.org\/fw17\/wp-content\/uploads\/2019\/05\/klartext_dehm-wagenknecht_800x445.jpg?fit=800%2C445&ssl=1&resize=700%2C400 2x"},"classes":[]},{"id":7376,"url":"https:\/\/www.freidenker.org\/?p=7376","url_meta":{"origin":4683,"position":2},"title":"Saustall Debattenkultur","author":"Webredaktion","date":"5. Januar 2020","format":false,"excerpt":"Ohne Begr\u00fcndung und ohne es zu kommunizieren, hat die \u201ejunge Welt\u201c den Freidenkerverband klammheimlich von der Liste der Unterst\u00fctzer-Organisationen der Rosa-Luxemburg-Konferenz gestrichen. So muss man vermuten, dass wir durch den Appell \u201eWir wollen Transparenz, junge Welt!\u201c in Ungnade gefallen sind. Den hatten auch Freidenker unterschrieben, weil in der Zei\u00adtung wiederholt\u2026","rel":"","context":"In &quot;Zeit der Verleumder - Freidenker f\u00fcr Klartext&quot;","block_context":{"text":"Zeit der Verleumder - Freidenker f\u00fcr Klartext","link":"https:\/\/www.freidenker.org\/?cat=937"},"img":{"alt_text":"","src":"https:\/\/i0.wp.com\/www.freidenker.org\/fw17\/wp-content\/uploads\/2020\/01\/klartext_pig-1531167_800x445.jpg?fit=800%2C445&ssl=1&resize=350%2C200","width":350,"height":200,"srcset":"https:\/\/i0.wp.com\/www.freidenker.org\/fw17\/wp-content\/uploads\/2020\/01\/klartext_pig-1531167_800x445.jpg?fit=800%2C445&ssl=1&resize=350%2C200 1x, https:\/\/i0.wp.com\/www.freidenker.org\/fw17\/wp-content\/uploads\/2020\/01\/klartext_pig-1531167_800x445.jpg?fit=800%2C445&ssl=1&resize=525%2C300 1.5x, https:\/\/i0.wp.com\/www.freidenker.org\/fw17\/wp-content\/uploads\/2020\/01\/klartext_pig-1531167_800x445.jpg?fit=800%2C445&ssl=1&resize=700%2C400 2x"},"classes":[]},{"id":6894,"url":"https:\/\/www.freidenker.org\/?p=6894","url_meta":{"origin":4683,"position":3},"title":"Freidenker-Brief EXTRA August 2019: Kurs diktieren oder diskutieren?","author":"Webredaktion","date":"31. August 2019","format":false,"excerpt":"Auf die Ver\u00f6ffentlichungen der jungen Welt am 10. August 2019 zu dem Appell \u201eWir wollen Transparenz, junge Welt!\u201c erscheint hier die Antwort der Attackierten Dr. Diether Dehm und Klaus Hartmann. Das hat zwei Gr\u00fcnde: Der erste Grund h\u00e4ngt mit dem Konflikt unmittelbar zusammen, bildet dessen Kern: dass n\u00e4mlich seitens der\u2026","rel":"","context":"In &quot;Demokratie \u2013 Medien \u2013 Aufkl\u00e4rung&quot;","block_context":{"text":"Demokratie \u2013 Medien \u2013 Aufkl\u00e4rung","link":"https:\/\/www.freidenker.org\/?cat=12"},"img":{"alt_text":"","src":"https:\/\/i0.wp.com\/www.freidenker.org\/fw17\/wp-content\/uploads\/2019\/08\/fd-brief-2019-august-coll.jpg?fit=800%2C445&ssl=1&resize=350%2C200","width":350,"height":200,"srcset":"https:\/\/i0.wp.com\/www.freidenker.org\/fw17\/wp-content\/uploads\/2019\/08\/fd-brief-2019-august-coll.jpg?fit=800%2C445&ssl=1&resize=350%2C200 1x, https:\/\/i0.wp.com\/www.freidenker.org\/fw17\/wp-content\/uploads\/2019\/08\/fd-brief-2019-august-coll.jpg?fit=800%2C445&ssl=1&resize=525%2C300 1.5x, https:\/\/i0.wp.com\/www.freidenker.org\/fw17\/wp-content\/uploads\/2019\/08\/fd-brief-2019-august-coll.jpg?fit=800%2C445&ssl=1&resize=700%2C400 2x"},"classes":[]},{"id":7159,"url":"https:\/\/www.freidenker.org\/?p=7159","url_meta":{"origin":4683,"position":4},"title":"Quo vadis junge Welt?","author":"Webredaktion","date":"6. November 2019","format":false,"excerpt":"Video-Interview mit Klaus Hartmann Ein Aufruferkreis von \u00fcber sechzig Unterzeichner*innen forderte im Juli 2019 die linke Tageszeitung junge Welt auf, einige kritische Fragen zu beantworten. ... Was zun\u00e4chst als interne Kritik gedacht war, wurde schnell \u00f6ffentlich. ... Mittlerweile werden der Aufruf und die Reaktion der jW haupts\u00e4chlich in linken Kreisen\u2026","rel":"","context":"In &quot;Demokratie \u2013 Medien \u2013 Aufkl\u00e4rung&quot;","block_context":{"text":"Demokratie \u2013 Medien \u2013 Aufkl\u00e4rung","link":"https:\/\/www.freidenker.org\/?cat=12"},"img":{"alt_text":"","src":"https:\/\/i0.wp.com\/www.freidenker.org\/fw17\/wp-content\/uploads\/2019\/11\/klaus_hartmann_weltnetz_800x445.jpg?fit=800%2C445&ssl=1&resize=350%2C200","width":350,"height":200,"srcset":"https:\/\/i0.wp.com\/www.freidenker.org\/fw17\/wp-content\/uploads\/2019\/11\/klaus_hartmann_weltnetz_800x445.jpg?fit=800%2C445&ssl=1&resize=350%2C200 1x, https:\/\/i0.wp.com\/www.freidenker.org\/fw17\/wp-content\/uploads\/2019\/11\/klaus_hartmann_weltnetz_800x445.jpg?fit=800%2C445&ssl=1&resize=525%2C300 1.5x, https:\/\/i0.wp.com\/www.freidenker.org\/fw17\/wp-content\/uploads\/2019\/11\/klaus_hartmann_weltnetz_800x445.jpg?fit=800%2C445&ssl=1&resize=700%2C400 2x"},"classes":[]},{"id":4699,"url":"https:\/\/www.freidenker.org\/?p=4699","url_meta":{"origin":4683,"position":5},"title":"\u201eFormierte Gegenaufkl\u00e4rung\u201c &#8211; Anmerkungen","author":"Webredaktion","date":"2. April 2015","format":false,"excerpt":"Beitrag von Andreas Wehr In der Wochenendausgabe vom 21.\/22. M\u00e4rz 2015 ver\u00f6ffentlichte die Tageszeitung junge Welt unter der \u00dcberschrift \u201eFormierte Gegenaufkl\u00e4rung\u201c einen Artikel, der sich u. a. mit der Situation der Friedensbewegung und hier insbesondere mit den Montagsmahnwachen besch\u00e4ftigt. Autor ist der Redakteur der jungen Welt Sebastian Carlens. Der Artikel\u2026","rel":"","context":"In &quot;Demokratie \u2013 Medien \u2013 Aufkl\u00e4rung&quot;","block_context":{"text":"Demokratie \u2013 Medien \u2013 Aufkl\u00e4rung","link":"https:\/\/www.freidenker.org\/?cat=12"},"img":{"alt_text":"","src":"https:\/\/i0.wp.com\/www.freidenker.org\/fw17\/wp-content\/uploads\/2015\/04\/klartext_peace_800x445.jpg?fit=800%2C445&ssl=1&resize=350%2C200","width":350,"height":200,"srcset":"https:\/\/i0.wp.com\/www.freidenker.org\/fw17\/wp-content\/uploads\/2015\/04\/klartext_peace_800x445.jpg?fit=800%2C445&ssl=1&resize=350%2C200 1x, https:\/\/i0.wp.com\/www.freidenker.org\/fw17\/wp-content\/uploads\/2015\/04\/klartext_peace_800x445.jpg?fit=800%2C445&ssl=1&resize=525%2C300 1.5x, https:\/\/i0.wp.com\/www.freidenker.org\/fw17\/wp-content\/uploads\/2015\/04\/klartext_peace_800x445.jpg?fit=800%2C445&ssl=1&resize=700%2C400 2x"},"classes":[]}],"_links":{"self":[{"href":"https:\/\/www.freidenker.org\/index.php?rest_route=\/wp\/v2\/posts\/4683","targetHints":{"allow":["GET"]}}],"collection":[{"href":"https:\/\/www.freidenker.org\/index.php?rest_route=\/wp\/v2\/posts"}],"about":[{"href":"https:\/\/www.freidenker.org\/index.php?rest_route=\/wp\/v2\/types\/post"}],"author":[{"embeddable":true,"href":"https:\/\/www.freidenker.org\/index.php?rest_route=\/wp\/v2\/users\/3"}],"replies":[{"embeddable":true,"href":"https:\/\/www.freidenker.org\/index.php?rest_route=%2Fwp%2Fv2%2Fcomments&post=4683"}],"version-history":[{"count":0,"href":"https:\/\/www.freidenker.org\/index.php?rest_route=\/wp\/v2\/posts\/4683\/revisions"}],"wp:featuredmedia":[{"embeddable":true,"href":"https:\/\/www.freidenker.org\/index.php?rest_route=\/wp\/v2\/media\/4686"}],"wp:attachment":[{"href":"https:\/\/www.freidenker.org\/index.php?rest_route=%2Fwp%2Fv2%2Fmedia&parent=4683"}],"wp:term":[{"taxonomy":"category","embeddable":true,"href":"https:\/\/www.freidenker.org\/index.php?rest_route=%2Fwp%2Fv2%2Fcategories&post=4683"},{"taxonomy":"post_tag","embeddable":true,"href":"https:\/\/www.freidenker.org\/index.php?rest_route=%2Fwp%2Fv2%2Ftags&post=4683"}],"curies":[{"name":"wp","href":"https:\/\/api.w.org\/{rel}","templated":true}]}}