{"id":4654,"date":"2018-02-27T16:00:00","date_gmt":"2018-02-27T15:00:00","guid":{"rendered":"http:\/\/www.freidenker.org\/?p=4654"},"modified":"2018-03-09T10:54:29","modified_gmt":"2018-03-09T09:54:29","slug":"15-03-2018-kritik-des-computers-von-und-mit-werner-seppmann","status":"publish","type":"post","link":"https:\/\/www.freidenker.org\/?p=4654","title":{"rendered":"15.03.2018 &#8211; Kritik des Computers, Autorenlesung mit Werner Seppmann"},"content":{"rendered":"<p><strong>Warm up&#8230;<\/strong><\/p>\n<p>Donnerstag, <strong>15. M\u00e4rz 2018, 20.00 Uhr<\/strong> &#8211; Autorenlesung<br \/>\n<strong>Saal im Kulturzentrum Reichenstra\u00dfe, Reichenstra\u00dfe 1, 06484 Quedlinburg<\/strong><\/p>\n<p><strong>KRITIK DES COMPUTERS<br \/>\n<\/strong>von Werner Seppmann<\/p>\n<p>Der Kapitalismus und die Digitalisierung des Sozialen \u201eEs geht bei der kapitalistischen Verwendungsweise des Computers um mehr als die skandal\u00f6sen Erfassungs- und Kontrollaktivit\u00e4ten, denn sie f\u00fchrt zu problematischen Ver\u00e4nderungen in vielen Lebensbereichen: Durch die Verallgemeinerung digitaler Techniken erodieren zivilisatorische Standards, ver\u00f6den Alltagsbeziehungen und wird ein marktkonformer Lebensrhythmus durchgesetzt. Die Pers\u00f6nlichkeitsstruktur wird durch die \u201eComputer-Praxis\u201c so umgeformt, dass sie mit der ununterbrochenen T\u00e4tigkeit der M\u00e4rkte und Informationsnetze \u00fcbereinstimmt. Digital flankierte Anpassungsprozesse sind die aktuellen Mechanismen, mit denen der Kapitalismus sich jene Menschen schafft, die er f\u00fcr sein reibungsloses Funktionieren auf hochtechnologischer Grundlage ben\u00f6tigt.\u201c\u00a0<em>(Foto: Angroven-Verlag)<\/em><\/p>\n<p>Weitere Informationen zum Buch <strong>Kritik des Computers<\/strong> von <strong>Werner Seppmann<\/strong> kann hier auf der <strong><a href=\"http:\/\/mangroven-verlag.de\/kritik-des-computers\/\" target=\"_blank\" rel=\"noopener\">Webseite<\/a><\/strong> des Angroven-Verlages nachgelesen werden.<\/p>\n<p>Veranstalter: Deutscher Freidenker-Verband Quedlinburg und Rosa-Luxemburg-Club Harz<br \/>\n<strong>Information und Anmeldung \u00fcber Thomas Loch, DFV Quedlinburg, Tel.: 0171 \/ 19 96 214<\/strong><\/p>\n<p>Weitere Veranstaltungsinformationen k\u00f6nnen auf dieser <strong><a href=\"http:\/\/www.b\u00fccherfr\u00fchling.de\/index.php\/maerz-2018\/15-03-kritik-des-computers\" target=\"_blank\" rel=\"noopener\">Webseite<\/a> <\/strong>des <strong>B\u00fccherfr\u00fchling 2018 in Quedlinburg<\/strong> nachgelesen werden.<\/p>\n<p>Eintritt: Um eine Spende zur F\u00f6rderung von Literatur in Quedlinburg wird gebeten!<\/p>\n<p>&nbsp;<\/p>\n<p>Weitere interessante Veranstaltungen im Rahmen des <strong>B\u00fccherfr\u00fchlings 2018 in Quedlinburg<\/strong>:<\/p>\n<ul>\n<li><a href=\"http:\/\/www.b\u00fccherfr\u00fchling.de\/index.php\/mai-2018\/12-05-durch-zeit-und-raum-1618-2018\" target=\"_blank\" rel=\"noopener\">&#8222;Durch Zeit und Raum&#8220;: 1618 &#8211; 2018 von und mit Thomas Loch<\/a><\/li>\n<li><a href=\"http:\/\/www.b\u00fccherfr\u00fchling.de\/index.php\/mai-2018\/23-05-marx-neu-entdecken\" target=\"_blank\" rel=\"noopener\">Marx neu entdecken &#8211; eine Lesung und Diskussion zum 200. Geburtstag von Karl Marx mit Prof. Dr. sc. Phil. Manfred Neuhaus<\/a><\/li>\n<\/ul>\n<hr \/>\n<p>Beitragsbild: pixabay.com \/ User: Ulleo https:\/\/pixabay.com\/de\/buch-lesen-literatur-buchseiten-2319957\/<\/p>\n","protected":false},"excerpt":{"rendered":"<p>Der Deutsche Freidenker-Verband e.V. Quedlinburg und der Rosa-Luxemburg-Club Harz laden am 15.3.2018 um 20:00 Uhr zu einer Autorenlesung mit Werner Seppmann zu seinem Buch &#8222;Kritik des Computers&#8220; aus dem Angroven-Verlag ein.<\/p>\n","protected":false},"author":3,"featured_media":4695,"comment_status":"closed","ping_status":"closed","sticky":false,"template":"","format":"standard","meta":{"colormag_page_container_layout":"default_layout","colormag_page_sidebar_layout":"default_layout","advanced_seo_description":"","jetpack_seo_html_title":"","jetpack_seo_noindex":false,"jetpack_post_was_ever_published":false,"footnotes":""},"categories":[19,16],"tags":[567,27,1025,38],"class_list":["post-4654","post","type-post","status-publish","format-standard","has-post-thumbnail","hentry","category-veranstaltungen-in-den-dfv-landesverbaenden","category-weltanschauung-philosophie","tag-bildung","tag-deutscher-freidenker-verband","tag-lv-sachsen-anhalt","tag-weltanschauung"],"jetpack_featured_media_url":"https:\/\/i0.wp.com\/www.freidenker.org\/fw17\/wp-content\/uploads\/2018\/02\/buecherfruehling.jpg?fit=800%2C445&ssl=1","jetpack_shortlink":"https:\/\/wp.me\/p9stpK-1d4","jetpack-related-posts":[{"id":10426,"url":"https:\/\/www.freidenker.org\/?p=10426","url_meta":{"origin":4654,"position":0},"title":"Wir trauern um Dr. Werner Seppmann","author":"Webredaktion","date":"26. Mai 2021","format":false,"excerpt":"Mit Werner verliert die Linke in Deutschland einen bedeutenden marxistischen Philosophen und Soziologen, der Deutsche Freidenker-Verband verliert ein profiliertes Mitglied seines Beirats. Sein Schaffen folgte dem Ziel, die Marx\u2019sche Lehre als Instrument der gesellschaftlichen Erkenntnis, der Kapitalismuskritik und der sozialistischen Perspektive lebendig zu halten und als Instrument gegen die Unterwerfung\u2026","rel":"","context":"In &quot;Weltanschauung &amp; Philosophie&quot;","block_context":{"text":"Weltanschauung &amp; Philosophie","link":"https:\/\/www.freidenker.org\/?cat=16"},"img":{"alt_text":"","src":"https:\/\/i0.wp.com\/www.freidenker.org\/fw17\/wp-content\/uploads\/2021\/05\/werner_seppmann_mangroven_800x450.jpg?fit=800%2C450&ssl=1&resize=350%2C200","width":350,"height":200,"srcset":"https:\/\/i0.wp.com\/www.freidenker.org\/fw17\/wp-content\/uploads\/2021\/05\/werner_seppmann_mangroven_800x450.jpg?fit=800%2C450&ssl=1&resize=350%2C200 1x, https:\/\/i0.wp.com\/www.freidenker.org\/fw17\/wp-content\/uploads\/2021\/05\/werner_seppmann_mangroven_800x450.jpg?fit=800%2C450&ssl=1&resize=525%2C300 1.5x, https:\/\/i0.wp.com\/www.freidenker.org\/fw17\/wp-content\/uploads\/2021\/05\/werner_seppmann_mangroven_800x450.jpg?fit=800%2C450&ssl=1&resize=700%2C400 2x"},"classes":[]},{"id":723,"url":"https:\/\/www.freidenker.org\/?p=723","url_meta":{"origin":4654,"position":1},"title":"FREIDENKER 4-09 &#8211; Krise &#8211; Widerstand!","author":"Webmaster","date":"16. Dezember 2009","format":false,"excerpt":"Die Ausgabe 4-09 des Verbandsorgans FREIDENKER hat das Schwerpunkt-Thema \u201eKrise - Widerstand!\u201c und enth\u00e4lt u.a folgende Beitr\u00e4ge: - Rainer Thiel: Finanzkrise: Markt, Konkurrenz und Eigentum - Dieter Hillebrenner: Arbeiterklasse heute - Werner Seppmann: Krise ohne Widerstand? - Erich Hahn: ,Erinnerungsschlacht\u2018 und Weltanschauung - Klaus Hartmann: Krise im Kopf","rel":"","context":"In &quot;Verbandsorgan FREIDENKER&quot;","block_context":{"text":"Verbandsorgan FREIDENKER","link":"https:\/\/www.freidenker.org\/?cat=8"},"img":{"alt_text":"","src":"https:\/\/i0.wp.com\/www.freidenker.org\/fw17\/wp-content\/uploads\/2017\/12\/FD_2009-04_Titel_mR.jpg?fit=800%2C445&ssl=1&resize=350%2C200","width":350,"height":200,"srcset":"https:\/\/i0.wp.com\/www.freidenker.org\/fw17\/wp-content\/uploads\/2017\/12\/FD_2009-04_Titel_mR.jpg?fit=800%2C445&ssl=1&resize=350%2C200 1x, https:\/\/i0.wp.com\/www.freidenker.org\/fw17\/wp-content\/uploads\/2017\/12\/FD_2009-04_Titel_mR.jpg?fit=800%2C445&ssl=1&resize=525%2C300 1.5x, https:\/\/i0.wp.com\/www.freidenker.org\/fw17\/wp-content\/uploads\/2017\/12\/FD_2009-04_Titel_mR.jpg?fit=800%2C445&ssl=1&resize=700%2C400 2x"},"classes":[]},{"id":5422,"url":"https:\/\/www.freidenker.org\/?p=5422","url_meta":{"origin":4654,"position":2},"title":"FREIDENKER 3-18 EXTRA \u2013 Menschenbild","author":"Webredaktion","date":"16. September 2018","format":false,"excerpt":"Die EXTRA-Ausgabe 3-18 des Verbandsorgans FREIDENKER hat das Schwerpunkt-Thema \u201eMenschenbild \u2013 Marxistische Pers\u00f6nlichkeitstheorie: Individuum und Gesellschaft\u201c und enth\u00e4lt die Reden der Wissenschaftlichen Konferenz des Deutschen Freidenker-Verbandes vom 28.04.2018 in Hannover. Darin: - Sebastian Bahlo: Marx\u2018 revolution\u00e4re Sch\u00e4rfe bewahren - Klaus Hartmann: Was ist der Mensch? - Wolfgang Jantzen: Pers\u00f6nlichkeit und\u2026","rel":"","context":"In &quot;Verbandsorgan FREIDENKER&quot;","block_context":{"text":"Verbandsorgan FREIDENKER","link":"https:\/\/www.freidenker.org\/?cat=8"},"img":{"alt_text":"","src":"https:\/\/i0.wp.com\/www.freidenker.org\/fw17\/wp-content\/uploads\/2018\/09\/FD_2018-03_Titel_mR.jpg?fit=800%2C445&ssl=1&resize=350%2C200","width":350,"height":200,"srcset":"https:\/\/i0.wp.com\/www.freidenker.org\/fw17\/wp-content\/uploads\/2018\/09\/FD_2018-03_Titel_mR.jpg?fit=800%2C445&ssl=1&resize=350%2C200 1x, https:\/\/i0.wp.com\/www.freidenker.org\/fw17\/wp-content\/uploads\/2018\/09\/FD_2018-03_Titel_mR.jpg?fit=800%2C445&ssl=1&resize=525%2C300 1.5x, https:\/\/i0.wp.com\/www.freidenker.org\/fw17\/wp-content\/uploads\/2018\/09\/FD_2018-03_Titel_mR.jpg?fit=800%2C445&ssl=1&resize=700%2C400 2x"},"classes":[]},{"id":5354,"url":"https:\/\/www.freidenker.org\/?p=5354","url_meta":{"origin":4654,"position":3},"title":"Videos: Karl-Marx-Konferenz &#8222;Individuum und Gesellschaft&#8220;","author":"Webredaktion","date":"30. Juli 2018","format":false,"excerpt":"Zum 200. Geburtstag des wirkm\u00e4chtigen Philosophen Karl Marx veranstaltete der Deutsche Freidenker-Verband am 28. April 2018 in Hannover die wissenschaftliche Konferenz \u201eIndividuum und Gesellschaft \u2013 Menschenbild und Pers\u00f6nlichkeitstheorie im Marxismus\u201c. Wir ver\u00f6ffentlichen hier die Videos der Hauptreferate von Klaus Hartmann: \"Was ist der Mensch?\", Prof. Wolfgang Jantzen: \"Pers\u00f6nlichkeit und sozialer\u2026","rel":"","context":"In &quot;Weltanschauung &amp; Philosophie&quot;","block_context":{"text":"Weltanschauung &amp; Philosophie","link":"https:\/\/www.freidenker.org\/?cat=16"},"img":{"alt_text":"","src":"https:\/\/i0.wp.com\/www.freidenker.org\/fw17\/wp-content\/uploads\/2018\/08\/Hartmann_Bahlo_Konferenz2018.jpg?fit=800%2C445&ssl=1&resize=350%2C200","width":350,"height":200,"srcset":"https:\/\/i0.wp.com\/www.freidenker.org\/fw17\/wp-content\/uploads\/2018\/08\/Hartmann_Bahlo_Konferenz2018.jpg?fit=800%2C445&ssl=1&resize=350%2C200 1x, https:\/\/i0.wp.com\/www.freidenker.org\/fw17\/wp-content\/uploads\/2018\/08\/Hartmann_Bahlo_Konferenz2018.jpg?fit=800%2C445&ssl=1&resize=525%2C300 1.5x, https:\/\/i0.wp.com\/www.freidenker.org\/fw17\/wp-content\/uploads\/2018\/08\/Hartmann_Bahlo_Konferenz2018.jpg?fit=800%2C445&ssl=1&resize=700%2C400 2x"},"classes":[]},{"id":4889,"url":"https:\/\/www.freidenker.org\/?p=4889","url_meta":{"origin":4654,"position":4},"title":"Konferenz: Individuum und Gesellschaft \u2013 Menschenbild und Pers\u00f6nlichkeitstheorie im Marxismus","author":"Webredaktion","date":"27. M\u00e4rz 2018","format":false,"excerpt":"\u00d6ffentliche Wissenschaftliche Konferenz zum 200. Geburtstag von Karl Marx am Samstag, 28. April 2018, in Hannover Individuum und Gesellschaft \u2013 Menschenbild und Pers\u00f6nlichkeitstheorie im Marxismus Vortr\u00e4ge und Diskussion: - Was ist der Mensch? (Klaus Hartmann) - Pers\u00f6nlichkeit und sozialer Sinn (Prof. Dr. Wolfgang Jantzen) - Die Leere der Frankfurter Schule\u2026","rel":"","context":"In &quot;Weltanschauung &amp; Philosophie&quot;","block_context":{"text":"Weltanschauung &amp; Philosophie","link":"https:\/\/www.freidenker.org\/?cat=16"},"img":{"alt_text":"","src":"https:\/\/i0.wp.com\/www.freidenker.org\/fw17\/wp-content\/uploads\/2018\/03\/karl-marx-konferenz_800x445.jpg?fit=800%2C445&ssl=1&resize=350%2C200","width":350,"height":200,"srcset":"https:\/\/i0.wp.com\/www.freidenker.org\/fw17\/wp-content\/uploads\/2018\/03\/karl-marx-konferenz_800x445.jpg?fit=800%2C445&ssl=1&resize=350%2C200 1x, https:\/\/i0.wp.com\/www.freidenker.org\/fw17\/wp-content\/uploads\/2018\/03\/karl-marx-konferenz_800x445.jpg?fit=800%2C445&ssl=1&resize=525%2C300 1.5x, https:\/\/i0.wp.com\/www.freidenker.org\/fw17\/wp-content\/uploads\/2018\/03\/karl-marx-konferenz_800x445.jpg?fit=800%2C445&ssl=1&resize=700%2C400 2x"},"classes":[]},{"id":14241,"url":"https:\/\/www.freidenker.org\/?p=14241","url_meta":{"origin":4654,"position":5},"title":"FREIDENKER Nr. 3-22 \u2013 Der gro\u00dfe Abbruch","author":"Webredaktion","date":"28. September 2022","format":false,"excerpt":"Die Ausgabe 3-22 des Verbandsorgans FREIDENKER hat das Schwerpunkt-Thema \u201eDer gro\u00dfe Abbruch\u201c und enth\u00e4lt u.a. folgende Beitr\u00e4ge: - Werner R\u00fcgemer: Die Arbeitsverh\u00e4ltnisse im BlackRock-Kapitalismus - Diana Johnstone: Der grosse Vorwand \u2026 f\u00fcr eine Anti-Utopie - Klaus Linder: Randbemerkungen gegen eine Hypnose durch den \u201eGreat Reset\u201c - Dagmar Henn: Der westliche\u2026","rel":"","context":"In &quot;Verbandsorgan FREIDENKER&quot;","block_context":{"text":"Verbandsorgan FREIDENKER","link":"https:\/\/www.freidenker.org\/?cat=8"},"img":{"alt_text":"","src":"https:\/\/i0.wp.com\/www.freidenker.org\/fw17\/wp-content\/uploads\/2022\/09\/FD_2022-03_Titel_mR.jpg?fit=800%2C445&ssl=1&resize=350%2C200","width":350,"height":200,"srcset":"https:\/\/i0.wp.com\/www.freidenker.org\/fw17\/wp-content\/uploads\/2022\/09\/FD_2022-03_Titel_mR.jpg?fit=800%2C445&ssl=1&resize=350%2C200 1x, https:\/\/i0.wp.com\/www.freidenker.org\/fw17\/wp-content\/uploads\/2022\/09\/FD_2022-03_Titel_mR.jpg?fit=800%2C445&ssl=1&resize=525%2C300 1.5x, https:\/\/i0.wp.com\/www.freidenker.org\/fw17\/wp-content\/uploads\/2022\/09\/FD_2022-03_Titel_mR.jpg?fit=800%2C445&ssl=1&resize=700%2C400 2x"},"classes":[]}],"_links":{"self":[{"href":"https:\/\/www.freidenker.org\/index.php?rest_route=\/wp\/v2\/posts\/4654","targetHints":{"allow":["GET"]}}],"collection":[{"href":"https:\/\/www.freidenker.org\/index.php?rest_route=\/wp\/v2\/posts"}],"about":[{"href":"https:\/\/www.freidenker.org\/index.php?rest_route=\/wp\/v2\/types\/post"}],"author":[{"embeddable":true,"href":"https:\/\/www.freidenker.org\/index.php?rest_route=\/wp\/v2\/users\/3"}],"replies":[{"embeddable":true,"href":"https:\/\/www.freidenker.org\/index.php?rest_route=%2Fwp%2Fv2%2Fcomments&post=4654"}],"version-history":[{"count":0,"href":"https:\/\/www.freidenker.org\/index.php?rest_route=\/wp\/v2\/posts\/4654\/revisions"}],"wp:featuredmedia":[{"embeddable":true,"href":"https:\/\/www.freidenker.org\/index.php?rest_route=\/wp\/v2\/media\/4695"}],"wp:attachment":[{"href":"https:\/\/www.freidenker.org\/index.php?rest_route=%2Fwp%2Fv2%2Fmedia&parent=4654"}],"wp:term":[{"taxonomy":"category","embeddable":true,"href":"https:\/\/www.freidenker.org\/index.php?rest_route=%2Fwp%2Fv2%2Fcategories&post=4654"},{"taxonomy":"post_tag","embeddable":true,"href":"https:\/\/www.freidenker.org\/index.php?rest_route=%2Fwp%2Fv2%2Ftags&post=4654"}],"curies":[{"name":"wp","href":"https:\/\/api.w.org\/{rel}","templated":true}]}}