{"id":4646,"date":"2018-02-27T16:28:25","date_gmt":"2018-02-27T15:28:25","guid":{"rendered":"http:\/\/www.freidenker.org\/?p=4646"},"modified":"2018-03-23T02:42:45","modified_gmt":"2018-03-23T01:42:45","slug":"offenes-freidenkertreffen-vom-16-bis-18-03-2018-im-harz","status":"publish","type":"post","link":"https:\/\/www.freidenker.org\/?p=4646","title":{"rendered":"Offenes Freidenkertreffen vom 16. bis 18.03.2018 im Harz"},"content":{"rendered":"<p style=\"text-align: left;\" align=\"justify\"><span style=\"font-size: large;\"><b><a href=\"https:\/\/i0.wp.com\/www.sachsen-anhalt.freidenker.org\/cms\/wp-content\/uploads\/2018\/02\/Harz.jpg\"><img data-recalc-dims=\"1\" loading=\"lazy\" decoding=\"async\" class=\"size-medium wp-image-410 alignleft\" src=\"https:\/\/i0.wp.com\/www.sachsen-anhalt.freidenker.org\/cms\/wp-content\/uploads\/2018\/02\/Harz-216x300.jpg?resize=216%2C300\" alt=\"\" width=\"216\" height=\"300\" \/><\/a><\/b><\/span>Die <strong>Landesverb\u00e4nde<\/strong> des DFV <strong>Niedersachsen<\/strong> und <strong>Sachsen-Anhalt<\/strong> laden zu einer gemeinsamen Bildungsveranstaltung in den Harz ein. Diese Veranstaltung ist offen und dient nicht nur der politischen Bildung und dem Meinungsaustausch, sondern auch des gegenseitigen Kennenlernens.<\/p>\n<p style=\"text-align: left;\" align=\"justify\"><strong><span style=\"font-size: medium;\">Dem Programm entsprechend spielt politische Bildung eine bedeutende Rolle und somit ist auch ein Ziel der Veranstaltung, \u00fcber M\u00f6glichkeiten der Entwicklung kontinuierlicher\u00a0<\/span><\/strong><strong><span style=\"font-size: medium;\">Bildungsangebote nachzudenken und entsprechende Vernetzungen\u00a0<\/span><\/strong><strong><span style=\"font-size: medium;\">gleichgesinnter Organisationen und Personen\u00a0<\/span><\/strong><strong><span style=\"font-size: medium;\">zu f\u00f6rdern.<\/span><\/strong><\/p>\n<p style=\"text-align: left;\" align=\"justify\">Der Harz ist das n\u00f6rdlichste Mittelgebirge des Landes, relativ zentral gelegen, von den verschiedensten historischen Spuren gekennzeichnet. Drei Bundesl\u00e4nder teilen sich den Harz, im Osten Sachsen-Anhalt, im Westen Niedersachsen und im S\u00fcden erwischt Th\u00fcringen noch einen Zipfel.\u00a0<b>Ein idealer Ort sich kennenzulernen, neue Kontakte zu kn\u00fcpfen und sich \u00fcber die verschiedensten Entwicklungen auszutauschen.<\/b><\/p>\n<p style=\"text-align: left;\" align=\"justify\">Das Treffen findet vom <strong>16. bis 18.03.2018<\/strong>, in der <strong>Eichsfelder H\u00fctte<\/strong>, <strong>am Gesehr 37-38<\/strong> in <strong>37444 Sankt Andreasberg<\/strong>, ein Objekt der Naturfreunde Braunschweig, statt.<\/p>\n<p align=\"justify\"><!--more-->Dieses Treffen dient dem Kennenlernen und dem Austausch \u00fcber die verschiedensten aktuellen Problem, technologische Entwicklungen und ihre Folgen.<\/p>\n<p align=\"justify\"><b>Am Freitag, 16.03.:<\/b><\/p>\n<ul>\n<li>\n<p align=\"justify\">erfolgt ab 16:00 Uhr die individuelle Anreise, Empfang, Zimmerbezug, Gespr\u00e4che<\/p>\n<\/li>\n<li>\n<p align=\"justify\">18:30 Uhr Abendessen<\/p>\n<\/li>\n<li>\n<p align=\"justify\">19:30 Uhr Abendveranstaltung, Vorstellung, Kennenlernen<\/p>\n<\/li>\n<\/ul>\n<p align=\"justify\"><b>Am Samstag, 17.03.:<\/b><\/p>\n<ul>\n<li>\n<p align=\"justify\">8:30 Uhr Fr\u00fchst\u00fcck<\/p>\n<\/li>\n<li>\n<p align=\"justify\"><span style=\"color: #000000;\">10:00 Uhr Lesung mit Werner Seppmann,<\/span><\/p>\n<\/li>\n<li>\n<p align=\"justify\"><span style=\"color: #000000;\">Kritik des Computers \u2013 Der Kapitalismus und die Digitalisierung des Sozialen.<\/span><\/p>\n<\/li>\n<li>\n<p align=\"justify\"><span style=\"color: #000000;\">12:00 Uhr Mittagessen<\/span><\/p>\n<\/li>\n<li>\n<p align=\"justify\"><span style=\"color: #000000;\">13:00 Uhr Diskussion zur Produktivkraftentwicklung und ihre Folgen f\u00fcr die gesellschaftliche Entwicklung der Gegenwart.<\/span><\/p>\n<\/li>\n<li>\n<p align=\"justify\"><span style=\"color: #000000;\">15:00 Kaffee \u2013 Spaziergang<\/span><\/p>\n<\/li>\n<li>\n<p align=\"justify\"><span style=\"color: #000000;\">16:30 Kurzvortrag und Diskussion zu Alternativen und Sicherheit von Betriebssystemen<\/span><\/p>\n<\/li>\n<li>\n<p align=\"justify\"><span style=\"color: #000000;\">18:30 Abendessen<\/span><\/p>\n<\/li>\n<li>\n<p align=\"justify\"><span style=\"color: #000000;\">19:30 K\u00fcnstlerisch-Kulturelle-Abendveranstaltung<\/span><\/p>\n<\/li>\n<\/ul>\n<p align=\"justify\"><span style=\"color: #000000;\"><b>Am Sonntag, 18.03.:<\/b><\/span><\/p>\n<ul>\n<li>\n<p align=\"justify\"><span style=\"color: #000000;\">8:30 Uhr Fr\u00fchst\u00fcck<\/span><\/p>\n<\/li>\n<li>\n<p align=\"justify\"><span style=\"color: #000000;\">ab 10:00Uhr gemeinsame Abschlussveranstaltung und Auswertung.<\/span><\/p>\n<\/li>\n<li>\n<p align=\"justify\"><span style=\"color: #000000;\">12:00 Uhr Mittagessen<\/span><\/p>\n<\/li>\n<li>\n<p align=\"justify\"><span style=\"color: #000000;\">13:00 Uhr Abreise<\/span><\/p>\n<\/li>\n<\/ul>\n<p align=\"justify\"><span style=\"color: #000000;\">Kosten f\u00fcr zwei \u00dcbernachtungen inklusive Vollverpflegung 68,- \u20ac pro Person, selber Bettw\u00e4sche mitbringen, oder 5,- \u20ac Leihgeb\u00fchr.<\/span><\/p>\n<p align=\"justify\"><span style=\"color: #000000;\">Interessenten an den Themen, am Deutschen Freidenker-Verband, an linker politischer Bildung und interessenspezifischer Vernetzung sind herzlich willkommen!<\/span><\/p>\n<p align=\"justify\"><span style=\"color: #000000;\">Information und Anmeldung: <strong>Thomas Loch, Telefon: 0171-1996214<\/strong>,oder<\/span><\/p>\n<p align=\"justify\"><span style=\"color: #000000;\">E-Mail:\u00a0<strong><a href=\"mailto:dfv-sachsen-anhalt@freidenker.org\">dfv-sachsen-anhalt@freidenker.org<\/a> <\/strong>oder <strong><a href=\"mailto:dfv-niedersachsen@freidenker.org\" target=\"_blank\" rel=\"noopener\">dfv-niedersachsen@freidenker.org<\/a><\/strong><\/span><\/p>\n<p align=\"justify\"><a href=\"https:\/\/i0.wp.com\/www.sachsen-anhalt.freidenker.org\/cms\/wp-content\/uploads\/2018\/02\/CCI29122017.jpg\"><img data-recalc-dims=\"1\" loading=\"lazy\" decoding=\"async\" data-attachment-id=\"414\" data-permalink=\"https:\/\/www.freidenker.org\/?attachment_id=414\" data-orig-file=\"https:\/\/i0.wp.com\/www.freidenker.org\/fw17\/wp-content\/uploads\/2016\/08\/Demonstration.jpg?fit=800%2C445&amp;ssl=1\" data-orig-size=\"800,445\" data-comments-opened=\"0\" data-image-meta=\"{&quot;aperture&quot;:&quot;0&quot;,&quot;credit&quot;:&quot;&quot;,&quot;camera&quot;:&quot;&quot;,&quot;caption&quot;:&quot;&quot;,&quot;created_timestamp&quot;:&quot;0&quot;,&quot;copyright&quot;:&quot;&quot;,&quot;focal_length&quot;:&quot;0&quot;,&quot;iso&quot;:&quot;0&quot;,&quot;shutter_speed&quot;:&quot;0&quot;,&quot;title&quot;:&quot;&quot;,&quot;orientation&quot;:&quot;0&quot;}\" data-image-title=\"Demonstration\" data-image-description=\"&lt;p&gt;Bild: https:\/\/pixabay.com\/de\/users\/benzoufi-45657\/ &lt;\/p&gt;\n\" data-image-caption=\"&lt;p&gt;Bild: https:\/\/pixabay.com\/de\/users\/benzoufi-45657\/ &lt;\/p&gt;\n\" data-large-file=\"https:\/\/i0.wp.com\/www.freidenker.org\/fw17\/wp-content\/uploads\/2016\/08\/Demonstration.jpg?fit=800%2C445&amp;ssl=1\" class=\"alignnone size-medium wp-image-414\" src=\"https:\/\/i0.wp.com\/www.sachsen-anhalt.freidenker.org\/cms\/wp-content\/uploads\/2018\/02\/CCI29122017-212x300.jpg?resize=212%2C300\" alt=\"\" width=\"212\" height=\"300\" \/><\/a><\/p>\n<p align=\"justify\">Es geht also nicht nur um Produktivkraftentwicklung &#8230;<\/p>\n<hr \/>\n<p align=\"justify\">Beitragsbild: <a href=\"https:\/\/pixabay.com\/de\/nerven-zellen-dendriten-sepia-3115722\/\" target=\"_blank\" rel=\"noopener\">pixabay.com<\/a> \/ User: Geralt \/ Lizenz:\u00a0Lizenz: <a href=\"https:\/\/creativecommons.org\/publicdomain\/zero\/1.0\/deed.de\" target=\"_blank\" rel=\"noopener\">CC0 Creative Commons<\/a>, Bild bearbeitet<br \/>\nScreenshots: von DFV Sachsen-Anhalt und DFV Niedersachsen \u00fcbernommen<\/p>\n","protected":false},"excerpt":{"rendered":"<p><b>Die Landesverb\u00e4nde des DFV Niedersachsen und Sachsen-Anhalt laden vom 16. bis 18.03.2018 zu einer gemeinsamen Bildungsveranstaltung in den Harz nach Sankt Andreasberg ein. <\/b>Diese Veranstaltung ist offen und dient nicht nur der politischen Bildung und dem Meinungsaustausch, sondern auch des gegenseitigen Kennenlernens.<br \/>\nDem Programm entsprechend spielt politische Bildung eine bedeutende Rolle und somit ist auch ein Ziel der Veranstaltung, \u00fcber M\u00f6glichkeiten der Entwicklung kontinuierlicher\u00a0Bildungsangebote nachzudenken und entsprechende Vernetzungen\u00a0gleichgesinnter Organisationen und Personen\u00a0zu f\u00f6rdern.<\/p>\n","protected":false},"author":3,"featured_media":4650,"comment_status":"closed","ping_status":"closed","sticky":false,"template":"","format":"standard","meta":{"colormag_page_container_layout":"default_layout","colormag_page_sidebar_layout":"default_layout","advanced_seo_description":"","jetpack_seo_html_title":"","jetpack_seo_noindex":false,"jetpack_post_was_ever_published":false,"footnotes":""},"categories":[19,16],"tags":[567,27,26,1026,1025,38],"class_list":["post-4646","post","type-post","status-publish","format-standard","has-post-thumbnail","hentry","category-veranstaltungen-in-den-dfv-landesverbaenden","category-weltanschauung-philosophie","tag-bildung","tag-deutscher-freidenker-verband","tag-freidenker","tag-lv-niedersachsen","tag-lv-sachsen-anhalt","tag-weltanschauung"],"jetpack_featured_media_url":"https:\/\/i0.wp.com\/www.freidenker.org\/fw17\/wp-content\/uploads\/2018\/02\/nerves-3115722_800x445_bearbeitet.jpg?fit=800%2C445&ssl=1","jetpack_shortlink":"https:\/\/wp.me\/p9stpK-1cW","jetpack-related-posts":[{"id":16630,"url":"https:\/\/www.freidenker.org\/?p=16630","url_meta":{"origin":4646,"position":0},"title":"Bildungswochenende: Der gegenw\u00e4rtige Kapitalismus","author":"Webredaktion","date":"16. Juli 2023","format":false,"excerpt":"Offenes Bildungswochenende des Landesverbandes Sachsen-Anhalt im Deutschen Freidenker-Verband 11. \u2013 13.08.2023 in Quedlinburg. Seit Gr\u00fcndung des Landesverbandes Sachsen-Anhalt im Deutsche Freidenker-Verband, findet j\u00e4hrlich im Rahmen einer offenen Bildungsveranstaltung ein zentrales Treffen in der Stadt der Gr\u00fcndung statt. Dort treffen sich nicht nur Mitglieder des Verbandes, sondern es k\u00f6nnen immer auch\u2026","rel":"","context":"In &quot;Veranstaltungen in den DFV-Landesverb\u00e4nden&quot;","block_context":{"text":"Veranstaltungen in den DFV-Landesverb\u00e4nden","link":"https:\/\/www.freidenker.org\/?cat=19"},"img":{"alt_text":"","src":"https:\/\/i0.wp.com\/www.freidenker.org\/fw17\/wp-content\/uploads\/2023\/07\/seminar_quedlinburg_2023-08_800x450.jpg?fit=800%2C450&ssl=1&resize=350%2C200","width":350,"height":200,"srcset":"https:\/\/i0.wp.com\/www.freidenker.org\/fw17\/wp-content\/uploads\/2023\/07\/seminar_quedlinburg_2023-08_800x450.jpg?fit=800%2C450&ssl=1&resize=350%2C200 1x, https:\/\/i0.wp.com\/www.freidenker.org\/fw17\/wp-content\/uploads\/2023\/07\/seminar_quedlinburg_2023-08_800x450.jpg?fit=800%2C450&ssl=1&resize=525%2C300 1.5x, https:\/\/i0.wp.com\/www.freidenker.org\/fw17\/wp-content\/uploads\/2023\/07\/seminar_quedlinburg_2023-08_800x450.jpg?fit=800%2C450&ssl=1&resize=700%2C400 2x"},"classes":[]},{"id":13731,"url":"https:\/\/www.freidenker.org\/?p=13731","url_meta":{"origin":4646,"position":1},"title":"12.\u201314.08.2022: Offenes Bildungswochenende in Quedlinburg.","author":"Webredaktion","date":"9. Juli 2022","format":false,"excerpt":"Offenes Bildungswochenende des Landesverbandes Sachsen-Anhalt im Deutschen Freidenker-Verband vom 12.\u201314.08.2022 in Quedlinburg. Aus dem Programm: - Lesung mit dem Autor J\u00fcrgen Leskien - Diskussion zum Thema: Krieg und Frieden - Krieg ein Mittel der Politik, nicht nur der imperialistischen. - Thematische Stadtf\u00fchrung (Quedlinburg wurde nie durch Kriege zerst\u00f6rt, einschneidende Spuren\u2026","rel":"","context":"In &quot;Kultur &amp; Kunst&quot;","block_context":{"text":"Kultur &amp; Kunst","link":"https:\/\/www.freidenker.org\/?cat=913"},"img":{"alt_text":"","src":"https:\/\/i0.wp.com\/www.freidenker.org\/fw17\/wp-content\/uploads\/2022\/07\/Loch_Collage_Bildungswochenende2022.jpg?fit=800%2C450&ssl=1&resize=350%2C200","width":350,"height":200,"srcset":"https:\/\/i0.wp.com\/www.freidenker.org\/fw17\/wp-content\/uploads\/2022\/07\/Loch_Collage_Bildungswochenende2022.jpg?fit=800%2C450&ssl=1&resize=350%2C200 1x, https:\/\/i0.wp.com\/www.freidenker.org\/fw17\/wp-content\/uploads\/2022\/07\/Loch_Collage_Bildungswochenende2022.jpg?fit=800%2C450&ssl=1&resize=525%2C300 1.5x, https:\/\/i0.wp.com\/www.freidenker.org\/fw17\/wp-content\/uploads\/2022\/07\/Loch_Collage_Bildungswochenende2022.jpg?fit=800%2C450&ssl=1&resize=700%2C400 2x"},"classes":[]},{"id":11038,"url":"https:\/\/www.freidenker.org\/?p=11038","url_meta":{"origin":4646,"position":2},"title":"20.-22.08.2021: Bildungswochenende in Quedlinburg","author":"Webredaktion","date":"14. August 2021","format":false,"excerpt":"Offenes Bildungswochenende des Landesverbandes Sachsen-Anhalt im Deutschen Freidenker-Verband in Quedlinburg 20.\u201322.08.2021 Aus dem Programm: - \u201eWarten wir die Zukunft ab\u201c - Hartmut K\u00f6nig liest aus seiner Autobiographie mit musikalischen Einlagen - Diskussion zum Thema \u2013 Demokratie, was immer sie auch ist, \u2026 was ist sie eigentlich? \u2013 - thematische Stadtf\u00fchrung\u2026","rel":"","context":"In &quot;Kultur &amp; Kunst&quot;","block_context":{"text":"Kultur &amp; Kunst","link":"https:\/\/www.freidenker.org\/?cat=913"},"img":{"alt_text":"","src":"https:\/\/i0.wp.com\/www.freidenker.org\/fw17\/wp-content\/uploads\/2021\/08\/hartmut_koenig_800x450.jpg?fit=800%2C450&ssl=1&resize=350%2C200","width":350,"height":200,"srcset":"https:\/\/i0.wp.com\/www.freidenker.org\/fw17\/wp-content\/uploads\/2021\/08\/hartmut_koenig_800x450.jpg?fit=800%2C450&ssl=1&resize=350%2C200 1x, https:\/\/i0.wp.com\/www.freidenker.org\/fw17\/wp-content\/uploads\/2021\/08\/hartmut_koenig_800x450.jpg?fit=800%2C450&ssl=1&resize=525%2C300 1.5x, https:\/\/i0.wp.com\/www.freidenker.org\/fw17\/wp-content\/uploads\/2021\/08\/hartmut_koenig_800x450.jpg?fit=800%2C450&ssl=1&resize=700%2C400 2x"},"classes":[]},{"id":4654,"url":"https:\/\/www.freidenker.org\/?p=4654","url_meta":{"origin":4646,"position":3},"title":"15.03.2018 &#8211; Kritik des Computers, Autorenlesung mit Werner Seppmann","author":"Webredaktion","date":"27. Februar 2018","format":false,"excerpt":"Der Deutsche Freidenker-Verband e.V. Quedlinburg und der Rosa-Luxemburg-Club Harz laden am 15.3.2018 um 20:00 Uhr zu einer Autorenlesung mit Werner Seppmann zu seinem Buch \"Kritik des Computers\" aus dem Angroven-Verlag ein.","rel":"","context":"In &quot;Veranstaltungen in den DFV-Landesverb\u00e4nden&quot;","block_context":{"text":"Veranstaltungen in den DFV-Landesverb\u00e4nden","link":"https:\/\/www.freidenker.org\/?cat=19"},"img":{"alt_text":"","src":"https:\/\/i0.wp.com\/www.freidenker.org\/fw17\/wp-content\/uploads\/2018\/02\/buecherfruehling.jpg?fit=800%2C445&ssl=1&resize=350%2C200","width":350,"height":200,"srcset":"https:\/\/i0.wp.com\/www.freidenker.org\/fw17\/wp-content\/uploads\/2018\/02\/buecherfruehling.jpg?fit=800%2C445&ssl=1&resize=350%2C200 1x, https:\/\/i0.wp.com\/www.freidenker.org\/fw17\/wp-content\/uploads\/2018\/02\/buecherfruehling.jpg?fit=800%2C445&ssl=1&resize=525%2C300 1.5x, https:\/\/i0.wp.com\/www.freidenker.org\/fw17\/wp-content\/uploads\/2018\/02\/buecherfruehling.jpg?fit=800%2C445&ssl=1&resize=700%2C400 2x"},"classes":[]},{"id":21275,"url":"https:\/\/www.freidenker.org\/?p=21275","url_meta":{"origin":4646,"position":4},"title":"Freidenker-Treffen Sachsen-Anhalt 2025 und Konferenz &#8222;Thomas M\u00fcntzer \u2013 500 Jahre Deutscher Bauernkrieg&#8220;","author":"Webredaktion","date":"27. M\u00e4rz 2025","format":false,"excerpt":"Epochen des Umbruch! Freidenker-Treffen Sachsen-Anhalt 2025 Am Wochenende vom 25. bis 27.04.2025 findet in Quedlinburg das diesj\u00e4hrige offene Bildungswochenende des Landesverbandes Sachsen-Anhalt im Deutschen Freidenker-Verband in Quedlinburg statt. Am Freitag den 25.04.2025 wird es ab 19:00 Uhr eine Lesung mit Diskussion zum Thema des Wochenendes, Epochen des Umbruch und die\u2026","rel":"","context":"In &quot;Kultur &amp; Kunst&quot;","block_context":{"text":"Kultur &amp; Kunst","link":"https:\/\/www.freidenker.org\/?cat=913"},"img":{"alt_text":"","src":"https:\/\/i0.wp.com\/www.freidenker.org\/fw17\/wp-content\/uploads\/2025\/03\/Muentzer-Kolage2_800x450.jpg?fit=800%2C450&ssl=1&resize=350%2C200","width":350,"height":200,"srcset":"https:\/\/i0.wp.com\/www.freidenker.org\/fw17\/wp-content\/uploads\/2025\/03\/Muentzer-Kolage2_800x450.jpg?fit=800%2C450&ssl=1&resize=350%2C200 1x, https:\/\/i0.wp.com\/www.freidenker.org\/fw17\/wp-content\/uploads\/2025\/03\/Muentzer-Kolage2_800x450.jpg?fit=800%2C450&ssl=1&resize=525%2C300 1.5x, https:\/\/i0.wp.com\/www.freidenker.org\/fw17\/wp-content\/uploads\/2025\/03\/Muentzer-Kolage2_800x450.jpg?fit=800%2C450&ssl=1&resize=700%2C400 2x"},"classes":[]},{"id":8255,"url":"https:\/\/www.freidenker.org\/?p=8255","url_meta":{"origin":4646,"position":5},"title":"Bildungswochenende: Der Freiheitsbegriff von der Antike bis zum Sozialismus","author":"Webredaktion","date":"17. Juni 2020","format":false,"excerpt":"Offenes Bildungswochenende des Landesverbandes Sachsen-Anhalt im Deutschen Freidenker-Verband vom 21.-23. August 2020 Lesung, Diskussion, Stadtf\u00fchrung, Unterhaltung - Herausgeberlesung und Diskussion mit Heinz Hamm: Marxistische Hinsichten von Peter Hacks, Politische Schriften 1955 \u2013 2003 - Diskussion zum Thema \u2013 Der Freiheitsbegriff von der Antike bis zum Sozialismus \u2013 - Stadtf\u00fchrung: Freiheit\u2026","rel":"","context":"In &quot;Veranstaltungen in den DFV-Landesverb\u00e4nden&quot;","block_context":{"text":"Veranstaltungen in den DFV-Landesverb\u00e4nden","link":"https:\/\/www.freidenker.org\/?cat=19"},"img":{"alt_text":"","src":"https:\/\/i0.wp.com\/www.freidenker.org\/fw17\/wp-content\/uploads\/2020\/06\/Lesung_hacks_800x450.jpg?fit=799%2C450&ssl=1&resize=350%2C200","width":350,"height":200,"srcset":"https:\/\/i0.wp.com\/www.freidenker.org\/fw17\/wp-content\/uploads\/2020\/06\/Lesung_hacks_800x450.jpg?fit=799%2C450&ssl=1&resize=350%2C200 1x, https:\/\/i0.wp.com\/www.freidenker.org\/fw17\/wp-content\/uploads\/2020\/06\/Lesung_hacks_800x450.jpg?fit=799%2C450&ssl=1&resize=525%2C300 1.5x, https:\/\/i0.wp.com\/www.freidenker.org\/fw17\/wp-content\/uploads\/2020\/06\/Lesung_hacks_800x450.jpg?fit=799%2C450&ssl=1&resize=700%2C400 2x"},"classes":[]}],"_links":{"self":[{"href":"https:\/\/www.freidenker.org\/index.php?rest_route=\/wp\/v2\/posts\/4646","targetHints":{"allow":["GET"]}}],"collection":[{"href":"https:\/\/www.freidenker.org\/index.php?rest_route=\/wp\/v2\/posts"}],"about":[{"href":"https:\/\/www.freidenker.org\/index.php?rest_route=\/wp\/v2\/types\/post"}],"author":[{"embeddable":true,"href":"https:\/\/www.freidenker.org\/index.php?rest_route=\/wp\/v2\/users\/3"}],"replies":[{"embeddable":true,"href":"https:\/\/www.freidenker.org\/index.php?rest_route=%2Fwp%2Fv2%2Fcomments&post=4646"}],"version-history":[{"count":0,"href":"https:\/\/www.freidenker.org\/index.php?rest_route=\/wp\/v2\/posts\/4646\/revisions"}],"wp:featuredmedia":[{"embeddable":true,"href":"https:\/\/www.freidenker.org\/index.php?rest_route=\/wp\/v2\/media\/4650"}],"wp:attachment":[{"href":"https:\/\/www.freidenker.org\/index.php?rest_route=%2Fwp%2Fv2%2Fmedia&parent=4646"}],"wp:term":[{"taxonomy":"category","embeddable":true,"href":"https:\/\/www.freidenker.org\/index.php?rest_route=%2Fwp%2Fv2%2Fcategories&post=4646"},{"taxonomy":"post_tag","embeddable":true,"href":"https:\/\/www.freidenker.org\/index.php?rest_route=%2Fwp%2Fv2%2Ftags&post=4646"}],"curies":[{"name":"wp","href":"https:\/\/api.w.org\/{rel}","templated":true}]}}