{"id":4612,"date":"2018-02-22T01:23:27","date_gmt":"2018-02-22T00:23:27","guid":{"rendered":"http:\/\/www.freidenker.org\/?p=4612"},"modified":"2018-04-29T23:41:25","modified_gmt":"2018-04-29T21:41:25","slug":"video-russland-feind-oder-freund","status":"publish","type":"post","link":"https:\/\/www.freidenker.org\/?p=4612","title":{"rendered":"Video: Russland &#8211; Feind oder Freund?"},"content":{"rendered":"<p>Geht von Russland eine Bedrohung aus? Ist Russland heute ein aggressiver, imperialistischer Staat? Haben russische Hacker die amerikanischen (und andere) Wahlen beeinflusst? All das und mehr wird in unseren Medien behauptet, ohne es genauer zu belegen. Ist es nicht vielmehr die NATO, die sich gegen jede Verabredung \u2013 wie k\u00fcrzlich ver\u00f6ffentlichte Dokumente zeigen \u2013 bis an Russlands Westgrenze ausgedehnt hat und jetzt dort sogar Man\u00f6ver abh\u00e4lt? Wie vertr\u00e4gt sich die deutsche Beteiligung an diesen Man\u00f6vern mit dem von Kohl und Gorbatschow am ersten Jahrestag des Mauerfalls unterzeichneten und am 25.4.1991 einstimmig vom Deutschen Bundestag ratifizierten &#8222;Vertrag \u00fcber gute Nachbarschaft, Partnerschaft und Zusammenarbeit\u201c zwischen der Bundesrepublik Deutschland und der UdSSR? Was ist aus der damals versprochenen &#8222;Friedensdividende&#8220; geworden?<\/p>\n<p><strong>Diese und weitere Fragen wurden am 15. Februar 2018 in der Zionsgemeinde in Bremen-Neustadt mit Klaus Hartmann, dem Vorsitzenden des Deutschen Freidenkerverbandes, diskutiert.<\/strong><\/p>\n<figure id=\"attachment_4613\" aria-describedby=\"caption-attachment-4613\" style=\"width: 800px\" class=\"wp-caption alignnone\"><a href=\"https:\/\/i0.wp.com\/www.freidenker.org\/fw17\/wp-content\/uploads\/2018\/02\/Russland_Feind_oder_Freund_2018-02-15_b.jpg?ssl=1\" target=\"_blank\" rel=\"noopener\"><img data-recalc-dims=\"1\" loading=\"lazy\" decoding=\"async\" data-attachment-id=\"4613\" data-permalink=\"https:\/\/www.freidenker.org\/?attachment_id=4613\" data-orig-file=\"https:\/\/i0.wp.com\/www.freidenker.org\/fw17\/wp-content\/uploads\/2018\/02\/Russland_Feind_oder_Freund_2018-02-15_b.jpg?fit=1439%2C953&amp;ssl=1\" data-orig-size=\"1439,953\" data-comments-opened=\"0\" data-image-meta=\"{&quot;aperture&quot;:&quot;0&quot;,&quot;credit&quot;:&quot;&quot;,&quot;camera&quot;:&quot;&quot;,&quot;caption&quot;:&quot;&quot;,&quot;created_timestamp&quot;:&quot;0&quot;,&quot;copyright&quot;:&quot;&quot;,&quot;focal_length&quot;:&quot;0&quot;,&quot;iso&quot;:&quot;0&quot;,&quot;shutter_speed&quot;:&quot;0&quot;,&quot;title&quot;:&quot;&quot;,&quot;orientation&quot;:&quot;1&quot;}\" data-image-title=\"Russland_Feind_oder_Freund_2018-02-15_b\" data-image-description=\"\" data-image-caption=\"\" data-large-file=\"https:\/\/i0.wp.com\/www.freidenker.org\/fw17\/wp-content\/uploads\/2018\/02\/Russland_Feind_oder_Freund_2018-02-15_b.jpg?fit=800%2C530&amp;ssl=1\" class=\"wp-image-4613 size-large\" src=\"https:\/\/i0.wp.com\/www.freidenker.org\/fw17\/wp-content\/uploads\/2018\/02\/Russland_Feind_oder_Freund_2018-02-15_b.jpg?resize=800%2C530&#038;ssl=1\" alt=\"\" width=\"800\" height=\"530\" srcset=\"https:\/\/i0.wp.com\/www.freidenker.org\/fw17\/wp-content\/uploads\/2018\/02\/Russland_Feind_oder_Freund_2018-02-15_b.jpg?resize=1024%2C678&amp;ssl=1 1024w, https:\/\/i0.wp.com\/www.freidenker.org\/fw17\/wp-content\/uploads\/2018\/02\/Russland_Feind_oder_Freund_2018-02-15_b.jpg?resize=300%2C199&amp;ssl=1 300w, https:\/\/i0.wp.com\/www.freidenker.org\/fw17\/wp-content\/uploads\/2018\/02\/Russland_Feind_oder_Freund_2018-02-15_b.jpg?resize=768%2C509&amp;ssl=1 768w, https:\/\/i0.wp.com\/www.freidenker.org\/fw17\/wp-content\/uploads\/2018\/02\/Russland_Feind_oder_Freund_2018-02-15_b.jpg?w=1439&amp;ssl=1 1439w\" sizes=\"auto, (max-width: 800px) 100vw, 800px\" \/><\/a><figcaption id=\"caption-attachment-4613\" class=\"wp-caption-text\">v.l.n.r.: Moderator Prof. Dr. S\u00f6nke Hundt vom Bremer Friedensforum und Klaus Hartmann, Vorsitzender des Deutschen Freidenker-Verbandes auf der Veranstaltung in Bremen am 15.02.2018 Foto: Bremer Friedensforum (Facebook)<\/figcaption><\/figure>\n<p>&nbsp;<\/p>\n<p>Die <a href=\"http:\/\/www.nrhz.de\/flyer\/beitrag.php?id=24606\" target=\"_blank\" rel=\"noopener\">Arbeiterfotografie<\/a> hat ein Video des Vortrages und der Diskussion ver\u00f6ffentlicht (Dauer 1 h 48 min):<\/p>\n<div class=\"jetpack-video-wrapper\"><span class=\"embed-youtube\" style=\"text-align:center; display: block;\"><iframe loading=\"lazy\" class=\"youtube-player\" width=\"800\" height=\"450\" src=\"https:\/\/www.youtube.com\/embed\/j1JX01MYVek?version=3&#038;rel=1&#038;showsearch=0&#038;showinfo=1&#038;iv_load_policy=1&#038;fs=1&#038;hl=de-DE&#038;autohide=2&#038;wmode=transparent\" allowfullscreen=\"true\" style=\"border:0;\" sandbox=\"allow-scripts allow-same-origin allow-popups allow-presentation allow-popups-to-escape-sandbox\"><\/iframe><\/span><\/div>\n<p>Kooperationsveranstaltung: Bremer Solidarit\u00e4tsbasar, Bremer Friedensforum, Deutsche Friedensgesellschaft\/Vereinigung der Kriegsdienstgegner, Nordbremer B\u00fcrger gegen den Krieg, Bremische Stiftung f\u00fcr R\u00fcstungskonversion und Friedensforschung, Deutscher Freidenker Verband DFV-Nord<\/p>\n<hr \/>\n<p>Link zur Erstver\u00f6ffentlichung des Videos: <a href=\"http:\/\/www.nrhz.de\/flyer\/beitrag.php?id=24606\" target=\"_blank\" rel=\"noopener\">http:\/\/www.nrhz.de\/flyer\/beitrag.php?id=24606<\/a><\/p>\n<p>Direktlink zum Video auf YouTube: <a href=\"https:\/\/youtu.be\/j1JX01MYVek\" target=\"_blank\" rel=\"noopener\">https:\/\/youtu.be\/j1JX01MYVek<\/a><\/p>\n<hr \/>\n<p>Bild oben: Screenshot (Vorspann) aus dem Video<br \/>\n\u00a9 by arbeiterfotografie.com<\/p>\n","protected":false},"excerpt":{"rendered":"<p><strong>Video der Veranstaltung mit Klaus Hartmann am 15.02.2018 in Bremen <\/strong><br \/>\nGeht von Russland eine Bedrohung aus? Ist Russland heute ein aggressiver, imperialistischer Staat? Haben russische Hacker die amerikanischen (und andere) Wahlen beeinflusst? All das und mehr wird in unseren Medien behauptet, ohne es genauer zu belegen. Ist es nicht vielmehr die NATO, die sich gegen jede Verabredung \u2013 wie k\u00fcrzlich ver\u00f6ffentlichte Dokumente zeigen \u2013 bis an Russlands Westgrenze ausgedehnt hat und jetzt dort sogar Man\u00f6ver abh\u00e4lt? <\/p>\n","protected":false},"author":3,"featured_media":4614,"comment_status":"closed","ping_status":"closed","sticky":false,"template":"","format":"standard","meta":{"colormag_page_container_layout":"default_layout","colormag_page_sidebar_layout":"default_layout","advanced_seo_description":"","jetpack_seo_html_title":"","jetpack_seo_noindex":false,"jetpack_post_was_ever_published":false,"footnotes":""},"categories":[13],"tags":[1024,404,57,56,222],"class_list":["post-4612","post","type-post","status-publish","format-standard","has-post-thumbnail","hentry","category-frieden-antifaschismus-solidaritaet","tag-bremen","tag-imperialismus","tag-kriegsgefahr","tag-nato","tag-russland"],"jetpack_featured_media_url":"https:\/\/i0.wp.com\/www.freidenker.org\/fw17\/wp-content\/uploads\/2018\/02\/Russland_Feind_oder_Freund_Vorspann_800x445.jpg?fit=800%2C445&ssl=1","jetpack_shortlink":"https:\/\/wp.me\/p9stpK-1co","jetpack-related-posts":[{"id":11768,"url":"https:\/\/www.freidenker.org\/?p=11768","url_meta":{"origin":4612,"position":0},"title":"Die Eskalationsspirale der letzten vier Tage","author":"Webredaktion","date":"5. Dezember 2021","format":false,"excerpt":"Beitrag von Anti-Spiegel (d.i. Thomas R\u00f6per) Die Nato provoziert Russland immer offensiver und st\u00e4rker. Hier finden Sie eine Zusammenfassung der Ereignisse vom 30. November bis zum 3. Dezember 2021. ... Am 30. November gab es eine neue Drohung in Richtung Russland. Auf einem Treffen der Nato-Au\u00dfenminister in Riga wurde Russland\u2026","rel":"","context":"In &quot;Frieden - Antifaschismus - Solidarit\u00e4t&quot;","block_context":{"text":"Frieden - Antifaschismus - Solidarit\u00e4t","link":"https:\/\/www.freidenker.org\/?cat=13"},"img":{"alt_text":"","src":"https:\/\/i0.wp.com\/www.freidenker.org\/fw17\/wp-content\/uploads\/2021\/12\/nato-terror_von_qpress.de_800x450_v2.jpg?fit=800%2C450&ssl=1&resize=350%2C200","width":350,"height":200,"srcset":"https:\/\/i0.wp.com\/www.freidenker.org\/fw17\/wp-content\/uploads\/2021\/12\/nato-terror_von_qpress.de_800x450_v2.jpg?fit=800%2C450&ssl=1&resize=350%2C200 1x, https:\/\/i0.wp.com\/www.freidenker.org\/fw17\/wp-content\/uploads\/2021\/12\/nato-terror_von_qpress.de_800x450_v2.jpg?fit=800%2C450&ssl=1&resize=525%2C300 1.5x, https:\/\/i0.wp.com\/www.freidenker.org\/fw17\/wp-content\/uploads\/2021\/12\/nato-terror_von_qpress.de_800x450_v2.jpg?fit=800%2C450&ssl=1&resize=700%2C400 2x"},"classes":[]},{"id":4216,"url":"https:\/\/www.freidenker.org\/?p=4216","url_meta":{"origin":4612,"position":1},"title":"Russland: Feind oder Freund?","author":"Webredaktion","date":"27. Januar 2018","format":false,"excerpt":"Ank\u00fcndigung einer Veranstaltung mit Klaus Hartmann am 15.02.2018 in Bremen Geht von Russland eine Bedrohung aus? Ist Russland heute ein aggressiver, imperialistischer Staat? Haben russische Hacker die amerikanischen (und andere) Wahlen beeinflusst? All das und mehr wird in unseren Medien behauptet, ohne es genauer zu belegen. Ist es nicht vielmehr\u2026","rel":"","context":"In &quot;Frieden - Antifaschismus - Solidarit\u00e4t&quot;","block_context":{"text":"Frieden - Antifaschismus - Solidarit\u00e4t","link":"https:\/\/www.freidenker.org\/?cat=13"},"img":{"alt_text":"","src":"https:\/\/i0.wp.com\/www.freidenker.org\/fw17\/wp-content\/uploads\/2018\/01\/the-flagpole-2877540_800x445.jpg?fit=800%2C445&ssl=1&resize=350%2C200","width":350,"height":200,"srcset":"https:\/\/i0.wp.com\/www.freidenker.org\/fw17\/wp-content\/uploads\/2018\/01\/the-flagpole-2877540_800x445.jpg?fit=800%2C445&ssl=1&resize=350%2C200 1x, https:\/\/i0.wp.com\/www.freidenker.org\/fw17\/wp-content\/uploads\/2018\/01\/the-flagpole-2877540_800x445.jpg?fit=800%2C445&ssl=1&resize=525%2C300 1.5x, https:\/\/i0.wp.com\/www.freidenker.org\/fw17\/wp-content\/uploads\/2018\/01\/the-flagpole-2877540_800x445.jpg?fit=800%2C445&ssl=1&resize=700%2C400 2x"},"classes":[]},{"id":5287,"url":"https:\/\/www.freidenker.org\/?p=5287","url_meta":{"origin":4612,"position":2},"title":"Raus aus der Nato statt Krieg gegen Russland \u2013 Friedensaktions-Konferenz","author":"Webredaktion","date":"10. Juli 2018","format":false,"excerpt":"Bericht von Tilo Gr\u00e4ser von Sputniknews Deutschland von der Friedensaktionskonferenz am 07.07.2018 in Potsdam \u201eFrieden mit Russland!\u201c hat eine Friedensaktionskonferenz am Samstag in Potsdam gefordert. F\u00fcr Klaus Hartmann vom Freidenker-Verband geht das nur ohne Nato. Historiker Anton Latzo sieht Moskaus Au\u00dfenpolitik am Frieden orientiert. F\u00fcr Karin Leukefeld best\u00e4tigt sich das\u2026","rel":"","context":"In &quot;Frieden - Antifaschismus - Solidarit\u00e4t&quot;","block_context":{"text":"Frieden - Antifaschismus - Solidarit\u00e4t","link":"https:\/\/www.freidenker.org\/?cat=13"},"img":{"alt_text":"","src":"https:\/\/i0.wp.com\/www.freidenker.org\/fw17\/wp-content\/uploads\/2018\/07\/leukefeld_potsdam_2018-07-07_800x445.jpg?fit=800%2C445&ssl=1&resize=350%2C200","width":350,"height":200,"srcset":"https:\/\/i0.wp.com\/www.freidenker.org\/fw17\/wp-content\/uploads\/2018\/07\/leukefeld_potsdam_2018-07-07_800x445.jpg?fit=800%2C445&ssl=1&resize=350%2C200 1x, https:\/\/i0.wp.com\/www.freidenker.org\/fw17\/wp-content\/uploads\/2018\/07\/leukefeld_potsdam_2018-07-07_800x445.jpg?fit=800%2C445&ssl=1&resize=525%2C300 1.5x, https:\/\/i0.wp.com\/www.freidenker.org\/fw17\/wp-content\/uploads\/2018\/07\/leukefeld_potsdam_2018-07-07_800x445.jpg?fit=800%2C445&ssl=1&resize=700%2C400 2x"},"classes":[]},{"id":17604,"url":"https:\/\/www.freidenker.org\/?p=17604","url_meta":{"origin":4612,"position":3},"title":"Baerbocks Au\u00dfenpolitik \u2013 Aggressiver als die der USA","author":"Webredaktion","date":"5. Dezember 2023","format":false,"excerpt":"Beitrag von Gert Ewen Ungar Die deutsche Au\u00dfenministerin hatte in dieser Woche gleich zwei relevante Treffen zu absolvieren. Zu Beginn der Woche trafen sich die Au\u00dfenminister der NATO-Staaten in Br\u00fcssel. Am Donnerstag und Freitag trifft sich der Ministerrat der OSZE in Skopje, der Hauptstadt Nordmazedoniens. Aussagen der deutschen Au\u00dfenministerin auf\u2026","rel":"","context":"In &quot;Demokratie \u2013 Medien \u2013 Aufkl\u00e4rung&quot;","block_context":{"text":"Demokratie \u2013 Medien \u2013 Aufkl\u00e4rung","link":"https:\/\/www.freidenker.org\/?cat=12"},"img":{"alt_text":"","src":"https:\/\/i0.wp.com\/www.freidenker.org\/fw17\/wp-content\/uploads\/2023\/12\/Blinken_Baerbock_Tokyo_2023_800x450.jpg?fit=800%2C450&ssl=1&resize=350%2C200","width":350,"height":200,"srcset":"https:\/\/i0.wp.com\/www.freidenker.org\/fw17\/wp-content\/uploads\/2023\/12\/Blinken_Baerbock_Tokyo_2023_800x450.jpg?fit=800%2C450&ssl=1&resize=350%2C200 1x, https:\/\/i0.wp.com\/www.freidenker.org\/fw17\/wp-content\/uploads\/2023\/12\/Blinken_Baerbock_Tokyo_2023_800x450.jpg?fit=800%2C450&ssl=1&resize=525%2C300 1.5x, https:\/\/i0.wp.com\/www.freidenker.org\/fw17\/wp-content\/uploads\/2023\/12\/Blinken_Baerbock_Tokyo_2023_800x450.jpg?fit=800%2C450&ssl=1&resize=700%2C400 2x"},"classes":[]},{"id":5284,"url":"https:\/\/www.freidenker.org\/?p=5284","url_meta":{"origin":4612,"position":4},"title":"\u201eKein g\u00f6ttliches Gesetz verhindert Nato-Austritt\u201c","author":"Webredaktion","date":"10. Juli 2018","format":false,"excerpt":"Interview von Sputniknews Deutschland mit Klaus Hartmann \u201eGegen die \u201aNato-Ostfront\u2018 \u2013 raus aus der Nato!\u201c Das hat der Vorsitzende des Freidenker-Verbandes, Klaus Hartmann, am Samstag [den 07.07.2018] in Potsdam auf der Friedensaktionskonferenz verschiedener Gruppen gefordert. Im Interview erkl\u00e4rt er das genauer und warum die Friedensbewegung Fehler im Verh\u00e4ltnis zu Russland\u2026","rel":"","context":"In &quot;Frieden - Antifaschismus - Solidarit\u00e4t&quot;","block_context":{"text":"Frieden - Antifaschismus - Solidarit\u00e4t","link":"https:\/\/www.freidenker.org\/?cat=13"},"img":{"alt_text":"","src":"https:\/\/i0.wp.com\/www.freidenker.org\/fw17\/wp-content\/uploads\/2018\/07\/hartmann_potsdam_2018-07-07_v2_800x445.jpg?fit=800%2C445&ssl=1&resize=350%2C200","width":350,"height":200,"srcset":"https:\/\/i0.wp.com\/www.freidenker.org\/fw17\/wp-content\/uploads\/2018\/07\/hartmann_potsdam_2018-07-07_v2_800x445.jpg?fit=800%2C445&ssl=1&resize=350%2C200 1x, https:\/\/i0.wp.com\/www.freidenker.org\/fw17\/wp-content\/uploads\/2018\/07\/hartmann_potsdam_2018-07-07_v2_800x445.jpg?fit=800%2C445&ssl=1&resize=525%2C300 1.5x, https:\/\/i0.wp.com\/www.freidenker.org\/fw17\/wp-content\/uploads\/2018\/07\/hartmann_potsdam_2018-07-07_v2_800x445.jpg?fit=800%2C445&ssl=1&resize=700%2C400 2x"},"classes":[]},{"id":17572,"url":"https:\/\/www.freidenker.org\/?p=17572","url_meta":{"origin":4612,"position":5},"title":"Deutsche Propaganda: Wie &#8222;Die Zeit&#8220; ihre Leser in den Dritten Weltkrieg f\u00fchrt","author":"Webredaktion","date":"22. November 2023","format":false,"excerpt":"Beitrag von Gert Ewen Ungar Er ist einer der gr\u00f6\u00dften Kriegstreiber Deutschlands. Er sitzt dabei bequem in den Sesseln der deutschen Talkshows und weicht keiner Interview-Anfrage aus: Politikwissenschaftler Carlo Masala.\u00a0Masala verdingt sich nebenberuflich als Professor an der Universit\u00e4t der Bundeswehr in M\u00fcnchen. Hauptberuflich ist er Propagandist. Sein aktuell wichtigstes Anliegen:\u2026","rel":"","context":"In &quot;Demokratie \u2013 Medien \u2013 Aufkl\u00e4rung&quot;","block_context":{"text":"Demokratie \u2013 Medien \u2013 Aufkl\u00e4rung","link":"https:\/\/www.freidenker.org\/?cat=12"},"img":{"alt_text":"","src":"https:\/\/i0.wp.com\/www.freidenker.org\/fw17\/wp-content\/uploads\/2023\/11\/DieZeit_Weltkrieg_800x450.jpg?fit=800%2C450&ssl=1&resize=350%2C200","width":350,"height":200,"srcset":"https:\/\/i0.wp.com\/www.freidenker.org\/fw17\/wp-content\/uploads\/2023\/11\/DieZeit_Weltkrieg_800x450.jpg?fit=800%2C450&ssl=1&resize=350%2C200 1x, https:\/\/i0.wp.com\/www.freidenker.org\/fw17\/wp-content\/uploads\/2023\/11\/DieZeit_Weltkrieg_800x450.jpg?fit=800%2C450&ssl=1&resize=525%2C300 1.5x, https:\/\/i0.wp.com\/www.freidenker.org\/fw17\/wp-content\/uploads\/2023\/11\/DieZeit_Weltkrieg_800x450.jpg?fit=800%2C450&ssl=1&resize=700%2C400 2x"},"classes":[]}],"_links":{"self":[{"href":"https:\/\/www.freidenker.org\/index.php?rest_route=\/wp\/v2\/posts\/4612","targetHints":{"allow":["GET"]}}],"collection":[{"href":"https:\/\/www.freidenker.org\/index.php?rest_route=\/wp\/v2\/posts"}],"about":[{"href":"https:\/\/www.freidenker.org\/index.php?rest_route=\/wp\/v2\/types\/post"}],"author":[{"embeddable":true,"href":"https:\/\/www.freidenker.org\/index.php?rest_route=\/wp\/v2\/users\/3"}],"replies":[{"embeddable":true,"href":"https:\/\/www.freidenker.org\/index.php?rest_route=%2Fwp%2Fv2%2Fcomments&post=4612"}],"version-history":[{"count":0,"href":"https:\/\/www.freidenker.org\/index.php?rest_route=\/wp\/v2\/posts\/4612\/revisions"}],"wp:featuredmedia":[{"embeddable":true,"href":"https:\/\/www.freidenker.org\/index.php?rest_route=\/wp\/v2\/media\/4614"}],"wp:attachment":[{"href":"https:\/\/www.freidenker.org\/index.php?rest_route=%2Fwp%2Fv2%2Fmedia&parent=4612"}],"wp:term":[{"taxonomy":"category","embeddable":true,"href":"https:\/\/www.freidenker.org\/index.php?rest_route=%2Fwp%2Fv2%2Fcategories&post=4612"},{"taxonomy":"post_tag","embeddable":true,"href":"https:\/\/www.freidenker.org\/index.php?rest_route=%2Fwp%2Fv2%2Ftags&post=4612"}],"curies":[{"name":"wp","href":"https:\/\/api.w.org\/{rel}","templated":true}]}}