{"id":4586,"date":"2018-02-21T13:13:57","date_gmt":"2018-02-21T12:13:57","guid":{"rendered":"http:\/\/www.freidenker.org\/?p=4586"},"modified":"2018-04-29T23:41:16","modified_gmt":"2018-04-29T21:41:16","slug":"deutschland-sollte-aus-der-nato-austreten","status":"publish","type":"post","link":"https:\/\/www.freidenker.org\/?p=4586","title":{"rendered":"\u201eDeutschland sollte aus der Nato austreten\u201c"},"content":{"rendered":"<p>Interview von <a href=\"https:\/\/de.sputniknews.com\/politik\/20180219319615820-nato-russland-deutschland-muenchner-sicherheitskonferenz-hartmann-osze-uno-nato-abruestung-usa-udssr-kohl-aggression\/\" target=\"_blank\" rel=\"noopener\">Sputniknews Deutschland<\/a> mit <em><strong>Klaus Hartmann<\/strong><\/em> vom 19.02.2018<\/p>\n<p>\u201eDie Bev\u00f6lkerung in Deutschland hat kein Interesse an einer feindseligen Atmosph\u00e4re oder an einer russophoben Kampagne, sondern an gutnachbarschaftlichen Beziehungen\u201c, h\u00e4lt der Vorsitzende des Deutschen Freidenkerverbandes, Klaus Hartmann, im Sputnik-Interview fest.<\/p>\n<p>Ein auf gegenseitiges Vertrauen, Verl\u00e4sslichkeit und vertragliche Regeln gebautes Miteinander k\u00f6nne nur zum Vorteil beider Seiten sein, so Hartmann. Die aktuelle politische Linie w\u00fcrde genau das Gegenteil davon sein, was man aus der Geschichte h\u00e4tte lernen sollen:<\/p>\n<p>\u201eEs hei\u00dft, <a href=\"https:\/\/de.sputniknews.com\/politik\/20180219319603851-nationalismus-ukraine-usa-russland\/\" target=\"_blank\" rel=\"noopener\">Russland stehe an<\/a> der Grenze zur Nato, wobei der Trick oder die Infamie darin besteht, dass die Nato eben bis zu Russlands Grenzen vorger\u00fcckt ist. Dies wird mit diesen Kampfeinheiten in\u00a0den drei baltischen Staaten und in\u00a0Polen dokumentiert. Dazu hat die deutsche Bev\u00f6lkerung schon in\u00a0den letzten Jahren die Erfahrung machen k\u00f6nnen, dass permanent Kriegsger\u00e4t Richtung Osten rollt. Gerade angesichts des Jahrestags der Schlacht von Stalingrad eine besonders makabre Situation. Die Bundesregierung schickt keine offizielle Delegation zu den Siegesfeierlichkeiten einerseits, aber andererseits k\u00fcmmert sie sich um eine m\u00f6glichst schnelle, unb\u00fcrokratische \u2013 wie sie es nennt \u2013 Verlegung von Truppen und schwerem milit\u00e4rischen Ger\u00e4t nach Osten.\u201c<\/p>\n<h4><strong>Gegen Nato-Hauptquartier in\u00a0Deutschland<\/strong><\/h4>\n<p>Die Bewerbung der Bundesregierung als Standort f\u00fcr ein neues Nato-Hauptquartier bezeichnet Hartmann als aggressive und kriegstreiberische Ma\u00dfnahme, der aus seiner Sicht die Friedenskr\u00e4fte Einhalt gebieten m\u00fcssen:\u201eMan kann nat\u00fcrlich auch \u00fcber neue Formen des zivilen Ungehorsams nachdenken. Was die Transporte von Castor-Beh\u00e4ltern angeht, gibt es da entsprechende Erfahrungen. Auch was die Frage der Tragf\u00e4higkeit oder Passierbarkeit von Stra\u00dfen und Br\u00fccken angeht, wenn die n\u00e4chsten Panzer rollen sollen. Das ist auch nicht minder lebensbedrohlich. Von daher denke ich, dass hier auch entsprechend \u00f6ffentlich reagiert werden muss.\u201c<\/p>\n<h4><strong>1990: \u201eEs wird keine Nato-Osterweiterung geben\u201c<\/strong><\/h4>\n<p>Seinerzeit sei durch die westlichen Politiker Helmut Kohl, James Baker, George Bush sen., Hans-Dietrich Genscher und andere dem damaligen Staatschef Michail Gorbatschow und seinem Au\u00dfenminister \u201ehundertmal in\u00a0die Hand versprochen worden\u201c, die Nato nicht nach Osten zu erweitern. Gerade erst im Dezember 2017 seien in\u00a0Washington entsprechende neue Dokumente ver\u00f6ffentlicht worden. Die Zusage sei allerdings nicht vertraglich festgehalten worden. Anders verh\u00e4lt es sich mit dem am 25. April 1991 einstimmig vom Deutschen Bundestag ratifizierten \u201e<a href=\"https:\/\/www.bundestag.de\/dokumente\/textarchiv\/2016\/kw17-kalenderblatt-vertrag\/419268\" target=\"_blank\" rel=\"nofollow noopener\">Vertrag \u00fcber gute Nachbarschaft, Partnerschaft und Zusammenarbeit<\/a>\u201c zwischen der Bundesrepublik Deutschland und der UdSSR. Hartmann sagt dazu:<\/p>\n<p>\u201eDie Tinte ist es offenbar nicht wert, wenn ein Kommando aus Washington, aber auch von Seiten deutscher Militaristen, bei der Nato ert\u00f6nt. Dann sind alle diese Schw\u00fcre und guten Absichten in\u00a0den Wind gesprochen.\u201c<\/p>\n<h4><strong>Deutschland kann k\u00fcndigen<\/strong><\/h4>\n<p>Die Beziehungen zwischen Russland und der NATO beziehungsweise Deutschland m\u00fcssten auf eine neue Basis gestellt werden, erkl\u00e4rt der Verbandspr\u00e4sident Hartmann. Zun\u00e4chst einmal m\u00fcssten die F\u00fchrer der jeweiligen L\u00e4nder ohne Umschweife und in\u00a0aller Offenheit \u00fcber die bedrohliche Lage reden und gemeinsame Schritte vereinbaren, die im Sinne der Vertrauensbildung funktionieren k\u00f6nnen. Daf\u00fcr gebe es Formate wie die OSZE oder die Vereinten Nationen (Uno). Aber leider sei erstere weitestgehend au\u00dfer Dienst gestellt, was derartige Aufgaben angeht, und die Uno w\u00fcrde im Wesentlichen im <a href=\"https:\/\/de.sputniknews.com\/politik\/20180217319584283-eu-gefahr-osten-ruestung\/\" target=\"_blank\" rel=\"noopener\">Sinne der westlichen Aggressionspolitik<\/a> instrumentalisiert und missbraucht.Hartmann fordert, dass eine R\u00fcckkehr zur Aushandlung international vereinbarter Regeln stattfindet. Er schl\u00e4gt vor:<\/p>\n<p>\u201eDeutschland k\u00f6nnte auch aus dem Nato-B\u00fcndnis austreten. Es gibt die M\u00f6glichkeit, mit einer K\u00fcndigungsfrist von einem Jahr aus diesem Kriegs-B\u00fcndnis auszutreten. Man k\u00f6nnte ebenso den Vertrag \u00fcber die Stationierung ausl\u00e4ndischer Streitkr\u00e4fte in\u00a0Deutschland k\u00fcndigen. Hier betr\u00e4gt die K\u00fcndigungsfrist zwei Jahre. Dann er\u00fcbrigt sich auch ein neues Hauptquartier, die Truppenverlegung, die Frage der Kriegsdrehscheibe in\u00a0Ramstein und die modernisierten Atomwaffen in\u00a0B\u00fcchel.\u201c<\/p>\n<h6>Das komplette Interview mit Klaus Hartmann zum Nachh\u00f6ren:<\/h6>\n<p><iframe loading=\"lazy\" src=\"https:\/\/w.soundcloud.com\/player\/?url=https%3A\/\/api.soundcloud.com\/tracks\/401918178&amp;color=%23ff5500&amp;auto_play=false&amp;hide_related=false&amp;show_comments=true&amp;show_user=true&amp;show_reposts=false&amp;show_teaser=true&amp;visual=true\" width=\"100%\" height=\"300\" frameborder=\"no\" scrolling=\"no\"><\/iframe><\/p>\n<p>Link zum Original-Artikel: <a href=\"https:\/\/de.sputniknews.com\/politik\/20180219319615820-nato-russland-deutschland-muenchner-sicherheitskonferenz-hartmann-osze-uno-nato-abruestung-usa-udssr-kohl-aggression\/\" target=\"_blank\" rel=\"noopener\">https:\/\/de.sputniknews.com\/politik\/20180219319615820-nato-russland-deutschland-muenchner-sicherheitskonferenz-hartmann-osze-uno-nato-abruestung-usa-udssr-kohl-aggression\/<\/a><\/p>\n<hr \/>\n<p>Foto: <span class=\"text_small\">Protest gegen die &#8222;M\u00fcnchner Sicherheitskonferenz&#8220; 2018<\/span><br \/>\n\u00a9 by arbeiterfotografie.com<\/p>\n","protected":false},"excerpt":{"rendered":"<p><strong>Interview von Sputniknews Deutschland mit Klaus Hartmann vom 19.02.2018<\/strong><br \/>\n\u201eDie Bev\u00f6lkerung in Deutschland hat kein Interesse an einer feindseligen Atmosph\u00e4re oder an einer russophoben Kampagne, sondern an gutnachbarschaftlichen Beziehungen\u201c, h\u00e4lt der Vorsitzende des Deutschen Freidenkerverbandes, Klaus Hartmann, im Sputnik-Interview fest.<\/p>\n<p>Ein auf gegenseitiges Vertrauen, Verl\u00e4sslichkeit und vertragliche Regeln gebautes Miteinander k\u00f6nne nur zum Vorteil beider Seiten sein, so Hartmann. Die aktuelle politische Linie w\u00fcrde genau das Gegenteil davon sein, was man aus der Geschichte h\u00e4tte lernen sollen:<\/p>\n","protected":false},"author":3,"featured_media":4588,"comment_status":"closed","ping_status":"closed","sticky":false,"template":"","format":"standard","meta":{"colormag_page_container_layout":"default_layout","colormag_page_sidebar_layout":"default_layout","advanced_seo_description":"","jetpack_seo_html_title":"","jetpack_seo_noindex":false,"jetpack_post_was_ever_published":false,"footnotes":""},"categories":[13],"tags":[681,335,222],"class_list":["post-4586","post","type-post","status-publish","format-standard","has-post-thumbnail","hentry","category-frieden-antifaschismus-solidaritaet","tag-deutschland-raus-aus-der-nato","tag-frieden","tag-russland"],"jetpack_featured_media_url":"https:\/\/i0.wp.com\/www.freidenker.org\/fw17\/wp-content\/uploads\/2018\/02\/muenchen_39-2018-02-17-1-0677_800x445.jpg?fit=800%2C445&ssl=1","jetpack_shortlink":"https:\/\/wp.me\/p9stpK-1bY","jetpack-related-posts":[{"id":2986,"url":"https:\/\/www.freidenker.org\/?p=2986","url_meta":{"origin":4586,"position":0},"title":"&#8222;Deutschland raus aus der NATO&#8220;: DFV-Weckruf an den Bundestag","author":"Webredaktion","date":"8. September 2015","format":false,"excerpt":"Interview von Klaus Hartmann, Bundesvorsitzender des Deutschen Freidenker-Verbandes, mit Sputnik Deutschland \"Deutschland raus aus der Nato, Nato raus aus Deutschland\" \u2013 fordert der Deutsche Freidenker-Verband in seinem Aufruf an die Bundestagsabgeordneten. Der Appell ist eine Reaktion auf den Nato-Konfrontationskurs gegen Russland, wie der DFV-Vorstand erkl\u00e4rt. Nach 1990 erlebte die Nato\u2026","rel":"","context":"In &quot;Frieden - Antifaschismus - Solidarit\u00e4t&quot;","block_context":{"text":"Frieden - Antifaschismus - Solidarit\u00e4t","link":"https:\/\/www.freidenker.org\/?cat=13"},"img":{"alt_text":"","src":"https:\/\/i0.wp.com\/www.freidenker.org\/fw17\/wp-content\/uploads\/2015\/09\/the-eleventh-hour-758726_800x445.jpg?fit=800%2C445&ssl=1&resize=350%2C200","width":350,"height":200,"srcset":"https:\/\/i0.wp.com\/www.freidenker.org\/fw17\/wp-content\/uploads\/2015\/09\/the-eleventh-hour-758726_800x445.jpg?fit=800%2C445&ssl=1&resize=350%2C200 1x, https:\/\/i0.wp.com\/www.freidenker.org\/fw17\/wp-content\/uploads\/2015\/09\/the-eleventh-hour-758726_800x445.jpg?fit=800%2C445&ssl=1&resize=525%2C300 1.5x, https:\/\/i0.wp.com\/www.freidenker.org\/fw17\/wp-content\/uploads\/2015\/09\/the-eleventh-hour-758726_800x445.jpg?fit=800%2C445&ssl=1&resize=700%2C400 2x"},"classes":[]},{"id":2974,"url":"https:\/\/www.freidenker.org\/?p=2974","url_meta":{"origin":4586,"position":1},"title":"Freidenker-Chef zu Nato-Russland-Rat: \u201eEinkreisung Russlands durchbrechen\u201c","author":"Webredaktion","date":"22. April 2016","format":false,"excerpt":"Interview von Klaus Hartmann, Bundesvorsitzender des Deutschen Freidenker-Verbandes, mit Sputnik Deutschland Die Wiederaufnahme von Treffen im Rahmen des Nato-Russland-Rates nach einer zweij\u00e4hrigen Pause ist ein positives Signal - vorausgesetzt, dass die Politik der Einkreisung Russlands durchbrochen wird. Es ist ein Skandal, dass \u00fcberhaupt ein Stopp dieser Gespr\u00e4che verf\u00fcgt wurde. Es\u2026","rel":"","context":"In &quot;Frieden - Antifaschismus - Solidarit\u00e4t&quot;","block_context":{"text":"Frieden - Antifaschismus - Solidarit\u00e4t","link":"https:\/\/www.freidenker.org\/?cat=13"},"img":{"alt_text":"","src":"https:\/\/i0.wp.com\/www.freidenker.org\/fw17\/wp-content\/uploads\/2016\/04\/nato-russland-rat.jpg?fit=800%2C445&ssl=1&resize=350%2C200","width":350,"height":200,"srcset":"https:\/\/i0.wp.com\/www.freidenker.org\/fw17\/wp-content\/uploads\/2016\/04\/nato-russland-rat.jpg?fit=800%2C445&ssl=1&resize=350%2C200 1x, https:\/\/i0.wp.com\/www.freidenker.org\/fw17\/wp-content\/uploads\/2016\/04\/nato-russland-rat.jpg?fit=800%2C445&ssl=1&resize=525%2C300 1.5x, https:\/\/i0.wp.com\/www.freidenker.org\/fw17\/wp-content\/uploads\/2016\/04\/nato-russland-rat.jpg?fit=800%2C445&ssl=1&resize=700%2C400 2x"},"classes":[]},{"id":278,"url":"https:\/\/www.freidenker.org\/?p=278","url_meta":{"origin":4586,"position":2},"title":"KenFM am Telefon: Klaus Hartmann (Deutscher Freidenker-Verband) zu Stopp Ramstein","author":"Webmaster","date":"7. Juni 2016","format":false,"excerpt":"Wer heute behauptet, unser Land w\u00e4re rechtlich nicht in der Lage, Ramstein zu schlie\u00dfen, ist entweder schlecht informiert, oder aber arbeitet bewusst mit der Taktik der T\u00e4uschung. Fakt ist, solange das wiedervereinigte Deutschland Mitglied der NATO ist, kann ein US-Standort nur geschlossen werden, wenn dem alle NATO-Mitglieder zustimmen. Beschlie\u00dft die\u2026","rel":"","context":"In &quot;Frieden - Antifaschismus - Solidarit\u00e4t&quot;","block_context":{"text":"Frieden - Antifaschismus - Solidarit\u00e4t","link":"https:\/\/www.freidenker.org\/?cat=13"},"img":{"alt_text":"","src":"https:\/\/i0.wp.com\/www.freidenker.org\/fw17\/wp-content\/uploads\/2016\/06\/kenfm-klaus-hartmann_800x445.jpg?fit=800%2C445&ssl=1&resize=350%2C200","width":350,"height":200,"srcset":"https:\/\/i0.wp.com\/www.freidenker.org\/fw17\/wp-content\/uploads\/2016\/06\/kenfm-klaus-hartmann_800x445.jpg?fit=800%2C445&ssl=1&resize=350%2C200 1x, https:\/\/i0.wp.com\/www.freidenker.org\/fw17\/wp-content\/uploads\/2016\/06\/kenfm-klaus-hartmann_800x445.jpg?fit=800%2C445&ssl=1&resize=525%2C300 1.5x, https:\/\/i0.wp.com\/www.freidenker.org\/fw17\/wp-content\/uploads\/2016\/06\/kenfm-klaus-hartmann_800x445.jpg?fit=800%2C445&ssl=1&resize=700%2C400 2x"},"classes":[]},{"id":2976,"url":"https:\/\/www.freidenker.org\/?p=2976","url_meta":{"origin":4586,"position":3},"title":"Terror bald in Deutschland? &#8211; Freidenker: Geopolitischen Spielereien ein Ende setzen","author":"Webredaktion","date":"31. M\u00e4rz 2016","format":false,"excerpt":"Interview von Klaus Hartmann, Bundesvorsitzender des Deutschen Freidenker-Verbandes, mit Sputnik Deutschland \u201eVom russischen Au\u00dfenminister Lawrow gab es wiederholt die Aufforderung, k\u00fcnftig die geopolitischen Spielereien in der Nahost-Region zu unterlassen, damit der Terror gemeinsam bek\u00e4mpft werden kann. Diese ist die Schl\u00fcsselfrage \u2013 wie wir auf der internationalen Ebene in der Frage\u2026","rel":"","context":"In &quot;Frieden - Antifaschismus - Solidarit\u00e4t&quot;","block_context":{"text":"Frieden - Antifaschismus - Solidarit\u00e4t","link":"https:\/\/www.freidenker.org\/?cat=13"},"img":{"alt_text":"","src":"https:\/\/i0.wp.com\/www.freidenker.org\/fw17\/wp-content\/uploads\/2016\/03\/commemorate-1919191_800x445.jpg?fit=800%2C445&ssl=1&resize=350%2C200","width":350,"height":200,"srcset":"https:\/\/i0.wp.com\/www.freidenker.org\/fw17\/wp-content\/uploads\/2016\/03\/commemorate-1919191_800x445.jpg?fit=800%2C445&ssl=1&resize=350%2C200 1x, https:\/\/i0.wp.com\/www.freidenker.org\/fw17\/wp-content\/uploads\/2016\/03\/commemorate-1919191_800x445.jpg?fit=800%2C445&ssl=1&resize=525%2C300 1.5x, https:\/\/i0.wp.com\/www.freidenker.org\/fw17\/wp-content\/uploads\/2016\/03\/commemorate-1919191_800x445.jpg?fit=800%2C445&ssl=1&resize=700%2C400 2x"},"classes":[]},{"id":5417,"url":"https:\/\/www.freidenker.org\/?p=5417","url_meta":{"origin":4586,"position":4},"title":"FRAGEN zur FRIEDENSBEWEGUNG","author":"Webredaktion","date":"22. September 2018","format":false,"excerpt":"Warum wird die K\u00fcndigung des Truppenstationierungsvertrages (exakt: \"Vertrag \u00fcber den Aufenthalt ausl\u00e4ndischer Streitkr\u00e4fte in der Bundesrepublik Deutschland\" vom 23.10.1954) von der Friedensbewegung nicht zur zentralen Forderung erhoben? Damit er\u00fcbrigte sich die Forderung, nur die Air-Base Ramstein zu schlie\u00dfen. S\u00e4mtliche ausl\u00e4ndischen Milit\u00e4r-Niederlassungen in Deutschland w\u00e4ren damit aufzul\u00f6sen... Der Vorsitzende des Deutschen\u2026","rel":"","context":"In &quot;Frieden - Antifaschismus - Solidarit\u00e4t&quot;","block_context":{"text":"Frieden - Antifaschismus - Solidarit\u00e4t","link":"https:\/\/www.freidenker.org\/?cat=13"},"img":{"alt_text":"","src":"https:\/\/i0.wp.com\/www.freidenker.org\/fw17\/wp-content\/uploads\/2018\/09\/uz-Pressefest_2018_800x445.jpg?fit=800%2C445&ssl=1&resize=350%2C200","width":350,"height":200,"srcset":"https:\/\/i0.wp.com\/www.freidenker.org\/fw17\/wp-content\/uploads\/2018\/09\/uz-Pressefest_2018_800x445.jpg?fit=800%2C445&ssl=1&resize=350%2C200 1x, https:\/\/i0.wp.com\/www.freidenker.org\/fw17\/wp-content\/uploads\/2018\/09\/uz-Pressefest_2018_800x445.jpg?fit=800%2C445&ssl=1&resize=525%2C300 1.5x, https:\/\/i0.wp.com\/www.freidenker.org\/fw17\/wp-content\/uploads\/2018\/09\/uz-Pressefest_2018_800x445.jpg?fit=800%2C445&ssl=1&resize=700%2C400 2x"},"classes":[]},{"id":14015,"url":"https:\/\/www.freidenker.org\/?p=14015","url_meta":{"origin":4586,"position":5},"title":"Verhandlungen jetzt!","author":"Webredaktion","date":"23. August 2022","format":false,"excerpt":"Interview von Christoph Hentschel mit Klaus Hartmann UZ: Du bist einer der Erstunterzeichner des Aufrufs \u201eVerhandlungen jetzt! Stopp dem Kriegsgeschehen in der Ukraine!\u201c. Ihr fordert, dass endlich Verhandlungen stattfinden. Ist deiner Meinung nach das Getreideabkommen zwischen Russland und der Ukraine der richtige Impuls? Klaus Hartmann: Grunds\u00e4tzlich ist es zu begr\u00fc\u00dfen,\u2026","rel":"","context":"In &quot;Frieden - Antifaschismus - Solidarit\u00e4t&quot;","block_context":{"text":"Frieden - Antifaschismus - Solidarit\u00e4t","link":"https:\/\/www.freidenker.org\/?cat=13"},"img":{"alt_text":"","src":"https:\/\/i0.wp.com\/www.freidenker.org\/fw17\/wp-content\/uploads\/2022\/08\/3204_Kari_WEB-1_800x450.jpg?fit=800%2C450&ssl=1&resize=350%2C200","width":350,"height":200,"srcset":"https:\/\/i0.wp.com\/www.freidenker.org\/fw17\/wp-content\/uploads\/2022\/08\/3204_Kari_WEB-1_800x450.jpg?fit=800%2C450&ssl=1&resize=350%2C200 1x, https:\/\/i0.wp.com\/www.freidenker.org\/fw17\/wp-content\/uploads\/2022\/08\/3204_Kari_WEB-1_800x450.jpg?fit=800%2C450&ssl=1&resize=525%2C300 1.5x, https:\/\/i0.wp.com\/www.freidenker.org\/fw17\/wp-content\/uploads\/2022\/08\/3204_Kari_WEB-1_800x450.jpg?fit=800%2C450&ssl=1&resize=700%2C400 2x"},"classes":[]}],"_links":{"self":[{"href":"https:\/\/www.freidenker.org\/index.php?rest_route=\/wp\/v2\/posts\/4586","targetHints":{"allow":["GET"]}}],"collection":[{"href":"https:\/\/www.freidenker.org\/index.php?rest_route=\/wp\/v2\/posts"}],"about":[{"href":"https:\/\/www.freidenker.org\/index.php?rest_route=\/wp\/v2\/types\/post"}],"author":[{"embeddable":true,"href":"https:\/\/www.freidenker.org\/index.php?rest_route=\/wp\/v2\/users\/3"}],"replies":[{"embeddable":true,"href":"https:\/\/www.freidenker.org\/index.php?rest_route=%2Fwp%2Fv2%2Fcomments&post=4586"}],"version-history":[{"count":0,"href":"https:\/\/www.freidenker.org\/index.php?rest_route=\/wp\/v2\/posts\/4586\/revisions"}],"wp:featuredmedia":[{"embeddable":true,"href":"https:\/\/www.freidenker.org\/index.php?rest_route=\/wp\/v2\/media\/4588"}],"wp:attachment":[{"href":"https:\/\/www.freidenker.org\/index.php?rest_route=%2Fwp%2Fv2%2Fmedia&parent=4586"}],"wp:term":[{"taxonomy":"category","embeddable":true,"href":"https:\/\/www.freidenker.org\/index.php?rest_route=%2Fwp%2Fv2%2Fcategories&post=4586"},{"taxonomy":"post_tag","embeddable":true,"href":"https:\/\/www.freidenker.org\/index.php?rest_route=%2Fwp%2Fv2%2Ftags&post=4586"}],"curies":[{"name":"wp","href":"https:\/\/api.w.org\/{rel}","templated":true}]}}