{"id":456,"date":"2016-06-06T17:55:31","date_gmt":"2016-06-06T15:55:31","guid":{"rendered":"http:\/\/www.freidenker.org\/fw17\/?p=456"},"modified":"2018-02-18T20:03:44","modified_gmt":"2018-02-18T19:03:44","slug":"freidenker-verbandstag-2016","status":"publish","type":"post","link":"https:\/\/www.freidenker.org\/?p=456","title":{"rendered":"Freidenker-Verbandstag 2016"},"content":{"rendered":"<h2>Wie wollen wir leben? Solidarisch und selbstbestimmt \u2013 ohne Kapitalismus und ohne Kriege<\/h2>\n<p>Unter diesem Motto tagte am <strong>4. und 5. Juni 2016 in Potsdam<\/strong> der alle vier Jahre stattfindende Verbandstag des Deutschen Freidenker-Verbandes. Mehr als 50 Delegierte aus allen Bundesl\u00e4ndern sowie einige Dutzend weitere Funktion\u00e4re und G\u00e4ste gestalteten eine engagierte Diskussion um zentrale Fragen aktueller ideologischer Herausforderungen.<\/p>\n<p>Im Bericht des Verbandsvorstandes hob der Bundesvorsitzende Klaus Hartmann die zunehmende soziale Spaltung der Gesellschaft und den \u201eKrieg gegen die Armen\u201c hervor, die einen Resonanzboden f\u00fcr die rassistische Feindbildproduktion darstellen. Angesichts wachsender Provokationen der NATO gegen\u00fcber Russland und China m\u00fcsse mit allen Mitteln Aufkl\u00e4rung \u00fcber die wachsende Kriegsgefahr betrieben werden. Besonders das irref\u00fchrenderweise \u201eRaketenabwehrschild\u201c genannte Aegis-System mit seinen Abschussrampen f\u00fcr atomare Mittelstreckenraketen bringe die atomare Bedrohung nach Europa zur\u00fcck.<\/p>\n<p>Der IALANA-Gesch\u00e4ftsf\u00fchrer Reiner Braun forderte die Freidenker in seiner Gru\u00dfansprache auf, in ihrem Friedensengagement nicht nachzulassen. Die Delegierten beschlossen einen Aufruf zur Teilnahme an den Aktionen am 10. und 11. Juni gegen die US-AirBase in Ramstein und an der zentralen Demonstration der Friedensbewegung am 8. Oktober 2016 in Berlin. Einstimmig wurde die Fortf\u00fchrung der Kampagne \u201eDeutschland raus aus der NATO \u2013 NATO raus aus Deutschland\u201c beschlossen, ebenso ein Aufruf gegen neue R\u00fcstungssysteme und f\u00fcr Frieden und Zusammenarbeit mit Russland.<\/p>\n<p>Der Freidenkerverband wird weiter f\u00fcr die Zusammenarbeit und Einheit der Friedensbewegung und gegen ihre \u201eantinational\u201c inspirierte Spaltung und Zersetzung eintreten, ebenso f\u00fcr die Verteidigung des Antifaschismus gegen die Verflachung und Sinnentleerung des Begriffs, f\u00fcr die Analyse der Klasseninteressen am Faschismus als Herrschaftsoption des monopolistischen Finanzkapitals. Dem soll auch die Einladung zu einer breiten gesellschaftlichen Diskussion \u201eWie wollen wir leben? dienen, ebenso die Fortf\u00fchrung des Aufkl\u00e4rungsprogramms zur \u201eRichtigstellung der Begriffe\u201c. Ein Thesenpapier \u201eFreidenker und Religion\u201c soll zur Diskussion der aktuellen Rolle und Bedeutung der Religion und ihrer Institutionen einladen.<\/p>\n<figure id=\"attachment_463\" aria-describedby=\"caption-attachment-463\" style=\"width: 715px\" class=\"wp-caption alignnone\"><img data-recalc-dims=\"1\" loading=\"lazy\" decoding=\"async\" data-attachment-id=\"463\" data-permalink=\"https:\/\/www.freidenker.org\/?attachment_id=463\" data-orig-file=\"https:\/\/i0.wp.com\/www.freidenker.org\/fw17\/wp-content\/uploads\/2016\/06\/2016-06-05-1-0457-715x518.jpg?fit=715%2C518&amp;ssl=1\" data-orig-size=\"715,518\" data-comments-opened=\"0\" data-image-meta=\"{&quot;aperture&quot;:&quot;4&quot;,&quot;credit&quot;:&quot;&quot;,&quot;camera&quot;:&quot;DMC-FZ50&quot;,&quot;caption&quot;:&quot;&quot;,&quot;created_timestamp&quot;:&quot;1465126222&quot;,&quot;copyright&quot;:&quot;&quot;,&quot;focal_length&quot;:&quot;8.9&quot;,&quot;iso&quot;:&quot;100&quot;,&quot;shutter_speed&quot;:&quot;0.008&quot;,&quot;title&quot;:&quot;&quot;,&quot;orientation&quot;:&quot;1&quot;}\" data-image-title=\"2016-06-05-1-0457-715&amp;#215;518\" data-image-description=\"&lt;p&gt;Die DFV-Vorstandsmitglieder von links nach rechts: Klaus Linder, Ralf Lux, Annett Torres, Sebastian Bahlo, Klaus Hartmann, Monique Broquard; Foto: arbeiterfotografie.com&lt;\/p&gt;\n\" data-image-caption=\"&lt;p&gt;Die DFV-Vorstandsmitglieder von links nach rechts: Klaus Linder, Ralf Lux, Annett Torres, Sebastian Bahlo, Klaus Hartmann, Monique Broquard; Foto: arbeiterfotografie.com&lt;\/p&gt;\n\" data-large-file=\"https:\/\/i0.wp.com\/www.freidenker.org\/fw17\/wp-content\/uploads\/2016\/06\/2016-06-05-1-0457-715x518.jpg?fit=715%2C518&amp;ssl=1\" class=\"size-full wp-image-463\" src=\"https:\/\/i0.wp.com\/www.freidenker.org\/fw17\/wp-content\/uploads\/2016\/06\/2016-06-05-1-0457-715x518.jpg?resize=715%2C518&#038;ssl=1\" alt=\"Die DFV-Vorstandsmitglieder von links nach rechts: Klaus Linder, Ralf Lux, Annett Torres, Sebastian Bahlo, Klaus Hartmann, Monique Broquard; Foto: arbeiterfotografie.com\" width=\"715\" height=\"518\" srcset=\"https:\/\/i0.wp.com\/www.freidenker.org\/fw17\/wp-content\/uploads\/2016\/06\/2016-06-05-1-0457-715x518.jpg?resize=715%2C518&amp;ssl=1 715w, https:\/\/i0.wp.com\/www.freidenker.org\/fw17\/wp-content\/uploads\/2016\/06\/2016-06-05-1-0457-715x518.jpg?resize=300%2C217&amp;ssl=1 300w\" sizes=\"auto, (max-width: 715px) 100vw, 715px\" \/><figcaption id=\"caption-attachment-463\" class=\"wp-caption-text\">Die DFV-Vorstandsmitglieder von links nach rechts: Klaus Linder, Ralf Lux, Annett Torres, Sebastian Bahlo, Klaus Hartmann, Monique Broquard; Foto: arbeiterfotografie.com<\/figcaption><\/figure>\n<p>Mit knapp 96% der Stimmen wurde Klaus Hartmann als Vorsitzender wiedergew\u00e4hlt, neuer Stellvertreter ist Sebastian Bahlo (Frankfurt\/Main); Kassiererin Annett Torres (Jena), Schriftf\u00fchrer Klaus Linder (Berlin), Monique Broquard (Saarland) k\u00fcmmert sich um die Redaktion und Kultur sowie Ralf Lux (Potsdam) um die Interessenvertretung konfessionsfreier Menschen.<\/p>\n<p><em>Redaktion Freidenker<\/em><\/p>\n<hr \/>\n<p>Bild, Delegiertenkarte: FMB, firstmediabase.com, Web- &amp; Grafikdesign<\/p>\n","protected":false},"excerpt":{"rendered":"<p><strong>&#8222;Wie wollen wir leben? Solidarisch und selbstbestimmt \u2013 ohne Kapitalismus und ohne Kriege&#8220;<\/strong> &#8211; Unter diesem Motto tagte am 4. und 5. Juni 2016 in Potsdam der alle vier Jahre stattfindende Verbandstag des Deutschen Freidenker-Verbandes. Mehr als 50 Delegierte aus allen Bundesl\u00e4ndern sowie einige Dutzend weitere Funktion\u00e4re und G\u00e4ste gestalteten eine engagierte Diskussion um zentrale Fragen aktueller ideologischer Herausforderungen. &#8230;<br \/>\nBeschlossen wurde die Einladung zu einer breiten gesellschaftlichen Diskussion \u201eWie wollen wir leben?&#8220;, ebenso die Fortf\u00fchrung des Aufkl\u00e4rungsprogramms zur \u201eRichtigstellung der Begriffe\u201c. Ein Thesenpapier \u201eFreidenker und Religion\u201c soll zur Diskussion der aktuellen Rolle und Bedeutung der Religion und ihrer Institutionen einladen.<\/p>\n","protected":false},"author":2,"featured_media":457,"comment_status":"closed","ping_status":"closed","sticky":false,"template":"","format":"standard","meta":{"colormag_page_container_layout":"default_layout","colormag_page_sidebar_layout":"default_layout","advanced_seo_description":"","jetpack_seo_html_title":"","jetpack_seo_noindex":false,"jetpack_post_was_ever_published":false,"footnotes":""},"categories":[20],"tags":[486,27,410,1015],"class_list":["post-456","post","type-post","status-publish","format-standard","has-post-thumbnail","hentry","category-zentrale-veranstaltungen","tag-antiimperialismus","tag-deutscher-freidenker-verband","tag-verbandstag","tag-vorstand"],"jetpack_featured_media_url":"https:\/\/i0.wp.com\/www.freidenker.org\/fw17\/wp-content\/uploads\/2016\/08\/Verbandstag-2016.jpg?fit=800%2C445&ssl=1","jetpack_shortlink":"https:\/\/wp.me\/p9stpK-7m","jetpack-related-posts":[{"id":1146,"url":"https:\/\/www.freidenker.org\/?p=1146","url_meta":{"origin":456,"position":0},"title":"Freidenker-Brief 3-2016: Freidenker-Verbandstag und KenFM-Interview mit Klaus Hartmann","author":"Webredaktion","date":"7. Juni 2016","format":false,"excerpt":"Der \"Freidenker-Brief\" gibt zun\u00e4chst die Presseerkl\u00e4rung zum Freidenker-Verbandstag wieder, und verweist auf ein Telefon-Interview von KenFM mit Klaus Hartmann, in dem der DFV-Bundesvorsitzende erl\u00e4utert, wer die Freidenker sind, woher sie kommen, wof\u00fcr die stehen, und wie sie in der Friedenbewegung aktiv sind. Klaus Hartmann vertritt darin die Auffassung, dass die\u2026","rel":"","context":"In &quot;Freidenker-Brief&quot;","block_context":{"text":"Freidenker-Brief","link":"https:\/\/www.freidenker.org\/?cat=341"},"img":{"alt_text":"","src":"https:\/\/i0.wp.com\/www.freidenker.org\/fw17\/wp-content\/uploads\/2016\/06\/news-1713669_800x445.jpg?fit=800%2C445&ssl=1&resize=350%2C200","width":350,"height":200,"srcset":"https:\/\/i0.wp.com\/www.freidenker.org\/fw17\/wp-content\/uploads\/2016\/06\/news-1713669_800x445.jpg?fit=800%2C445&ssl=1&resize=350%2C200 1x, https:\/\/i0.wp.com\/www.freidenker.org\/fw17\/wp-content\/uploads\/2016\/06\/news-1713669_800x445.jpg?fit=800%2C445&ssl=1&resize=525%2C300 1.5x, https:\/\/i0.wp.com\/www.freidenker.org\/fw17\/wp-content\/uploads\/2016\/06\/news-1713669_800x445.jpg?fit=800%2C445&ssl=1&resize=700%2C400 2x"},"classes":[]},{"id":720,"url":"https:\/\/www.freidenker.org\/?p=720","url_meta":{"origin":456,"position":1},"title":"FREIDENKER 3-09 Sonderheft &#8211; Gegen Volksverdummung und die Zerst\u00f6rung der Vernunft &#8211; F\u00fcr Aufkl\u00e4rung!","author":"Webmaster","date":"16. November 2009","format":false,"excerpt":"Das Sonderheft 3-09 des Verbandsorgans FREIDENKER beinhaltet aktuelle grundlegende Dokumente des Deutschen Freidenker-Verbandes: \u2013 Gegen Volksverdummung und die Zerst\u00f6rung der Vernunft \u2013 F\u00fcr Aufkl\u00e4rung! (beschlossen 2009) \u2013 Berliner Erkl\u00e4rung: \u201eWer sind die Freidenker und was wollen sie?\u201c (beschlossen 1994) \u2013 Satzung des Deutschen Freidenker-Verbandes (beschlossen 1991, zuletzt ge\u00e4ndert 2003)","rel":"","context":"In &quot;Verbandsorgan FREIDENKER&quot;","block_context":{"text":"Verbandsorgan FREIDENKER","link":"https:\/\/www.freidenker.org\/?cat=8"},"img":{"alt_text":"","src":"https:\/\/i0.wp.com\/www.freidenker.org\/fw17\/wp-content\/uploads\/2009\/11\/FD_2009-03_Titel_mR.jpg?fit=800%2C445&ssl=1&resize=350%2C200","width":350,"height":200,"srcset":"https:\/\/i0.wp.com\/www.freidenker.org\/fw17\/wp-content\/uploads\/2009\/11\/FD_2009-03_Titel_mR.jpg?fit=800%2C445&ssl=1&resize=350%2C200 1x, https:\/\/i0.wp.com\/www.freidenker.org\/fw17\/wp-content\/uploads\/2009\/11\/FD_2009-03_Titel_mR.jpg?fit=800%2C445&ssl=1&resize=525%2C300 1.5x, https:\/\/i0.wp.com\/www.freidenker.org\/fw17\/wp-content\/uploads\/2009\/11\/FD_2009-03_Titel_mR.jpg?fit=800%2C445&ssl=1&resize=700%2C400 2x"},"classes":[]},{"id":452,"url":"https:\/\/www.freidenker.org\/?p=452","url_meta":{"origin":456,"position":2},"title":"Freidenker-Verbandstag 2012 in N\u00fcrnberg","author":"Webmaster","date":"4. Juni 2012","format":false,"excerpt":"Am 2. und 3. Juni 2012 kamen die Delegierten der Landesverb\u00e4nde des Deutschen Freidenker-Verbandes (DFV) zu ihrem Verbandstag in N\u00fcrnberg zusammen, dem h\u00f6chsten Gremium der sich als Weltanschauungsgemeinschaft, Interessenvertretung konfessionsfreier Menschen und Kulturorganisation verstehenden Organisation. Der Kongress betonte die Notwendigkeit, der herrschenden Politik zur Zerst\u00f6rung von Humanit\u00e4t und Vernunft mit\u2026","rel":"","context":"In &quot;Positionen&quot;","block_context":{"text":"Positionen","link":"https:\/\/www.freidenker.org\/?cat=210"},"img":{"alt_text":"","src":"https:\/\/i0.wp.com\/www.freidenker.org\/fw17\/wp-content\/uploads\/2016\/08\/Verbandstag_2012.jpg?fit=800%2C445&ssl=1&resize=350%2C200","width":350,"height":200,"srcset":"https:\/\/i0.wp.com\/www.freidenker.org\/fw17\/wp-content\/uploads\/2016\/08\/Verbandstag_2012.jpg?fit=800%2C445&ssl=1&resize=350%2C200 1x, https:\/\/i0.wp.com\/www.freidenker.org\/fw17\/wp-content\/uploads\/2016\/08\/Verbandstag_2012.jpg?fit=800%2C445&ssl=1&resize=525%2C300 1.5x, https:\/\/i0.wp.com\/www.freidenker.org\/fw17\/wp-content\/uploads\/2016\/08\/Verbandstag_2012.jpg?fit=800%2C445&ssl=1&resize=700%2C400 2x"},"classes":[]},{"id":3239,"url":"https:\/\/www.freidenker.org\/?p=3239","url_meta":{"origin":456,"position":3},"title":"Aufkl\u00e4rung gegen Krise und Volksverdummung","author":"Webredaktion","date":"26. Mai 2009","format":false,"excerpt":"Presseberichte von jW und RedGlobe zum Verbandstag des Deutschen Freidenker-Verbandes am 22.\/23. Mai 2009 Am Wochenende trafen sich die Delegierten der Landesverb\u00e4nde des Deutschen Freidenker-Verbandes zu ihrem alle drei Jahre stattfindenden Verbandstag in Berlin. Die Versammlung bekr\u00e4ftigte, da\u00df die Freidenker in der Aufkl\u00e4rung die Hauptaufgabe ihrer weltanschaulichen T\u00e4tigkeit sehen. Allerdings\u2026","rel":"","context":"In &quot;Zentrale Veranstaltungen&quot;","block_context":{"text":"Zentrale Veranstaltungen","link":"https:\/\/www.freidenker.org\/?cat=20"},"img":{"alt_text":"","src":"https:\/\/i0.wp.com\/www.freidenker.org\/fw17\/wp-content\/uploads\/2009\/05\/vt_2009_vorstand.jpg?fit=800%2C445&ssl=1&resize=350%2C200","width":350,"height":200,"srcset":"https:\/\/i0.wp.com\/www.freidenker.org\/fw17\/wp-content\/uploads\/2009\/05\/vt_2009_vorstand.jpg?fit=800%2C445&ssl=1&resize=350%2C200 1x, https:\/\/i0.wp.com\/www.freidenker.org\/fw17\/wp-content\/uploads\/2009\/05\/vt_2009_vorstand.jpg?fit=800%2C445&ssl=1&resize=525%2C300 1.5x, https:\/\/i0.wp.com\/www.freidenker.org\/fw17\/wp-content\/uploads\/2009\/05\/vt_2009_vorstand.jpg?fit=800%2C445&ssl=1&resize=700%2C400 2x"},"classes":[]},{"id":3241,"url":"https:\/\/www.freidenker.org\/?p=3241","url_meta":{"origin":456,"position":4},"title":"Erkl\u00e4rung des Verbandtages 2009","author":"Webredaktion","date":"26. Mai 2009","format":false,"excerpt":"Bericht der jungen Welt \u00fcber den Verbandstag 2009 des DFV Am Wochenende tagte in Berlin der Verbandstag des Deutschen Freidenkerverbandes. Er beschlo\u00df am Freitag folgende Erkl\u00e4rung: \"Wir betrachten Aufkl\u00e4rung als die Hauptaufgabe unserer weltanschaulichen T\u00e4tigkeit. Unsere programmatische Erkl\u00e4rung von 1994 formulierte die angesichts der Wirtschaftskrise h\u00f6chst aktuelle Aussage: \u00bbFreidenkerinnen und\u2026","rel":"","context":"In &quot;Positionen&quot;","block_context":{"text":"Positionen","link":"https:\/\/www.freidenker.org\/?cat=210"},"img":{"alt_text":"","src":"https:\/\/i0.wp.com\/www.freidenker.org\/fw17\/wp-content\/uploads\/2009\/05\/vt_2009_delegierte.jpg?fit=800%2C445&ssl=1&resize=350%2C200","width":350,"height":200,"srcset":"https:\/\/i0.wp.com\/www.freidenker.org\/fw17\/wp-content\/uploads\/2009\/05\/vt_2009_delegierte.jpg?fit=800%2C445&ssl=1&resize=350%2C200 1x, https:\/\/i0.wp.com\/www.freidenker.org\/fw17\/wp-content\/uploads\/2009\/05\/vt_2009_delegierte.jpg?fit=800%2C445&ssl=1&resize=525%2C300 1.5x, https:\/\/i0.wp.com\/www.freidenker.org\/fw17\/wp-content\/uploads\/2009\/05\/vt_2009_delegierte.jpg?fit=800%2C445&ssl=1&resize=700%2C400 2x"},"classes":[]},{"id":6231,"url":"https:\/\/www.freidenker.org\/?p=6231","url_meta":{"origin":456,"position":5},"title":"Wir trauern um Horst Schild","author":"Webredaktion","date":"16. April 2019","format":false,"excerpt":"Wir trauern um Dr. phil. habil. Horst Schild (7. Dezember 1940 \u2013 7. April 2019) Horst war Gr\u00fcndungsmitglied des Verbandes der Freidenker der DDR und gestaltete die beim Verbandstag 1991 in Braunschweig vollzogene Vereinigung zu einem gemeinsamen Deutschen Freidenker-Verband aktiv mit. Seitdem war er ununterbrochen f\u00fcr die Freidenker in Dresden\u2026","rel":"","context":"In &quot;Weltliche Trauerkultur&quot;","block_context":{"text":"Weltliche Trauerkultur","link":"https:\/\/www.freidenker.org\/?cat=17"},"img":{"alt_text":"","src":"https:\/\/i0.wp.com\/www.freidenker.org\/fw17\/wp-content\/uploads\/2019\/04\/horst_schild_nachruf_800x445.jpg?fit=800%2C445&ssl=1&resize=350%2C200","width":350,"height":200,"srcset":"https:\/\/i0.wp.com\/www.freidenker.org\/fw17\/wp-content\/uploads\/2019\/04\/horst_schild_nachruf_800x445.jpg?fit=800%2C445&ssl=1&resize=350%2C200 1x, https:\/\/i0.wp.com\/www.freidenker.org\/fw17\/wp-content\/uploads\/2019\/04\/horst_schild_nachruf_800x445.jpg?fit=800%2C445&ssl=1&resize=525%2C300 1.5x, https:\/\/i0.wp.com\/www.freidenker.org\/fw17\/wp-content\/uploads\/2019\/04\/horst_schild_nachruf_800x445.jpg?fit=800%2C445&ssl=1&resize=700%2C400 2x"},"classes":[]}],"_links":{"self":[{"href":"https:\/\/www.freidenker.org\/index.php?rest_route=\/wp\/v2\/posts\/456","targetHints":{"allow":["GET"]}}],"collection":[{"href":"https:\/\/www.freidenker.org\/index.php?rest_route=\/wp\/v2\/posts"}],"about":[{"href":"https:\/\/www.freidenker.org\/index.php?rest_route=\/wp\/v2\/types\/post"}],"author":[{"embeddable":true,"href":"https:\/\/www.freidenker.org\/index.php?rest_route=\/wp\/v2\/users\/2"}],"replies":[{"embeddable":true,"href":"https:\/\/www.freidenker.org\/index.php?rest_route=%2Fwp%2Fv2%2Fcomments&post=456"}],"version-history":[{"count":0,"href":"https:\/\/www.freidenker.org\/index.php?rest_route=\/wp\/v2\/posts\/456\/revisions"}],"wp:featuredmedia":[{"embeddable":true,"href":"https:\/\/www.freidenker.org\/index.php?rest_route=\/wp\/v2\/media\/457"}],"wp:attachment":[{"href":"https:\/\/www.freidenker.org\/index.php?rest_route=%2Fwp%2Fv2%2Fmedia&parent=456"}],"wp:term":[{"taxonomy":"category","embeddable":true,"href":"https:\/\/www.freidenker.org\/index.php?rest_route=%2Fwp%2Fv2%2Fcategories&post=456"},{"taxonomy":"post_tag","embeddable":true,"href":"https:\/\/www.freidenker.org\/index.php?rest_route=%2Fwp%2Fv2%2Ftags&post=456"}],"curies":[{"name":"wp","href":"https:\/\/api.w.org\/{rel}","templated":true}]}}