{"id":4537,"date":"2018-02-17T02:49:06","date_gmt":"2018-02-17T01:49:06","guid":{"rendered":"http:\/\/www.freidenker.org\/?p=4537"},"modified":"2021-12-26T02:59:46","modified_gmt":"2021-12-26T01:59:46","slug":"lisa-fitz-ich-sehe-was-was-du-nicht-siehst","status":"publish","type":"post","link":"https:\/\/www.freidenker.org\/?p=4537","title":{"rendered":"Lisa Fitz: Ich sehe was, was Du nicht siehst"},"content":{"rendered":"<p>Die bekannte M\u00fcnchener Kabarettistin Lisa Fitz, Mitglied des Beirates des Deutschen Freidenker-Verbandes, hat auf YouTube ihr neues Lied &#8222;<em><strong>Ich sehe was, was Du nicht siehst<\/strong><\/em>&#8220; ver\u00f6ffentlicht:<\/p>\n<div class=\"jetpack-video-wrapper\"><span class=\"embed-youtube\" style=\"text-align:center; display: block;\"><iframe loading=\"lazy\" class=\"youtube-player\" width=\"800\" height=\"450\" src=\"https:\/\/www.youtube.com\/embed\/0tCNhdUqZJo?version=3&#038;rel=1&#038;showsearch=0&#038;showinfo=1&#038;iv_load_policy=1&#038;fs=1&#038;hl=de-DE&#038;autohide=2&#038;wmode=transparent\" allowfullscreen=\"true\" style=\"border:0;\" sandbox=\"allow-scripts allow-same-origin allow-popups allow-presentation allow-popups-to-escape-sandbox\"><\/iframe><\/span><\/div>\n<p>Das Lied ist Teil ihres neuen Programms &#8222;<em><strong>Fl\u00fcsterwitz<\/strong><\/em>&#8222;. Die Premiere wird am 27. April 2018 im <em>Schlachthof M\u00fcnchen<\/em> sein. Das Programm wird auf der Webseite ihrer Agentur wie folgt angek\u00fcndigt:<\/p>\n<p style=\"padding-left: 30px;\">Den Fl\u00fcsterwitz erz\u00e4hlt man hinter vorgehaltener Hand. Er k\u00f6nnte Menschen in H\u00f6rweite beleidigen, sensible Damenohren kr\u00e4nken oder so wahr sein, dass er Machthabern gef\u00e4hrlich wird. Eigentlich ist der Fl\u00fcsterwitz ein politischer Witz. Wenn man mit einem autorit\u00e4ren System haderte oder Repressalien bef\u00fcrchtete, erz\u00e4hlte man sich Fl\u00fcsterwitze. Sind wir in unserer demokratischen Diktatur der Parteien so weit? Wer nicht in die politische Stromlinienform passt, wird gern f\u00fcr verr\u00fcckt erkl\u00e4rt oder mit subtilen Methoden mundtot gemacht.<\/p>\n<p style=\"padding-left: 30px;\">Nun lebt ja der Spa\u00dfmacher von Respektlosigkeit, aber die Luft wird d\u00fcnn, weil Spott eben das beste Mittel ist, an den St\u00fchlen der Obrigkeit zu s\u00e4gen. Daf\u00fcr tobt der Infokrieg im Netz,politisch inkorrekt, unsauber, paranoid. Mainstream gegen Fake News, Trolls, aber auch echte Rarit\u00e4ten, die man im Fernsehen nie h\u00f6rt. \u201eHoffentlich wird es nicht so schlimm, wie es schon ist\u201c, hat der bayrische Komiker Karl Valentin gesagt. Das mulmige Gef\u00fchl w\u00e4chst, dass man sich nicht mehr ganz frei \u00e4u\u00dfern kann. \u201eDes derfst ja net laut sagen\u201c, h\u00f6rt man oft. Lautsagen ist aber wichtig \u2013 ma mua\u00df reden mitanand, Gemunkel aus dem Dunkeln ins Licht heben, so geht Diskussionskultur. In Bayern, bei den Katholiken, bei den Moslems, bei der Auto-Lobby und deren Helfershelfern. In Facebook und Twitter jedoch verschwinden systemkritische Bemerkungen auf mysteri\u00f6se Weise, Accounts werden gesperrt oder gel\u00f6scht. Political Correctness wird zu Meinungsdiktatur, Gesinnungspolizei bevormundet die B\u00fcrger, die kontern mit Panikmache. Emp\u00f6rialismus entgeistert die Republik.<\/p>\n<p style=\"padding-left: 30px;\"><i>Sei du selbst die Ver\u00e4nderung, die du dir w\u00fcnschst, hei\u00dft es so sch\u00f6n. <\/i><\/p>\n<p style=\"padding-left: 30px;\">(Quelle: <a href=\"http:\/\/www.heidrunabels.de\/kuenstler\/lisa-fitz\/programmuebersicht\/spaltpilz\/\" target=\"_blank\" rel=\"noopener\">http:\/\/www.heidrunabels.de\/kuenstler\/lisa-fitz\/programmuebersicht\/spaltpilz\/<\/a>)<\/p>\n<p>Weitere Informationen zu Lisa Fitz:<br \/>\n<a href=\"https:\/\/www.lisa-fitz.de\/\" target=\"_blank\" rel=\"noopener\">https:\/\/www.lisa-fitz.de\/<\/a><br \/>\n<a href=\"http:\/\/www.heidrunabels.de\/kuenstler\/lisa-fitz\/\" target=\"_blank\" rel=\"noopener\">http:\/\/www.heidrunabels.de\/kuenstler\/lisa-fitz\/<\/a><\/p>\n<p>&nbsp;<\/p>\n<hr \/>\n<p>Bild: Deutsches Kabarettarchiv (Screenshot aus Video <a href=\"https:\/\/youtu.be\/-aCHn12jRd0\" target=\"_blank\" rel=\"noopener\">https:\/\/youtu.be\/-aCHn12jRd0<\/a>)<\/p>\n","protected":false},"excerpt":{"rendered":"<p>Die bekannte M\u00fcnchener Kabarettistin Lisa Fitz, Mitglied des Beirates des Deutschen Freidenker-Verbandes, hat ihr neues Lied &#8222;Ich sehe was, was Du nicht siehst&#8220; ver\u00f6ffentlicht: Das Lied ist Teil ihres neuen Programms &#8222;Fl\u00fcsterwitz&#8220;.  &#8230;<br \/>\nDen Fl\u00fcsterwitz erz\u00e4hlt man hinter vorgehaltener Hand. Er k\u00f6nnte Menschen in H\u00f6rweite beleidigen, sensible Damenohren kr\u00e4nken oder so wahr sein, dass er Machthabern gef\u00e4hrlich wird. Eigentlich ist der Fl\u00fcsterwitz ein politischer Witz. Wenn man mit einem autorit\u00e4ren System haderte oder Repressalien bef\u00fcrchtete, erz\u00e4hlte man sich Fl\u00fcsterwitze. Sind wir in unserer demokratischen Diktatur der Parteien so weit? Wer nicht in die politische Stromlinienform passt, wird gern f\u00fcr verr\u00fcckt erkl\u00e4rt oder mit subtilen Methoden mundtot gemacht.<\/p>\n","protected":false},"author":3,"featured_media":4548,"comment_status":"closed","ping_status":"closed","sticky":false,"template":"","format":"standard","meta":{"colormag_page_container_layout":"default_layout","colormag_page_sidebar_layout":"default_layout","advanced_seo_description":"","jetpack_seo_html_title":"","jetpack_seo_noindex":false,"jetpack_post_was_ever_published":false,"footnotes":""},"categories":[12,913],"tags":[211,942,941,825],"class_list":["post-4537","post","type-post","status-publish","format-standard","has-post-thumbnail","hentry","category-demokratie-medien-aufklaerung","category-kultur-kunst","tag-aufklaerung","tag-kabarett","tag-lisa-fitz","tag-politisches-lied"],"jetpack_featured_media_url":"https:\/\/i0.wp.com\/www.freidenker.org\/fw17\/wp-content\/uploads\/2018\/02\/Lisa_Fitz_Fluesterwitz_1.jpg?fit=800%2C445&ssl=1","jetpack_shortlink":"https:\/\/wp.me\/p9stpK-1bb","jetpack-related-posts":[{"id":5993,"url":"https:\/\/www.freidenker.org\/?p=5993","url_meta":{"origin":4537,"position":0},"title":"Lisa Fitz: Tanz der Vampire","author":"Webredaktion","date":"6. M\u00e4rz 2019","format":false,"excerpt":"Neuer Song von Lisa Fitz anl\u00e4sslich der SiKO M\u00fcnchen. Im Bayrischen Hof tobt ein Maskenball von Vampiren, die unsichtbar sind. Die Spiegel im Saal reflektieren nicht mal, dabei sind sie doch l\u00e4ngst noch nicht blind. Ist alles vom Feinsten, gebohnert, gewischt, entwanzt und gesichert in Hast. Des Abends wird schlie\u00dflich\u2026","rel":"","context":"In &quot;Demokratie \u2013 Medien \u2013 Aufkl\u00e4rung&quot;","block_context":{"text":"Demokratie \u2013 Medien \u2013 Aufkl\u00e4rung","link":"https:\/\/www.freidenker.org\/?cat=12"},"img":{"alt_text":"","src":"https:\/\/i0.wp.com\/www.freidenker.org\/fw17\/wp-content\/uploads\/2019\/03\/Tanz_der_Vampire_800x445.jpg?fit=800%2C445&ssl=1&resize=350%2C200","width":350,"height":200,"srcset":"https:\/\/i0.wp.com\/www.freidenker.org\/fw17\/wp-content\/uploads\/2019\/03\/Tanz_der_Vampire_800x445.jpg?fit=800%2C445&ssl=1&resize=350%2C200 1x, https:\/\/i0.wp.com\/www.freidenker.org\/fw17\/wp-content\/uploads\/2019\/03\/Tanz_der_Vampire_800x445.jpg?fit=800%2C445&ssl=1&resize=525%2C300 1.5x, https:\/\/i0.wp.com\/www.freidenker.org\/fw17\/wp-content\/uploads\/2019\/03\/Tanz_der_Vampire_800x445.jpg?fit=800%2C445&ssl=1&resize=700%2C400 2x"},"classes":[]},{"id":11838,"url":"https:\/\/www.freidenker.org\/?p=11838","url_meta":{"origin":4537,"position":1},"title":"Ist das neutraler Journalismus?","author":"Webredaktion","date":"26. Dezember 2021","format":false,"excerpt":"Video von Lisa Fitz und Beitrag von Anton Gentzen Seit Tagen braust ein medialer Emp\u00f6rungssturm durchs Land - im Mittelpunkt der Angriffe: die Kabarettistin Lisa Fitz, Beiratsmitglied des Deutschen Freidenker-Verbandes.\u00a0Nachdem der SWR die gesamte Sendung \"Sp\u00e4tschicht\" vom 10.12.2021 aus der ARD Mediathek und seinem Video-Archiv bei YouTube entfernt hat, wurde\u2026","rel":"","context":"In &quot;Demokratie \u2013 Medien \u2013 Aufkl\u00e4rung&quot;","block_context":{"text":"Demokratie \u2013 Medien \u2013 Aufkl\u00e4rung","link":"https:\/\/www.freidenker.org\/?cat=12"},"img":{"alt_text":"","src":"https:\/\/i0.wp.com\/www.freidenker.org\/fw17\/wp-content\/uploads\/2021\/12\/Lisa_Fitz_Impfen_800x450.jpg?fit=800%2C450&ssl=1&resize=350%2C200","width":350,"height":200,"srcset":"https:\/\/i0.wp.com\/www.freidenker.org\/fw17\/wp-content\/uploads\/2021\/12\/Lisa_Fitz_Impfen_800x450.jpg?fit=800%2C450&ssl=1&resize=350%2C200 1x, https:\/\/i0.wp.com\/www.freidenker.org\/fw17\/wp-content\/uploads\/2021\/12\/Lisa_Fitz_Impfen_800x450.jpg?fit=800%2C450&ssl=1&resize=525%2C300 1.5x, https:\/\/i0.wp.com\/www.freidenker.org\/fw17\/wp-content\/uploads\/2021\/12\/Lisa_Fitz_Impfen_800x450.jpg?fit=800%2C450&ssl=1&resize=700%2C400 2x"},"classes":[]},{"id":15476,"url":"https:\/\/www.freidenker.org\/?p=15476","url_meta":{"origin":4537,"position":2},"title":"Lisa Fitz &#8211; Bin Ich Rechts??","author":"Webredaktion","date":"12. M\u00e4rz 2023","format":false,"excerpt":"Zweiteiliges Video von Lisa Fitz So, der Karneval ist vorbei, Gott sei Dank. Annalena hat den Faschingsdings gekriegt, wider den tierischen Ernst. Dass man den auch f\u00fcr unfreiwillige Komik bekommt, wusste ich nicht?! Aber\u2026 Mann, war ich erleichtert! Jetzt ist klar, dass sie den Krampf, den sie redet, gar nicht\u2026","rel":"","context":"In &quot;Demokratie \u2013 Medien \u2013 Aufkl\u00e4rung&quot;","block_context":{"text":"Demokratie \u2013 Medien \u2013 Aufkl\u00e4rung","link":"https:\/\/www.freidenker.org\/?cat=12"},"img":{"alt_text":"","src":"https:\/\/i0.wp.com\/www.freidenker.org\/fw17\/wp-content\/uploads\/2023\/03\/lisa_fitz_binichrechts_3_800x450.jpg?fit=800%2C450&ssl=1&resize=350%2C200","width":350,"height":200,"srcset":"https:\/\/i0.wp.com\/www.freidenker.org\/fw17\/wp-content\/uploads\/2023\/03\/lisa_fitz_binichrechts_3_800x450.jpg?fit=800%2C450&ssl=1&resize=350%2C200 1x, https:\/\/i0.wp.com\/www.freidenker.org\/fw17\/wp-content\/uploads\/2023\/03\/lisa_fitz_binichrechts_3_800x450.jpg?fit=800%2C450&ssl=1&resize=525%2C300 1.5x, https:\/\/i0.wp.com\/www.freidenker.org\/fw17\/wp-content\/uploads\/2023\/03\/lisa_fitz_binichrechts_3_800x450.jpg?fit=800%2C450&ssl=1&resize=700%2C400 2x"},"classes":[]},{"id":16833,"url":"https:\/\/www.freidenker.org\/?p=16833","url_meta":{"origin":4537,"position":3},"title":"Lisa Fitz \u2013 Die 10 Gebote der M\u00e4chtigen","author":"Webredaktion","date":"17. August 2023","format":false,"excerpt":"Video von Lisa Fitz Es gibt ja jetzt nur mehr zwei Lager, das nervt\u2026! Die, die Recht haben\u2026 und die, die Unrecht haben\u2026 also die andern immer. Etikette drauf\u2026 Flasche! Das hat ja schon Jean Paul Sartre gesagt: \u201eDie H\u00f6lle, das sind die anderen!\u201c Und es ist immer falsch, was\u2026","rel":"","context":"In &quot;Demokratie \u2013 Medien \u2013 Aufkl\u00e4rung&quot;","block_context":{"text":"Demokratie \u2013 Medien \u2013 Aufkl\u00e4rung","link":"https:\/\/www.freidenker.org\/?cat=12"},"img":{"alt_text":"","src":"https:\/\/i0.wp.com\/www.freidenker.org\/fw17\/wp-content\/uploads\/2023\/08\/LisaFitz_10-Gebote_800x450.jpg?fit=800%2C450&ssl=1&resize=350%2C200","width":350,"height":200,"srcset":"https:\/\/i0.wp.com\/www.freidenker.org\/fw17\/wp-content\/uploads\/2023\/08\/LisaFitz_10-Gebote_800x450.jpg?fit=800%2C450&ssl=1&resize=350%2C200 1x, https:\/\/i0.wp.com\/www.freidenker.org\/fw17\/wp-content\/uploads\/2023\/08\/LisaFitz_10-Gebote_800x450.jpg?fit=800%2C450&ssl=1&resize=525%2C300 1.5x, https:\/\/i0.wp.com\/www.freidenker.org\/fw17\/wp-content\/uploads\/2023\/08\/LisaFitz_10-Gebote_800x450.jpg?fit=800%2C450&ssl=1&resize=700%2C400 2x"},"classes":[]},{"id":24132,"url":"https:\/\/www.freidenker.org\/?p=24132","url_meta":{"origin":4537,"position":4},"title":"Lisa Fitz \u2013 Dammbruch &#038; Haarrisse (Neujahrsrede)","author":"Webredaktion","date":"6. Januar 2026","format":false,"excerpt":"Video von Lisa Fitz Neues Jahr. Neue Hoffnung. Oder zumindest der Wunsch danach. Viele Menschen waren oder sind unzufrieden, unzufrieden mit der aktuellen Lage. Die restlichen arbeiten im Ministerium \u2013 oder haben WLAN-Probleme. Oder es sind einfach Berufsignoranten, weil das fr\u00f6hlicher macht, wenn einem was wurscht ist. Noch mehr sind\u2026","rel":"","context":"In &quot;Kultur &amp; Kunst&quot;","block_context":{"text":"Kultur &amp; Kunst","link":"https:\/\/www.freidenker.org\/?cat=913"},"img":{"alt_text":"","src":"https:\/\/i0.wp.com\/www.freidenker.org\/fw17\/wp-content\/uploads\/2026\/01\/Lisa_Fitz_Dammbruch_800x450.jpg?fit=800%2C450&ssl=1&resize=350%2C200","width":350,"height":200,"srcset":"https:\/\/i0.wp.com\/www.freidenker.org\/fw17\/wp-content\/uploads\/2026\/01\/Lisa_Fitz_Dammbruch_800x450.jpg?fit=800%2C450&ssl=1&resize=350%2C200 1x, https:\/\/i0.wp.com\/www.freidenker.org\/fw17\/wp-content\/uploads\/2026\/01\/Lisa_Fitz_Dammbruch_800x450.jpg?fit=800%2C450&ssl=1&resize=525%2C300 1.5x, https:\/\/i0.wp.com\/www.freidenker.org\/fw17\/wp-content\/uploads\/2026\/01\/Lisa_Fitz_Dammbruch_800x450.jpg?fit=800%2C450&ssl=1&resize=700%2C400 2x"},"classes":[]},{"id":11992,"url":"https:\/\/www.freidenker.org\/?p=11992","url_meta":{"origin":4537,"position":5},"title":"Solidarit\u00e4t mit Lisa Fitz","author":"Webredaktion","date":"14. Januar 2022","format":false,"excerpt":"Beitrag von Klaus Hartmann Ein Monat nach Lisas \u201eskandalumwitterten\u201c Auftritt in der Kabarett-Sendung \u201eSp\u00e4tschicht\u201c des SWR-Fernsehens am 10.12.2021 soll der danach anschwellende Sturm der Emp\u00f6rung in den \u201eQualit\u00e4tsmedien\u201c besichtigt werden. Nach dem gnadenlosen Eindreschen auf die Kabarettistin zu urteilen, hat sich Lisa Fitz eines schweren Vergehens schuldig gemacht. Das soll\u2026","rel":"","context":"In &quot;Zeit der Verleumder - Freidenker f\u00fcr Klartext&quot;","block_context":{"text":"Zeit der Verleumder - Freidenker f\u00fcr Klartext","link":"https:\/\/www.freidenker.org\/?cat=937"},"img":{"alt_text":"","src":"https:\/\/i0.wp.com\/www.freidenker.org\/fw17\/wp-content\/uploads\/2022\/01\/klartext_lisa_fitz.jpg?fit=800%2C450&ssl=1&resize=350%2C200","width":350,"height":200,"srcset":"https:\/\/i0.wp.com\/www.freidenker.org\/fw17\/wp-content\/uploads\/2022\/01\/klartext_lisa_fitz.jpg?fit=800%2C450&ssl=1&resize=350%2C200 1x, https:\/\/i0.wp.com\/www.freidenker.org\/fw17\/wp-content\/uploads\/2022\/01\/klartext_lisa_fitz.jpg?fit=800%2C450&ssl=1&resize=525%2C300 1.5x, https:\/\/i0.wp.com\/www.freidenker.org\/fw17\/wp-content\/uploads\/2022\/01\/klartext_lisa_fitz.jpg?fit=800%2C450&ssl=1&resize=700%2C400 2x"},"classes":[]}],"_links":{"self":[{"href":"https:\/\/www.freidenker.org\/index.php?rest_route=\/wp\/v2\/posts\/4537","targetHints":{"allow":["GET"]}}],"collection":[{"href":"https:\/\/www.freidenker.org\/index.php?rest_route=\/wp\/v2\/posts"}],"about":[{"href":"https:\/\/www.freidenker.org\/index.php?rest_route=\/wp\/v2\/types\/post"}],"author":[{"embeddable":true,"href":"https:\/\/www.freidenker.org\/index.php?rest_route=\/wp\/v2\/users\/3"}],"replies":[{"embeddable":true,"href":"https:\/\/www.freidenker.org\/index.php?rest_route=%2Fwp%2Fv2%2Fcomments&post=4537"}],"version-history":[{"count":0,"href":"https:\/\/www.freidenker.org\/index.php?rest_route=\/wp\/v2\/posts\/4537\/revisions"}],"wp:featuredmedia":[{"embeddable":true,"href":"https:\/\/www.freidenker.org\/index.php?rest_route=\/wp\/v2\/media\/4548"}],"wp:attachment":[{"href":"https:\/\/www.freidenker.org\/index.php?rest_route=%2Fwp%2Fv2%2Fmedia&parent=4537"}],"wp:term":[{"taxonomy":"category","embeddable":true,"href":"https:\/\/www.freidenker.org\/index.php?rest_route=%2Fwp%2Fv2%2Fcategories&post=4537"},{"taxonomy":"post_tag","embeddable":true,"href":"https:\/\/www.freidenker.org\/index.php?rest_route=%2Fwp%2Fv2%2Ftags&post=4537"}],"curies":[{"name":"wp","href":"https:\/\/api.w.org\/{rel}","templated":true}]}}