{"id":452,"date":"2012-06-04T17:28:56","date_gmt":"2012-06-04T15:28:56","guid":{"rendered":"http:\/\/www.freidenker.org\/fw17\/?p=452"},"modified":"2018-02-18T17:38:55","modified_gmt":"2018-02-18T16:38:55","slug":"freidenker-verbandstag-2012-in-nuernberg-2","status":"publish","type":"post","link":"https:\/\/www.freidenker.org\/?p=452","title":{"rendered":"Freidenker-Verbandstag 2012 in N\u00fcrnberg"},"content":{"rendered":"<h2>F\u00fcr eine Kultur des realen Humanismus und der Vernunft<\/h2>\n<p>Am 2. und 3. Juni 2012 kamen die Delegierten der Landesverb\u00e4nde des Deutschen Freidenker-Verbandes (DFV) zu ihrem Verbandstag in N\u00fcrnberg zusammen, dem h\u00f6chsten Gremium der sich als Weltanschauungsgemeinschaft, Interessenvertretung konfessionsfreier Menschen und Kulturorganisation verstehenden Organisation. Der Kongress betonte die Notwendigkeit, der herrschenden Politik zur Zerst\u00f6rung von Humanit\u00e4t und Vernunft mit weltanschaulicher Aufkl\u00e4rung entgegenzutreten. Die Freidenker folgen dabei der von Karl Marx formulierten Aufgabe einer \u00bbPhilosophie im Dienste der Geschichte\u00ab, \u00bbnachdem die Heiligengestalt der menschlichen Selbstentfremdung entlarvt ist, die Selbstentfremdung in ihren unheiligen Gestalten zu entlarven\u00ab.<\/p>\n<p>Die Krise des Kapitalismus verursache nicht nur \u00f6konomische und soziale Verw\u00fcstungen, sondern bewirke weltanschaulich wachsenden Irrationalismus und kulturell eine breite Entzivilisierung, so der DFV. Dazu z\u00e4hle, Besch\u00e4ftigte und Erwerbslose mit nationalistischen Parolen in Deutschland und Griechenland, Frankreich und Portugal oder in anderen L\u00e4ndern gegeneinander aufzuhetzen. Daf\u00fcr stehe weiter die Tendenz, soziale Gruppen nach Ma\u00dfst\u00e4ben kapitalistischer N\u00fctzlichkeit, Verwertbarkeit und Effizienz zu sortieren bzw. \u00bbNutzlose\u00ab und \u00bbIneffiziente\u00ab auszusortieren. \u00bbEine Gesellschaft mit solchen Chefideologen braucht keine Nazis mehr\u00ab, stellte der Verbandsvorsitzende Klaus Hartmann in seinem Bericht fest.<\/p>\n<p><img data-recalc-dims=\"1\" loading=\"lazy\" decoding=\"async\" data-attachment-id=\"465\" data-permalink=\"https:\/\/www.freidenker.org\/?attachment_id=465\" data-orig-file=\"https:\/\/i0.wp.com\/www.freidenker.org\/fw17\/wp-content\/uploads\/2016\/08\/freidenker_gross.jpg?fit=500%2C282&amp;ssl=1\" data-orig-size=\"500,282\" data-comments-opened=\"0\" data-image-meta=\"{&quot;aperture&quot;:&quot;0&quot;,&quot;credit&quot;:&quot;&quot;,&quot;camera&quot;:&quot;&quot;,&quot;caption&quot;:&quot;&quot;,&quot;created_timestamp&quot;:&quot;0&quot;,&quot;copyright&quot;:&quot;&quot;,&quot;focal_length&quot;:&quot;0&quot;,&quot;iso&quot;:&quot;0&quot;,&quot;shutter_speed&quot;:&quot;0&quot;,&quot;title&quot;:&quot;&quot;,&quot;orientation&quot;:&quot;0&quot;}\" data-image-title=\"freidenker_gross\" data-image-description=\"\" data-image-caption=\"\" data-large-file=\"https:\/\/i0.wp.com\/www.freidenker.org\/fw17\/wp-content\/uploads\/2016\/08\/freidenker_gross.jpg?fit=500%2C282&amp;ssl=1\" class=\"alignleft size-full wp-image-465\" src=\"https:\/\/i0.wp.com\/www.freidenker.org\/fw17\/wp-content\/uploads\/2016\/08\/freidenker_gross.jpg?resize=500%2C282&#038;ssl=1\" alt=\"freidenker_gross\" width=\"500\" height=\"282\" srcset=\"https:\/\/i0.wp.com\/www.freidenker.org\/fw17\/wp-content\/uploads\/2016\/08\/freidenker_gross.jpg?w=500&amp;ssl=1 500w, https:\/\/i0.wp.com\/www.freidenker.org\/fw17\/wp-content\/uploads\/2016\/08\/freidenker_gross.jpg?resize=300%2C169&amp;ssl=1 300w\" sizes=\"auto, (max-width: 500px) 100vw, 500px\" \/>Freidenker verzichten nicht auf Kirchen- und Religionskritik, betreiben sie aber nicht als Selbstzweck wie die \u00bbkleinb\u00fcrgerlichen Atheisten, die sich als \u201aunpolitisch\u2018 missverstehen\u00ab, sondern um die Hilfsdienste kirchlicher Institutionen f\u00fcr den Imperialismus zu erhellen. Man komme zwar nicht umhin, \u00fcber \u00bbGrotesken wie den Tanz um den \u201aHeiligen Rock\u2018 in Trier\u00ab den Kopf zu sch\u00fctteln, aber bedeutender seien die \u00bbkriminellen Machenschaften der Vatikanbank im Geflecht von Faschismus, NATO-Untergrundarmee Gladio und der Mafia\u00ab. Der Verbandstag wies darauf hin, dass die Pius XI.-Enzyklika von 1937 \u00bb\u00dcber den gottlosen Kommunismus\u00ab ihren 75. Geburtstag feiert, und die Besch\u00e4ftigung mit ihr in Zeiten der fortgesetzten Delegitimierung der DDR und Verteufelung aller sozialistischen Ideen von gr\u00f6\u00dfter Aktualit\u00e4t ist.<\/p>\n<p>In der mehrst\u00fcndigen, streitbaren Diskussion mit 35 Beitr\u00e4gen spielten Fragen der Mobilisierung gegen die imperialistischen Kriege sowie die Meinungsverschiedenheiten in Teilen der Friedensbewegung dar\u00fcber eine wichtige Rolle. \u00bbRegime\u00ab, \u00bbDiktator\u00ab, \u00bbMachthaber\u00ab seien Codew\u00f6rter zur D\u00e4monisierung der Opfer des n\u00e4chsten v\u00f6lkerrechtswidrigen Angriffskrieges. \u00dcber die Systeme angegriffener L\u00e4nder k\u00f6nne in Seminaren diskutiert werden, aber in der Stunde, in der die Bomben fallen, sei die unbedingte Solidarit\u00e4t mit dem Angegriffenen angesagt. Die Freidenker verlangen nicht die \u00dcbernahme ihrer Sicht durch andere, aber sie wehren sich gegen Ausgrenzungsversuche. Sie betrachten es als diffamierende Unterstellung, sie w\u00fcrden der Losung \u00bbder Feind meines Feindes ist mein Freund\u00ab huldigen. \u00bbDas ist eine demogische Killerphrase\u00ab,, so Klaus Hartmann. \u00bbWer sie zuerst ruft, hat gewonnen. Damit kann jedwede internationale Solidarit\u00e4t, von Vietnam bis Cuba, von Jugoslawien bis Venezuela, und aktuell mit Libyen, Syrien und dem Iran diffamiert werden.\u00ab<\/p>\n<p>Der Verbandstag beschloss ein Hauptdokument mit dem Titel \u00bbDie Richtigstellung der Begriffe\u00ab, das die Frage aufwirft, \u00bbwie lange die Herrschenden noch in der Lage sind, die Menschen dazu zu bringen, ihrer eigenen Disziplinierung, Ausbeutung und Unterdr\u00fcckung freiwillig zuzustimmen\u00ab. Begriffe wie Internationalismus, Menschenrechte, V\u00f6lkerrecht, Demokratie, Zivilgesellschaft und sozialistisches Erbe beinhalten hohe zivilisatorische Standards und reflektieren Errungenschaften und Ziele der Menschheitsentwicklung. Im Kampf gegen die Verf\u00e4lschung solcher politischen Grundbegriffe und f\u00fcr die Wiederherstellung ihrer Bedeutung werde der Kampf um die geistige Vorherrschaft in der Gesellschaft ausgetragen, \u00bbhier findet der eigentliche Kampf der Kulturen statt, der Kampf zwischen der Kultur der Herrschenden und der Kultur der Beherrschten\u00ab.<\/p>\n<p>Die Delegierten billigten mit einstimmigem Beschluss zur Entlastung des Vorstands dessen Arbeit und inhaltliche Positionen. Der Bundesvorsitzende Klaus Hartmann wurde einstimmig wiedergew\u00e4hlt, ebenso sein Stellvertreter Eberhard Schinck. Dem siebenk\u00f6pfigen Gesch\u00e4ftsf\u00fchrenden Verbandsvorstand geh\u00f6ren weiterhin Angelika Scheer (Schriftf\u00fchrung), Karin Mittelst\u00e4dt (Kassierung), Monique Broquard (Redaktion) und Ralf Lux (Interessenvertretung Konfessionsfreier) an sowie neu Daniel Bratanovic, zust\u00e4ndig f\u00fcr die Bildungsarbeit.<\/p>\n<hr \/>\n<p>Bild: firstmediabase.com, FMB Web- &amp; Grafikdesign<br \/>\nDeligiertenmappe Verbandstag Deutscher Freidenker-Verband 2012<\/p>\n","protected":false},"excerpt":{"rendered":"<p>Am 2. und 3. Juni 2012 kamen die Delegierten der Landesverb\u00e4nde des Deutschen Freidenker-Verbandes (DFV) zu ihrem Verbandstag in N\u00fcrnberg zusammen, dem h\u00f6chsten Gremium der sich als Weltanschauungsgemeinschaft, Interessenvertretung konfessionsfreier Menschen und Kulturorganisation verstehenden Organisation. Der Kongress betonte die Notwendigkeit, der herrschenden Politik zur Zerst\u00f6rung von Humanit\u00e4t und Vernunft mit weltanschaulicher Aufkl\u00e4rung entgegenzutreten. Die Freidenker folgen dabei der von Karl Marx formulierten Aufgabe einer \u00bbPhilosophie im Dienste der Geschichte\u00ab, \u00bbnachdem die Heiligengestalt der menschlichen Selbstentfremdung entlarvt ist, die Selbstentfremdung in ihren unheiligen Gestalten zu entlarven\u00ab.<\/p>\n","protected":false},"author":2,"featured_media":454,"comment_status":"closed","ping_status":"closed","sticky":false,"template":"","format":"standard","meta":{"colormag_page_container_layout":"default_layout","colormag_page_sidebar_layout":"default_layout","advanced_seo_description":"","jetpack_seo_html_title":"","jetpack_seo_noindex":false,"jetpack_post_was_ever_published":false,"footnotes":""},"categories":[210,20],"tags":[217,27,216,506,218,410],"class_list":["post-452","post","type-post","status-publish","format-standard","has-post-thumbnail","hentry","category-positionen","category-zentrale-veranstaltungen","tag-ausbeutung","tag-deutscher-freidenker-verband","tag-krise-des-kapitalismus","tag-nuernberg","tag-unterdrueckung","tag-verbandstag"],"jetpack_featured_media_url":"https:\/\/i0.wp.com\/www.freidenker.org\/fw17\/wp-content\/uploads\/2016\/08\/Verbandstag_2012.jpg?fit=800%2C445&ssl=1","jetpack_shortlink":"https:\/\/wp.me\/p9stpK-7i","jetpack-related-posts":[{"id":768,"url":"https:\/\/www.freidenker.org\/?p=768","url_meta":{"origin":452,"position":0},"title":"FREIDENKER 4-12 EXTRA &#8211; Aufgaben der Aufkl\u00e4rung: &#8222;Die Richtigstellung der Begriffe&#8220;","author":"Webmaster","date":"16. Dezember 2012","format":false,"excerpt":"Die Ausgabe 4-12 des Verbandsorgans FREIDENKER beinhaltet aktuelle grundlegende Dokumente des Deutschen Freidenker-Verbandes: - Aufgaben der Aufkl\u00e4rung: \u201eDie Richtigstellung der Begriffe\u201c (beschlossen 2012) - Gegen Volksverdummung und die Zerst\u00f6rung der Vernunft \u2013 F\u00fcr Aufkl\u00e4rung! (beschlossen 2009) - Berliner Erkl\u00e4rung: \u201eWer sind die Freidenker und was wollen sie?\u201c (beschlossen 1994) -\u2026","rel":"","context":"In &quot;Verbandsorgan FREIDENKER&quot;","block_context":{"text":"Verbandsorgan FREIDENKER","link":"https:\/\/www.freidenker.org\/?cat=8"},"img":{"alt_text":"","src":"https:\/\/i0.wp.com\/www.freidenker.org\/fw17\/wp-content\/uploads\/2017\/12\/FD_2012-04_Titel_mR.jpg?fit=800%2C445&ssl=1&resize=350%2C200","width":350,"height":200,"srcset":"https:\/\/i0.wp.com\/www.freidenker.org\/fw17\/wp-content\/uploads\/2017\/12\/FD_2012-04_Titel_mR.jpg?fit=800%2C445&ssl=1&resize=350%2C200 1x, https:\/\/i0.wp.com\/www.freidenker.org\/fw17\/wp-content\/uploads\/2017\/12\/FD_2012-04_Titel_mR.jpg?fit=800%2C445&ssl=1&resize=525%2C300 1.5x, https:\/\/i0.wp.com\/www.freidenker.org\/fw17\/wp-content\/uploads\/2017\/12\/FD_2012-04_Titel_mR.jpg?fit=800%2C445&ssl=1&resize=700%2C400 2x"},"classes":[]},{"id":720,"url":"https:\/\/www.freidenker.org\/?p=720","url_meta":{"origin":452,"position":1},"title":"FREIDENKER 3-09 Sonderheft &#8211; Gegen Volksverdummung und die Zerst\u00f6rung der Vernunft &#8211; F\u00fcr Aufkl\u00e4rung!","author":"Webmaster","date":"16. November 2009","format":false,"excerpt":"Das Sonderheft 3-09 des Verbandsorgans FREIDENKER beinhaltet aktuelle grundlegende Dokumente des Deutschen Freidenker-Verbandes: \u2013 Gegen Volksverdummung und die Zerst\u00f6rung der Vernunft \u2013 F\u00fcr Aufkl\u00e4rung! (beschlossen 2009) \u2013 Berliner Erkl\u00e4rung: \u201eWer sind die Freidenker und was wollen sie?\u201c (beschlossen 1994) \u2013 Satzung des Deutschen Freidenker-Verbandes (beschlossen 1991, zuletzt ge\u00e4ndert 2003)","rel":"","context":"In &quot;Verbandsorgan FREIDENKER&quot;","block_context":{"text":"Verbandsorgan FREIDENKER","link":"https:\/\/www.freidenker.org\/?cat=8"},"img":{"alt_text":"","src":"https:\/\/i0.wp.com\/www.freidenker.org\/fw17\/wp-content\/uploads\/2009\/11\/FD_2009-03_Titel_mR.jpg?fit=800%2C445&ssl=1&resize=350%2C200","width":350,"height":200,"srcset":"https:\/\/i0.wp.com\/www.freidenker.org\/fw17\/wp-content\/uploads\/2009\/11\/FD_2009-03_Titel_mR.jpg?fit=800%2C445&ssl=1&resize=350%2C200 1x, https:\/\/i0.wp.com\/www.freidenker.org\/fw17\/wp-content\/uploads\/2009\/11\/FD_2009-03_Titel_mR.jpg?fit=800%2C445&ssl=1&resize=525%2C300 1.5x, https:\/\/i0.wp.com\/www.freidenker.org\/fw17\/wp-content\/uploads\/2009\/11\/FD_2009-03_Titel_mR.jpg?fit=800%2C445&ssl=1&resize=700%2C400 2x"},"classes":[]},{"id":448,"url":"https:\/\/www.freidenker.org\/?p=448","url_meta":{"origin":452,"position":2},"title":"Aufgaben der Aufkl\u00e4rung: Die Richtigstellung der Begriffe\u201c","author":"Webmaster","date":"16. Dezember 2012","format":false,"excerpt":"Beschluss des Verbandsvorstandes vom 27.\/28. Oktober 2012. Auszug: \"Der Deutsche Freidenker-Verband sieht das Ziel der historischen Aufkl\u00e4rungsbewegung, die Durchsetzung der Vernunft im geistigen und wissenschaftlichen Leben, f\u00fcr nicht erreicht an, und daher in der Fortsetzung der Aufkl\u00e4rung eine zentrale Aufgabe. ... In Gesellschaft, Staat und Politik sind auch heute \u201amoderne\u2019\u2026","rel":"","context":"In &quot;Positionen&quot;","block_context":{"text":"Positionen","link":"https:\/\/www.freidenker.org\/?cat=210"},"img":{"alt_text":"","src":"https:\/\/i0.wp.com\/www.freidenker.org\/fw17\/wp-content\/uploads\/2016\/08\/Denkerkopf_01.jpg?fit=800%2C445&ssl=1&resize=350%2C200","width":350,"height":200,"srcset":"https:\/\/i0.wp.com\/www.freidenker.org\/fw17\/wp-content\/uploads\/2016\/08\/Denkerkopf_01.jpg?fit=800%2C445&ssl=1&resize=350%2C200 1x, https:\/\/i0.wp.com\/www.freidenker.org\/fw17\/wp-content\/uploads\/2016\/08\/Denkerkopf_01.jpg?fit=800%2C445&ssl=1&resize=525%2C300 1.5x, https:\/\/i0.wp.com\/www.freidenker.org\/fw17\/wp-content\/uploads\/2016\/08\/Denkerkopf_01.jpg?fit=800%2C445&ssl=1&resize=700%2C400 2x"},"classes":[]},{"id":3239,"url":"https:\/\/www.freidenker.org\/?p=3239","url_meta":{"origin":452,"position":3},"title":"Aufkl\u00e4rung gegen Krise und Volksverdummung","author":"Webredaktion","date":"26. Mai 2009","format":false,"excerpt":"Presseberichte von jW und RedGlobe zum Verbandstag des Deutschen Freidenker-Verbandes am 22.\/23. Mai 2009 Am Wochenende trafen sich die Delegierten der Landesverb\u00e4nde des Deutschen Freidenker-Verbandes zu ihrem alle drei Jahre stattfindenden Verbandstag in Berlin. Die Versammlung bekr\u00e4ftigte, da\u00df die Freidenker in der Aufkl\u00e4rung die Hauptaufgabe ihrer weltanschaulichen T\u00e4tigkeit sehen. Allerdings\u2026","rel":"","context":"In &quot;Zentrale Veranstaltungen&quot;","block_context":{"text":"Zentrale Veranstaltungen","link":"https:\/\/www.freidenker.org\/?cat=20"},"img":{"alt_text":"","src":"https:\/\/i0.wp.com\/www.freidenker.org\/fw17\/wp-content\/uploads\/2009\/05\/vt_2009_vorstand.jpg?fit=800%2C445&ssl=1&resize=350%2C200","width":350,"height":200,"srcset":"https:\/\/i0.wp.com\/www.freidenker.org\/fw17\/wp-content\/uploads\/2009\/05\/vt_2009_vorstand.jpg?fit=800%2C445&ssl=1&resize=350%2C200 1x, https:\/\/i0.wp.com\/www.freidenker.org\/fw17\/wp-content\/uploads\/2009\/05\/vt_2009_vorstand.jpg?fit=800%2C445&ssl=1&resize=525%2C300 1.5x, https:\/\/i0.wp.com\/www.freidenker.org\/fw17\/wp-content\/uploads\/2009\/05\/vt_2009_vorstand.jpg?fit=800%2C445&ssl=1&resize=700%2C400 2x"},"classes":[]},{"id":758,"url":"https:\/\/www.freidenker.org\/?p=758","url_meta":{"origin":452,"position":4},"title":"FREIDENKER 2-12 &#8211; Unser Amerika","author":"Webmaster","date":"16. Juli 2012","format":false,"excerpt":"Die Ausgabe 2-12 des Verbandsorgans FREIDENKER hat das Schwerpunkt-Thema \u201eUnser Amerika\u201c und enth\u00e4lt u.a folgende Beitr\u00e4ge: - Andr\u00e9 Scheer: \"Unser Amerika\" - Tobias Baumann: ALBA und das Mitgliedsland Ecuador - Elke Zwinge-Makamizile: Zwei unterschiedliche Einstellungen zum Menschen - Fidel Castro Ruz: Wege, die in die Katastrophe f\u00fchren - Klaus Hartmann:\u2026","rel":"","context":"In &quot;Verbandsorgan FREIDENKER&quot;","block_context":{"text":"Verbandsorgan FREIDENKER","link":"https:\/\/www.freidenker.org\/?cat=8"},"img":{"alt_text":"","src":"https:\/\/i0.wp.com\/www.freidenker.org\/fw17\/wp-content\/uploads\/2017\/12\/FD_2012-02_Titel_mR.jpg?fit=800%2C445&ssl=1&resize=350%2C200","width":350,"height":200,"srcset":"https:\/\/i0.wp.com\/www.freidenker.org\/fw17\/wp-content\/uploads\/2017\/12\/FD_2012-02_Titel_mR.jpg?fit=800%2C445&ssl=1&resize=350%2C200 1x, https:\/\/i0.wp.com\/www.freidenker.org\/fw17\/wp-content\/uploads\/2017\/12\/FD_2012-02_Titel_mR.jpg?fit=800%2C445&ssl=1&resize=525%2C300 1.5x, https:\/\/i0.wp.com\/www.freidenker.org\/fw17\/wp-content\/uploads\/2017\/12\/FD_2012-02_Titel_mR.jpg?fit=800%2C445&ssl=1&resize=700%2C400 2x"},"classes":[]},{"id":1146,"url":"https:\/\/www.freidenker.org\/?p=1146","url_meta":{"origin":452,"position":5},"title":"Freidenker-Brief 3-2016: Freidenker-Verbandstag und KenFM-Interview mit Klaus Hartmann","author":"Webredaktion","date":"7. Juni 2016","format":false,"excerpt":"Der \"Freidenker-Brief\" gibt zun\u00e4chst die Presseerkl\u00e4rung zum Freidenker-Verbandstag wieder, und verweist auf ein Telefon-Interview von KenFM mit Klaus Hartmann, in dem der DFV-Bundesvorsitzende erl\u00e4utert, wer die Freidenker sind, woher sie kommen, wof\u00fcr die stehen, und wie sie in der Friedenbewegung aktiv sind. Klaus Hartmann vertritt darin die Auffassung, dass die\u2026","rel":"","context":"In &quot;Freidenker-Brief&quot;","block_context":{"text":"Freidenker-Brief","link":"https:\/\/www.freidenker.org\/?cat=341"},"img":{"alt_text":"","src":"https:\/\/i0.wp.com\/www.freidenker.org\/fw17\/wp-content\/uploads\/2016\/06\/news-1713669_800x445.jpg?fit=800%2C445&ssl=1&resize=350%2C200","width":350,"height":200,"srcset":"https:\/\/i0.wp.com\/www.freidenker.org\/fw17\/wp-content\/uploads\/2016\/06\/news-1713669_800x445.jpg?fit=800%2C445&ssl=1&resize=350%2C200 1x, https:\/\/i0.wp.com\/www.freidenker.org\/fw17\/wp-content\/uploads\/2016\/06\/news-1713669_800x445.jpg?fit=800%2C445&ssl=1&resize=525%2C300 1.5x, https:\/\/i0.wp.com\/www.freidenker.org\/fw17\/wp-content\/uploads\/2016\/06\/news-1713669_800x445.jpg?fit=800%2C445&ssl=1&resize=700%2C400 2x"},"classes":[]}],"_links":{"self":[{"href":"https:\/\/www.freidenker.org\/index.php?rest_route=\/wp\/v2\/posts\/452","targetHints":{"allow":["GET"]}}],"collection":[{"href":"https:\/\/www.freidenker.org\/index.php?rest_route=\/wp\/v2\/posts"}],"about":[{"href":"https:\/\/www.freidenker.org\/index.php?rest_route=\/wp\/v2\/types\/post"}],"author":[{"embeddable":true,"href":"https:\/\/www.freidenker.org\/index.php?rest_route=\/wp\/v2\/users\/2"}],"replies":[{"embeddable":true,"href":"https:\/\/www.freidenker.org\/index.php?rest_route=%2Fwp%2Fv2%2Fcomments&post=452"}],"version-history":[{"count":0,"href":"https:\/\/www.freidenker.org\/index.php?rest_route=\/wp\/v2\/posts\/452\/revisions"}],"wp:featuredmedia":[{"embeddable":true,"href":"https:\/\/www.freidenker.org\/index.php?rest_route=\/wp\/v2\/media\/454"}],"wp:attachment":[{"href":"https:\/\/www.freidenker.org\/index.php?rest_route=%2Fwp%2Fv2%2Fmedia&parent=452"}],"wp:term":[{"taxonomy":"category","embeddable":true,"href":"https:\/\/www.freidenker.org\/index.php?rest_route=%2Fwp%2Fv2%2Fcategories&post=452"},{"taxonomy":"post_tag","embeddable":true,"href":"https:\/\/www.freidenker.org\/index.php?rest_route=%2Fwp%2Fv2%2Ftags&post=452"}],"curies":[{"name":"wp","href":"https:\/\/api.w.org\/{rel}","templated":true}]}}