{"id":4517,"date":"2016-12-20T00:27:12","date_gmt":"2016-12-19T23:27:12","guid":{"rendered":"http:\/\/www.freidenker.org\/?p=4517"},"modified":"2018-02-25T12:07:51","modified_gmt":"2018-02-25T11:07:51","slug":"selbstdarstellung-des-korso","status":"publish","type":"post","link":"https:\/\/www.freidenker.org\/?p=4517","title":{"rendered":"Selbstdarstellung des KORSO"},"content":{"rendered":"<p>Der Koordinierungsrat s\u00e4kularer Organisationen (KORSO), dem der Deutsche Freidenker-Verband seit der Gr\u00fcndung 2008 angeh\u00f6rt, hat eine Selbstdarstellungsbrosch\u00fcre herausgegeben. Neben einem \u00dcberblick \u00fcber die Ziele und Forderungen des KORSO sind darin Kurzportraits aller Mitgliedsorganisationen enthalten.<\/p>\n<p>Der Vorsitzende des KORSO, Helmut Fink, schrieb folgendes Vorwort:<\/p>\n<p style=\"padding-left: 30px;\"><em>Religi\u00f6se Organisationen gibt es viele. Aber was ist mit der wachsenden Zahl nichtreligi\u00f6ser Menschen? Sind auch sie organisiert?<\/em><\/p>\n<p style=\"padding-left: 30px;\"><em>Die vorliegende Brosch\u00fcre gibt einen \u00dcberblick \u00fcber s\u00e4kulare Organisationen in Deutschland. Sie vertreten weltliche Auffassungen und b\u00fcndeln die Interessen der Konfessionsfreien. Manche dieser s\u00e4kularen Organisationen verstehen sich selbst als Weltanschauungsgemeinschaften, andere eher als politische Interessengemeinschaften. S\u00e4kularit\u00e4t kann sowohl weltanschauliche Inhalte als auch Erwartungen an den Staat kennzeichnen.<\/em><\/p>\n<p style=\"padding-left: 30px;\"><em>Die Ziele und Strategien der s\u00e4kularen Organisationen sind keineswegs identisch. Sie sind zudem unterschiedlich alt, unterschiedlich gro\u00df, regional unterschiedlich entwickelt und in der \u00d6ffentlichkeit unterschiedlich stark sichtbar. Gemeinsam ist ihnen das Erbe der Aufkl\u00e4rung, die Ablehnung religi\u00f6ser Alleinvertretungsanspr\u00fcche und das Eintreten f\u00fcr demokratische und humanistische Grund\u00fcberzeugungen.<\/em><\/p>\n<p style=\"padding-left: 30px;\"><em>Alle aufgef\u00fchrten Organisationen sind Mitglied im Koordinierungsrat s\u00e4kularer Organisationen (KORSO). M\u00f6ge die T\u00e4tigkeit des KORSO und speziell diese Brosch\u00fcre dazu beitragen, dass <\/em><em>Interessenten eine zu ihnen passende Organisation finden und der konfessionsfreie Teil der Bev\u00f6lkerung eine st\u00e4rkere Stimme in Politik, Kultur und Gesellschaft entwickelt.<\/em><\/p>\n<div class=\"tiled-gallery type-rectangular tiled-gallery-unresized\" data-original-width=\"800\" data-carousel-extra='{&quot;blog_id&quot;:1,&quot;permalink&quot;:&quot;https:\\\/\\\/www.freidenker.org\\\/?p=4517&quot;,&quot;likes_blog_id&quot;:139773280}' itemscope itemtype=\"http:\/\/schema.org\/ImageGallery\" > <div class=\"gallery-row\" style=\"width: 800px; height: 379px;\" data-original-width=\"800\" data-original-height=\"379\" > <div class=\"gallery-group images-1\" style=\"width: 532px; height: 379px;\" data-original-width=\"532\" data-original-height=\"379\" > <div class=\"tiled-gallery-item tiled-gallery-item-large\" itemprop=\"associatedMedia\" itemscope itemtype=\"http:\/\/schema.org\/ImageObject\"> <a href=\"https:\/\/www.freidenker.org\/?attachment_id=4526\" border=\"0\" itemprop=\"url\"> <meta itemprop=\"width\" content=\"528\"> <meta itemprop=\"height\" content=\"375\"> <img decoding=\"async\" class=\"\" data-attachment-id=\"4526\" data-orig-file=\"https:\/\/www.freidenker.org\/fw17\/wp-content\/uploads\/2018\/02\/KORSO_Broschuere-008.jpg\" data-orig-size=\"1748,1240\" data-comments-opened=\"\" data-image-meta=\"{&quot;aperture&quot;:&quot;0&quot;,&quot;credit&quot;:&quot;&quot;,&quot;camera&quot;:&quot;&quot;,&quot;caption&quot;:&quot;&quot;,&quot;created_timestamp&quot;:&quot;0&quot;,&quot;copyright&quot;:&quot;&quot;,&quot;focal_length&quot;:&quot;0&quot;,&quot;iso&quot;:&quot;0&quot;,&quot;shutter_speed&quot;:&quot;0&quot;,&quot;title&quot;:&quot;&quot;,&quot;orientation&quot;:&quot;0&quot;}\" data-image-title=\"KORSO_Broschuere-008\" data-image-description=\"\" data-medium-file=\"https:\/\/i0.wp.com\/www.freidenker.org\/fw17\/wp-content\/uploads\/2018\/02\/KORSO_Broschuere-008.jpg?fit=300%2C213&#038;ssl=1\" data-large-file=\"https:\/\/i0.wp.com\/www.freidenker.org\/fw17\/wp-content\/uploads\/2018\/02\/KORSO_Broschuere-008.jpg?fit=800%2C567&#038;ssl=1\" src=\"https:\/\/i0.wp.com\/www.freidenker.org\/fw17\/wp-content\/uploads\/2018\/02\/KORSO_Broschuere-008.jpg?w=528&#038;h=375&#038;ssl=1\" srcset=\"https:\/\/i0.wp.com\/www.freidenker.org\/fw17\/wp-content\/uploads\/2018\/02\/KORSO_Broschuere-008.jpg?w=1748&amp;ssl=1 1748w, https:\/\/i0.wp.com\/www.freidenker.org\/fw17\/wp-content\/uploads\/2018\/02\/KORSO_Broschuere-008.jpg?resize=300%2C213&amp;ssl=1 300w, https:\/\/i0.wp.com\/www.freidenker.org\/fw17\/wp-content\/uploads\/2018\/02\/KORSO_Broschuere-008.jpg?resize=768%2C545&amp;ssl=1 768w, https:\/\/i0.wp.com\/www.freidenker.org\/fw17\/wp-content\/uploads\/2018\/02\/KORSO_Broschuere-008.jpg?resize=1024%2C726&amp;ssl=1 1024w, https:\/\/i0.wp.com\/www.freidenker.org\/fw17\/wp-content\/uploads\/2018\/02\/KORSO_Broschuere-008.jpg?w=1600&amp;ssl=1 1600w\" width=\"528\" height=\"375\" loading=\"lazy\" data-original-width=\"528\" data-original-height=\"375\" itemprop=\"http:\/\/schema.org\/image\" title=\"KORSO_Broschuere-008\" alt=\"Die Doppelseite mit der Vorstellung des Deutschen Freidenker-Verbandes\" style=\"width: 528px; height: 375px;\" \/> <\/a> <div class=\"tiled-gallery-caption\" itemprop=\"caption description\"> Die Doppelseite mit der Vorstellung des Deutschen Freidenker-Verbandes <\/div> <\/div> <\/div> <!-- close group --> <div class=\"gallery-group images-1\" style=\"width: 268px; height: 379px;\" data-original-width=\"268\" data-original-height=\"379\" > <div class=\"tiled-gallery-item tiled-gallery-item-large\" itemprop=\"associatedMedia\" itemscope itemtype=\"http:\/\/schema.org\/ImageObject\"> <a href=\"https:\/\/www.freidenker.org\/?attachment_id=4519\" border=\"0\" itemprop=\"url\"> <meta itemprop=\"width\" content=\"264\"> <meta itemprop=\"height\" content=\"375\"> <img decoding=\"async\" class=\"\" data-attachment-id=\"4519\" data-orig-file=\"https:\/\/www.freidenker.org\/fw17\/wp-content\/uploads\/2018\/02\/KORSO_Broschuere-001.jpg\" data-orig-size=\"874,1240\" data-comments-opened=\"\" data-image-meta=\"{&quot;aperture&quot;:&quot;0&quot;,&quot;credit&quot;:&quot;&quot;,&quot;camera&quot;:&quot;&quot;,&quot;caption&quot;:&quot;&quot;,&quot;created_timestamp&quot;:&quot;0&quot;,&quot;copyright&quot;:&quot;&quot;,&quot;focal_length&quot;:&quot;0&quot;,&quot;iso&quot;:&quot;0&quot;,&quot;shutter_speed&quot;:&quot;0&quot;,&quot;title&quot;:&quot;&quot;,&quot;orientation&quot;:&quot;0&quot;}\" data-image-title=\"KORSO_Broschuere-001\" data-image-description=\"\" data-medium-file=\"https:\/\/i0.wp.com\/www.freidenker.org\/fw17\/wp-content\/uploads\/2018\/02\/KORSO_Broschuere-001.jpg?fit=211%2C300&#038;ssl=1\" data-large-file=\"https:\/\/i0.wp.com\/www.freidenker.org\/fw17\/wp-content\/uploads\/2018\/02\/KORSO_Broschuere-001.jpg?fit=722%2C1024&#038;ssl=1\" src=\"https:\/\/i0.wp.com\/www.freidenker.org\/fw17\/wp-content\/uploads\/2018\/02\/KORSO_Broschuere-001.jpg?w=264&#038;h=375&#038;ssl=1\" srcset=\"https:\/\/i0.wp.com\/www.freidenker.org\/fw17\/wp-content\/uploads\/2018\/02\/KORSO_Broschuere-001.jpg?w=874&amp;ssl=1 874w, https:\/\/i0.wp.com\/www.freidenker.org\/fw17\/wp-content\/uploads\/2018\/02\/KORSO_Broschuere-001.jpg?resize=211%2C300&amp;ssl=1 211w, https:\/\/i0.wp.com\/www.freidenker.org\/fw17\/wp-content\/uploads\/2018\/02\/KORSO_Broschuere-001.jpg?resize=768%2C1090&amp;ssl=1 768w, https:\/\/i0.wp.com\/www.freidenker.org\/fw17\/wp-content\/uploads\/2018\/02\/KORSO_Broschuere-001.jpg?resize=722%2C1024&amp;ssl=1 722w\" width=\"264\" height=\"375\" loading=\"lazy\" data-original-width=\"264\" data-original-height=\"375\" itemprop=\"http:\/\/schema.org\/image\" title=\"KORSO_Broschuere-001\" alt=\"Die Titelseite der KORSO-Brosch\u00fcre\" style=\"width: 264px; height: 375px;\" \/> <\/a> <div class=\"tiled-gallery-caption\" itemprop=\"caption description\"> Die Titelseite der KORSO-Brosch\u00fcre <\/div> <\/div> <\/div> <!-- close group --> <\/div> <!-- close row --> <\/div>\n<hr \/>\n<p><em>Anmerkung Dezember 2017:<\/em> <strong>Die Brosch\u00fcre ist derzeit vergriffen. Eine Neuauflage ist in Vorbereitung und wird im Sommer 2018 erscheinen.<\/strong><\/p>\n<hr \/>\n<p>Bild: Titelseite und Doppelseite mit der Vorstellung des Deutschen Freidenker-Verbandes in der Brosch\u00fcre &#8222;Der Koordinierungsrat s\u00e4kularer Organisationen&#8220;, Dezember 2016<\/p>\n","protected":false},"excerpt":{"rendered":"<p>Der Koordinierungsrat s\u00e4kularer Organisationen (KORSO) hat eine Selbstdarstellungsbrosch\u00fcre herausgegeben. Neben einem \u00dcberblick \u00fcber die Ziele und Forderungen des KORSO sind darin Kurzportraits aller Mitgliedsorganisationen enthalten.<br \/>\nAus dem Vorwort: Die Ziele und Strategien der s\u00e4kularen Organisationen sind keineswegs identisch. Sie sind zudem unterschiedlich alt, unterschiedlich gro\u00df, regional unterschiedlich entwickelt und in der \u00d6ffentlichkeit unterschiedlich stark sichtbar. Gemeinsam ist ihnen das Erbe der Aufkl\u00e4rung, die Ablehnung religi\u00f6ser Alleinvertretungsanspr\u00fcche und das Eintreten f\u00fcr demokratische und humanistische Grund\u00fcberzeugungen.<\/p>\n","protected":false},"author":3,"featured_media":4555,"comment_status":"closed","ping_status":"closed","sticky":false,"template":"","format":"standard","meta":{"colormag_page_container_layout":"default_layout","colormag_page_sidebar_layout":"default_layout","advanced_seo_description":"","jetpack_seo_html_title":"","jetpack_seo_noindex":false,"jetpack_post_was_ever_published":false,"footnotes":""},"categories":[6],"tags":[852,940,38],"class_list":["post-4517","post","type-post","status-publish","format-standard","has-post-thumbnail","hentry","category-publikationen-fuer-freidenker","tag-korso","tag-saekulare-organisationen","tag-weltanschauung"],"jetpack_featured_media_url":"https:\/\/i0.wp.com\/www.freidenker.org\/fw17\/wp-content\/uploads\/2016\/12\/korso-broschuere_v5.jpg?fit=800%2C445&ssl=1","jetpack_shortlink":"https:\/\/wp.me\/p9stpK-1aR","jetpack-related-posts":[{"id":9822,"url":"https:\/\/www.freidenker.org\/?p=9822","url_meta":{"origin":4517,"position":0},"title":"HVD tritt aus dem KORSO aus","author":"Webredaktion","date":"31. M\u00e4rz 2021","format":false,"excerpt":"Der Humanistische Verband Deutschlands - 2008 Gr\u00fcndungsmitglied des Koordinierungsrates S\u00e4kularer Organisationen (KORSO) - hat am 27.03.2021 durch Beschluss seines Delegiertenrates auf Antrag des HVD-Bundesvorstandes entschieden, seine Mitgliedschaft im KORSO zu beenden.\u00a0 Wir ver\u00f6ffentlichen hier die Presseerkl\u00e4rungen des HVD und des KORSO zu diesem Schritt sowie eine erste Stellungnahme des Vorsitzenden\u2026","rel":"","context":"In &quot;Religions- &amp; Kirchenkritik, S\u00e4kulare Szene&quot;","block_context":{"text":"Religions- &amp; Kirchenkritik, S\u00e4kulare Szene","link":"https:\/\/www.freidenker.org\/?cat=15"},"img":{"alt_text":"","src":"https:\/\/i0.wp.com\/www.freidenker.org\/fw17\/wp-content\/uploads\/2021\/04\/hvd_korso_3_800x450.jpg?fit=800%2C450&ssl=1&resize=350%2C200","width":350,"height":200,"srcset":"https:\/\/i0.wp.com\/www.freidenker.org\/fw17\/wp-content\/uploads\/2021\/04\/hvd_korso_3_800x450.jpg?fit=800%2C450&ssl=1&resize=350%2C200 1x, https:\/\/i0.wp.com\/www.freidenker.org\/fw17\/wp-content\/uploads\/2021\/04\/hvd_korso_3_800x450.jpg?fit=800%2C450&ssl=1&resize=525%2C300 1.5x, https:\/\/i0.wp.com\/www.freidenker.org\/fw17\/wp-content\/uploads\/2021\/04\/hvd_korso_3_800x450.jpg?fit=800%2C450&ssl=1&resize=700%2C400 2x"},"classes":[]},{"id":9426,"url":"https:\/\/www.freidenker.org\/?p=9426","url_meta":{"origin":4517,"position":1},"title":"S\u00e4kulare Verst\u00e4ndigung zur Suizidhilfe","author":"Webredaktion","date":"29. Januar 2021","format":false,"excerpt":"Wortmeldung des Koordinierungsrates S\u00e4kularer Organisationen (KORSO) Nachdem das Bundesverfassungsgericht das umstrittene Gesetz \u00a7217 StGB im Februar 2020 gekippt hatte, kamen am vergangenen Freitag auf Einladung des KORSO 15 Vertreterinnen und Vertreter unterschiedlicher Organisationen aus dem s\u00e4kularen Spektrum per Videokonferenz zu einem Expertengespr\u00e4ch zusammen ... um \u00fcber s\u00e4kulare Positionen zur Suizidhilfe\u2026","rel":"","context":"In &quot;Arbeit &amp; Soziales&quot;","block_context":{"text":"Arbeit &amp; Soziales","link":"https:\/\/www.freidenker.org\/?cat=11"},"img":{"alt_text":"","src":"https:\/\/i0.wp.com\/www.freidenker.org\/fw17\/wp-content\/uploads\/2021\/01\/hospice-1821429_800x450.jpg?fit=800%2C450&ssl=1&resize=350%2C200","width":350,"height":200,"srcset":"https:\/\/i0.wp.com\/www.freidenker.org\/fw17\/wp-content\/uploads\/2021\/01\/hospice-1821429_800x450.jpg?fit=800%2C450&ssl=1&resize=350%2C200 1x, https:\/\/i0.wp.com\/www.freidenker.org\/fw17\/wp-content\/uploads\/2021\/01\/hospice-1821429_800x450.jpg?fit=800%2C450&ssl=1&resize=525%2C300 1.5x, https:\/\/i0.wp.com\/www.freidenker.org\/fw17\/wp-content\/uploads\/2021\/01\/hospice-1821429_800x450.jpg?fit=800%2C450&ssl=1&resize=700%2C400 2x"},"classes":[]},{"id":10913,"url":"https:\/\/www.freidenker.org\/?p=10913","url_meta":{"origin":4517,"position":2},"title":"Gemeinsam statt getrennt! KORSO fordert Reform des Religionsunterrichts an \u00f6ffentlichen Schulen","author":"Webredaktion","date":"27. Juli 2021","format":false,"excerpt":"Wortmeldung des\u00a0Koordinierungsrates s\u00e4kularer Organisationen KORSO e.V. vom 27.07.2021: Auf Einladung des KORSO kamen am vergangenen Freitag, 23. Juli 2021, 30 Vertreterinnen und Vertreter unterschiedlicher Organisationen aus dem s\u00e4kularen Spektrum per Videokonferenz zu einer Themenwerkstatt zusammen, um sich \u00fcber die Zukunft des Religionsunterrichts auszutauschen \u2013 aus s\u00e4kularer Perspektive. Nach ausf\u00fchrlicher Debatte\u2026","rel":"","context":"In &quot;Religions- &amp; Kirchenkritik, S\u00e4kulare Szene&quot;","block_context":{"text":"Religions- &amp; Kirchenkritik, S\u00e4kulare Szene","link":"https:\/\/www.freidenker.org\/?cat=15"},"img":{"alt_text":"","src":"https:\/\/i0.wp.com\/www.freidenker.org\/fw17\/wp-content\/uploads\/2021\/07\/korso-post_2021-07-24_01-religionsunterricht_800x450.jpg?fit=800%2C450&ssl=1&resize=350%2C200","width":350,"height":200,"srcset":"https:\/\/i0.wp.com\/www.freidenker.org\/fw17\/wp-content\/uploads\/2021\/07\/korso-post_2021-07-24_01-religionsunterricht_800x450.jpg?fit=800%2C450&ssl=1&resize=350%2C200 1x, https:\/\/i0.wp.com\/www.freidenker.org\/fw17\/wp-content\/uploads\/2021\/07\/korso-post_2021-07-24_01-religionsunterricht_800x450.jpg?fit=800%2C450&ssl=1&resize=525%2C300 1.5x, https:\/\/i0.wp.com\/www.freidenker.org\/fw17\/wp-content\/uploads\/2021\/07\/korso-post_2021-07-24_01-religionsunterricht_800x450.jpg?fit=800%2C450&ssl=1&resize=700%2C400 2x"},"classes":[]},{"id":11534,"url":"https:\/\/www.freidenker.org\/?p=11534","url_meta":{"origin":4517,"position":3},"title":"Austritt des Deutschen Freidenker-Verbandes aus dem KORSO","author":"Webredaktion","date":"31. Oktober 2021","format":false,"excerpt":"Erkl\u00e4rung des Verbandsvorstandes des Deutschen Freidenker-Verbandes zum Austritt des DFV aus dem KORSO Nach gr\u00fcndlicher Analyse und Er\u00f6rterung der auf der KORSO-Ratsversammlung am 19. September 2021 beschlossenen Ver\u00e4nderungen im bisherigen KORSO hat der Verbandsvorstand des Deutschen Freidenker-Verbandes auf seiner Tagung am 16.\/17. Oktober 2021 den Austritt des DFV aus dem\u2026","rel":"","context":"In &quot;Religions- &amp; Kirchenkritik, S\u00e4kulare Szene&quot;","block_context":{"text":"Religions- &amp; Kirchenkritik, S\u00e4kulare Szene","link":"https:\/\/www.freidenker.org\/?cat=15"},"img":{"alt_text":"","src":"https:\/\/i0.wp.com\/www.freidenker.org\/fw17\/wp-content\/uploads\/2021\/10\/Austritt_DFV_Korso.jpg?fit=800%2C450&ssl=1&resize=350%2C200","width":350,"height":200,"srcset":"https:\/\/i0.wp.com\/www.freidenker.org\/fw17\/wp-content\/uploads\/2021\/10\/Austritt_DFV_Korso.jpg?fit=800%2C450&ssl=1&resize=350%2C200 1x, https:\/\/i0.wp.com\/www.freidenker.org\/fw17\/wp-content\/uploads\/2021\/10\/Austritt_DFV_Korso.jpg?fit=800%2C450&ssl=1&resize=525%2C300 1.5x, https:\/\/i0.wp.com\/www.freidenker.org\/fw17\/wp-content\/uploads\/2021\/10\/Austritt_DFV_Korso.jpg?fit=800%2C450&ssl=1&resize=700%2C400 2x"},"classes":[]},{"id":6187,"url":"https:\/\/www.freidenker.org\/?p=6187","url_meta":{"origin":4517,"position":4},"title":"KORSO-Resolution zur Abl\u00f6sung der historischen Staatsleistungen an die Kirchen","author":"Webredaktion","date":"13. April 2019","format":false,"excerpt":"Vor 100 Jahren trat die Weimarer Reichsverfassung in Kraft, vor 70 Jahren das Grundgesetz der Bundesrepublik Deutschland. Anl\u00e4sslich dieses doppelten Verfassungsjubil\u00e4ums im Jahr 2019 stellt der Koordinierungsrat s\u00e4kularer Organisationen (KORSO e.V.) fest: Die Grundidee einer Entflechtung staatlicher und kirchlicher T\u00e4tigkeit war ein bedeutender zivilisatorischer Durchbruch im 20. Jahrhundert. Die durch\u2026","rel":"","context":"In &quot;Religions- &amp; Kirchenkritik, S\u00e4kulare Szene&quot;","block_context":{"text":"Religions- &amp; Kirchenkritik, S\u00e4kulare Szene","link":"https:\/\/www.freidenker.org\/?cat=15"},"img":{"alt_text":"","src":"https:\/\/i0.wp.com\/www.freidenker.org\/fw17\/wp-content\/uploads\/2019\/04\/korso-rv_2019-03-30_vorstand_800x445.jpg?fit=800%2C445&ssl=1&resize=350%2C200","width":350,"height":200,"srcset":"https:\/\/i0.wp.com\/www.freidenker.org\/fw17\/wp-content\/uploads\/2019\/04\/korso-rv_2019-03-30_vorstand_800x445.jpg?fit=800%2C445&ssl=1&resize=350%2C200 1x, https:\/\/i0.wp.com\/www.freidenker.org\/fw17\/wp-content\/uploads\/2019\/04\/korso-rv_2019-03-30_vorstand_800x445.jpg?fit=800%2C445&ssl=1&resize=525%2C300 1.5x, https:\/\/i0.wp.com\/www.freidenker.org\/fw17\/wp-content\/uploads\/2019\/04\/korso-rv_2019-03-30_vorstand_800x445.jpg?fit=800%2C445&ssl=1&resize=700%2C400 2x"},"classes":[]},{"id":10234,"url":"https:\/\/www.freidenker.org\/?p=10234","url_meta":{"origin":4517,"position":5},"title":"Altrechtliche Staatsleistungen: KORSO begr\u00fc\u00dft Ablehnung der vorliegenden Gesetzentw\u00fcrfe","author":"Webredaktion","date":"8. Mai 2021","format":false,"excerpt":"Wortmeldung des Koordinierungsrates s\u00e4kularer Organisationen KORSO e.V. Am 6. Mai 2021 hat der Deutsche Bundestag zwei Gesetzentw\u00fcrfe der Oppositionsparteien zur Abl\u00f6sung der altrechtlichen Staatsleistungen an die Kirchen mit breiter Mehrheit abgelehnt. Der KORSO begr\u00fc\u00dft diese Entscheidung und fordert nun eine breite gesellschaftliche Debatte dar\u00fcber, ob die damit verbundenen Zahlungen an\u2026","rel":"","context":"In &quot;Religions- &amp; Kirchenkritik, S\u00e4kulare Szene&quot;","block_context":{"text":"Religions- &amp; Kirchenkritik, S\u00e4kulare Szene","link":"https:\/\/www.freidenker.org\/?cat=15"},"img":{"alt_text":"","src":"https:\/\/i0.wp.com\/www.freidenker.org\/fw17\/wp-content\/uploads\/2021\/05\/korso-post_600px_2021-05-07_01-staatsleistungen_800x450.jpg?fit=800%2C450&ssl=1&resize=350%2C200","width":350,"height":200,"srcset":"https:\/\/i0.wp.com\/www.freidenker.org\/fw17\/wp-content\/uploads\/2021\/05\/korso-post_600px_2021-05-07_01-staatsleistungen_800x450.jpg?fit=800%2C450&ssl=1&resize=350%2C200 1x, https:\/\/i0.wp.com\/www.freidenker.org\/fw17\/wp-content\/uploads\/2021\/05\/korso-post_600px_2021-05-07_01-staatsleistungen_800x450.jpg?fit=800%2C450&ssl=1&resize=525%2C300 1.5x, https:\/\/i0.wp.com\/www.freidenker.org\/fw17\/wp-content\/uploads\/2021\/05\/korso-post_600px_2021-05-07_01-staatsleistungen_800x450.jpg?fit=800%2C450&ssl=1&resize=700%2C400 2x"},"classes":[]}],"_links":{"self":[{"href":"https:\/\/www.freidenker.org\/index.php?rest_route=\/wp\/v2\/posts\/4517","targetHints":{"allow":["GET"]}}],"collection":[{"href":"https:\/\/www.freidenker.org\/index.php?rest_route=\/wp\/v2\/posts"}],"about":[{"href":"https:\/\/www.freidenker.org\/index.php?rest_route=\/wp\/v2\/types\/post"}],"author":[{"embeddable":true,"href":"https:\/\/www.freidenker.org\/index.php?rest_route=\/wp\/v2\/users\/3"}],"replies":[{"embeddable":true,"href":"https:\/\/www.freidenker.org\/index.php?rest_route=%2Fwp%2Fv2%2Fcomments&post=4517"}],"version-history":[{"count":0,"href":"https:\/\/www.freidenker.org\/index.php?rest_route=\/wp\/v2\/posts\/4517\/revisions"}],"wp:featuredmedia":[{"embeddable":true,"href":"https:\/\/www.freidenker.org\/index.php?rest_route=\/wp\/v2\/media\/4555"}],"wp:attachment":[{"href":"https:\/\/www.freidenker.org\/index.php?rest_route=%2Fwp%2Fv2%2Fmedia&parent=4517"}],"wp:term":[{"taxonomy":"category","embeddable":true,"href":"https:\/\/www.freidenker.org\/index.php?rest_route=%2Fwp%2Fv2%2Fcategories&post=4517"},{"taxonomy":"post_tag","embeddable":true,"href":"https:\/\/www.freidenker.org\/index.php?rest_route=%2Fwp%2Fv2%2Ftags&post=4517"}],"curies":[{"name":"wp","href":"https:\/\/api.w.org\/{rel}","templated":true}]}}