{"id":4497,"date":"2017-06-30T23:12:16","date_gmt":"2017-06-30T21:12:16","guid":{"rendered":"http:\/\/www.freidenker.org\/?p=4497"},"modified":"2023-03-19T18:10:58","modified_gmt":"2023-03-19T17:10:58","slug":"linker-liedersommer-2017-der-waldeck-rap","status":"publish","type":"post","link":"https:\/\/www.freidenker.org\/?p=4497","title":{"rendered":"Linker Liedersommer 2017: Der &#8222;Waldeck-Rap&#8220;"},"content":{"rendered":"<p>Zum 7. Kulturseminar vom 23. bis zum 25. Juni 2017 auf der \u201eLiedermacher\u201c-Burg Waldeck im Hunsr\u00fcck hatten die Landesverb\u00e4nde Rheinland-Pfalz\/Saarland, Hessen, Baden-W\u00fcrttemberg, Niedersachsen und Nordrhein-Westfalen geladen. Die G\u00e4ste kamen aber auch aus Hamburg, Berlin oder M\u00fcnchen. Die Zusammenarbeit mit der Jenny-Marx-Gesellschaft, Arbeiterfotografie und Neuer Rheinischer Zeitung hat sich erneut bew\u00e4hrt.<\/p>\n<p class=\"FDCAbsatzErster\">Neben dem traditionellen Singen am Lagerfeuer wurde in acht Workshops und einer Podiumsdikussion \u00fcber das Arbeiterlied gestern und heute, Lieder der Revolution, aktuelle Lieder bei Streiks und Friedensdemos diskutiert, mit Ernst Schwarz, Christian Kr\u00e4hling, Reinhard Frankl, Hartmut Barth-Engelbart, Sigi Maron mit KV Willi, der Bandbreite und den chilenischen Musikandes. Dort wurden auch Lieder einstudiert und abends auf der Freilichtb\u00fchne zu Geh\u00f6r gebracht, wo neben den genannten auch wei\u00adtere K\u00fcnstler wir Hilarion Hartmann und Philipp Hoffmann aufspielten.<\/p>\n<div class=\"tiled-gallery type-rectangular tiled-gallery-unresized\" data-original-width=\"800\" data-carousel-extra='{&quot;blog_id&quot;:1,&quot;permalink&quot;:&quot;https:\\\/\\\/www.freidenker.org\\\/?p=4497&quot;,&quot;likes_blog_id&quot;:139773280}' itemscope itemtype=\"http:\/\/schema.org\/ImageGallery\" > <div class=\"gallery-row\" style=\"width: 800px; height: 401px;\" data-original-width=\"800\" data-original-height=\"401\" > <div class=\"gallery-group images-1\" style=\"width: 534px; height: 401px;\" data-original-width=\"534\" data-original-height=\"401\" > <div class=\"tiled-gallery-item tiled-gallery-item-large\" itemprop=\"associatedMedia\" itemscope itemtype=\"http:\/\/schema.org\/ImageObject\"> <a href=\"https:\/\/www.freidenker.org\/?attachment_id=4501\" border=\"0\" itemprop=\"url\"> <meta itemprop=\"width\" content=\"530\"> <meta itemprop=\"height\" content=\"397\"> <img decoding=\"async\" class=\"\" data-attachment-id=\"4501\" data-orig-file=\"https:\/\/www.freidenker.org\/fw17\/wp-content\/uploads\/2018\/02\/Liedersommer-2017_2.png\" data-orig-size=\"499,374\" data-comments-opened=\"\" data-image-meta=\"{&quot;aperture&quot;:&quot;0&quot;,&quot;credit&quot;:&quot;&quot;,&quot;camera&quot;:&quot;&quot;,&quot;caption&quot;:&quot;&quot;,&quot;created_timestamp&quot;:&quot;0&quot;,&quot;copyright&quot;:&quot;&quot;,&quot;focal_length&quot;:&quot;0&quot;,&quot;iso&quot;:&quot;0&quot;,&quot;shutter_speed&quot;:&quot;0&quot;,&quot;title&quot;:&quot;&quot;,&quot;orientation&quot;:&quot;0&quot;}\" data-image-title=\"Liedersommer-2017_2\" data-image-description=\"\" data-medium-file=\"https:\/\/i0.wp.com\/www.freidenker.org\/fw17\/wp-content\/uploads\/2018\/02\/Liedersommer-2017_2.png?fit=300%2C225&#038;ssl=1\" data-large-file=\"https:\/\/i0.wp.com\/www.freidenker.org\/fw17\/wp-content\/uploads\/2018\/02\/Liedersommer-2017_2.png?fit=499%2C374&#038;ssl=1\" src=\"https:\/\/i0.wp.com\/www.freidenker.org\/fw17\/wp-content\/uploads\/2018\/02\/Liedersommer-2017_2.png?w=530&#038;h=397&#038;ssl=1\" srcset=\"https:\/\/i0.wp.com\/www.freidenker.org\/fw17\/wp-content\/uploads\/2018\/02\/Liedersommer-2017_2.png?w=499&amp;ssl=1 499w, https:\/\/i0.wp.com\/www.freidenker.org\/fw17\/wp-content\/uploads\/2018\/02\/Liedersommer-2017_2.png?resize=300%2C225&amp;ssl=1 300w\" width=\"530\" height=\"397\" loading=\"lazy\" data-original-width=\"530\" data-original-height=\"397\" itemprop=\"http:\/\/schema.org\/image\" title=\"Liedersommer-2017_2\" alt=\"Erich Schaffner mit seinem Programm \u201eLenin, Majakowski und ich - 100 Jahre Roter Oktober\u201c, begleitet von Erika Krapp am Akkordeon\" style=\"width: 530px; height: 397px;\" \/> <\/a> <div class=\"tiled-gallery-caption\" itemprop=\"caption description\"> Erich Schaffner mit seinem Programm \u201eLenin, Majakowski und ich &#8211; 100 Jahre Roter Oktober\u201c, begleitet von Erika Krapp am Akkordeon <\/div> <\/div> <\/div> <!-- close group --> <div class=\"gallery-group images-2\" style=\"width: 266px; height: 401px;\" data-original-width=\"266\" data-original-height=\"401\" > <div class=\"tiled-gallery-item tiled-gallery-item-large\" itemprop=\"associatedMedia\" itemscope itemtype=\"http:\/\/schema.org\/ImageObject\"> <a href=\"https:\/\/www.freidenker.org\/?attachment_id=4500\" border=\"0\" itemprop=\"url\"> <meta itemprop=\"width\" content=\"262\"> <meta itemprop=\"height\" content=\"197\"> <img decoding=\"async\" class=\"\" data-attachment-id=\"4500\" data-orig-file=\"https:\/\/www.freidenker.org\/fw17\/wp-content\/uploads\/2018\/02\/Liedersommer-2017_1.png\" data-orig-size=\"506,380\" data-comments-opened=\"\" data-image-meta=\"{&quot;aperture&quot;:&quot;0&quot;,&quot;credit&quot;:&quot;&quot;,&quot;camera&quot;:&quot;&quot;,&quot;caption&quot;:&quot;&quot;,&quot;created_timestamp&quot;:&quot;0&quot;,&quot;copyright&quot;:&quot;&quot;,&quot;focal_length&quot;:&quot;0&quot;,&quot;iso&quot;:&quot;0&quot;,&quot;shutter_speed&quot;:&quot;0&quot;,&quot;title&quot;:&quot;&quot;,&quot;orientation&quot;:&quot;0&quot;}\" data-image-title=\"Liedersommer-2017_1\" data-image-description=\"\" data-medium-file=\"https:\/\/i0.wp.com\/www.freidenker.org\/fw17\/wp-content\/uploads\/2018\/02\/Liedersommer-2017_1.png?fit=300%2C225&#038;ssl=1\" data-large-file=\"https:\/\/i0.wp.com\/www.freidenker.org\/fw17\/wp-content\/uploads\/2018\/02\/Liedersommer-2017_1.png?fit=506%2C380&#038;ssl=1\" src=\"https:\/\/i0.wp.com\/www.freidenker.org\/fw17\/wp-content\/uploads\/2018\/02\/Liedersommer-2017_1.png?w=262&#038;h=197&#038;ssl=1\" srcset=\"https:\/\/i0.wp.com\/www.freidenker.org\/fw17\/wp-content\/uploads\/2018\/02\/Liedersommer-2017_1.png?w=506&amp;ssl=1 506w, https:\/\/i0.wp.com\/www.freidenker.org\/fw17\/wp-content\/uploads\/2018\/02\/Liedersommer-2017_1.png?resize=300%2C225&amp;ssl=1 300w\" width=\"262\" height=\"197\" loading=\"lazy\" data-original-width=\"262\" data-original-height=\"197\" itemprop=\"http:\/\/schema.org\/image\" title=\"Liedersommer-2017_1\" alt=\"Zwei Generationen: Frank Baier und Wojna (die bandbreite) beim gemeinsamen Auftritt\" style=\"width: 262px; height: 197px;\" \/> <\/a> <div class=\"tiled-gallery-caption\" itemprop=\"caption description\"> Zwei Generationen: Frank Baier und Wojna (die bandbreite) beim gemeinsamen Auftritt <\/div> <\/div> <div class=\"tiled-gallery-item tiled-gallery-item-large\" itemprop=\"associatedMedia\" itemscope itemtype=\"http:\/\/schema.org\/ImageObject\"> <a href=\"https:\/\/www.freidenker.org\/?attachment_id=4499\" border=\"0\" itemprop=\"url\"> <meta itemprop=\"width\" content=\"262\"> <meta itemprop=\"height\" content=\"196\"> <img decoding=\"async\" class=\"\" data-attachment-id=\"4499\" data-orig-file=\"https:\/\/www.freidenker.org\/fw17\/wp-content\/uploads\/2018\/02\/Liedersommer-2017_3.png\" data-orig-size=\"500,375\" data-comments-opened=\"\" data-image-meta=\"{&quot;aperture&quot;:&quot;0&quot;,&quot;credit&quot;:&quot;&quot;,&quot;camera&quot;:&quot;&quot;,&quot;caption&quot;:&quot;&quot;,&quot;created_timestamp&quot;:&quot;0&quot;,&quot;copyright&quot;:&quot;&quot;,&quot;focal_length&quot;:&quot;0&quot;,&quot;iso&quot;:&quot;0&quot;,&quot;shutter_speed&quot;:&quot;0&quot;,&quot;title&quot;:&quot;&quot;,&quot;orientation&quot;:&quot;0&quot;}\" data-image-title=\"Liedersommer-2017_3\" data-image-description=\"\" data-medium-file=\"https:\/\/i0.wp.com\/www.freidenker.org\/fw17\/wp-content\/uploads\/2018\/02\/Liedersommer-2017_3.png?fit=300%2C225&#038;ssl=1\" data-large-file=\"https:\/\/i0.wp.com\/www.freidenker.org\/fw17\/wp-content\/uploads\/2018\/02\/Liedersommer-2017_3.png?fit=500%2C375&#038;ssl=1\" src=\"https:\/\/i0.wp.com\/www.freidenker.org\/fw17\/wp-content\/uploads\/2018\/02\/Liedersommer-2017_3.png?w=262&#038;h=196&#038;ssl=1\" srcset=\"https:\/\/i0.wp.com\/www.freidenker.org\/fw17\/wp-content\/uploads\/2018\/02\/Liedersommer-2017_3.png?w=500&amp;ssl=1 500w, https:\/\/i0.wp.com\/www.freidenker.org\/fw17\/wp-content\/uploads\/2018\/02\/Liedersommer-2017_3.png?resize=300%2C225&amp;ssl=1 300w\" width=\"262\" height=\"196\" loading=\"lazy\" data-original-width=\"262\" data-original-height=\"196\" itemprop=\"http:\/\/schema.org\/image\" title=\"Liedersommer-2017_3\" alt=\"G\u00e4ste aus \u00d6sterreich: Bettina Csoka vom Kulturverein Willy\" style=\"width: 262px; height: 196px;\" \/> <\/a> <div class=\"tiled-gallery-caption\" itemprop=\"caption description\"> G\u00e4ste aus \u00d6sterreich: Bettina Csoka vom Kulturverein Willy <\/div> <\/div> <\/div> <!-- close group --> <\/div> <!-- close row --> <\/div>\n<p><span style=\"font-size: 10pt;\">Alle Fotos: Linker Liedersommer 2017, \u00a9 by arbeiterfotografie.com<\/span><\/p>\n<p>Ein besonderes Highlight war der Auftritt der Teilnehmer am Workshop des Hip-Hop-Duos &#8222;Die Bandbreite&#8220; (Wojna und DJ Torben). Die Teilnehmer hatten eigene Texte geschrieben, die unter Wojnas Anleitung in das richtige Versma\u00df gebracht und dann zu einem vorbereiteten Musik-Sample von DJ Torben einstudiert wurden. Am Abend dann der Live-Auftritt\u00a0 mit der <strong>Weltpremiere des &#8222;Waldeck-Rap&#8220;<\/strong>.<\/p>\n<p>Hier k\u00f6nnt ihr euch das Ergebnis anh\u00f6ren:<\/p>\n<audio class=\"wp-audio-shortcode\" id=\"audio-4497-1\" preload=\"none\" style=\"width: 100%;\" controls=\"controls\"><source type=\"audio\/mpeg\" src=\"https:\/\/www.freidenker.org\/fw17\/wp-content\/uploads\/2018\/02\/waldeck-Rap-2017.mp3?_=1\" \/><a href=\"https:\/\/www.freidenker.org\/fw17\/wp-content\/uploads\/2018\/02\/waldeck-Rap-2017.mp3\">https:\/\/www.freidenker.org\/fw17\/wp-content\/uploads\/2018\/02\/waldeck-Rap-2017.mp3<\/a><\/audio>\n<p>&nbsp;<\/p>\n<p>Zugegeben: Einige Interpreten m\u00fcssten wohl noch ein bisschen \u00fcben. Aber andere klingen so, als h\u00e4tten sie nie was anderes gemacht!<\/p>\n<hr \/>\n<p>Foto oben: B\u00fchne auf Burg Waldeck beim Linken Liedersommer 2015, \u00a9 by arbeiterfotografie.com<\/p>\n","protected":false},"excerpt":{"rendered":"<p><strong>Kurzbericht vom 7. Kulturseminar vom 23. bis zum 25. Juni 2017 auf der \u201eLiedermacher\u201c-Burg Waldeck<\/strong><br \/>\nNeben dem traditionellen Singen am Lagerfeuer wurde in acht Workshops und einer Podiumsdikussion \u00fcber das Arbeiterlied gestern und heute, Lieder der Revolution, aktuelle Lieder bei Streiks und Friedensdemos diskutiert ,,, Dort wurden auch Lieder einstudiert und abends auf der Freilichtb\u00fchne zu Geh\u00f6r gebracht, wo neben den genannten auch wei\u00adtere K\u00fcnstler wir Hilarion Hartmann und Philipp Hoffmann aufspielten. Ein besonderes Highlight war der Auftritt der Teilnehmer am Workshop des Hip-Hop-Duos &#8222;Die Bandbreite&#8220; <\/p>\n","protected":false},"author":3,"featured_media":4498,"comment_status":"closed","ping_status":"closed","sticky":false,"template":"","format":"standard","meta":{"colormag_page_container_layout":"default_layout","colormag_page_sidebar_layout":"default_layout","advanced_seo_description":"","jetpack_seo_html_title":"","jetpack_seo_noindex":false,"jetpack_post_was_ever_published":false,"footnotes":""},"categories":[913],"tags":[670,787,735,1742,669,939],"class_list":["post-4497","post","type-post","status-publish","format-standard","has-post-thumbnail","hentry","category-kultur-kunst","tag-burg-waldeck","tag-die-bandbreite","tag-kulturseminar","tag-liedersommer","tag-linker-liedersommer","tag-musik"],"jetpack_featured_media_url":"https:\/\/i0.wp.com\/www.freidenker.org\/fw17\/wp-content\/uploads\/2018\/02\/Liedersommer_05-2015-06-20-1-0353.jpg?fit=800%2C445&ssl=1","jetpack_shortlink":"https:\/\/wp.me\/p9stpK-1ax","jetpack-related-posts":[{"id":6315,"url":"https:\/\/www.freidenker.org\/?p=6315","url_meta":{"origin":4497,"position":0},"title":"Lieder gegen Ausbeutung und Krieg","author":"Webredaktion","date":"8. Mai 2019","format":false,"excerpt":"Pressemitteilung zum 8. Kulturseminar und Linken Liedersommer 2019 Zu seinem 8. Kulturseminar l\u00e4dt der Deutsche Freidenker-Verband erstmals an einen anderen Ort als der traditionellen Burg Waldeck ein, n\u00e4mlich ins Naturfreundehaus Rahnenhof bei Hertlingshausen in der Pfalz, vom 21. bis 23. Juni 2019. ... Der \u201eLinke Liedersommer\u201c hat traditionell das Verh\u00e4ltnis\u2026","rel":"","context":"In &quot;Kultur &amp; Kunst&quot;","block_context":{"text":"Kultur &amp; Kunst","link":"https:\/\/www.freidenker.org\/?cat=913"},"img":{"alt_text":"","src":"https:\/\/i0.wp.com\/www.freidenker.org\/fw17\/wp-content\/uploads\/2019\/05\/liliso_2013_800x445_v2.jpg?fit=800%2C447&ssl=1&resize=350%2C200","width":350,"height":200,"srcset":"https:\/\/i0.wp.com\/www.freidenker.org\/fw17\/wp-content\/uploads\/2019\/05\/liliso_2013_800x445_v2.jpg?fit=800%2C447&ssl=1&resize=350%2C200 1x, https:\/\/i0.wp.com\/www.freidenker.org\/fw17\/wp-content\/uploads\/2019\/05\/liliso_2013_800x445_v2.jpg?fit=800%2C447&ssl=1&resize=525%2C300 1.5x, https:\/\/i0.wp.com\/www.freidenker.org\/fw17\/wp-content\/uploads\/2019\/05\/liliso_2013_800x445_v2.jpg?fit=800%2C447&ssl=1&resize=700%2C400 2x"},"classes":[]},{"id":3204,"url":"https:\/\/www.freidenker.org\/?p=3204","url_meta":{"origin":4497,"position":1},"title":"Linker Liedersommer gegen Ausbeutung und Krieg","author":"Webredaktion","date":"18. Juni 2010","format":false,"excerpt":"Dokumentiert: Interviews und Berichte vom Linken Liedersommer 2010 von jW und UZ Der linke Liedersommer auf der legend\u00e4ren Burg Waldeck im Hunsr\u00fcck stand am Wochenende unter dem Motto \u00bbLinke Lieder gegen Ausbeutung und Krieg\u00ab. In sp\u00e4teren Stunden mangelte es nicht an Lagerfeuerromantik, gepr\u00e4gt aber war die Veranstaltung von Aufkl\u00e4rungs- und\u2026","rel":"","context":"In &quot;Kultur &amp; Kunst&quot;","block_context":{"text":"Kultur &amp; Kunst","link":"https:\/\/www.freidenker.org\/?cat=913"},"img":{"alt_text":"","src":"https:\/\/i0.wp.com\/www.freidenker.org\/fw17\/wp-content\/uploads\/2010\/06\/2010-06-12-1-0151_800x445.jpg?fit=800%2C445&ssl=1&resize=350%2C200","width":350,"height":200,"srcset":"https:\/\/i0.wp.com\/www.freidenker.org\/fw17\/wp-content\/uploads\/2010\/06\/2010-06-12-1-0151_800x445.jpg?fit=800%2C445&ssl=1&resize=350%2C200 1x, https:\/\/i0.wp.com\/www.freidenker.org\/fw17\/wp-content\/uploads\/2010\/06\/2010-06-12-1-0151_800x445.jpg?fit=800%2C445&ssl=1&resize=525%2C300 1.5x, https:\/\/i0.wp.com\/www.freidenker.org\/fw17\/wp-content\/uploads\/2010\/06\/2010-06-12-1-0151_800x445.jpg?fit=800%2C445&ssl=1&resize=700%2C400 2x"},"classes":[]},{"id":4276,"url":"https:\/\/www.freidenker.org\/?p=4276","url_meta":{"origin":4497,"position":2},"title":"Videos vom Linken Liedersommer 2017","author":"Webredaktion","date":"30. Juni 2017","format":false,"excerpt":"Ab 1968 wurde die Burg Waldeck zum Markenzeichen linker Protestlieder. Ankn\u00fcpfend an die Tradition der legend\u00e4ren Waldeck-Festivals zu APO Zeiten hatten Freidenker, Arbeiterfotografie, Jenny-Marx-Gesellschaft und Neue Rheinische Zeitung K\u00fcnstler, Musikgruppen, S\u00e4nger und Leute, die im Seminar oder am Lagerfeuer sich mit Gleichgesinnten austauschen m\u00f6chten, zu einem Musik-Treffen auf die Burg\u2026","rel":"","context":"In &quot;Kultur &amp; Kunst&quot;","block_context":{"text":"Kultur &amp; Kunst","link":"https:\/\/www.freidenker.org\/?cat=913"},"img":{"alt_text":"","src":"https:\/\/i0.wp.com\/www.freidenker.org\/fw17\/wp-content\/uploads\/2018\/01\/Liedersommer2017_kh_800x445.jpg?fit=800%2C445&ssl=1&resize=350%2C200","width":350,"height":200,"srcset":"https:\/\/i0.wp.com\/www.freidenker.org\/fw17\/wp-content\/uploads\/2018\/01\/Liedersommer2017_kh_800x445.jpg?fit=800%2C445&ssl=1&resize=350%2C200 1x, https:\/\/i0.wp.com\/www.freidenker.org\/fw17\/wp-content\/uploads\/2018\/01\/Liedersommer2017_kh_800x445.jpg?fit=800%2C445&ssl=1&resize=525%2C300 1.5x, https:\/\/i0.wp.com\/www.freidenker.org\/fw17\/wp-content\/uploads\/2018\/01\/Liedersommer2017_kh_800x445.jpg?fit=800%2C445&ssl=1&resize=700%2C400 2x"},"classes":[]},{"id":15518,"url":"https:\/\/www.freidenker.org\/?p=15518","url_meta":{"origin":4497,"position":3},"title":"Liedersommer gegen Faschismus und Krieg","author":"Webredaktion","date":"17. M\u00e4rz 2023","format":false,"excerpt":"Zum zehnten Mal laden wir zu unserem Kulturseminar ein, das an die Tradition der Liedermacherbewegung auf Burg Waldeck ankn\u00fcpft, wieder unterst\u00fctzt vom Bundes\u00adverband Arbeiterfotografie und der Neuen Rheinischen Zeitung. Nach der Burg Waldeck selbst \u00fcber die Pfalz und dem hessischen Bad Orb kommen wir dieses Jahr in Auerstedt in Th\u00fcringen\u2026","rel":"","context":"In &quot;Kultur &amp; Kunst&quot;","block_context":{"text":"Kultur &amp; Kunst","link":"https:\/\/www.freidenker.org\/?cat=913"},"img":{"alt_text":"","src":"https:\/\/i0.wp.com\/www.freidenker.org\/fw17\/wp-content\/uploads\/2023\/03\/sander_liso2022_800x450.jpg?fit=800%2C450&ssl=1&resize=350%2C200","width":350,"height":200,"srcset":"https:\/\/i0.wp.com\/www.freidenker.org\/fw17\/wp-content\/uploads\/2023\/03\/sander_liso2022_800x450.jpg?fit=800%2C450&ssl=1&resize=350%2C200 1x, https:\/\/i0.wp.com\/www.freidenker.org\/fw17\/wp-content\/uploads\/2023\/03\/sander_liso2022_800x450.jpg?fit=800%2C450&ssl=1&resize=525%2C300 1.5x, https:\/\/i0.wp.com\/www.freidenker.org\/fw17\/wp-content\/uploads\/2023\/03\/sander_liso2022_800x450.jpg?fit=800%2C450&ssl=1&resize=700%2C400 2x"},"classes":[]},{"id":4279,"url":"https:\/\/www.freidenker.org\/?p=4279","url_meta":{"origin":4497,"position":4},"title":"Bericht vom Linken Liedersommer 2013 auf der Burg Waldeck","author":"Webredaktion","date":"30. Juni 2013","format":false,"excerpt":"Bericht von Jane Zahn Wieder 130 Teilnehmer \u2013 wie es einer auf der Auswertungsdiskussion formulierte: \u201eDas ist heutzutage schon ein Erfolg!\u201c \u2013 beim Linken Liedersommer im Hunsr\u00fcck. Das legendenumwobene, traditionsreiche Gel\u00e4nde neben der Burg Waldeck war erf\u00fcllt von Musik, Gesang, Diskussionen, gesch\u00e4ftigem Betrieb. Mit 8 Workshop-Angeboten von \u201e150 Jahre Arbeiterlieder\u201c\u2026","rel":"","context":"In &quot;Kultur &amp; Kunst&quot;","block_context":{"text":"Kultur &amp; Kunst","link":"https:\/\/www.freidenker.org\/?cat=913"},"img":{"alt_text":"","src":"https:\/\/i0.wp.com\/www.freidenker.org\/fw17\/wp-content\/uploads\/2018\/01\/01-2013-06-21-23-af-0992_800x445.jpg?fit=800%2C445&ssl=1&resize=350%2C200","width":350,"height":200,"srcset":"https:\/\/i0.wp.com\/www.freidenker.org\/fw17\/wp-content\/uploads\/2018\/01\/01-2013-06-21-23-af-0992_800x445.jpg?fit=800%2C445&ssl=1&resize=350%2C200 1x, https:\/\/i0.wp.com\/www.freidenker.org\/fw17\/wp-content\/uploads\/2018\/01\/01-2013-06-21-23-af-0992_800x445.jpg?fit=800%2C445&ssl=1&resize=525%2C300 1.5x, https:\/\/i0.wp.com\/www.freidenker.org\/fw17\/wp-content\/uploads\/2018\/01\/01-2013-06-21-23-af-0992_800x445.jpg?fit=800%2C445&ssl=1&resize=700%2C400 2x"},"classes":[]},{"id":4282,"url":"https:\/\/www.freidenker.org\/?p=4282","url_meta":{"origin":4497,"position":5},"title":"Der Linke Liedersommer als Stellvertreterkriegsschauplatz","author":"Webredaktion","date":"26. Juni 2013","format":false,"excerpt":"Zu den Versuchen, den Auftritt der Band DIE BANDBREITE beim Liedersommer 2013 zu verhindern Der Linke Liedersommer 2013 auf Burg Waldeck im Hunsr\u00fcck war wie erwartet und erhofft ein H\u00f6hepunkt der Kulturarbeit des Deutschen Freidenker-Verbandes. Die Zahl von gut 130 Teilnehmerinnen und Teilnehmer war ein sch\u00f6ner Erfolg, und diese lobten\u2026","rel":"","context":"In &quot;Demokratie \u2013 Medien \u2013 Aufkl\u00e4rung&quot;","block_context":{"text":"Demokratie \u2013 Medien \u2013 Aufkl\u00e4rung","link":"https:\/\/www.freidenker.org\/?cat=12"},"img":{"alt_text":"","src":"https:\/\/i0.wp.com\/www.freidenker.org\/fw17\/wp-content\/uploads\/2018\/01\/10-2013-06-21-23-af-0869_800x445.jpg?fit=800%2C445&ssl=1&resize=350%2C200","width":350,"height":200,"srcset":"https:\/\/i0.wp.com\/www.freidenker.org\/fw17\/wp-content\/uploads\/2018\/01\/10-2013-06-21-23-af-0869_800x445.jpg?fit=800%2C445&ssl=1&resize=350%2C200 1x, https:\/\/i0.wp.com\/www.freidenker.org\/fw17\/wp-content\/uploads\/2018\/01\/10-2013-06-21-23-af-0869_800x445.jpg?fit=800%2C445&ssl=1&resize=525%2C300 1.5x, https:\/\/i0.wp.com\/www.freidenker.org\/fw17\/wp-content\/uploads\/2018\/01\/10-2013-06-21-23-af-0869_800x445.jpg?fit=800%2C445&ssl=1&resize=700%2C400 2x"},"classes":[]}],"_links":{"self":[{"href":"https:\/\/www.freidenker.org\/index.php?rest_route=\/wp\/v2\/posts\/4497","targetHints":{"allow":["GET"]}}],"collection":[{"href":"https:\/\/www.freidenker.org\/index.php?rest_route=\/wp\/v2\/posts"}],"about":[{"href":"https:\/\/www.freidenker.org\/index.php?rest_route=\/wp\/v2\/types\/post"}],"author":[{"embeddable":true,"href":"https:\/\/www.freidenker.org\/index.php?rest_route=\/wp\/v2\/users\/3"}],"replies":[{"embeddable":true,"href":"https:\/\/www.freidenker.org\/index.php?rest_route=%2Fwp%2Fv2%2Fcomments&post=4497"}],"version-history":[{"count":0,"href":"https:\/\/www.freidenker.org\/index.php?rest_route=\/wp\/v2\/posts\/4497\/revisions"}],"wp:featuredmedia":[{"embeddable":true,"href":"https:\/\/www.freidenker.org\/index.php?rest_route=\/wp\/v2\/media\/4498"}],"wp:attachment":[{"href":"https:\/\/www.freidenker.org\/index.php?rest_route=%2Fwp%2Fv2%2Fmedia&parent=4497"}],"wp:term":[{"taxonomy":"category","embeddable":true,"href":"https:\/\/www.freidenker.org\/index.php?rest_route=%2Fwp%2Fv2%2Fcategories&post=4497"},{"taxonomy":"post_tag","embeddable":true,"href":"https:\/\/www.freidenker.org\/index.php?rest_route=%2Fwp%2Fv2%2Ftags&post=4497"}],"curies":[{"name":"wp","href":"https:\/\/api.w.org\/{rel}","templated":true}]}}