{"id":4491,"date":"2017-09-12T22:10:21","date_gmt":"2017-09-12T20:10:21","guid":{"rendered":"http:\/\/www.freidenker.org\/?p=4491"},"modified":"2018-02-25T12:07:23","modified_gmt":"2018-02-25T11:07:23","slug":"aktionswoche-stopp-air-base-ramstein-2017","status":"publish","type":"post","link":"https:\/\/www.freidenker.org\/?p=4491","title":{"rendered":"Aktionswoche Stopp Air Base Ramstein 2017"},"content":{"rendered":"<p>Die diesj\u00e4hrigen Aktionen gegen die Air Base Ramstein wurden von den Veranstaltern als gro\u00dfer Erfolg gewertet:<\/p>\n<p>Sie waren eine der gro\u00dfen Aktionen der Friedensbewegung, als Einzelaktion 2017 mit Abstand die gr\u00f6\u00dfte Friedensaktion in Deutschland.<\/p>\n<p>Die Vielfalt der Aktionen gegen die Drohnen und die Ramstein Air Base vom 3. bis zum 10.09.2017 war einmalig und beeindruckend:<\/p>\n<ul>\n<li>Ein Friedenscamp mit mehr als 800 Menschen, junge, alte, Familien mit Kindern;<\/li>\n<li>Internationaler Basenkongress mit weit \u00fcber 300 Teilnehmenden;<\/li>\n<li>\u00d6ffentliche Abendveranstaltung mit mehr als 1.200 Teilnehmern<\/li>\n<li>Aktionsh\u00f6hepunkt: nach zwei Auftaktkundgebungen eine geschlossene Menschenkette mit 5000 Teilnehmenden, eine Abschlusskundgebung u.a. mit Oskar Lafontaine<\/li>\n<li>Zum Abschluss ein Friedensfestival mit 26 Gigs und 1.500 Teilnehmern.<\/li>\n<\/ul>\n<p>Die Gr\u00fcndung eines internationalen Netz\u00adwerkes gegen Milit\u00e4rbasen wurde auf den Weg gebracht, w\u00e4hrend der Aktionswoche haben sich zwei neue lokale Friedensinitiativen ger\u00fcndet.<\/p>\n<p>Der Gedanke, dass Kultur die Friedensaktivit\u00e4ten \u2013 eigenst\u00e4ndig mit K\u00fcnstlerinnen und K\u00fcnstlern f\u00fcr den Frieden \u2013 mit pr\u00e4gen soll, wird weiter verfolgt.<\/p>\n<p>Wie zur Best\u00e4tigung, wie wichtig die Aktionen waren, wurde kurz danach bekannt, dass die USA jahrelang Waffen f\u00fcr die syrischen Kontras von Ramstein aus transportiert haben. Die Bundesregierung behauptete, dass sie davon nichts wisse (aktives Wegschauen). Diese Duldung illegaler, v\u00f6lkerrechtswidriger Handlungen von deutschem Boden aus darf der Bundesregierung nicht geschenkt werden.<\/p>\n<figure id=\"attachment_4494\" aria-describedby=\"caption-attachment-4494\" style=\"width: 544px\" class=\"wp-caption alignnone\"><img data-recalc-dims=\"1\" loading=\"lazy\" decoding=\"async\" data-attachment-id=\"4494\" data-permalink=\"https:\/\/www.freidenker.org\/?attachment_id=4494\" data-orig-file=\"https:\/\/i0.wp.com\/www.freidenker.org\/fw17\/wp-content\/uploads\/2018\/02\/Ramstein-2017-3.png?fit=544%2C336&amp;ssl=1\" data-orig-size=\"544,336\" data-comments-opened=\"0\" data-image-meta=\"{&quot;aperture&quot;:&quot;0&quot;,&quot;credit&quot;:&quot;&quot;,&quot;camera&quot;:&quot;&quot;,&quot;caption&quot;:&quot;&quot;,&quot;created_timestamp&quot;:&quot;0&quot;,&quot;copyright&quot;:&quot;&quot;,&quot;focal_length&quot;:&quot;0&quot;,&quot;iso&quot;:&quot;0&quot;,&quot;shutter_speed&quot;:&quot;0&quot;,&quot;title&quot;:&quot;&quot;,&quot;orientation&quot;:&quot;0&quot;}\" data-image-title=\"Ramstein-2017-3\" data-image-description=\"\" data-image-caption=\"\" data-large-file=\"https:\/\/i0.wp.com\/www.freidenker.org\/fw17\/wp-content\/uploads\/2018\/02\/Ramstein-2017-3.png?fit=544%2C336&amp;ssl=1\" class=\"wp-image-4494 size-full\" src=\"https:\/\/i0.wp.com\/www.freidenker.org\/fw17\/wp-content\/uploads\/2018\/02\/Ramstein-2017-3.png?resize=544%2C336&#038;ssl=1\" alt=\"\" width=\"544\" height=\"336\" srcset=\"https:\/\/i0.wp.com\/www.freidenker.org\/fw17\/wp-content\/uploads\/2018\/02\/Ramstein-2017-3.png?w=544&amp;ssl=1 544w, https:\/\/i0.wp.com\/www.freidenker.org\/fw17\/wp-content\/uploads\/2018\/02\/Ramstein-2017-3.png?resize=300%2C185&amp;ssl=1 300w\" sizes=\"auto, (max-width: 544px) 100vw, 544px\" \/><figcaption id=\"caption-attachment-4494\" class=\"wp-caption-text\">Immer stark umlagert: Die Infost\u00e4nde der Freidenker vor dem Internationalen Kongress und bei der Kundgebung in Ramstein. Hier wurden Unterschriften f\u00fcr den \u201eRamsteiner Appell\u201c und den Aufruf \u201eDeutschland raus aus der NATO \u2013NATO raus aus Deutschland\u201c gesammelt.<br \/>Foto: Hartmut Weidler<\/figcaption><\/figure>\n<figure id=\"attachment_4495\" aria-describedby=\"caption-attachment-4495\" style=\"width: 544px\" class=\"wp-caption alignnone\"><img data-recalc-dims=\"1\" loading=\"lazy\" decoding=\"async\" data-attachment-id=\"4495\" data-permalink=\"https:\/\/www.freidenker.org\/?attachment_id=4495\" data-orig-file=\"https:\/\/i0.wp.com\/www.freidenker.org\/fw17\/wp-content\/uploads\/2018\/02\/Ramstein-2017-2.png?fit=544%2C408&amp;ssl=1\" data-orig-size=\"544,408\" data-comments-opened=\"0\" data-image-meta=\"{&quot;aperture&quot;:&quot;0&quot;,&quot;credit&quot;:&quot;&quot;,&quot;camera&quot;:&quot;&quot;,&quot;caption&quot;:&quot;&quot;,&quot;created_timestamp&quot;:&quot;0&quot;,&quot;copyright&quot;:&quot;&quot;,&quot;focal_length&quot;:&quot;0&quot;,&quot;iso&quot;:&quot;0&quot;,&quot;shutter_speed&quot;:&quot;0&quot;,&quot;title&quot;:&quot;&quot;,&quot;orientation&quot;:&quot;0&quot;}\" data-image-title=\"Ramstein-2017-2\" data-image-description=\"\" data-image-caption=\"\" data-large-file=\"https:\/\/i0.wp.com\/www.freidenker.org\/fw17\/wp-content\/uploads\/2018\/02\/Ramstein-2017-2.png?fit=544%2C408&amp;ssl=1\" class=\"wp-image-4495 size-full\" src=\"https:\/\/i0.wp.com\/www.freidenker.org\/fw17\/wp-content\/uploads\/2018\/02\/Ramstein-2017-2.png?resize=544%2C408&#038;ssl=1\" alt=\"\" width=\"544\" height=\"408\" srcset=\"https:\/\/i0.wp.com\/www.freidenker.org\/fw17\/wp-content\/uploads\/2018\/02\/Ramstein-2017-2.png?w=544&amp;ssl=1 544w, https:\/\/i0.wp.com\/www.freidenker.org\/fw17\/wp-content\/uploads\/2018\/02\/Ramstein-2017-2.png?resize=300%2C225&amp;ssl=1 300w\" sizes=\"auto, (max-width: 544px) 100vw, 544px\" \/><figcaption id=\"caption-attachment-4495\" class=\"wp-caption-text\">Hessische Freidenker auf dem Weg von der Menschenkette zur Abschlusskundgebung vor dem Tor der Air Base <br \/>Foto: \u00a9 by arbeiterfotografie.com<\/figcaption><\/figure>\n<p>Weitere Bilder gibt es auf arbeiterfotografie.com:<br \/>\n<a href=\"http:\/\/www.arbeiterfotografie.com\/galerie\/reportage-2017\/2017-09-08-09-ramstein-protest.html\" target=\"_blank\" rel=\"noopener\">http:\/\/www.arbeiterfotografie.com\/galerie\/reportage-2017\/2017-09-08-09-ramstein-protest.html<\/a><br \/>\n(es gibt dort 8 Galerien &#8211; am Ende jeder Galerie findet ihr den Link zur n\u00e4chsten)<\/p>\n<p>Einen Kurzbericht mit Galerie findet ihr bei der &#8222;Neuen Rheinischen Zeitung&#8220;:<br \/>\n<a href=\"http:\/\/www.nrhz.de\/flyer\/beitrag.php?id=24126\" target=\"_blank\" rel=\"noopener\">http:\/\/www.nrhz.de\/flyer\/beitrag.php?id=24126<\/a><\/p>\n<p>&nbsp;<\/p>\n<hr \/>\n<p>Bild oben: Auftaktkundgebung in Ramstein-Miesenbach: Klaus Hartmann und Ken Jebsen<br \/>\nFoto: Hartmut Weidler<\/p>\n","protected":false},"excerpt":{"rendered":"<p><strong>Kurzbericht von der Aktionswoche an der Ramstein Air Base vom 3. bis zum 10.09.2017<\/strong><br \/>\nDie diesj\u00e4hrigen Aktionen gegen die Air Base Ramstein wurden von den Veranstaltern als gro\u00dfer Erfolg gewertet: Sie waren eine der gro\u00dfen Aktionen der Friedensbewegung, als Einzelaktion 2017 mit Abstand die gr\u00f6\u00dfte Friedensaktion in Deutschland. Die Gr\u00fcndung eines internationalen Netz\u00adwerkes gegen Milit\u00e4rbasen wurde auf den Weg gebracht, w\u00e4hrend der Aktionswoche haben sich zwei neue lokale Friedensinitiativen ger\u00fcndet. Der Gedanke, dass Kultur die Friedensaktivit\u00e4ten \u2013 eigenst\u00e4ndig mit K\u00fcnstlerinnen und K\u00fcnstlern f\u00fcr den Frieden \u2013 mit pr\u00e4gen soll, wird weiter verfolgt.<\/p>\n","protected":false},"author":3,"featured_media":4493,"comment_status":"closed","ping_status":"closed","sticky":false,"template":"","format":"standard","meta":{"colormag_page_container_layout":"default_layout","colormag_page_sidebar_layout":"default_layout","advanced_seo_description":"","jetpack_seo_html_title":"","jetpack_seo_noindex":false,"jetpack_post_was_ever_published":false,"footnotes":""},"categories":[13,20],"tags":[335,43,60],"class_list":["post-4491","post","type-post","status-publish","format-standard","has-post-thumbnail","hentry","category-frieden-antifaschismus-solidaritaet","category-zentrale-veranstaltungen","tag-frieden","tag-friedensbewegung","tag-kampagne-stopp-ramstein"],"jetpack_featured_media_url":"https:\/\/i0.wp.com\/www.freidenker.org\/fw17\/wp-content\/uploads\/2018\/02\/Ramstein-2017.jpg?fit=800%2C445&ssl=1","jetpack_shortlink":"https:\/\/wp.me\/p9stpK-1ar","jetpack-related-posts":[{"id":5194,"url":"https:\/\/www.freidenker.org\/?p=5194","url_meta":{"origin":4491,"position":0},"title":"Aktionswoche Stopp Air Base Ramstein \u201818","author":"Webredaktion","date":"15. Juni 2018","format":false,"excerpt":"Als H\u00f6hepunkt der diesj\u00e4hrigen Proteste ist eine Demonstration mit 4 Kundgebungen am Samstag, den 30.06.18 geplant. ... Anschlie\u00dfend ziehen die Demonstrationsz\u00fcge gemeinsam zum Denkmal f\u00fcr die 1988 ums Leben gekommenen Flugshow-Opfer. Hier wollen wir am drei\u00dfigsten Jahrestag der Katastrophe der Opfer gedenken. Abschlie\u00dfend treffen wir uns gegen 16 Uhr vor\u2026","rel":"","context":"In &quot;Frieden - Antifaschismus - Solidarit\u00e4t&quot;","block_context":{"text":"Frieden - Antifaschismus - Solidarit\u00e4t","link":"https:\/\/www.freidenker.org\/?cat=13"},"img":{"alt_text":"","src":"https:\/\/i0.wp.com\/www.freidenker.org\/fw17\/wp-content\/uploads\/2018\/06\/ramstein2017_60102_800x445_mL.jpg?fit=800%2C445&ssl=1&resize=350%2C200","width":350,"height":200,"srcset":"https:\/\/i0.wp.com\/www.freidenker.org\/fw17\/wp-content\/uploads\/2018\/06\/ramstein2017_60102_800x445_mL.jpg?fit=800%2C445&ssl=1&resize=350%2C200 1x, https:\/\/i0.wp.com\/www.freidenker.org\/fw17\/wp-content\/uploads\/2018\/06\/ramstein2017_60102_800x445_mL.jpg?fit=800%2C445&ssl=1&resize=525%2C300 1.5x, https:\/\/i0.wp.com\/www.freidenker.org\/fw17\/wp-content\/uploads\/2018\/06\/ramstein2017_60102_800x445_mL.jpg?fit=800%2C445&ssl=1&resize=700%2C400 2x"},"classes":[]},{"id":2988,"url":"https:\/\/www.freidenker.org\/?p=2988","url_meta":{"origin":4491,"position":1},"title":"Freidenker-Brief 6-2015: Deutschland raus aus der NATO &#8211; NATO raus aus Deutschland","author":"Webredaktion","date":"27. August 2015","format":false,"excerpt":"W\u00e4hrend manche \"Institutionen\" der Friedensbewegung fortgesetzt die Diskussion \u201eWie weiter mit der Friedensbewegung?\u201c f\u00fchren, gibt es erfreulicherweise auch Friedenskr\u00e4fte, die angesichts der gef\u00e4hrlichen internationalen Entwicklung aktiv werden, die auf Aktionen und auf Klarheit dr\u00e4ngen: Einerseits die im \"AK Frieden \/ Internationales\" des Deutschen Freidenker-Verbandes erarbeitete programmatische Erkl\u00e4rung zu Fragen von\u2026","rel":"","context":"In &quot;Freidenker-Brief&quot;","block_context":{"text":"Freidenker-Brief","link":"https:\/\/www.freidenker.org\/?cat=341"},"img":{"alt_text":"","src":"https:\/\/i0.wp.com\/www.freidenker.org\/fw17\/wp-content\/uploads\/2015\/08\/Global_Hawk_800x445_mLogo.jpg?fit=800%2C445&ssl=1&resize=350%2C200","width":350,"height":200,"srcset":"https:\/\/i0.wp.com\/www.freidenker.org\/fw17\/wp-content\/uploads\/2015\/08\/Global_Hawk_800x445_mLogo.jpg?fit=800%2C445&ssl=1&resize=350%2C200 1x, https:\/\/i0.wp.com\/www.freidenker.org\/fw17\/wp-content\/uploads\/2015\/08\/Global_Hawk_800x445_mLogo.jpg?fit=800%2C445&ssl=1&resize=525%2C300 1.5x, https:\/\/i0.wp.com\/www.freidenker.org\/fw17\/wp-content\/uploads\/2015\/08\/Global_Hawk_800x445_mLogo.jpg?fit=800%2C445&ssl=1&resize=700%2C400 2x"},"classes":[]},{"id":252,"url":"https:\/\/www.freidenker.org\/?p=252","url_meta":{"origin":4491,"position":2},"title":"Kein Drohnenkrieg \u2013 Stopp Ramstein","author":"Webmaster","date":"21. Mai 2016","format":false,"excerpt":"Appell der Planungskonferenz \u201eStopp Ramstein\u201c Kommt und macht mit bei der Menschenkette am 11. Juno 2016! Ramstein steht f\u00fcr die Politik von Interventionen und Krieg, von \u00dcberwachung und Militarismus. Von Ramstein gehen durch die weltweiten Drohneneins\u00e4tze tagt\u00e4glich Tod, Leid, Terror und Verderben aus. Drohnenkrieg ist Serienmord. Als erstes muss die\u2026","rel":"","context":"In &quot;Frieden - Antifaschismus - Solidarit\u00e4t&quot;","block_context":{"text":"Frieden - Antifaschismus - Solidarit\u00e4t","link":"https:\/\/www.freidenker.org\/?cat=13"},"img":{"alt_text":"","src":"https:\/\/i0.wp.com\/www.freidenker.org\/fw17\/wp-content\/uploads\/2016\/07\/Stop_Hand.jpg?fit=800%2C445&ssl=1&resize=350%2C200","width":350,"height":200,"srcset":"https:\/\/i0.wp.com\/www.freidenker.org\/fw17\/wp-content\/uploads\/2016\/07\/Stop_Hand.jpg?fit=800%2C445&ssl=1&resize=350%2C200 1x, https:\/\/i0.wp.com\/www.freidenker.org\/fw17\/wp-content\/uploads\/2016\/07\/Stop_Hand.jpg?fit=800%2C445&ssl=1&resize=525%2C300 1.5x, https:\/\/i0.wp.com\/www.freidenker.org\/fw17\/wp-content\/uploads\/2016\/07\/Stop_Hand.jpg?fit=800%2C445&ssl=1&resize=700%2C400 2x"},"classes":[]},{"id":272,"url":"https:\/\/www.freidenker.org\/?p=272","url_meta":{"origin":4491,"position":3},"title":"Gro\u00dfdemo gegen US-Basis Ramstein &#8211; Interview mit dem Vorsitzenden des Deutschen Freidenker-Verbandes","author":"Webmaster","date":"31. Mai 2016","format":false,"excerpt":"Rainer Rupp im Gespr\u00e4ch mit dem Bundesvorsitzenden des Deutschen Freidenker-Verbandes Klaus Hartmann \u00fcber die Kampagne \"Stopp Ramstein\", geplante Aktionen im Juni 2016 sowie die Initiative \"Deutschland raus aus der NATO \u2013 NATO raus aus Deutschland\u201c. \u201eVon deutschem Boden soll nie wieder Krieg ausgehen\u201c \u2013 das versicherte die Bundesregierung feierlich zum\u2026","rel":"","context":"In &quot;Frieden - Antifaschismus - Solidarit\u00e4t&quot;","block_context":{"text":"Frieden - Antifaschismus - Solidarit\u00e4t","link":"https:\/\/www.freidenker.org\/?cat=13"},"img":{"alt_text":"","src":"https:\/\/i0.wp.com\/www.freidenker.org\/fw17\/wp-content\/uploads\/2016\/07\/drone.jpg?fit=1200%2C763&ssl=1&resize=350%2C200","width":350,"height":200,"srcset":"https:\/\/i0.wp.com\/www.freidenker.org\/fw17\/wp-content\/uploads\/2016\/07\/drone.jpg?fit=1200%2C763&ssl=1&resize=350%2C200 1x, https:\/\/i0.wp.com\/www.freidenker.org\/fw17\/wp-content\/uploads\/2016\/07\/drone.jpg?fit=1200%2C763&ssl=1&resize=525%2C300 1.5x, https:\/\/i0.wp.com\/www.freidenker.org\/fw17\/wp-content\/uploads\/2016\/07\/drone.jpg?fit=1200%2C763&ssl=1&resize=700%2C400 2x, https:\/\/i0.wp.com\/www.freidenker.org\/fw17\/wp-content\/uploads\/2016\/07\/drone.jpg?fit=1200%2C763&ssl=1&resize=1050%2C600 3x"},"classes":[]},{"id":275,"url":"https:\/\/www.freidenker.org\/?p=275","url_meta":{"origin":4491,"position":4},"title":"Freidenker-Brief 2-2016: Kampagne Stopp Ramstein \u2013 Aktionswochenende im Juni","author":"Webmaster","date":"3. Juni 2016","format":false,"excerpt":"Der Deutsche Freidenker-Verband appelliert an seine Mitglieder und Sympathisanten, die Kampagne \u201eStopp Ramstein\u201c zu unterst\u00fctzen und an dem Aktionswochenende in Kaiserslautern\/Ramstein, 10. \u2013 12. Juni 2016, teilzunehmen. \u201eDie US-Airbase in Ramstein repr\u00e4sentiert fast alle Friedensbedrohungen, denen wir heute ausgesetzt sind.\u201c So Klaus Hartmann, der Vorsitzende des Deutschen Freidenker-Verbands in einem\u2026","rel":"","context":"In &quot;Freidenker-Brief&quot;","block_context":{"text":"Freidenker-Brief","link":"https:\/\/www.freidenker.org\/?cat=341"},"img":{"alt_text":"","src":"https:\/\/i0.wp.com\/www.freidenker.org\/fw17\/wp-content\/uploads\/2016\/07\/Megaphone.jpg?fit=800%2C445&ssl=1&resize=350%2C200","width":350,"height":200,"srcset":"https:\/\/i0.wp.com\/www.freidenker.org\/fw17\/wp-content\/uploads\/2016\/07\/Megaphone.jpg?fit=800%2C445&ssl=1&resize=350%2C200 1x, https:\/\/i0.wp.com\/www.freidenker.org\/fw17\/wp-content\/uploads\/2016\/07\/Megaphone.jpg?fit=800%2C445&ssl=1&resize=525%2C300 1.5x, https:\/\/i0.wp.com\/www.freidenker.org\/fw17\/wp-content\/uploads\/2016\/07\/Megaphone.jpg?fit=800%2C445&ssl=1&resize=700%2C400 2x"},"classes":[]},{"id":8107,"url":"https:\/\/www.freidenker.org\/?p=8107","url_meta":{"origin":4491,"position":5},"title":"Air Base Ramstein: Drohnenmorde stoppen","author":"Webredaktion","date":"17. Mai 2020","format":false,"excerpt":"Beitrag der Webredaktion Nach der Ermordung des iranischen Generals Ghassem Soleimani durch eine US-Drohne hatten im Februar 2020 acht Bundestagsabgeordnete der Partei Die Linke Strafanzeige gegen Kanzlerin Angela Merkel und weitere Mitglieder der Bundesregierung beim Generalbundesanwalt gestellt: Wegen Beihilfe zum Mord durch Unterlassen. ... Die \"Kampagne Stopp Air Base Ramstein\"\u2026","rel":"","context":"In &quot;Frieden - Antifaschismus - Solidarit\u00e4t&quot;","block_context":{"text":"Frieden - Antifaschismus - Solidarit\u00e4t","link":"https:\/\/www.freidenker.org\/?cat=13"},"img":{"alt_text":"","src":"https:\/\/i0.wp.com\/www.freidenker.org\/fw17\/wp-content\/uploads\/2020\/05\/MQ-9_Reaper_-_800x450.jpg?fit=800%2C450&ssl=1&resize=350%2C200","width":350,"height":200,"srcset":"https:\/\/i0.wp.com\/www.freidenker.org\/fw17\/wp-content\/uploads\/2020\/05\/MQ-9_Reaper_-_800x450.jpg?fit=800%2C450&ssl=1&resize=350%2C200 1x, https:\/\/i0.wp.com\/www.freidenker.org\/fw17\/wp-content\/uploads\/2020\/05\/MQ-9_Reaper_-_800x450.jpg?fit=800%2C450&ssl=1&resize=525%2C300 1.5x, https:\/\/i0.wp.com\/www.freidenker.org\/fw17\/wp-content\/uploads\/2020\/05\/MQ-9_Reaper_-_800x450.jpg?fit=800%2C450&ssl=1&resize=700%2C400 2x"},"classes":[]}],"_links":{"self":[{"href":"https:\/\/www.freidenker.org\/index.php?rest_route=\/wp\/v2\/posts\/4491","targetHints":{"allow":["GET"]}}],"collection":[{"href":"https:\/\/www.freidenker.org\/index.php?rest_route=\/wp\/v2\/posts"}],"about":[{"href":"https:\/\/www.freidenker.org\/index.php?rest_route=\/wp\/v2\/types\/post"}],"author":[{"embeddable":true,"href":"https:\/\/www.freidenker.org\/index.php?rest_route=\/wp\/v2\/users\/3"}],"replies":[{"embeddable":true,"href":"https:\/\/www.freidenker.org\/index.php?rest_route=%2Fwp%2Fv2%2Fcomments&post=4491"}],"version-history":[{"count":0,"href":"https:\/\/www.freidenker.org\/index.php?rest_route=\/wp\/v2\/posts\/4491\/revisions"}],"wp:featuredmedia":[{"embeddable":true,"href":"https:\/\/www.freidenker.org\/index.php?rest_route=\/wp\/v2\/media\/4493"}],"wp:attachment":[{"href":"https:\/\/www.freidenker.org\/index.php?rest_route=%2Fwp%2Fv2%2Fmedia&parent=4491"}],"wp:term":[{"taxonomy":"category","embeddable":true,"href":"https:\/\/www.freidenker.org\/index.php?rest_route=%2Fwp%2Fv2%2Fcategories&post=4491"},{"taxonomy":"post_tag","embeddable":true,"href":"https:\/\/www.freidenker.org\/index.php?rest_route=%2Fwp%2Fv2%2Ftags&post=4491"}],"curies":[{"name":"wp","href":"https:\/\/api.w.org\/{rel}","templated":true}]}}