{"id":448,"date":"2012-12-16T16:18:41","date_gmt":"2012-12-16T15:18:41","guid":{"rendered":"http:\/\/www.freidenker.org\/fw17\/?p=448"},"modified":"2018-02-25T12:49:45","modified_gmt":"2018-02-25T11:49:45","slug":"aufgaben-der-aufklaerung-die-richtigstellung-der-begriffe","status":"publish","type":"post","link":"https:\/\/www.freidenker.org\/?p=448","title":{"rendered":"Aufgaben der Aufkl\u00e4rung: Die Richtigstellung der Begriffe\u201c"},"content":{"rendered":"<div id=\"content\" class=\"clearfix\">\n<article id=\"post-70\" class=\"post-70 page type-page status-publish hentry\">\n<div class=\"entry-content clearfix\">\n<pre>Beschlossen vom Verbandsvorstand am 27.\/28. Oktober 2012 in Magdeburg im Auftrag des Verbandtages vom 02.\/03. Juni 2012 in N\u00fcrnberg<\/pre>\n<blockquote><p><strong>Kaufen, was einem die Kartelle vorwerfen; lesen, was einem die Zensoren erlauben; glauben, was einem die Kirche und Partei gebieten.<\/strong><br \/>\n<strong>Beinkleider werden zur Zeit mittelweit getragen.<\/strong><br \/>\n<strong>Freiheit gar nicht.<\/strong><br \/>\n<strong>(Kurt Tucholsky)<\/strong><\/p><\/blockquote>\n<p>&nbsp;<\/p>\n<blockquote><p><strong>Die gro\u00dfe L\u00fcge der Medien ist, diese Welt kann nicht ver\u00e4ndert werden.<\/strong><br \/>\n<strong>(Peter Hacks)<\/strong><\/p><\/blockquote>\n<p>Der Deutsche Freidenker-Verband sieht das Ziel der historischen Aufkl\u00e4rungsbewegung, die Durchsetzung der Vernunft im geistigen und wissenschaftlichen Leben, f\u00fcr nicht erreicht an, und daher in der Fortsetzung der Aufkl\u00e4rung eine zentrale Aufgabe.<br \/>\nIn unserer programmatischen \u201eBerliner Erkl\u00e4rung\u201c charakterisieren wir Freies Denken u.a. als ein Denken, \u201edem die \u00dcberzeugung zugrunde liegt, dass der Mensch die F\u00e4higkeit besitzt, sich ein Bild von der Welt, wie sie wirklich ist, und seinem Platz in ihr zu machen, seinen Selbstwert aus diesem Zusammenhang zu begreifen und seinem Leben so begr\u00fcndet einen Sinn zu geben\u201c.<\/p>\n<p>Dieser Erkenntnisoptimismus wird oft auf eine harte Probe gestellt. In Gesellschaft, Staat und Politik sind auch heute \u201amoderne\u2019 Dunkelm\u00e4nner am Werk, ihr interessengeleiteter Dogmatismus wird nicht mehr nur von Kirchenkanzeln gepredigt, sondern mithilfe einer milliardenschweren Bewusstseinsindustrie in die K\u00f6pfe geh\u00e4mmert. Die herrschende imperialistische Ordnung soll als gottgewollt und alternativlos erscheinen und geduldetwerden.<\/p>\n<p>Um die Akzeptanz irrationaler Verh\u00e4ltnisse zu erreichen, setzt die herrschende Ideologieproduktion mit ihren Leitmedien neben \u201eZerstreuung\u201c auf die massenhafte Verbreitung von Irrationalismus. Ungl\u00e4ubige werden zwar nicht mehr als Ketzer verbrannt, aber als \u201aUnbelehrbare\u2019 oder \u201aVerschw\u00f6rungstheoretiker\u2019 gebrandmarkt.<\/p>\n<p>\u2026<\/p>\n<p>Lest das vollst\u00e4ndige <a href=\"https:\/\/www.freidenker.org\/fw17\/wp-content\/uploads\/2017\/11\/dfvvt12-die-richtigstellung-der-begriffe.pdf\" target=\"_blank\" rel=\"noopener\">PDF-Dokument<\/a>\u00a0(ca. 230 kb) hier weiter \u2026<\/p>\n<hr \/>\n<p>Bild, Skulptur &#8222;Der Denker&#8220;, Stuttgart: https:\/\/pixabay.com\/de\/users\/tookapic-1386459\/<\/p>\n<\/div>\n<\/article>\n<\/div>\n","protected":false},"excerpt":{"rendered":"<p><strong>Beschluss des Verbandsvorstandes vom 27.\/28. Oktober 2012. <\/strong><br \/>\nAuszug: &#8222;Der Deutsche Freidenker-Verband sieht das Ziel der historischen Aufkl\u00e4rungsbewegung, die Durchsetzung der Vernunft im geistigen und wissenschaftlichen Leben, f\u00fcr nicht erreicht an, und daher in der Fortsetzung der Aufkl\u00e4rung eine zentrale Aufgabe. &#8230; In Gesellschaft, Staat und Politik sind auch heute \u201amoderne\u2019 Dunkelm\u00e4nner am Werk, ihr interessengeleiteter Dogmatismus wird nicht mehr nur von Kirchenkanzeln gepredigt, sondern mithilfe einer milliardenschweren Bewusstseinsindustrie in die K\u00f6pfe geh\u00e4mmert. Die herrschende imperialistische Ordnung soll als gottgewollt und alternativlos erscheinen und geduldetwerden.&#8220;<\/p>\n","protected":false},"author":2,"featured_media":449,"comment_status":"closed","ping_status":"closed","sticky":false,"template":"","format":"standard","meta":{"colormag_page_container_layout":"default_layout","colormag_page_sidebar_layout":"default_layout","advanced_seo_description":"","jetpack_seo_html_title":"","jetpack_seo_noindex":false,"jetpack_post_was_ever_published":false,"footnotes":""},"categories":[210],"tags":[211,214,27,213,410],"class_list":["post-448","post","type-post","status-publish","format-standard","has-post-thumbnail","hentry","category-positionen","tag-aufklaerung","tag-berliner-erklaerung","tag-deutscher-freidenker-verband","tag-freies-denken","tag-verbandstag"],"jetpack_featured_media_url":"https:\/\/i0.wp.com\/www.freidenker.org\/fw17\/wp-content\/uploads\/2016\/08\/Denkerkopf_01.jpg?fit=800%2C445&ssl=1","jetpack_shortlink":"https:\/\/wp.me\/p9stpK-7e","jetpack-related-posts":[{"id":3214,"url":"https:\/\/www.freidenker.org\/?p=3214","url_meta":{"origin":448,"position":0},"title":"Gegen Volksverdummung und Zerst\u00f6rung der Vernunft","author":"Webredaktion","date":"15. November 2009","format":false,"excerpt":"Beschluss des Verbandsvorstandes im Auftrag des Verbandstages vom 22.\/23. Mai 2009 in Berlin Der Deutsche Freidenker-Verband als Weltanschauungsgemeinschaft und Kulturorganisation betrachtet Aufkl\u00e4rung als die Hauptaufgabe seiner weltanschaulichen T\u00e4tigkeit. ... Die Aufkl\u00e4rungsbewegung leistete die geistige Vorarbeit, eine andere freiere Gesellschaftsordnung zu denken und in den folgenden b\u00fcrgerlichen und sozialistischen Revolutionen zu\u2026","rel":"","context":"In &quot;Demokratie \u2013 Medien \u2013 Aufkl\u00e4rung&quot;","block_context":{"text":"Demokratie \u2013 Medien \u2013 Aufkl\u00e4rung","link":"https:\/\/www.freidenker.org\/?cat=12"},"img":{"alt_text":"","src":"https:\/\/i0.wp.com\/www.freidenker.org\/fw17\/wp-content\/uploads\/2010\/01\/voltaitre_russia-1381260_800x445.jpg?fit=800%2C445&ssl=1&resize=350%2C200","width":350,"height":200,"srcset":"https:\/\/i0.wp.com\/www.freidenker.org\/fw17\/wp-content\/uploads\/2010\/01\/voltaitre_russia-1381260_800x445.jpg?fit=800%2C445&ssl=1&resize=350%2C200 1x, https:\/\/i0.wp.com\/www.freidenker.org\/fw17\/wp-content\/uploads\/2010\/01\/voltaitre_russia-1381260_800x445.jpg?fit=800%2C445&ssl=1&resize=525%2C300 1.5x, https:\/\/i0.wp.com\/www.freidenker.org\/fw17\/wp-content\/uploads\/2010\/01\/voltaitre_russia-1381260_800x445.jpg?fit=800%2C445&ssl=1&resize=700%2C400 2x"},"classes":[]},{"id":768,"url":"https:\/\/www.freidenker.org\/?p=768","url_meta":{"origin":448,"position":1},"title":"FREIDENKER 4-12 EXTRA &#8211; Aufgaben der Aufkl\u00e4rung: &#8222;Die Richtigstellung der Begriffe&#8220;","author":"Webmaster","date":"16. Dezember 2012","format":false,"excerpt":"Die Ausgabe 4-12 des Verbandsorgans FREIDENKER beinhaltet aktuelle grundlegende Dokumente des Deutschen Freidenker-Verbandes: - Aufgaben der Aufkl\u00e4rung: \u201eDie Richtigstellung der Begriffe\u201c (beschlossen 2012) - Gegen Volksverdummung und die Zerst\u00f6rung der Vernunft \u2013 F\u00fcr Aufkl\u00e4rung! (beschlossen 2009) - Berliner Erkl\u00e4rung: \u201eWer sind die Freidenker und was wollen sie?\u201c (beschlossen 1994) -\u2026","rel":"","context":"In &quot;Verbandsorgan FREIDENKER&quot;","block_context":{"text":"Verbandsorgan FREIDENKER","link":"https:\/\/www.freidenker.org\/?cat=8"},"img":{"alt_text":"","src":"https:\/\/i0.wp.com\/www.freidenker.org\/fw17\/wp-content\/uploads\/2017\/12\/FD_2012-04_Titel_mR.jpg?fit=800%2C445&ssl=1&resize=350%2C200","width":350,"height":200,"srcset":"https:\/\/i0.wp.com\/www.freidenker.org\/fw17\/wp-content\/uploads\/2017\/12\/FD_2012-04_Titel_mR.jpg?fit=800%2C445&ssl=1&resize=350%2C200 1x, https:\/\/i0.wp.com\/www.freidenker.org\/fw17\/wp-content\/uploads\/2017\/12\/FD_2012-04_Titel_mR.jpg?fit=800%2C445&ssl=1&resize=525%2C300 1.5x, https:\/\/i0.wp.com\/www.freidenker.org\/fw17\/wp-content\/uploads\/2017\/12\/FD_2012-04_Titel_mR.jpg?fit=800%2C445&ssl=1&resize=700%2C400 2x"},"classes":[]},{"id":22342,"url":"https:\/\/www.freidenker.org\/?p=22342","url_meta":{"origin":448,"position":2},"title":"F\u00fcr die Trennung von Staat und Kirche, Kirche und Schule sowie den Dialog mit religi\u00f6sen Menschen","author":"Webredaktion","date":"9. Juli 2025","format":false,"excerpt":"Neu herausgegeben: Das aktualisierte Forderungsprogramm\u00a0des Deutschen Freidenker-Verbandes\u00a0zum Verh\u00e4ltnis Staat - Kirche auf der Grundlage der Berliner Erkl\u00e4rung von 1994 und mit Ausz\u00fcgen aus den Thesen zur Religion [Aus dem Editorial:] Die Forderung nach strikter Trennung von Staat und Kirche ist eine fundamentale For\u00adderung der europ\u00e4ischen Aufkl\u00e4rung, von deren Verwirklichung in\u2026","rel":"","context":"In &quot;Aktuelles&quot;","block_context":{"text":"Aktuelles","link":"https:\/\/www.freidenker.org\/?cat=574"},"img":{"alt_text":"","src":"https:\/\/i0.wp.com\/www.freidenker.org\/fw17\/wp-content\/uploads\/2025\/07\/Broschuere_Trennung_Staat_Kirche_800x450.jpg?fit=800%2C453&ssl=1&resize=350%2C200","width":350,"height":200,"srcset":"https:\/\/i0.wp.com\/www.freidenker.org\/fw17\/wp-content\/uploads\/2025\/07\/Broschuere_Trennung_Staat_Kirche_800x450.jpg?fit=800%2C453&ssl=1&resize=350%2C200 1x, https:\/\/i0.wp.com\/www.freidenker.org\/fw17\/wp-content\/uploads\/2025\/07\/Broschuere_Trennung_Staat_Kirche_800x450.jpg?fit=800%2C453&ssl=1&resize=525%2C300 1.5x, https:\/\/i0.wp.com\/www.freidenker.org\/fw17\/wp-content\/uploads\/2025\/07\/Broschuere_Trennung_Staat_Kirche_800x450.jpg?fit=800%2C453&ssl=1&resize=700%2C400 2x"},"classes":[]},{"id":8143,"url":"https:\/\/www.freidenker.org\/?p=8143","url_meta":{"origin":448,"position":3},"title":"Schulen und Kitas \u00f6ffnen!","author":"Webredaktion","date":"25. Mai 2020","format":false,"excerpt":"Freidenker zu den Schlie\u00dfungen im Erziehungs- und Bildungsbereich Das \"Corona-Regime\" hat als eine der ersten und zentralen Ma\u00dfnahmen die Schlie\u00dfung von Einrichtungen zur Erziehung und Bildung von Kindern und Jugendlichen verf\u00fcgt. Inzwischen wurden \"Fahrpl\u00e4ne zur stufenweisen Wiederer\u00f6ffnung\" vorgelegt, die aber grunds\u00e4tzlich von einem \"verminderten\" Betrieb ausgehen, der sogar bis nach\u2026","rel":"","context":"In &quot;Arbeit &amp; Soziales&quot;","block_context":{"text":"Arbeit &amp; Soziales","link":"https:\/\/www.freidenker.org\/?cat=11"},"img":{"alt_text":"","src":"https:\/\/i0.wp.com\/www.freidenker.org\/fw17\/wp-content\/uploads\/2020\/05\/corona-5117112_800x450.jpg?fit=800%2C450&ssl=1&resize=350%2C200","width":350,"height":200,"srcset":"https:\/\/i0.wp.com\/www.freidenker.org\/fw17\/wp-content\/uploads\/2020\/05\/corona-5117112_800x450.jpg?fit=800%2C450&ssl=1&resize=350%2C200 1x, https:\/\/i0.wp.com\/www.freidenker.org\/fw17\/wp-content\/uploads\/2020\/05\/corona-5117112_800x450.jpg?fit=800%2C450&ssl=1&resize=525%2C300 1.5x, https:\/\/i0.wp.com\/www.freidenker.org\/fw17\/wp-content\/uploads\/2020\/05\/corona-5117112_800x450.jpg?fit=800%2C450&ssl=1&resize=700%2C400 2x"},"classes":[]},{"id":720,"url":"https:\/\/www.freidenker.org\/?p=720","url_meta":{"origin":448,"position":4},"title":"FREIDENKER 3-09 Sonderheft &#8211; Gegen Volksverdummung und die Zerst\u00f6rung der Vernunft &#8211; F\u00fcr Aufkl\u00e4rung!","author":"Webmaster","date":"16. November 2009","format":false,"excerpt":"Das Sonderheft 3-09 des Verbandsorgans FREIDENKER beinhaltet aktuelle grundlegende Dokumente des Deutschen Freidenker-Verbandes: \u2013 Gegen Volksverdummung und die Zerst\u00f6rung der Vernunft \u2013 F\u00fcr Aufkl\u00e4rung! (beschlossen 2009) \u2013 Berliner Erkl\u00e4rung: \u201eWer sind die Freidenker und was wollen sie?\u201c (beschlossen 1994) \u2013 Satzung des Deutschen Freidenker-Verbandes (beschlossen 1991, zuletzt ge\u00e4ndert 2003)","rel":"","context":"In &quot;Verbandsorgan FREIDENKER&quot;","block_context":{"text":"Verbandsorgan FREIDENKER","link":"https:\/\/www.freidenker.org\/?cat=8"},"img":{"alt_text":"","src":"https:\/\/i0.wp.com\/www.freidenker.org\/fw17\/wp-content\/uploads\/2009\/11\/FD_2009-03_Titel_mR.jpg?fit=800%2C445&ssl=1&resize=350%2C200","width":350,"height":200,"srcset":"https:\/\/i0.wp.com\/www.freidenker.org\/fw17\/wp-content\/uploads\/2009\/11\/FD_2009-03_Titel_mR.jpg?fit=800%2C445&ssl=1&resize=350%2C200 1x, https:\/\/i0.wp.com\/www.freidenker.org\/fw17\/wp-content\/uploads\/2009\/11\/FD_2009-03_Titel_mR.jpg?fit=800%2C445&ssl=1&resize=525%2C300 1.5x, https:\/\/i0.wp.com\/www.freidenker.org\/fw17\/wp-content\/uploads\/2009\/11\/FD_2009-03_Titel_mR.jpg?fit=800%2C445&ssl=1&resize=700%2C400 2x"},"classes":[]},{"id":7239,"url":"https:\/\/www.freidenker.org\/?p=7239","url_meta":{"origin":448,"position":5},"title":"VVN\/BdA &#8211; Protest gegen den Entzug der Gemeinn\u00fctzigkeit","author":"Webredaktion","date":"27. November 2019","format":false,"excerpt":"Protestschreiben an das Bundesministerium f\u00fcr Finanzen und die Berliner Senatsverwaltung f\u00fcr Finanzen. Die Aberkennung der Gemeinn\u00fctzigkeit durch die Berliner Finanzverwaltung kann nur als Signal zur Ermutigung einer weiteren Rechtsentwicklung gewertet werden und wird von interessierter Seite auch zweifellos genauso verstanden. Der proklamierte vermeintliche \u201eKampf gegen rechts\u201c scheint offenbar lediglich f\u00fcr\u2026","rel":"","context":"In &quot;Frieden - Antifaschismus - Solidarit\u00e4t&quot;","block_context":{"text":"Frieden - Antifaschismus - Solidarit\u00e4t","link":"https:\/\/www.freidenker.org\/?cat=13"},"img":{"alt_text":"","src":"https:\/\/i0.wp.com\/www.freidenker.org\/fw17\/wp-content\/uploads\/2019\/11\/capitalism-152816_800x445.png?fit=800%2C445&ssl=1&resize=350%2C200","width":350,"height":200,"srcset":"https:\/\/i0.wp.com\/www.freidenker.org\/fw17\/wp-content\/uploads\/2019\/11\/capitalism-152816_800x445.png?fit=800%2C445&ssl=1&resize=350%2C200 1x, https:\/\/i0.wp.com\/www.freidenker.org\/fw17\/wp-content\/uploads\/2019\/11\/capitalism-152816_800x445.png?fit=800%2C445&ssl=1&resize=525%2C300 1.5x, https:\/\/i0.wp.com\/www.freidenker.org\/fw17\/wp-content\/uploads\/2019\/11\/capitalism-152816_800x445.png?fit=800%2C445&ssl=1&resize=700%2C400 2x"},"classes":[]}],"_links":{"self":[{"href":"https:\/\/www.freidenker.org\/index.php?rest_route=\/wp\/v2\/posts\/448","targetHints":{"allow":["GET"]}}],"collection":[{"href":"https:\/\/www.freidenker.org\/index.php?rest_route=\/wp\/v2\/posts"}],"about":[{"href":"https:\/\/www.freidenker.org\/index.php?rest_route=\/wp\/v2\/types\/post"}],"author":[{"embeddable":true,"href":"https:\/\/www.freidenker.org\/index.php?rest_route=\/wp\/v2\/users\/2"}],"replies":[{"embeddable":true,"href":"https:\/\/www.freidenker.org\/index.php?rest_route=%2Fwp%2Fv2%2Fcomments&post=448"}],"version-history":[{"count":0,"href":"https:\/\/www.freidenker.org\/index.php?rest_route=\/wp\/v2\/posts\/448\/revisions"}],"wp:featuredmedia":[{"embeddable":true,"href":"https:\/\/www.freidenker.org\/index.php?rest_route=\/wp\/v2\/media\/449"}],"wp:attachment":[{"href":"https:\/\/www.freidenker.org\/index.php?rest_route=%2Fwp%2Fv2%2Fmedia&parent=448"}],"wp:term":[{"taxonomy":"category","embeddable":true,"href":"https:\/\/www.freidenker.org\/index.php?rest_route=%2Fwp%2Fv2%2Fcategories&post=448"},{"taxonomy":"post_tag","embeddable":true,"href":"https:\/\/www.freidenker.org\/index.php?rest_route=%2Fwp%2Fv2%2Ftags&post=448"}],"curies":[{"name":"wp","href":"https:\/\/api.w.org\/{rel}","templated":true}]}}