{"id":4468,"date":"2018-01-26T23:32:35","date_gmt":"2018-01-26T22:32:35","guid":{"rendered":"http:\/\/www.freidenker.org\/?p=4468"},"modified":"2018-04-02T03:16:54","modified_gmt":"2018-04-02T01:16:54","slug":"kurden-im-zwielicht","status":"publish","type":"post","link":"https:\/\/www.freidenker.org\/?p=4468","title":{"rendered":"Kurden im Zwielicht"},"content":{"rendered":"<p><strong>Die t\u00fcrkische Aggression gegen Afrin und die Problematik der Solidarit\u00e4t mit den syrischen Kurden.<\/strong><\/p>\n<p>von Joachim Guilliard<\/p>\n<p>Der Einmarsch t\u00fcrkischer Truppen und dschihadistischen Milizen im Norden Syriens ist zweifelsohne ein verbrecherischer Angriff, der scharf zu verurteilen ist. Proteste gegen diese Aggression, die zum guten Teil mit deutschen Waffen durchgef\u00fchrt wird, sind daher selbstverst\u00e4ndlich angebracht.<\/p>\n<p>So berechtigt die Proteste gegen den t\u00fcrkischen Angriff auf Afrin sind: Warum nur hier? Offensichtlich misst ein Gro\u00dfteil der Linken und der Friedensbewegung bei ihrer Solidarit\u00e4t mit angegriffenen Bev\u00f6lkerungsgruppen in Syrien mit zweierlei Ma\u00df.<\/p>\n<p>Sind kurdisch kontrollierte Gebiete von Angriffen betroffen, gibt es stets einen Aufschrei, werden jedoch nicht-kurdische D\u00f6rfer und St\u00e4dte in Syrien von K\u00e4mpfern des selben Schlags attackiert, die nun an der Seite der t\u00fcrkischen Truppen einr\u00fccken, dann schert sich kaum jemand darum. Verdienen Assyrer, Drusen, Araber etc. keine Solidarit\u00e4t, wenn ihre D\u00f6rfer von islamistischen Milizen verw\u00fcstet werden?<\/p>\n<p>Weitgehend ausgeblendet wird zudem die gef\u00e4hrliche, gegen die Einheit und territoriale Integrit\u00e4t Syriens gerichtete Politik, die syrisch-kurdischen Organisationen im B\u00fcndnis mit den USA verfolgen.<\/p>\n<p>Wo bleibt der breite Protest gegen das westliche Embargo, das von Deutschland mitgetragen wird und f\u00fcr die gesamte Bev\u00f6lkerung verheerend ist?<br \/>\nProblematisch ist auch die Idealisierung der syrisch-kurdischen Organisationen. So wird oft behauptet, dass ihre Milizen die effektivsten und aufopferungsvollsten im Kampf gegen den \u201eIslamischen Staat\u201c seien. Auch wenn man ihre Verdienste dabei anerkennt, sollte man nicht \u00fcbersehen, dass es die syrische Armee ist, die von Anfang an die Hauptlast des Krieges gegen all die dschihadistischen Milizen, von Ahrar al Sham \u00fcber die Al Nusra Front bis zum IS trug. Und der Kampf gegen den IS im Osten w\u00e4re effektiver gewesen, h\u00e4tte die YPG nicht gemeinsam mit der US-Luftwaffe die syrische Armee daran gehindert, in Raqqa und Umgebung gegen den IS vorzugehen, statt die eigenen Kr\u00e4fte mit ihr zu vereinen.<\/p>\n<p>&nbsp;<\/p>\n<p><strong>Vermittlung an kurdischer Kompromisslosigkeit gescheitert<\/strong><\/p>\n<p>Die t\u00fcrkische Aggression h\u00e4tte vermutlich verhindert werden k\u00f6nnen, wenn die PKK-nahen syrisch-kurdischen Organisationen auf die Vermittlungsvorschl\u00e4ge von russischer Seite eingegangen w\u00e4ren, die sich intensiv um eine politische L\u00f6sung bem\u00fcht hatte. Diese beinhalteten die \u00dcbernahme der Sicherung der Grenze von Afrin zur T\u00fcrkei durch syrische und russische Truppen. Die t\u00fcrkische Regierung h\u00e4tte sich wohl damit zufrieden gegeben. (siehe dazu u.a. die Ausf\u00fchrungen von <a href=\"https:\/\/deutsch.rt.com\/der-nahe-osten\/64003-kein-unerwarteter-angriff-karin-leukefeld\/\" target=\"_blank\" rel=\"noopener\">Karin Leukefeld<\/a> und <a href=\"https:\/\/deutsch.rt.com\/meinung\/64034-turkische-invasion-in-afrin-nein\/\" target=\"_blank\" rel=\"noopener\">Rainer Rupp<\/a> zur t\u00fcrkischen Offensive in Syrien)<\/p>\n<p>Eine solche \u00dcbereinkunft h\u00e4tte den YPG weiterhin die Kontrolle \u00fcber den Rest der Provinz \u00fcberlassen und die kurdische Selbstverwaltung nicht angetastet. Sie h\u00e4tte aber die Anerkennung der Hoheit der Zentralregierung \u00fcber die Provinz bedeutet &#8211; die Kurden somit weiterhin mit Zustimmung der syrischen Regierung eine Teil-Autonomie behalten k\u00f6nnen.<\/p>\n<p>Zudem hatte Damaskus die R\u00e4umung der besetzten \u00d6lquellen in Ostsyrien verlangt, die zuk\u00fcnftig wieder dem gesamten Land zu Gute kommen sollen. Sie h\u00e4tten sich auch nicht an den von den USA geplanten &#8222;Grenzschutztruppen&#8220; beteiligen d\u00fcrfen, die nicht nur von der T\u00fcrkei als Hauptgrund f\u00fcr ihr Vorgehen genannt werden, sondern auch von der syrischen und russischen Regierung als Plan zur Teilung des Landes angesehen werden.<br \/>\nDie YPG-F\u00fchrung hat aber, wie schon im Sommer 2017 das Angebot einer Unterst\u00fctzung durch die syrische Armee abgelehnt und get\u00f6nt: \u201eWir haben das nicht akzeptiert, und wir werden unsere Territorien nicht aufgeben. Wir werden alle unsere Gebiete verteidigen.\u201c (Karin Leukefeld, &#8222;<a href=\"https:\/\/de.rt.com\/1ddv\" target=\"_blank\" rel=\"noopener\">Abrechnung mit NATO-Partner USA<\/a>&#8222;, RT, 22.01.2018)<br \/>\nEntgegen ihrer bisherigen Verlautbarungen, sich nicht abtrennen zu wollen, strebt sie nun offensichtlich doch mit US-Hilfe die Unabh\u00e4ngigkeit an.<\/p>\n<p>Es ist daher unlauter, wenn nun der russischen Regierung vorgeworfen wird, sie h\u00e4tten die Kurden im Stich gelassen. Es kann doch niemand erwarten, dass sich russische Streitkr\u00e4fte unter diesen Umst\u00e4nden den t\u00fcrkischen Truppen entgegenstellen und damit faktisch in einen Krieg mit einem NATO-Staat eintreten.<\/p>\n<p>&nbsp;<\/p>\n<p><strong>\u201eUnabh\u00e4ngigkeit\u201c unter US-Hoheit<\/strong><\/p>\n<p>Unter F\u00fchrung von US-Milit\u00e4rs haben die im wesentlich aus kurdischen Kampfverb\u00e4nden bestehenden \u201esyrischen demokratischen Kr\u00e4fte\u201c (SDF) nicht nur die IS-Hochburg Raqqa erobert, sondern sind anschlie\u00dfend weiter bis an die s\u00fcd\u00f6stliche Grenze zum Irak vorgesto\u00dfen und trieben so einen Keil zwischen die syrische Armee und die noch vom IS besetzten Gebiete. Nahezu der gesamte Osten Syriens wird nun von der YPG und den US-Streitkr\u00e4ften mit ihrer Luftstreitmacht und mindestens 2.0000 Mann starke Spezialeinheiten am Boden kontrolliert. Die USA, die in Syrien zusammen mit ihren NATO-Partnern unter eklatanter Verletzung des V\u00f6lkerrechts agieren, haben auf diesem Territorium bereits mindestens zw\u00f6lf Milit\u00e4rst\u00fctzpunkte eingerichtet und bauen eifrig weitere auf. Hier befinden sich nicht nur die Kornkammer und die bedeutendsten \u00d6lressourcen des Landes, von hier aus wird auch die Wasserversorgung Nordostsyriens kontrolliert. 14 D\u00e4mme entlang des Euphrat und seiner Nebenfl\u00fcsse stehen nun unter kurdischer bzw. US-amerikanischer Kontrolle.<\/p>\n<p>Zur Absicherung dieses Gebiets will Washington eine 30.000 Mann starke \u201eSyrische Grenzschutztruppe\u201c ( Syrian Border Security Force, BSF) unter SDK-F\u00fchrung aufbauen, die sowohl an den Grenzen zur T\u00fcrkei und dem Irak stationiert werden soll, als auch entlang des Euphrats, zwischen dem von den USA und der YPG kontrollierten (\u00fcberwiegend nicht kurdischem) Gebiete im Osten und dem von der syrischen Regierung kontrollierten Gebiet westlich des Euphrats. (siehe <a href=\"https:\/\/thedefensepost.com\/2018\/01\/13\/syria-border-security-force-sdf-coalition\/\" target=\"_blank\" rel=\"noopener\">Coalition retraining 15,000 veteran SDF fighters to serve as Syrian border force<\/a> &#8211; 30,000-strong force to maintain security along Iraq, Turkey and internal borders, The Defense Post, 13.1.2018 und <a href=\"http:\/\/www.bbc.com\/news\/world-middle-east-42687958\" target=\"_blank\" rel=\"noopener\">Syria war: Turkey denounces US &#8218;terror army&#8216; plan for border security force<\/a>, BBC, 15 1.2018)<\/p>\n<p>Im Haushalt von 2018 sind f\u00fcr deren Training und Bewaffnung 500 Millionen Dollar vorgesehen. Mit dieser weiteren Aufr\u00fcstung vorwiegend kurdischer Kampfverb\u00e4nde wurde f\u00fcr das Erdogan-Regime eine rote Linie \u00fcberschritten. Es machte seine Drohungen war lie\u00df seine Truppen in Afrin einr\u00fccken.<\/p>\n<p>&nbsp;<\/p>\n<p><strong>US-Au\u00dfenminster Tillerson: dauerhafte Besatzung<\/strong><\/p>\n<p>Gleichzeitig machte US-Au\u00dfenminister Rex Tillerson in einer Rede in der Stanford University klar, dass die USA mit ihren Truppen auf unbestimmte Zeit pr\u00e4sent bleiben, mit anderen Worten, weite Teile Syriens milit\u00e4risch besetzen, wollen.<\/p>\n<p>Seine Regierung wolle damit nicht nur den Sieg \u00fcber den Islamischen Staat sichern, so Tillerson, sondern verhindern, dass &#8222;Assad&#8220; wieder die Kontrolle \u00fcber das gesamte syrische Territorium erringen k\u00f6nne. Sie w\u00fcrden nun dort, wo sie pr\u00e4sent sind, f\u00fcr den Aufbau einer &#8222;legitimer lokalen Zivilverwaltung&#8220; sorgen, die eine verantwortungsvolle Regierungsgewalt \u00fcber die befreiten Gebiete&#8220; aus\u00fcben. (<a href=\"http:\/\/www.state.gov\/secretary\/remarks\/2018\/01\/277493.htm\" target=\"_blank\" rel=\"noopener\">Tillerson: Remarks on the Way Forward for the United States Regarding Syria<\/a>, US State Department, 17.1.2018)<\/p>\n<p>\u201eFaktisch garantieren die USA damit die Existenz eines permanenten kurdischen Kleinstaates unter US-Schutz\u201c, fasste<a href=\"http:\/\/www.independent.co.uk\/news\/world\/middle-east\/kurdish-forces-syria-turkey-kurdistan-counter-attack-battle-militia-erdogan-olive-branch-latest-a8172851.html\" target=\"_blank\" rel=\"noopener\"> der renommierte Nahost-Korrespondent des Independent, Patrick Cockburn<\/a> die Pl\u00e4ne der Trump-Administration zusammen.<\/p>\n<table>\n<tbody>\n<tr>\n<td><strong>Die milit\u00e4rische Lage in Syrien im Januar 2018<\/strong>\u00a0als grafische Darstellung k\u00f6nnt ihr dem <strong><a href=\"http:\/\/jghd.twoday.net\/stories\/kurden-im-zwielicht-tuerkische-aggression-afrin-problematik-der-solida\/\" target=\"_blank\" rel=\"noopener\">urspr\u00fcnglichen Beitrag<\/a><\/strong> von\u00a0Joachim Guilliard entnehmen.<\/td>\n<\/tr>\n<\/tbody>\n<\/table>\n<p>Die &#8222;kurdischen Volksverteidigungseinheiten&#8220; haben sich somit nicht nur zu Bodentruppen der USA machen lassen, sondern unterst\u00fctzten faktisch die Besatzung des Nordosten Syriens durch eine ausl\u00e4ndische Macht und stellen sich damit gegen den Rest der syrischen Bev\u00f6lkerung.<br \/>\nSolange die kurdischen \u201eVolksverteidigungseinheiten\u201c die mehrheitlich kurdischen Provinzen gegen Dschihadisten verteidigten und eine Autonomie im Rahmen eines syrischen Staates anstrebten, konnten sie mit Akzeptanz im restlichen Syrien und Unterst\u00fctzung Russland rechnen. Mit der Abspaltung des Ostens im B\u00fcndnis mit einer der M\u00e4chte, die ma\u00dfgeblich f\u00fcr den Krieg im Lande verantwortlich ist, stellen sich jedoch gegen die Interessen der Mehrheit des Landes und gegen die Bem\u00fchungen um Frieden.<\/p>\n<p>Leidtragende werden am Ende auch die Kurden selbst sein. Da Ankara stets betonte, keine YPG-Einheiten westlich des Euphrats dulden zu wollen und Washington auf die Partnerschaft mit der T\u00fcrkei nicht verzichten kann, war es t\u00f6richt von ihnen, auf eine Verteidigung ihrer Unabh\u00e4ngigkeit in Afrin durch die USA als Gegenleistung zu hoffen. Unterst\u00fctzung werden sie auch weiterhin nur dort und so lange erhalten, wie es Washington n\u00fctzlich erscheint. Und die US-Regierung balanciert in ihrer B\u00fcndnispolitik zwischen Ankara und den YPG auf einem d\u00fcnnen Draht.<\/p>\n<p>&nbsp;<\/p>\n<p><strong>Kurs PKK-naher Kr\u00e4fte nicht Konsens unter Kurden<\/strong><\/p>\n<p>Man sollte in diesem Zusammenhang vermeiden, von \u201eden syrischen Kurden\u201c zu sprechen. Wie selbst der langj\u00e4hrige Unterst\u00fctzer des kurdischen Unabh\u00e4ngigkeitsbestrebens, Joost Hilterman von der International Crisis Group in einem Artikel der renommierten Zeitschrift Foreign Policy mit dem Titel Twilight of the Kurds schreibt, lehnt auch ein erheblicher Teil der syrischen Kurden den Kurs von YPG\/PYD ab.<\/p>\n<p>Sie seien nicht damit einverstanden, einer ziemlich rigiden Herrschaft von PKK-nahen Kadern unterworfen zu sein, die ihre Politik mehr an PKK-Chef Abdullah \u00d6calan ausrichten, als an den \u00f6rtlichen Befindlichkeiten und sie durch das B\u00fcndnis mit den USA in eine gef\u00e4hrliche Lage gebracht haben. Er empfiehlt der kurdischen F\u00fchrung, die Zusammenarbeit mit den USA zur\u00fcckzufahren und die Kontrolle \u00fcber nicht-kurdische Gebiete aufzugeben, sowie sich auf den Aufbau einer lebensf\u00e4higen Autonomie &#8211; in Zusammenarbeit mit lokalen Parteien und im Rahmen des syrischen Staates &#8211; zu konzentrieren. \u00a0(Joost Hiltermann, Maria Fantappie, <a href=\"https:\/\/foreignpolicy.com\/2018\/01\/16\/twilight-of-the-kurds-iraq-syria-kurdistan\/\" target=\"_blank\" rel=\"noopener\">Twilight of the Kurds<\/a> &#8211; Kurdish officials once dreamed of forging their own state out of the ashes of the war against the Islamic State. Now they are fighting for their very survival, Foreign Policy 16.1.2018)<\/p>\n<p>Vielleicht bringt der t\u00fcrkische Angriff auf Afrin ein Umdenken. Medienberichten zufolge k\u00f6nnten die YPG nun doch der syrischen Regierung die Verantwortung f\u00fcr die Verteidigung der Enklave \u00fcberlassen und die syrische Armee zur t\u00fcrkischen Grenze &#8211; zwischen die eigenen und t\u00fcrkischen Truppen &#8211; vorsto\u00dfen lassen. (<a href=\"http:\/\/www.xinhuanet.com\/english\/2018-01\/22\/c_136915197.htm\" target=\"_blank\" rel=\"noopener\">Possible understanding between Syrian gov&#8217;t, Kurdish forces can help end Turkish attack on Afrin<\/a>, Xinhua, 22.1.2018)<\/p>\n<p>Die Angaben sind jedoch widerspr\u00fcchlich. W\u00e4hrend es laut Reuters auf der Webseite der Selbstverwaltung Afrins hei\u00dft: \u201eWir fordern den syrischen Staat auf, seinen Souver\u00e4nit\u00e4tsverpflichtungen gegen\u00fcber Afrin nachzukommen und seine Grenzen zur T\u00fcrkei vor Angriffen der t\u00fcrkischen Besatzer zu sch\u00fctzen &#8230; und die syrischen Streitkr\u00e4fte zur Sicherung der Grenzen des Afrin-Gebietes zu entsenden\u201c, zitiert die junge Welt wohlwollend aus einem Beistandsappell aus Afrin an Damaskus, demzufolge nur Unterst\u00fctzung der syrischen Luftwaffe gew\u00fcnscht sei und keine Stationierung von Regierungstruppen. Letzteres ist f\u00fcr die syrische Regierung sicherlich keine Option.<\/p>\n<p>Statt der M\u00f6glichkeit zu einer \u00dcbereinkunft mit Ankara, w\u00fcrde dies einen direkten Krieg mit der T\u00fcrkei er\u00f6ffnen.<\/p>\n<p><span style=\"text-decoration: underline;\">Quellen und Anmerkungen<\/span><\/p>\n<ul>\n<li><em>Robert Fisk, The Next Kurdish War Looms on the Horizon, Independent\/Counterpunch, 19.1.2018<\/em><\/li>\n<li><em>Patrick Cockburn, By reversing its policy in Syria the US is fuelling more wars in the Middle East, Independent, 26.1.2018<\/em><\/li>\n<li><em>Mike Whitney, Trump\u2019s Plan B for Syria: Occupation and Intimidation, Counterpunch, 19.1.2018<\/em><\/li>\n<li><em>America Quietly Starts Nation-Building in Parts of Syria, The Atlantic, 18.1.2018<\/em><\/li>\n<li><em>Anton Mardasov, Russia\u2019s role in Turkish incursion into Syria is tricky, Al Monitor, 24.1.2018<\/em><\/li>\n<li><em>Karin Leukefeld, Neue Runde im \u00bbgro\u00dfen Spiel\u00ab, junge Welt, 26.01.2018<\/em><\/li>\n<li><em>Joost Hiltermann, Maria Fantappie, Twilight of the Kurds \u2012 Kurdish officials once dreamed of forging their own state out of the ashes of the war against the Islamic State. Now they are fighting for their very survival, Foreign Policy 16.1.2018)<\/em><\/li>\n<li><em>Possible understanding between Syrian gov&#8217;t, Kurdish forces can help end Turkish attack on Afrin, Xinhua, 22.1.2018<\/em><\/li>\n<li>Der originale Beitrag von Joachim Guillardist erschienen auf\u00a0<a href=\"http:\/\/jghd.twoday.net\/stories\/kurden-im-zwielicht-tuerkische-aggression-afrin-problematik-der-solida\/\" target=\"_blank\" rel=\"noopener\">http:\/\/jghd.twoday.net\/stories\/kurden-im-zwielicht-tuerkische-aggression-afrin-problematik-der-solida\/<\/a><\/li>\n<li>Eine \u00fcberarbeitete Version dieses Beitrages von Joachim Guillard wurde auf <a href=\"https:\/\/www.rubikon.news\/artikel\/kurden-im-zwielicht\" target=\"_blank\" rel=\"noopener\">Rubikon<\/a>\u00a0(Creative Commons-Lizenz<strong>\u00a0<\/strong>(<a href=\"https:\/\/creativecommons.org\/licenses\/by-nc-nd\/4.0\/deed.de\" target=\"_blank\" rel=\"license noopener\">Namensnennung &#8211; Nicht kommerziell &#8211; Keine Bearbeitungen 4.0 International<\/a>)\u00a0) ver\u00f6ffentlicht.<\/li>\n<\/ul>\n<p>Joachim Guilliard, koordiniert das &#8222;Heidelberger Forum gegen Militarismus und Krieg&#8220; und ist seit den 1980er Jahren in der Friedens- und Solidarit\u00e4tsbewegung aktiv. Er betreibt den Blog \u201cNachgetragen\u201d, ist Mitglied des Deutschen Freidenker-Verbandes und seines AK International\/Frieden.<\/p>\n<hr \/>\n<p>Bild: rlx<\/p>\n","protected":false},"excerpt":{"rendered":"<p><b>Die t\u00fcrkische Aggression gegen Afrin und die Problematik der Solidarit\u00e4t mit den syrischen Kurden. Beitrag von Joachim Guilliard<\/b>:<br \/>\nDer Einmarsch t\u00fcrkischer Truppen und dschihadistischen Milizen im Norden Syriens ist zweifelsohne ein verbrecherischer Angriff, der scharf zu verurteilen ist. Proteste gegen diese Aggression, die zum guten Teil mit deutschen Waffen durchgef\u00fchrt wird, sind daher selbstverst\u00e4ndlich angebracht.<br \/>\nSo berechtigt die Proteste gegen den t\u00fcrkischen Angriff auf Afrin sind: Warum nur hier? Offensichtlich misst ein Gro\u00dfteil der Linken und der Friedensbewegung bei ihrer Solidarit\u00e4t mit angegriffenen Bev\u00f6lkerungsgruppen in Syrien mit zweierlei Ma\u00df.<\/p>\n","protected":false},"author":3,"featured_media":4561,"comment_status":"closed","ping_status":"closed","sticky":false,"template":"","format":"standard","meta":{"colormag_page_container_layout":"default_layout","colormag_page_sidebar_layout":"default_layout","advanced_seo_description":"","jetpack_seo_html_title":"","jetpack_seo_noindex":false,"jetpack_post_was_ever_published":false,"footnotes":""},"categories":[13,937],"tags":[188,938,336,655],"class_list":["post-4468","post","type-post","status-publish","format-standard","has-post-thumbnail","hentry","category-frieden-antifaschismus-solidaritaet","category-zeit-der-verleumder-freidenker-fuer-klartext","tag-krieg","tag-kurden","tag-syrien","tag-tuerkei"],"jetpack_featured_media_url":"https:\/\/i0.wp.com\/www.freidenker.org\/fw17\/wp-content\/uploads\/2018\/01\/klartext_kurdistan-risse_800x445.jpg?fit=800%2C445&ssl=1","jetpack_shortlink":"https:\/\/wp.me\/p9stpK-1a4","jetpack-related-posts":[{"id":24232,"url":"https:\/\/www.freidenker.org\/?p=24232","url_meta":{"origin":4468,"position":0},"title":"Neujahrswende im gro\u00dfen Syrien-\u201eSpiel\u201c: T\u00fcrkei bootet Israel aus \u2013 Die Bev\u00f6lkerung zahlt den Preis","author":"Webredaktion","date":"18. Januar 2026","format":false,"excerpt":"Bericht von Karin Leukefeld Im Kampf um Syrien haben die T\u00fcrkei und die USA in und um Aleppo neue Tatsachen geschaffen. Die Sharaa-Administration nahm mit Hilfe arabischer Stammesk\u00e4mpfer und t\u00fcrkisch finanzierter S\u00f6ldnermilizen die Stadtviertel Bani Zeid, Ashrafieh und Scheikh Maqsoud ein. Zehntausende Kurden wurden aus dem Stadtviertel Scheikh Maqsoud in\u2026","rel":"","context":"In &quot;Demokratie \u2013 Medien \u2013 Aufkl\u00e4rung&quot;","block_context":{"text":"Demokratie \u2013 Medien \u2013 Aufkl\u00e4rung","link":"https:\/\/www.freidenker.org\/?cat=12"},"img":{"alt_text":"","src":"https:\/\/i0.wp.com\/www.freidenker.org\/fw17\/wp-content\/uploads\/2026\/01\/Aleppo-SaadallahSquare-8Feb2025_800x450.jpg?fit=800%2C450&ssl=1&resize=350%2C200","width":350,"height":200,"srcset":"https:\/\/i0.wp.com\/www.freidenker.org\/fw17\/wp-content\/uploads\/2026\/01\/Aleppo-SaadallahSquare-8Feb2025_800x450.jpg?fit=800%2C450&ssl=1&resize=350%2C200 1x, https:\/\/i0.wp.com\/www.freidenker.org\/fw17\/wp-content\/uploads\/2026\/01\/Aleppo-SaadallahSquare-8Feb2025_800x450.jpg?fit=800%2C450&ssl=1&resize=525%2C300 1.5x, https:\/\/i0.wp.com\/www.freidenker.org\/fw17\/wp-content\/uploads\/2026\/01\/Aleppo-SaadallahSquare-8Feb2025_800x450.jpg?fit=800%2C450&ssl=1&resize=700%2C400 2x"},"classes":[]},{"id":24121,"url":"https:\/\/www.freidenker.org\/?p=24121","url_meta":{"origin":4468,"position":1},"title":"Kein Frieden in Syrien","author":"Webredaktion","date":"3. Januar 2026","format":false,"excerpt":"Alawiten protestieren, Kurden sagen Treffen in Damaskus ab von Karin Leukefeld W\u00e4hrend die Altstadt von Damaskus mit glitzerndem Schmuck und einem Lichtermeer zu Weihnachten erstrahlte, und in Aleppo \u2013 in alter Tradition \u2013 liberale sunnitische Geistliche die christlichen Gemeinden besuchten und ihren christlichen Nachbarn zum Weihnachtsfest gratulierten, wurde Syrien in\u2026","rel":"","context":"In &quot;Frieden - Antifaschismus - Solidarit\u00e4t&quot;","block_context":{"text":"Frieden - Antifaschismus - Solidarit\u00e4t","link":"https:\/\/www.freidenker.org\/?cat=13"},"img":{"alt_text":"","src":"https:\/\/i0.wp.com\/www.freidenker.org\/fw17\/wp-content\/uploads\/2026\/01\/moschee_in_homs_800x450.jpg?fit=800%2C450&ssl=1&resize=350%2C200","width":350,"height":200,"srcset":"https:\/\/i0.wp.com\/www.freidenker.org\/fw17\/wp-content\/uploads\/2026\/01\/moschee_in_homs_800x450.jpg?fit=800%2C450&ssl=1&resize=350%2C200 1x, https:\/\/i0.wp.com\/www.freidenker.org\/fw17\/wp-content\/uploads\/2026\/01\/moschee_in_homs_800x450.jpg?fit=800%2C450&ssl=1&resize=525%2C300 1.5x, https:\/\/i0.wp.com\/www.freidenker.org\/fw17\/wp-content\/uploads\/2026\/01\/moschee_in_homs_800x450.jpg?fit=800%2C450&ssl=1&resize=700%2C400 2x"},"classes":[]},{"id":7105,"url":"https:\/\/www.freidenker.org\/?p=7105","url_meta":{"origin":4468,"position":2},"title":"NATO-B\u00fcndnisfall in Nordsyrien? \u2013 Verr\u00fcckter geht\u2018s nicht.","author":"Webredaktion","date":"29. Oktober 2019","format":false,"excerpt":"In der Rubrik Tagesdosis wurde am 18.10.2019 bei KenFM der Beitrag \u201eNATO-B\u00fcndnisfall in Nordsyrien? - Verr\u00fcckter geht's nicht.\u201c von Rainer Rupp, Mitglied des Beirats des Deutschen Freidenker-Verbandes, ver\u00f6ffentlicht. Letzte Woche hat die T\u00fcrkei ihre lange geplante Milit\u00e4roffensive in Nordsyrien begonnen. Erkl\u00e4rtes Ziel ist es, die von den Amerikanern bewaffneten und\u2026","rel":"","context":"In &quot;Frieden - Antifaschismus - Solidarit\u00e4t&quot;","block_context":{"text":"Frieden - Antifaschismus - Solidarit\u00e4t","link":"https:\/\/www.freidenker.org\/?cat=13"},"img":{"alt_text":"","src":"https:\/\/i0.wp.com\/www.freidenker.org\/fw17\/wp-content\/uploads\/2019\/10\/nato-fahnen_800x445.jpg?fit=800%2C445&ssl=1&resize=350%2C200","width":350,"height":200,"srcset":"https:\/\/i0.wp.com\/www.freidenker.org\/fw17\/wp-content\/uploads\/2019\/10\/nato-fahnen_800x445.jpg?fit=800%2C445&ssl=1&resize=350%2C200 1x, https:\/\/i0.wp.com\/www.freidenker.org\/fw17\/wp-content\/uploads\/2019\/10\/nato-fahnen_800x445.jpg?fit=800%2C445&ssl=1&resize=525%2C300 1.5x, https:\/\/i0.wp.com\/www.freidenker.org\/fw17\/wp-content\/uploads\/2019\/10\/nato-fahnen_800x445.jpg?fit=800%2C445&ssl=1&resize=700%2C400 2x"},"classes":[]},{"id":3110,"url":"https:\/\/www.freidenker.org\/?p=3110","url_meta":{"origin":4468,"position":3},"title":"Syrien: Der gef\u00e4hrliche Mythos einer &#8222;friedlichen Revolution&#8220;","author":"Webredaktion","date":"6. Juni 2012","format":false,"excerpt":"Analyse von aktuellen Artikeln von Joachim Guilliard, Marat Musin, J\u00fcrgen Wagner u.a. Das weitverbreitete Bild von einem Konflikt in Syrien, der allein auf Grund des brutalen Vorgehens der Sicherheitskr\u00e4fte eskalierte und schlie\u00dflich als Reaktion darauf auch Teile der Opposition zu den Waffen greifen lie\u00df, entspricht nicht der Realit\u00e4t. Diese Einsicht\u2026","rel":"","context":"In &quot;Frieden - Antifaschismus - Solidarit\u00e4t&quot;","block_context":{"text":"Frieden - Antifaschismus - Solidarit\u00e4t","link":"https:\/\/www.freidenker.org\/?cat=13"},"img":{"alt_text":"","src":"https:\/\/i0.wp.com\/www.freidenker.org\/fw17\/wp-content\/uploads\/2012\/06\/Free_Syrian_Army_soldier_with_machine_gun_in_Aleppo.jpg?fit=800%2C445&ssl=1&resize=350%2C200","width":350,"height":200,"srcset":"https:\/\/i0.wp.com\/www.freidenker.org\/fw17\/wp-content\/uploads\/2012\/06\/Free_Syrian_Army_soldier_with_machine_gun_in_Aleppo.jpg?fit=800%2C445&ssl=1&resize=350%2C200 1x, https:\/\/i0.wp.com\/www.freidenker.org\/fw17\/wp-content\/uploads\/2012\/06\/Free_Syrian_Army_soldier_with_machine_gun_in_Aleppo.jpg?fit=800%2C445&ssl=1&resize=525%2C300 1.5x, https:\/\/i0.wp.com\/www.freidenker.org\/fw17\/wp-content\/uploads\/2012\/06\/Free_Syrian_Army_soldier_with_machine_gun_in_Aleppo.jpg?fit=800%2C445&ssl=1&resize=700%2C400 2x"},"classes":[]},{"id":7141,"url":"https:\/\/www.freidenker.org\/?p=7141","url_meta":{"origin":4468,"position":4},"title":"Totalversagen des &#8222;Wertewestens&#8220; in Syrien","author":"Webredaktion","date":"3. November 2019","format":false,"excerpt":"Beitrag von Rainer Rupp Das Thema der ARD-Sendung \"Anne Will\" am 20. Oktober lautete \"Erdo\u011fans Siegeszug \u2013 schaut Europa weiter hilflos zu?\". Dabei lie\u00df die geladene Politprominenz in so manchen emotional geladenen Momenten tief blicken: Das Eingest\u00e4ndnis des Endes der westlichen Vorherrschaft. ... Im Folgenden werden die wichtigsten Punkte der\u2026","rel":"","context":"In &quot;Frieden - Antifaschismus - Solidarit\u00e4t&quot;","block_context":{"text":"Frieden - Antifaschismus - Solidarit\u00e4t","link":"https:\/\/www.freidenker.org\/?cat=13"},"img":{"alt_text":"","src":"https:\/\/i0.wp.com\/www.freidenker.org\/fw17\/wp-content\/uploads\/2019\/11\/Syria_Aleppo_800x445.jpg?fit=800%2C445&ssl=1&resize=350%2C200","width":350,"height":200,"srcset":"https:\/\/i0.wp.com\/www.freidenker.org\/fw17\/wp-content\/uploads\/2019\/11\/Syria_Aleppo_800x445.jpg?fit=800%2C445&ssl=1&resize=350%2C200 1x, https:\/\/i0.wp.com\/www.freidenker.org\/fw17\/wp-content\/uploads\/2019\/11\/Syria_Aleppo_800x445.jpg?fit=800%2C445&ssl=1&resize=525%2C300 1.5x, https:\/\/i0.wp.com\/www.freidenker.org\/fw17\/wp-content\/uploads\/2019\/11\/Syria_Aleppo_800x445.jpg?fit=800%2C445&ssl=1&resize=700%2C400 2x"},"classes":[]},{"id":4627,"url":"https:\/\/www.freidenker.org\/?p=4627","url_meta":{"origin":4468,"position":5},"title":"Gegen das Kriegskartell","author":"Webredaktion","date":"19. Februar 2018","format":false,"excerpt":"Beitrag von Hajo Kahlke Die allj\u00e4hrliche Demo gegen die M\u00fcnchner \"Sicherheitskonferenz\" wird seit l\u00e4ngerem diesem mittlerweile zentralen Propaganda-Event der Aufr\u00fcster und Kriegstreiber leider auch nicht in Ans\u00e4tzen gerecht. Das ist in erster Linie Folge einer zunehmenden allgemeinen Verwirrung und Desorientierung der Linken, welche nicht mehr zwischen Feind und Freund, zwischen\u2026","rel":"","context":"In &quot;Frieden - Antifaschismus - Solidarit\u00e4t&quot;","block_context":{"text":"Frieden - Antifaschismus - Solidarit\u00e4t","link":"https:\/\/www.freidenker.org\/?cat=13"},"img":{"alt_text":"","src":"https:\/\/i0.wp.com\/www.freidenker.org\/fw17\/wp-content\/uploads\/2018\/02\/klartext_muenchen_16-2018-02-17-1-0563_800x445.jpg?fit=800%2C445&ssl=1&resize=350%2C200","width":350,"height":200,"srcset":"https:\/\/i0.wp.com\/www.freidenker.org\/fw17\/wp-content\/uploads\/2018\/02\/klartext_muenchen_16-2018-02-17-1-0563_800x445.jpg?fit=800%2C445&ssl=1&resize=350%2C200 1x, https:\/\/i0.wp.com\/www.freidenker.org\/fw17\/wp-content\/uploads\/2018\/02\/klartext_muenchen_16-2018-02-17-1-0563_800x445.jpg?fit=800%2C445&ssl=1&resize=525%2C300 1.5x, https:\/\/i0.wp.com\/www.freidenker.org\/fw17\/wp-content\/uploads\/2018\/02\/klartext_muenchen_16-2018-02-17-1-0563_800x445.jpg?fit=800%2C445&ssl=1&resize=700%2C400 2x"},"classes":[]}],"_links":{"self":[{"href":"https:\/\/www.freidenker.org\/index.php?rest_route=\/wp\/v2\/posts\/4468","targetHints":{"allow":["GET"]}}],"collection":[{"href":"https:\/\/www.freidenker.org\/index.php?rest_route=\/wp\/v2\/posts"}],"about":[{"href":"https:\/\/www.freidenker.org\/index.php?rest_route=\/wp\/v2\/types\/post"}],"author":[{"embeddable":true,"href":"https:\/\/www.freidenker.org\/index.php?rest_route=\/wp\/v2\/users\/3"}],"replies":[{"embeddable":true,"href":"https:\/\/www.freidenker.org\/index.php?rest_route=%2Fwp%2Fv2%2Fcomments&post=4468"}],"version-history":[{"count":0,"href":"https:\/\/www.freidenker.org\/index.php?rest_route=\/wp\/v2\/posts\/4468\/revisions"}],"wp:featuredmedia":[{"embeddable":true,"href":"https:\/\/www.freidenker.org\/index.php?rest_route=\/wp\/v2\/media\/4561"}],"wp:attachment":[{"href":"https:\/\/www.freidenker.org\/index.php?rest_route=%2Fwp%2Fv2%2Fmedia&parent=4468"}],"wp:term":[{"taxonomy":"category","embeddable":true,"href":"https:\/\/www.freidenker.org\/index.php?rest_route=%2Fwp%2Fv2%2Fcategories&post=4468"},{"taxonomy":"post_tag","embeddable":true,"href":"https:\/\/www.freidenker.org\/index.php?rest_route=%2Fwp%2Fv2%2Ftags&post=4468"}],"curies":[{"name":"wp","href":"https:\/\/api.w.org\/{rel}","templated":true}]}}