{"id":4448,"date":"2018-02-13T22:19:34","date_gmt":"2018-02-13T21:19:34","guid":{"rendered":"http:\/\/www.freidenker.org\/?p=4448"},"modified":"2023-02-19T15:34:56","modified_gmt":"2023-02-19T14:34:56","slug":"handwerk-unterm-hakenkreuz","status":"publish","type":"post","link":"https:\/\/www.freidenker.org\/?p=4448","title":{"rendered":"&#8222;Handwerk unterm Hakenkreuz&#8220;"},"content":{"rendered":"<p>von und mit Witold Fischer<\/p>\n<p><strong>Wann: 21.02.2018, um 19:00 Uhr<\/strong><\/p>\n<p><strong>Wo: Saal im Kulturzentrum Reichenstra\u00dfe 1, 06484 Quedlinburg<\/strong><\/p>\n<p>&gt;&gt; Weitere Informationen zu dieser Veranstaltung sind \u00fcber Thomas Loch, E-Mail <a href=\"mailto:dfv-sachsen-anhalt@freidenker.org\" target=\"_blank\" rel=\"noopener noreferrer\">dfv-sachsen-anhalt@freidenker.org<\/a> bzw. Telefon 0171-1996214 zu erhalten.<\/p>\n<p>Erhebungen zur sozialen Basis von AfD, PEGIDA und \u00e4hnlichen Organisationen, Str\u00f6mungen usw. zeigen, da\u00df deren soziale Basis \u00fcberproportional aus Handwerkern, kleinen Gewerbetreibenden, Freiberuflern, kleinen und mittleren Unternehmern besteht. Fr\u00fcher hat man diese Klasse als Kleinb\u00fcrgertum oder kleine Warenproduzenten bezeichnet.<\/p>\n<p>Das politische Verhalten dieser Klasse ist erstaunlich schlecht erforscht. Zu den Gr\u00fcnden, warum das so ist, hat mit Witold Fischer jemand sich Gedanken gemacht, der zu den wenigen Historikern geh\u00f6rt, die zur modernen deutschen Handwerksgeschichte gearbeitet haben.<\/p>\n<p>Fischer wird darstellen, worin die Hauptprobleme des Handwerks zu Beginn der 1930er Jahre bestanden. Er wird zeigen, da\u00df die NSDAP die Forderungen der Handwerksverb\u00e4nde erf\u00fcllte, gleichzeitig aber pervertierte. Man wird sehen, da\u00df die Handwerker vom Faschismus rasch entt\u00e4uscht waren.<\/p>\n<p>Dann gilt es, aus der \u00dcbersicht \u00fcber konkrete Entwicklungen dieser Zeit allgemeinere Gesetzm\u00e4\u00dfigkeiten abzuleiten und zu diskutieren. Dazu und der Diskussion weiterer in diesem Zusammenhang stehenden Fragen sind alle G\u00e4ste herzlich eingeladen.<\/p>\n<p><img data-recalc-dims=\"1\" loading=\"lazy\" decoding=\"async\" data-attachment-id=\"4447\" data-permalink=\"https:\/\/www.freidenker.org\/?attachment_id=4447\" data-orig-file=\"https:\/\/i0.wp.com\/www.freidenker.org\/fw17\/wp-content\/uploads\/2018\/02\/dfv_saah_qb_21022018_lesung.png?fit=1161%2C832&amp;ssl=1\" data-orig-size=\"1161,832\" data-comments-opened=\"0\" data-image-meta=\"{&quot;aperture&quot;:&quot;0&quot;,&quot;credit&quot;:&quot;&quot;,&quot;camera&quot;:&quot;&quot;,&quot;caption&quot;:&quot;&quot;,&quot;created_timestamp&quot;:&quot;0&quot;,&quot;copyright&quot;:&quot;&quot;,&quot;focal_length&quot;:&quot;0&quot;,&quot;iso&quot;:&quot;0&quot;,&quot;shutter_speed&quot;:&quot;0&quot;,&quot;title&quot;:&quot;&quot;,&quot;orientation&quot;:&quot;0&quot;}\" data-image-title=\"DFV Sachsen-Anhalt, Quedlinburg, 21.02.2018, Lesung\" data-image-description=\"&lt;p&gt;DFV Sachsen-Anhalt, Quedlinburg, 21.02.2018, Lesung&lt;\/p&gt;\n\" data-image-caption=\"\" data-large-file=\"https:\/\/i0.wp.com\/www.freidenker.org\/fw17\/wp-content\/uploads\/2018\/02\/dfv_saah_qb_21022018_lesung.png?fit=800%2C573&amp;ssl=1\" class=\"wp-image-4447 size-large aligncenter\" src=\"https:\/\/i0.wp.com\/www.freidenker.org\/fw17\/wp-content\/uploads\/2018\/02\/dfv_saah_qb_21022018_lesung.png?resize=800%2C573&#038;ssl=1\" alt=\"DFV Sachsen-Anhalt, Quedlinburg, 21.02.2018, Lesung\" width=\"800\" height=\"573\" srcset=\"https:\/\/i0.wp.com\/www.freidenker.org\/fw17\/wp-content\/uploads\/2018\/02\/dfv_saah_qb_21022018_lesung.png?resize=1024%2C734&amp;ssl=1 1024w, https:\/\/i0.wp.com\/www.freidenker.org\/fw17\/wp-content\/uploads\/2018\/02\/dfv_saah_qb_21022018_lesung.png?resize=300%2C215&amp;ssl=1 300w, https:\/\/i0.wp.com\/www.freidenker.org\/fw17\/wp-content\/uploads\/2018\/02\/dfv_saah_qb_21022018_lesung.png?resize=768%2C550&amp;ssl=1 768w, https:\/\/i0.wp.com\/www.freidenker.org\/fw17\/wp-content\/uploads\/2018\/02\/dfv_saah_qb_21022018_lesung.png?w=1161&amp;ssl=1 1161w\" sizes=\"auto, (max-width: 800px) 100vw, 800px\" \/><\/p>\n<p>Das Handwerk als \u00e4ltester nicht-agrarischer Wirtschaftszweig des Menschen durchlebte in seiner Geschichte umfangreiche Wandlungen. Wie es sich definiert und welche Rolle es im \u00f6konomischen Gesamtgeschehen einnimmt, wurde in der Literatur bisher eher am Rande behandelt. In der Zeit von 1933 bis 1945 kulminierten einige Entwicklungen, die bis heute Nachwirkungen haben. Andere Erscheinungen sind dagegen verschwunden. Weshalb Handwerker fast ein halbes Jahrhundert lang um Zwangsinnung und Bef\u00e4higungsnachweis rangen, wird aus den Ausf\u00fchrungen deutlich werden. Zugleich wird sichtbar, weshalb die NS-Demagogie unter dieser Schicht vor 1933 verfangen konnte, weshalb sich aber ab etwa 1936 Handwerker zunehmend in Opposition zum Faschismus fanden.<\/p>\n<hr \/>\n<p>Bilder: DFV Sachsen-Anhalt<\/p>\n","protected":false},"excerpt":{"rendered":"<p><b>Lesung von und mit Witold Fischer am 21.02.2018 in Quedlinburg<\/b><br \/>\nErhebungen zur sozialen Basis von AfD, PEGIDA und \u00e4hnlichen Organisationen, Str\u00f6mungen usw. zeigen, da\u00df deren soziale Basis \u00fcberproportional aus Handwerkern, kleinen Gewerbetreibenden, Freiberuflern, kleinen und mittleren Unternehmern besteht. Fr\u00fcher hat man diese Klasse als Kleinb\u00fcrgertum oder kleine Warenproduzenten bezeichnet.<\/p>\n<p>Das politische Verhalten dieser Klasse ist erstaunlich schlecht erforscht. Zu den Gr\u00fcnden, warum das so ist, hat mit Witold Fischer jemand sich Gedanken gemacht, der zu den wenigen Historikern geh\u00f6rt, die zur modernen deutschen Handwerksgeschichte gearbeitet haben.<\/p>\n","protected":false},"author":3,"featured_media":4446,"comment_status":"closed","ping_status":"closed","sticky":false,"template":"","format":"standard","meta":{"colormag_page_container_layout":"default_layout","colormag_page_sidebar_layout":"default_layout","advanced_seo_description":"","jetpack_seo_html_title":"","jetpack_seo_noindex":false,"jetpack_post_was_ever_published":false,"footnotes":""},"categories":[1162,19],"tags":[451,932,1025,930],"class_list":["post-4448","post","type-post","status-publish","format-standard","has-post-thumbnail","hentry","category-geschichte","category-veranstaltungen-in-den-dfv-landesverbaenden","tag-faschismus","tag-handwerk","tag-lv-sachsen-anhalt","tag-quedlinburg"],"jetpack_featured_media_url":"https:\/\/i0.wp.com\/www.freidenker.org\/fw17\/wp-content\/uploads\/2018\/02\/dfv_saah_qb_21022018.jpg?fit=800%2C445&ssl=1","jetpack_shortlink":"https:\/\/wp.me\/p9stpK-19K","jetpack-related-posts":[{"id":16630,"url":"https:\/\/www.freidenker.org\/?p=16630","url_meta":{"origin":4448,"position":0},"title":"Bildungswochenende: Der gegenw\u00e4rtige Kapitalismus","author":"Webredaktion","date":"16. Juli 2023","format":false,"excerpt":"Offenes Bildungswochenende des Landesverbandes Sachsen-Anhalt im Deutschen Freidenker-Verband 11. \u2013 13.08.2023 in Quedlinburg. Seit Gr\u00fcndung des Landesverbandes Sachsen-Anhalt im Deutsche Freidenker-Verband, findet j\u00e4hrlich im Rahmen einer offenen Bildungsveranstaltung ein zentrales Treffen in der Stadt der Gr\u00fcndung statt. Dort treffen sich nicht nur Mitglieder des Verbandes, sondern es k\u00f6nnen immer auch\u2026","rel":"","context":"In &quot;Veranstaltungen in den DFV-Landesverb\u00e4nden&quot;","block_context":{"text":"Veranstaltungen in den DFV-Landesverb\u00e4nden","link":"https:\/\/www.freidenker.org\/?cat=19"},"img":{"alt_text":"","src":"https:\/\/i0.wp.com\/www.freidenker.org\/fw17\/wp-content\/uploads\/2023\/07\/seminar_quedlinburg_2023-08_800x450.jpg?fit=800%2C450&ssl=1&resize=350%2C200","width":350,"height":200,"srcset":"https:\/\/i0.wp.com\/www.freidenker.org\/fw17\/wp-content\/uploads\/2023\/07\/seminar_quedlinburg_2023-08_800x450.jpg?fit=800%2C450&ssl=1&resize=350%2C200 1x, https:\/\/i0.wp.com\/www.freidenker.org\/fw17\/wp-content\/uploads\/2023\/07\/seminar_quedlinburg_2023-08_800x450.jpg?fit=800%2C450&ssl=1&resize=525%2C300 1.5x, https:\/\/i0.wp.com\/www.freidenker.org\/fw17\/wp-content\/uploads\/2023\/07\/seminar_quedlinburg_2023-08_800x450.jpg?fit=800%2C450&ssl=1&resize=700%2C400 2x"},"classes":[]},{"id":21275,"url":"https:\/\/www.freidenker.org\/?p=21275","url_meta":{"origin":4448,"position":1},"title":"Freidenker-Treffen Sachsen-Anhalt 2025 und Konferenz &#8222;Thomas M\u00fcntzer \u2013 500 Jahre Deutscher Bauernkrieg&#8220;","author":"Webredaktion","date":"27. M\u00e4rz 2025","format":false,"excerpt":"Epochen des Umbruch! Freidenker-Treffen Sachsen-Anhalt 2025 Am Wochenende vom 25. bis 27.04.2025 findet in Quedlinburg das diesj\u00e4hrige offene Bildungswochenende des Landesverbandes Sachsen-Anhalt im Deutschen Freidenker-Verband in Quedlinburg statt. Am Freitag den 25.04.2025 wird es ab 19:00 Uhr eine Lesung mit Diskussion zum Thema des Wochenendes, Epochen des Umbruch und die\u2026","rel":"","context":"In &quot;Kultur &amp; Kunst&quot;","block_context":{"text":"Kultur &amp; Kunst","link":"https:\/\/www.freidenker.org\/?cat=913"},"img":{"alt_text":"","src":"https:\/\/i0.wp.com\/www.freidenker.org\/fw17\/wp-content\/uploads\/2025\/03\/Muentzer-Kolage2_800x450.jpg?fit=800%2C450&ssl=1&resize=350%2C200","width":350,"height":200,"srcset":"https:\/\/i0.wp.com\/www.freidenker.org\/fw17\/wp-content\/uploads\/2025\/03\/Muentzer-Kolage2_800x450.jpg?fit=800%2C450&ssl=1&resize=350%2C200 1x, https:\/\/i0.wp.com\/www.freidenker.org\/fw17\/wp-content\/uploads\/2025\/03\/Muentzer-Kolage2_800x450.jpg?fit=800%2C450&ssl=1&resize=525%2C300 1.5x, https:\/\/i0.wp.com\/www.freidenker.org\/fw17\/wp-content\/uploads\/2025\/03\/Muentzer-Kolage2_800x450.jpg?fit=800%2C450&ssl=1&resize=700%2C400 2x"},"classes":[]},{"id":15748,"url":"https:\/\/www.freidenker.org\/?p=15748","url_meta":{"origin":4448,"position":2},"title":"Veranstaltungswochenende des DFV Sachsen-Anhalt vom 28.04. bis 01.05. in Quedlinburg.","author":"Webredaktion","date":"16. April 2023","format":false,"excerpt":"F\u00fcr das letzte Wochenende im April sind in Quedlinburg Veranstaltungen geplant. Diese werden zum Teil in Kooperation und im Rahmen des diesj\u00e4hrigen Quedlinburger B\u00fccherfr\u00fchlings realisiert. ... So wird es nicht nur am Freitag, 28.04.2023 um 20:00 Uhr den musikalisch-lyrischen Abend mit Greta Stecher, zum 125 Geburtstag von Bertolt Brecht, unter\u2026","rel":"","context":"In &quot;Veranstaltungen in den DFV-Landesverb\u00e4nden&quot;","block_context":{"text":"Veranstaltungen in den DFV-Landesverb\u00e4nden","link":"https:\/\/www.freidenker.org\/?cat=19"},"img":{"alt_text":"","src":"https:\/\/i0.wp.com\/www.freidenker.org\/fw17\/wp-content\/uploads\/2023\/04\/WE-zum-1-5-23-scaled_800x450.jpg?fit=799%2C450&ssl=1&resize=350%2C200","width":350,"height":200,"srcset":"https:\/\/i0.wp.com\/www.freidenker.org\/fw17\/wp-content\/uploads\/2023\/04\/WE-zum-1-5-23-scaled_800x450.jpg?fit=799%2C450&ssl=1&resize=350%2C200 1x, https:\/\/i0.wp.com\/www.freidenker.org\/fw17\/wp-content\/uploads\/2023\/04\/WE-zum-1-5-23-scaled_800x450.jpg?fit=799%2C450&ssl=1&resize=525%2C300 1.5x, https:\/\/i0.wp.com\/www.freidenker.org\/fw17\/wp-content\/uploads\/2023\/04\/WE-zum-1-5-23-scaled_800x450.jpg?fit=799%2C450&ssl=1&resize=700%2C400 2x"},"classes":[]},{"id":13731,"url":"https:\/\/www.freidenker.org\/?p=13731","url_meta":{"origin":4448,"position":3},"title":"12.\u201314.08.2022: Offenes Bildungswochenende in Quedlinburg.","author":"Webredaktion","date":"9. Juli 2022","format":false,"excerpt":"Offenes Bildungswochenende des Landesverbandes Sachsen-Anhalt im Deutschen Freidenker-Verband vom 12.\u201314.08.2022 in Quedlinburg. Aus dem Programm: - Lesung mit dem Autor J\u00fcrgen Leskien - Diskussion zum Thema: Krieg und Frieden - Krieg ein Mittel der Politik, nicht nur der imperialistischen. - Thematische Stadtf\u00fchrung (Quedlinburg wurde nie durch Kriege zerst\u00f6rt, einschneidende Spuren\u2026","rel":"","context":"In &quot;Kultur &amp; Kunst&quot;","block_context":{"text":"Kultur &amp; Kunst","link":"https:\/\/www.freidenker.org\/?cat=913"},"img":{"alt_text":"","src":"https:\/\/i0.wp.com\/www.freidenker.org\/fw17\/wp-content\/uploads\/2022\/07\/Loch_Collage_Bildungswochenende2022.jpg?fit=800%2C450&ssl=1&resize=350%2C200","width":350,"height":200,"srcset":"https:\/\/i0.wp.com\/www.freidenker.org\/fw17\/wp-content\/uploads\/2022\/07\/Loch_Collage_Bildungswochenende2022.jpg?fit=800%2C450&ssl=1&resize=350%2C200 1x, https:\/\/i0.wp.com\/www.freidenker.org\/fw17\/wp-content\/uploads\/2022\/07\/Loch_Collage_Bildungswochenende2022.jpg?fit=800%2C450&ssl=1&resize=525%2C300 1.5x, https:\/\/i0.wp.com\/www.freidenker.org\/fw17\/wp-content\/uploads\/2022\/07\/Loch_Collage_Bildungswochenende2022.jpg?fit=800%2C450&ssl=1&resize=700%2C400 2x"},"classes":[]},{"id":11038,"url":"https:\/\/www.freidenker.org\/?p=11038","url_meta":{"origin":4448,"position":4},"title":"20.-22.08.2021: Bildungswochenende in Quedlinburg","author":"Webredaktion","date":"14. August 2021","format":false,"excerpt":"Offenes Bildungswochenende des Landesverbandes Sachsen-Anhalt im Deutschen Freidenker-Verband in Quedlinburg 20.\u201322.08.2021 Aus dem Programm: - \u201eWarten wir die Zukunft ab\u201c - Hartmut K\u00f6nig liest aus seiner Autobiographie mit musikalischen Einlagen - Diskussion zum Thema \u2013 Demokratie, was immer sie auch ist, \u2026 was ist sie eigentlich? \u2013 - thematische Stadtf\u00fchrung\u2026","rel":"","context":"In &quot;Kultur &amp; Kunst&quot;","block_context":{"text":"Kultur &amp; Kunst","link":"https:\/\/www.freidenker.org\/?cat=913"},"img":{"alt_text":"","src":"https:\/\/i0.wp.com\/www.freidenker.org\/fw17\/wp-content\/uploads\/2021\/08\/hartmut_koenig_800x450.jpg?fit=800%2C450&ssl=1&resize=350%2C200","width":350,"height":200,"srcset":"https:\/\/i0.wp.com\/www.freidenker.org\/fw17\/wp-content\/uploads\/2021\/08\/hartmut_koenig_800x450.jpg?fit=800%2C450&ssl=1&resize=350%2C200 1x, https:\/\/i0.wp.com\/www.freidenker.org\/fw17\/wp-content\/uploads\/2021\/08\/hartmut_koenig_800x450.jpg?fit=800%2C450&ssl=1&resize=525%2C300 1.5x, https:\/\/i0.wp.com\/www.freidenker.org\/fw17\/wp-content\/uploads\/2021\/08\/hartmut_koenig_800x450.jpg?fit=800%2C450&ssl=1&resize=700%2C400 2x"},"classes":[]},{"id":25063,"url":"https:\/\/www.freidenker.org\/?p=25063","url_meta":{"origin":4448,"position":5},"title":"Imperialismus \u2013 eine historische Epoche \u2013 wie weiter?","author":"Webredaktion","date":"29. April 2026","format":false,"excerpt":"Offenes Bildungswochenende des Landesverbandes Sachsen-Anhalt im Deutschen Freidenker-Verband in Quedlinburg 08. \u2013 09.05.2026 Seit Gr\u00fcndung des Landesverbandes Sachsen-Anhalt im Deutsche Freidenker-Verband, findet j\u00e4hrlich im Rahmen einer offenen Bildungsveranstaltung ein zentrales Treffen in der Stadt der Gr\u00fcndung statt. Dort treffen sich nicht nur Mitglieder des Verbandes, sondern es k\u00f6nnen immer auch\u2026","rel":"","context":"In &quot;Aktuelles&quot;","block_context":{"text":"Aktuelles","link":"https:\/\/www.freidenker.org\/?cat=574"},"img":{"alt_text":"","src":"https:\/\/i0.wp.com\/www.freidenker.org\/fw17\/wp-content\/uploads\/2026\/04\/BiWo_Sachsen-Anhalt_800x450.jpg?fit=800%2C450&ssl=1&resize=350%2C200","width":350,"height":200,"srcset":"https:\/\/i0.wp.com\/www.freidenker.org\/fw17\/wp-content\/uploads\/2026\/04\/BiWo_Sachsen-Anhalt_800x450.jpg?fit=800%2C450&ssl=1&resize=350%2C200 1x, https:\/\/i0.wp.com\/www.freidenker.org\/fw17\/wp-content\/uploads\/2026\/04\/BiWo_Sachsen-Anhalt_800x450.jpg?fit=800%2C450&ssl=1&resize=525%2C300 1.5x, https:\/\/i0.wp.com\/www.freidenker.org\/fw17\/wp-content\/uploads\/2026\/04\/BiWo_Sachsen-Anhalt_800x450.jpg?fit=800%2C450&ssl=1&resize=700%2C400 2x"},"classes":[]}],"_links":{"self":[{"href":"https:\/\/www.freidenker.org\/index.php?rest_route=\/wp\/v2\/posts\/4448","targetHints":{"allow":["GET"]}}],"collection":[{"href":"https:\/\/www.freidenker.org\/index.php?rest_route=\/wp\/v2\/posts"}],"about":[{"href":"https:\/\/www.freidenker.org\/index.php?rest_route=\/wp\/v2\/types\/post"}],"author":[{"embeddable":true,"href":"https:\/\/www.freidenker.org\/index.php?rest_route=\/wp\/v2\/users\/3"}],"replies":[{"embeddable":true,"href":"https:\/\/www.freidenker.org\/index.php?rest_route=%2Fwp%2Fv2%2Fcomments&post=4448"}],"version-history":[{"count":0,"href":"https:\/\/www.freidenker.org\/index.php?rest_route=\/wp\/v2\/posts\/4448\/revisions"}],"wp:featuredmedia":[{"embeddable":true,"href":"https:\/\/www.freidenker.org\/index.php?rest_route=\/wp\/v2\/media\/4446"}],"wp:attachment":[{"href":"https:\/\/www.freidenker.org\/index.php?rest_route=%2Fwp%2Fv2%2Fmedia&parent=4448"}],"wp:term":[{"taxonomy":"category","embeddable":true,"href":"https:\/\/www.freidenker.org\/index.php?rest_route=%2Fwp%2Fv2%2Fcategories&post=4448"},{"taxonomy":"post_tag","embeddable":true,"href":"https:\/\/www.freidenker.org\/index.php?rest_route=%2Fwp%2Fv2%2Ftags&post=4448"}],"curies":[{"name":"wp","href":"https:\/\/api.w.org\/{rel}","templated":true}]}}