{"id":4396,"date":"2017-12-07T07:00:32","date_gmt":"2017-12-07T06:00:32","guid":{"rendered":"http:\/\/www.freidenker.org\/?p=4396"},"modified":"2018-03-09T10:54:29","modified_gmt":"2018-03-09T09:54:29","slug":"zensur-versuch-in-der-hauptstadt-die-geister-beginnen-sich-zu-scheiden","status":"publish","type":"post","link":"https:\/\/www.freidenker.org\/?p=4396","title":{"rendered":"Zensur-Versuch in der Hauptstadt: Die Geister beginnen, sich zu scheiden"},"content":{"rendered":"<p><strong>Anl\u00e4sslich der Auseinandersetzung um die Verleihung des K\u00f6lner Karlspreises f\u00fcr Engagierte Literatur und Publizistik an Ken Jebsen<\/strong><\/p>\n<p><em>Von Klaus von Raussendorff<\/em><\/p>\n<p>Der Berliner Kultursenator Klaus Lederer hat es seiner Partei \u201eDie Linke\u201c vorgemacht. Er pfeift auf das Grundgesetz, dessen Artikel 5 das Recht eines jeden garantiert, \u201eseine Meinung in Wort, Schrift und Bild frei zu \u00e4u\u00dfern und zu verbreiten\u201c. Der Gebieter \u00fcber den Kulturetat der deutschen Hauptstadt, hat die Betreiber des einzigen st\u00e4dtischen Berliner Kinos \u201eBabylon\u201c gen\u00f6tigt, den Mietvertrag f\u00fcr eine Preisverleihung an den Journalisten Ken Jebsen am 14. Dezember 2017 zu k\u00fcndigen. Der dreiste Zensur-Versuch findet beim F\u00fchrungspersonal der Partei \u201eDie Linke\u201c kein ungeteiltes Echo.<\/p>\n<p><strong>Die Aufrechten<\/strong><\/p>\n<p>Da sind immerhin die, die Evelyn Hecht-Galinski die \u201eAufrechten\u201c genannt hat: Wolfgang Gehrcke und Christiane Reymann sowie Andreas Maurer. Sie rufen auf: \u201eBitte helft, Zensur zur\u00fcckzuweisen \u2013 Emp\u00f6rt Euch\u201c (1). Sie wollen auch an der Kundgebung \u201eDemokratie und Meinungsfreiheit verteidigen\u201c teilnehmen, die am 14. Dezember um 16 Uhr auf dem Rosa-Luxemburg-Platz geplant ist. Das ist Anlass f\u00fcr die stellvertretende Parteivorsitzende Caren Lay, \u201eim Parteivorstand einen Antrag auf Distanzierung von Ken Jebsen zu stellen.\u201c (Neues Deutschland vom 04.12.2017)<\/p>\n<p><strong>Nach dem Zensur-Skandal: Ein skandal\u00f6ser Beschluss<\/strong><\/p>\n<p>So kommt nach dem Zensur-Skandal ein skandal\u00f6ser Partei-Beschluss zustande (2), in dem es hei\u00dft: \u201eDer Parteivorstand bekr\u00e4ftigt sinngem\u00e4\u00df seinen Beschluss 2014\/215 vom 25.\/26. Mai 2014: \u201aDIE LINKE distanziert sich unmissverst\u00e4ndlich von Aktivit\u00e4ten von Rechtspopulisten, Nationalisten, Verschw\u00f6rungstheoretikern und Antisemiten, die [\u2026] rechtspopulistische Welterkl\u00e4rungsmuster und &#8218;Querfront&#8216;-Strategien salonf\u00e4hig [\u2026] machen (wollen). [\u2026] DIE LINKE wird mit diesen Kr\u00e4ften ganz grunds\u00e4tzlich nicht zusammenarbeiten.\u2018 Ferner beschlie\u00dfen die anwesenden Mitglieder des 42k\u00f6pfigen Gremiums: \u201eDer Parteivorstand erkl\u00e4rt sich solidarisch mit allen Linken, die Querfrontbestrebungen kritisieren und daf\u00fcr angegriffen werden, darunter dem LINKEN Kultursenator Klaus Lederer und seinem Recht, sich kritisch zur sogenannten Preisverleihung an Ken Jebsen im Berliner Kino Babylon zu \u00e4u\u00dfern.\u201c Damit orientiert der Beschluss die Partei weiterhin als erstrangiges Ziel auf das Vorgehen gegen vermeintliche \u201eRechtspopulisten\u201c, \u201eNationalisten\u201c, \u201eVerschw\u00f6rungstheoretiker\u201c, \u201eAntisemiten\u201c und \u201e&#8217;Querfront&#8216;-Strategen\u201c.<\/p>\n<p>Den massiven Zensur-Versuch Lederers billigend, stellt der Parteivorstand diesen irref\u00fchrend als einfache Meinungs\u00e4u\u00dferung hin. Dem sollen 18 Vorstandsmitglieder zugestimmt haben, bei sieben Nein-Stimmen und f\u00fcnf Enthaltungen. Wie viele der 42 Vorstandsmitglieder anwesend gewesen sind, ist nicht bekannt. Zu wissen, wer sich wie verhalten hat, w\u00e4re nat\u00fcrlich n\u00fctzlich, damit Mitglieder und Sympathisierende wissen, mit wem man es an der Spitze der Partei \u201eDie Linke\u201c zu tun hat. Die Mehrheit scheint eher knapp. Es scheint sich aber best\u00e4tigt zu haben, was Evelyn Hecht-Galinski in ihrem Beitrag in der NRhZ vom 26.11.2017 (3) diagnostiziert: \u201eKlaus Lederer ist der Prototyp eines linken Spaltpilzes, der sich einreiht in die unr\u00fchmliche Rolle vieler Pseudo-Linker und philosemitischer Israel-Freunde, angefangen von Petra Pau \u00fcber Katja Kipping bis zu Bodo Ramelow, um nur ein paar Namen hervorzuheben.\u201c<\/p>\n<p><strong>Koschmieders \u201ejunge Welt\u201c von Anfang an mit von der Hetz-Partie<\/strong><\/p>\n<p>In der Ausgabe von \u201ejunge Welt\u201c vom 2. Dezember findet sich ein au\u00dfergew\u00f6hnlicher Artikel unter der \u00dcberschrift \u201eVerlogene Debatte: Intervention gegen rechtsaffine Demagogen. Eine Berliner Posse\u201c (4). Da\u00df Dietmar Koschmieder, Leiter des Verlages, in dem die \u201ejunge Welt\u201c erscheint, nicht zu den Verteidigern der \u201eMeinung der anderen\u201c geh\u00f6rt, ist sattsam bekannt. Bemerkenswert an dem Text ist allerdings, dass erstens dieser mit \u201eRedaktion, Verlag und Genossenschaft\u201c unterzeichnet ist. Da fragt man sich denn doch: Fand sich schlie\u00dflich keiner, der mit seinen Namen ein Schriftst\u00fcck verantworten wollte, in dem Friedensaktivisten als \u201erechtsaffine Demagogen\u201c angep\u00f6belt werden, und Zensur als \u201ePosse\u201c verharmlost wird? Konnten sich die Helden der mutierten jungen Welt zu diesem Bubenst\u00fcck nur in der kollektiven Anonymit\u00e4t aufraffen? Soll etwa Koschmieders politische Richtung f\u00fcr die Lohnabh\u00e4ngigen des Verlages nun auch schwarz auf wei\u00df als verbindlich vorgegeben werden? \u201eUnternehmensgrunds\u00e4tze\u201c nennt man das bei Springer.<\/p>\n<p><strong>Erstaunliches Verhalten eines bekannten Imperialismus-Kritikers<\/strong><\/p>\n<p>Bemerkenswert ist zweitens, dass das Schriftst\u00fcck zur H\u00e4lfte aus einem \u201eonline erschienenen Debattenbeitrag\u201c von \u201ejW-Autor Knut Mellenthin\u201c besteht. Mellenthin findet \u201everlogen, scheinheilig und beschissen\u201c, dass sich die NRhZ \u00fcber Zensur beschwert. Daher die \u00dcberschrift \u201eVerlogene Debatte\u201c. Die NRhZ, so Mellenthin, unterhalte einen \u201eTrump-Fanklub\u201c. Da d\u00fcrfe man sich nicht \u00fcber Zensur beklagen. \u201eAntiamerikanismus\u201c scheint vorerst aus dem Vokabular der Verleumder der NRhZ verschwunden. Angekreidet wird ihr nun ein Mangel an obligater Distanzierung vom Pr\u00e4sidenten der USA. \u201eUnd was die Partei \u203aDie Linke\u2039 angeht\u201c, befindet Mellenthin: \u201eDie aktuelle Debatte ist, gemessen an der Gestaltungs- und Darstellungsmacht des Ledererschen Typs in eurer Partei, nur ein Nebenschauplatz\u201c Das ist auch eine Art, den Aufrechten in der Partei in den R\u00fccken zu fallen, f\u00fcr die es nat\u00fcrlich alles andere als nebens\u00e4chlich ist, f\u00fcr Demokratie und Meinungsfreiheit zu k\u00e4mpfen, wo diese wie im Falle Lederer und Seinesgleichen besch\u00e4digt wird. Wer wie Mellenthin argumentiert, springt den Zynikern in der linken Partei bei, was auch nicht damit zu verschleiern ist, dass er von \u201eAblehnung der Ledererschen Zensurma\u00dfnahme\u201c, vom \u201eM\u00f6chtegerndiktator Lederer\u201c und von Leuten \u201e des Ledererschen Typs\u201c redet.<\/p>\n<p><strong>Erinnerungen werden wach<\/strong><\/p>\n<p>Es ist mehr als zwanzig Jahre her, aber bei einigen in peinlicher Erinnerung. Im Mai\/Juni 1995 verfasste Mellenthin eine 22seitige \u201eStudie\u201c zum Thema \u201eDer jugoslawische B\u00fcrgerkrieg und die internationale Politik\u201c, \u201edie der Bereich Au\u00dfen- und Friedenspolitik der PDS-Bundestagsgruppe in Auftrag gegeben hatte\u201c. Es gen\u00fcgt, aus dem letzten Abschnitt zu der Frage \u201eEinmischung oder Nichteinmischung?\u201c einige markante S\u00e4tze zu zitieren. Als ob ihm die nationale Verfassungssouver\u00e4nit\u00e4t und das Aggressions- und Einmischungsverbot der UN-Charta unbekannt sind, schreibt Mellenthin damals: \u201eDie inneren Verh\u00e4ltnisse einzelner Staaten sind, vom Standpunkt der internationalen Staatengemeinschaft aus betrachtet, bis heute ein nahezu rechtsfreier Raum (sic!): Es gibt daf\u00fcr keine konkret ausgearbeiteten, international allgemein anerkannten Normen, beispielsweise zur Frage der Minderheitenrechte und des Rechts auf Lostrennung.\u201c Es \u201escheint, unvermeidlich, dass dort, wo keine rechtlichen Normen gelten, geschweige denn durchgesetzt werden (k\u00f6nnen), prim\u00e4r das \u201aRecht des St\u00e4rkeren\u2018 gilt.\u201c \u201eIm f\u00fcnften Jahr des jugoslawischen B\u00fcrgerkriegs \u00fcberhaupt noch von einer \u201apolitischen L\u00f6sung\u2018 oder gar von einer \u201aL\u00f6sung mit friedlichen Mitteln zu sprechen, geht an der Wirklichkeit vorbei.\u201c \u201eDie Position, man m\u00fcsse erst s\u00e4mtliche nicht-milit\u00e4rischen Mittel konsequent und gr\u00fcndlich ausprobieren, bevor an ein milit\u00e4risches Eingreifen gedacht werden d\u00fcrfte, ist einerseits politisch und moralisch v\u00f6llig plausibel. Andererseits darf sie aber im Falle eines mehrj\u00e4hrigen B\u00fcrgerkrieges nicht als beliebiges Herumexperimentieren auf Kosten von Menschen verstanden und praktiziert werden.\u201c \u201eDie verallgemeinernde Position, dass ein milit\u00e4risches Eingreifen den Betroffenen auf gar keinen Fall helfen k\u00f6nne, sondern nur zus\u00e4tzliche Opfer fordern w\u00fcrde, ist sachlich falsch. Das kann unter Umst\u00e4nden so sein, aber es gibt daf\u00fcr keinen Automatismus.\u201c<\/p>\n<p>Heute denkt Mellenthin nach einer ganzen Serie westlicher Interventionskriege und ihrer schrecklichen Folgen vermutlich ganz anders als damals. Ihn an seine fr\u00fcheren \u201eRatschl\u00e4ge\u201c an die Linkspartei zu erinnern, soll ihn nur dazu bewegen, damit heute zur\u00fcckhaltender zu sein und bei seinen auch von dem Verfasser dieser Zeilen gesch\u00e4tzten au\u00dfenpolitischen und historischen Analysen zu bleiben.<\/p>\n<p><span style=\"text-decoration: underline;\">Fu\u00dfnoten<\/span><\/p>\n<p>1 <a href=\"http:\/\/www.wolfgang-gehrcke.de\/de\/article\/1939.bitte-helft-zensur-zur\u00fcckzuweisen.html\" target=\"_blank\" rel=\"noopener\">http:\/\/www.wolfgang-gehrcke.de\/de\/article\/1939.bitte-helft-zensur-zur\u00fcckzuweisen.html<\/a><br \/>\n2 <a href=\"https:\/\/www.die-linke.de\/partei\/parteistruktur\/parteivorstand\/2016-2018\/beschluesse\/detail\/news\/klare-kante-gegen-querfront\/\" target=\"_blank\" rel=\"noopener\">https:\/\/www.die-linke.de\/partei\/parteistruktur\/parteivorstand\/2016-2018\/beschluesse\/detail\/news\/klare-kante-gegen-querfront\/<\/a><br \/>\n3 <a href=\"http:\/\/www.nrhz.de\/flyer\/beitrag.php?id=24354\" target=\"_blank\" rel=\"noopener\">http:\/\/www.nrhz.de\/flyer\/beitrag.php?id=24354<\/a><br \/>\n4 <a href=\"https:\/\/www.jungewelt.de\/artikel\/322881.verlogene-debatte.html\" target=\"_blank\" rel=\"noopener\">https:\/\/www.jungewelt.de\/artikel\/322881.verlogene-debatte.html<\/a><\/p>\n<p><span style=\"text-decoration: underline;\">Siehe dazu auch<\/span><\/p>\n<ul>\n<li>Berlin, 14.12.2017: K\u00f6lner Karlspreis f\u00fcr Engagierte Literatur und Publizistik der Neuen Rheinischen Zeitung an Ken Jebsen<br \/>\nKenFM \u2013 ein &#8222;Organ der Demokratie&#8220;<br \/>\nNRhZ 634 vom 25.10.2017:\u00a0<a href=\"http:\/\/www.nrhz.de\/flyer\/beitrag.php?id=24255\" target=\"_blank\" rel=\"noopener\">http:\/\/www.nrhz.de\/flyer\/beitrag.php?id=24255<\/a><\/li>\n<li>Mit den Versuchen, die Karlspreisverleihung an Ken Jebsen zu verhindern:<br \/>\nEine starke Bewegung f\u00fcr Demokratie und Meinungsfreiheit ist entstanden<br \/>\nNRhZ 638 vom 22.11.2017:\u00a0<a href=\"http:\/\/www.nrhz.de\/flyer\/beitrag.php?id=24347\" target=\"_blank\" rel=\"noopener\">http:\/\/www.nrhz.de\/flyer\/beitrag.php?id=24347<\/a><\/li>\n<li>Anl\u00e4sslich der Attacken auf die Karlspreisverleihung an Ken Jebsen: Kundgebung am 14.12.2017 in Berlin<br \/>\nDemokratie und Meinungsfreiheit verteidigen<br \/>\nNRhZ 638 vom 29.11.2017:\u00a0<a href=\"http:\/\/www.nrhz.de\/flyer\/beitrag.php?id=24371\" target=\"_blank\" rel=\"noopener\">http:\/\/www.nrhz.de\/flyer\/beitrag.php?id=24371<\/a><\/li>\n<\/ul>\n<p>Dieser <a href=\"http:\/\/www.nrhz.de\/flyer\/beitrag.php?id=24398\" target=\"_blank\" rel=\"noopener\">Beitrag<\/a> ist zuerst erschienen im NRhZ Online-Flyer Nr. 640 vom 06.12.2017.<\/p>\n<hr \/>\n<p>Foto: pixabay.com \/ User: <a class=\"hover_opacity\" href=\"https:\/\/pixabay.com\/de\/users\/dimitrisvetsikas1969-1857980\/\">dimitrisvetsikas1969<\/a> \/ Lizenz: <a href=\"https:\/\/creativecommons.org\/publicdomain\/zero\/1.0\/deed.de\" target=\"_blank\" rel=\"noopener\">CC0 Creative Commons<\/a>, Bild bearbeitet<\/p>\n","protected":false},"excerpt":{"rendered":"<p><b>Beitrag von Klaus von Raussendorff anl\u00e4sslich der Auseinandersetzung um die Verleihung des K\u00f6lner Karlspreises f\u00fcr Engagierte Literatur und Publizistik an Ken Jebsen<\/b><br \/>\nDer Berliner Kultursenator Klaus Lederer hat es seiner Partei \u201eDie Linke\u201c vorgemacht. Er pfeift auf das Grundgesetz, dessen Artikel 5 das Recht eines jeden garantiert, \u201eseine Meinung in Wort, Schrift und Bild frei zu \u00e4u\u00dfern und zu verbreiten\u201c. Der Gebieter \u00fcber den Kulturetat der deutschen Hauptstadt, hat die Betreiber des einzigen st\u00e4dtischen Berliner Kinos \u201eBabylon\u201c gen\u00f6tigt, den Mietvertrag f\u00fcr eine Preisverleihung an den Journalisten Ken Jebsen am 14. Dezember 2017 zu k\u00fcndigen. Der dreiste Zensur-Versuch findet beim F\u00fchrungspersonal der Partei \u201eDie Linke\u201c kein ungeteiltes Echo.<\/p>\n","protected":false},"author":3,"featured_media":4557,"comment_status":"closed","ping_status":"closed","sticky":false,"template":"","format":"standard","meta":{"colormag_page_container_layout":"default_layout","colormag_page_sidebar_layout":"default_layout","advanced_seo_description":"","jetpack_seo_html_title":"","jetpack_seo_noindex":false,"jetpack_post_was_ever_published":false,"footnotes":""},"categories":[12,937],"tags":[41,594,64,1008,917,597],"class_list":["post-4396","post","type-post","status-publish","format-standard","has-post-thumbnail","hentry","category-demokratie-medien-aufklaerung","category-zeit-der-verleumder-freidenker-fuer-klartext","tag-junge-welt","tag-ken-jebsen","tag-kenfm","tag-koelner-karlspreis-fuer-engagierte-literatur-und-publizistik","tag-linkspartei","tag-neue-rheinische-zeitung"],"jetpack_featured_media_url":"https:\/\/i0.wp.com\/www.freidenker.org\/fw17\/wp-content\/uploads\/2017\/12\/Klartext_censorship_800x445.jpg?fit=800%2C445&ssl=1","jetpack_shortlink":"https:\/\/wp.me\/p9stpK-18U","jetpack-related-posts":[{"id":2409,"url":"https:\/\/www.freidenker.org\/?p=2409","url_meta":{"origin":4396,"position":0},"title":"Freidenker-Brief 5-2017: Solidarit\u00e4t mit Ken Jebsen!","author":"Webredaktion","date":"25. November 2017","format":false,"excerpt":"Der Internet-Journalist Ken Jebsen erh\u00e4lt dieses Jahr den \u201eK\u00f6lner Karlspreis f\u00fcr engagierte Literatur und Publizistik\u201c, vergeben von der mittwochs im Internet erscheinenden Neuen Rheinischen Zeitung, deren Name an jenes historische \u201eOrgan der Demokratie\u201c \u2013 so der Untertitel \u2013 erinnert, durch das Karl Marx und Friedrich Engels von 1848 bis 1849\u2026","rel":"","context":"In &quot;Demokratie \u2013 Medien \u2013 Aufkl\u00e4rung&quot;","block_context":{"text":"Demokratie \u2013 Medien \u2013 Aufkl\u00e4rung","link":"https:\/\/www.freidenker.org\/?cat=12"},"img":{"alt_text":"","src":"https:\/\/i0.wp.com\/www.freidenker.org\/fw17\/wp-content\/uploads\/2017\/11\/Bild_Ken_Jebsen_KenFM.jpg?fit=800%2C445&ssl=1&resize=350%2C200","width":350,"height":200,"srcset":"https:\/\/i0.wp.com\/www.freidenker.org\/fw17\/wp-content\/uploads\/2017\/11\/Bild_Ken_Jebsen_KenFM.jpg?fit=800%2C445&ssl=1&resize=350%2C200 1x, https:\/\/i0.wp.com\/www.freidenker.org\/fw17\/wp-content\/uploads\/2017\/11\/Bild_Ken_Jebsen_KenFM.jpg?fit=800%2C445&ssl=1&resize=525%2C300 1.5x, https:\/\/i0.wp.com\/www.freidenker.org\/fw17\/wp-content\/uploads\/2017\/11\/Bild_Ken_Jebsen_KenFM.jpg?fit=800%2C445&ssl=1&resize=700%2C400 2x"},"classes":[]},{"id":2752,"url":"https:\/\/www.freidenker.org\/?p=2752","url_meta":{"origin":4396,"position":1},"title":"Freidenker-Brief 6-2017: Kundgebung f\u00fcr Demokratie und Meinungsfreiheit!","author":"Webredaktion","date":"12. Dezember 2017","format":false,"excerpt":"Der Deutsche Freidenker-Verband beteiligt sich an der Verleihung des K\u00f6lner Karlspreises an Ken Jebsen im Berliner Kino \u201eBabylon\u201c am Donnerstag,14. Dezember 2017 und zuvor an der Kundgebung f\u00fcr Demokratie und Meinungsfreiheit! ab 16:00 Uhr auf dem Rosa-Luxemburg-Platz in Berlin Erfolg vor Gericht - Das Amtsgericht Berlin Mitte hat auf Antrag\u2026","rel":"","context":"In &quot;Demokratie \u2013 Medien \u2013 Aufkl\u00e4rung&quot;","block_context":{"text":"Demokratie \u2013 Medien \u2013 Aufkl\u00e4rung","link":"https:\/\/www.freidenker.org\/?cat=12"},"img":{"alt_text":"","src":"https:\/\/i0.wp.com\/www.freidenker.org\/fw17\/wp-content\/uploads\/2017\/12\/babylon_800x445.jpg?fit=800%2C445&ssl=1&resize=350%2C200","width":350,"height":200,"srcset":"https:\/\/i0.wp.com\/www.freidenker.org\/fw17\/wp-content\/uploads\/2017\/12\/babylon_800x445.jpg?fit=800%2C445&ssl=1&resize=350%2C200 1x, https:\/\/i0.wp.com\/www.freidenker.org\/fw17\/wp-content\/uploads\/2017\/12\/babylon_800x445.jpg?fit=800%2C445&ssl=1&resize=525%2C300 1.5x, https:\/\/i0.wp.com\/www.freidenker.org\/fw17\/wp-content\/uploads\/2017\/12\/babylon_800x445.jpg?fit=800%2C445&ssl=1&resize=700%2C400 2x"},"classes":[]},{"id":2783,"url":"https:\/\/www.freidenker.org\/?p=2783","url_meta":{"origin":4396,"position":2},"title":"Mit \u201eFake News\u201c in den Krieg","author":"Webredaktion","date":"18. Dezember 2017","format":false,"excerpt":"Rede des Vorsitzenden des Deutschen Freidenker-Verbandes, Klaus Hartmann, anl\u00e4sslich der Verleihung des K\u00f6lner Karlspreises f\u00fcr Engagierte Literatur und Publizistik an Ken Jebsen am 14. Dezember 2017 in Berlin Mir wurde aufgegeben, ich soll etwas \u00fcber \u201eFake News\u201c erz\u00e4hlen, das hat in diesen Tagen nat\u00fcrlich Konjunktur, andererseits soll es dabei darum\u2026","rel":"","context":"In &quot;Demokratie \u2013 Medien \u2013 Aufkl\u00e4rung&quot;","block_context":{"text":"Demokratie \u2013 Medien \u2013 Aufkl\u00e4rung","link":"https:\/\/www.freidenker.org\/?cat=12"},"img":{"alt_text":"","src":"https:\/\/i0.wp.com\/www.freidenker.org\/fw17\/wp-content\/uploads\/2017\/12\/Hartmann_Karlspreis_Montage.jpg?fit=800%2C445&ssl=1&resize=350%2C200","width":350,"height":200,"srcset":"https:\/\/i0.wp.com\/www.freidenker.org\/fw17\/wp-content\/uploads\/2017\/12\/Hartmann_Karlspreis_Montage.jpg?fit=800%2C445&ssl=1&resize=350%2C200 1x, https:\/\/i0.wp.com\/www.freidenker.org\/fw17\/wp-content\/uploads\/2017\/12\/Hartmann_Karlspreis_Montage.jpg?fit=800%2C445&ssl=1&resize=525%2C300 1.5x, https:\/\/i0.wp.com\/www.freidenker.org\/fw17\/wp-content\/uploads\/2017\/12\/Hartmann_Karlspreis_Montage.jpg?fit=800%2C445&ssl=1&resize=700%2C400 2x"},"classes":[]},{"id":8113,"url":"https:\/\/www.freidenker.org\/?p=8113","url_meta":{"origin":4396,"position":3},"title":"Ken Jebsen \u2013 Erz-B\u00f6sewicht des Tages?","author":"Webredaktion","date":"17. Mai 2020","format":false,"excerpt":"In der Rubrik Tagesdosis wurde am 15.05.2020 bei KenFM der Beitrag \u201eKen Jebsen \u2013 Erz-B\u00f6sewicht des Tages?\u201c von Rainer Rupp ver\u00f6ffentlicht. Politiker der CDU\/CSU\/SPD\/Gr\u00fcnen\/FDP-Einheitsbrei-Partei und ihre willigen Presstituierten der Staats- und privaten Konzernmedien schie\u00dfen derzeit mit schwerem Gesch\u00fctz aus allen Rohren. Es gibt nichts, was Ken Jebsen nicht ist: angefangenen\u2026","rel":"","context":"In &quot;Demokratie \u2013 Medien \u2013 Aufkl\u00e4rung&quot;","block_context":{"text":"Demokratie \u2013 Medien \u2013 Aufkl\u00e4rung","link":"https:\/\/www.freidenker.org\/?cat=12"},"img":{"alt_text":"","src":"https:\/\/i0.wp.com\/www.freidenker.org\/fw17\/wp-content\/uploads\/2020\/05\/jebsen_boesewicht_800x450.jpg?fit=800%2C450&ssl=1&resize=350%2C200","width":350,"height":200,"srcset":"https:\/\/i0.wp.com\/www.freidenker.org\/fw17\/wp-content\/uploads\/2020\/05\/jebsen_boesewicht_800x450.jpg?fit=800%2C450&ssl=1&resize=350%2C200 1x, https:\/\/i0.wp.com\/www.freidenker.org\/fw17\/wp-content\/uploads\/2020\/05\/jebsen_boesewicht_800x450.jpg?fit=800%2C450&ssl=1&resize=525%2C300 1.5x, https:\/\/i0.wp.com\/www.freidenker.org\/fw17\/wp-content\/uploads\/2020\/05\/jebsen_boesewicht_800x450.jpg?fit=800%2C450&ssl=1&resize=700%2C400 2x"},"classes":[]},{"id":10508,"url":"https:\/\/www.freidenker.org\/?p=10508","url_meta":{"origin":4396,"position":4},"title":"Video: Sabiene Jahn &#8211; Freedoms Claws","author":"Webredaktion","date":"5. Juni 2021","format":false,"excerpt":"Video von und mit Sabiene Jahn Freedoms Claws versteht sich als Hymne f\u00fcr die weltweit um Frieden und Freiheit wirkenden Menschen. Der Song wurde 2020 von der heute in Rheinland-Pfalz lebenden K\u00fcnstlerin Sabiene Jahn komponiert und getextet und schildert den teilweise erbarmungslosen Umgang mit Menschen, die Wahrheiten aufdecken, die die\u2026","rel":"","context":"In &quot;Frieden - Antifaschismus - Solidarit\u00e4t&quot;","block_context":{"text":"Frieden - Antifaschismus - Solidarit\u00e4t","link":"https:\/\/www.freidenker.org\/?cat=13"},"img":{"alt_text":"","src":"https:\/\/i0.wp.com\/www.freidenker.org\/fw17\/wp-content\/uploads\/2021\/06\/anythingtosay_800x450.jpg?fit=800%2C450&ssl=1&resize=350%2C200","width":350,"height":200,"srcset":"https:\/\/i0.wp.com\/www.freidenker.org\/fw17\/wp-content\/uploads\/2021\/06\/anythingtosay_800x450.jpg?fit=800%2C450&ssl=1&resize=350%2C200 1x, https:\/\/i0.wp.com\/www.freidenker.org\/fw17\/wp-content\/uploads\/2021\/06\/anythingtosay_800x450.jpg?fit=800%2C450&ssl=1&resize=525%2C300 1.5x, https:\/\/i0.wp.com\/www.freidenker.org\/fw17\/wp-content\/uploads\/2021\/06\/anythingtosay_800x450.jpg?fit=800%2C450&ssl=1&resize=700%2C400 2x"},"classes":[]},{"id":8364,"url":"https:\/\/www.freidenker.org\/?p=8364","url_meta":{"origin":4396,"position":5},"title":"Der rassistische Trinit\u00e4tskomplex","author":"Webredaktion","date":"2. Juli 2020","format":false,"excerpt":"Beitrag von Klaus Linder Wie kommt es eigentlich, dass von der offiziellen Propaganda und auf s\u00e4mtlichen Streckenabschnitten der Gleichschaltung Ken Jebsen, Xavier Naidoo und Attila Hildmann durchweg nur in einem Atemzug genannt werden d\u00fcrfen, als seien sie die Unheilige Dreifaltigkeit h\u00f6chstselbst, die den deutschen Lichtstaat heimsucht? Wogegen ein ebenfalls medial\u2026","rel":"","context":"In &quot;Demokratie \u2013 Medien \u2013 Aufkl\u00e4rung&quot;","block_context":{"text":"Demokratie \u2013 Medien \u2013 Aufkl\u00e4rung","link":"https:\/\/www.freidenker.org\/?cat=12"},"img":{"alt_text":"","src":"https:\/\/i0.wp.com\/www.freidenker.org\/fw17\/wp-content\/uploads\/2020\/06\/wanted_jebsen_naidoo_hildmann_v2.jpg?fit=800%2C450&ssl=1&resize=350%2C200","width":350,"height":200,"srcset":"https:\/\/i0.wp.com\/www.freidenker.org\/fw17\/wp-content\/uploads\/2020\/06\/wanted_jebsen_naidoo_hildmann_v2.jpg?fit=800%2C450&ssl=1&resize=350%2C200 1x, https:\/\/i0.wp.com\/www.freidenker.org\/fw17\/wp-content\/uploads\/2020\/06\/wanted_jebsen_naidoo_hildmann_v2.jpg?fit=800%2C450&ssl=1&resize=525%2C300 1.5x, https:\/\/i0.wp.com\/www.freidenker.org\/fw17\/wp-content\/uploads\/2020\/06\/wanted_jebsen_naidoo_hildmann_v2.jpg?fit=800%2C450&ssl=1&resize=700%2C400 2x"},"classes":[]}],"_links":{"self":[{"href":"https:\/\/www.freidenker.org\/index.php?rest_route=\/wp\/v2\/posts\/4396","targetHints":{"allow":["GET"]}}],"collection":[{"href":"https:\/\/www.freidenker.org\/index.php?rest_route=\/wp\/v2\/posts"}],"about":[{"href":"https:\/\/www.freidenker.org\/index.php?rest_route=\/wp\/v2\/types\/post"}],"author":[{"embeddable":true,"href":"https:\/\/www.freidenker.org\/index.php?rest_route=\/wp\/v2\/users\/3"}],"replies":[{"embeddable":true,"href":"https:\/\/www.freidenker.org\/index.php?rest_route=%2Fwp%2Fv2%2Fcomments&post=4396"}],"version-history":[{"count":0,"href":"https:\/\/www.freidenker.org\/index.php?rest_route=\/wp\/v2\/posts\/4396\/revisions"}],"wp:featuredmedia":[{"embeddable":true,"href":"https:\/\/www.freidenker.org\/index.php?rest_route=\/wp\/v2\/media\/4557"}],"wp:attachment":[{"href":"https:\/\/www.freidenker.org\/index.php?rest_route=%2Fwp%2Fv2%2Fmedia&parent=4396"}],"wp:term":[{"taxonomy":"category","embeddable":true,"href":"https:\/\/www.freidenker.org\/index.php?rest_route=%2Fwp%2Fv2%2Fcategories&post=4396"},{"taxonomy":"post_tag","embeddable":true,"href":"https:\/\/www.freidenker.org\/index.php?rest_route=%2Fwp%2Fv2%2Ftags&post=4396"}],"curies":[{"name":"wp","href":"https:\/\/api.w.org\/{rel}","templated":true}]}}