{"id":4300,"date":"2010-09-18T15:19:56","date_gmt":"2010-09-18T13:19:56","guid":{"rendered":"http:\/\/www.freidenker.org\/?p=4300"},"modified":"2018-02-18T22:44:18","modified_gmt":"2018-02-18T21:44:18","slug":"ueberlegungen-zur-mitgliedschaft-des-dfv-im-korso","status":"publish","type":"post","link":"https:\/\/www.freidenker.org\/?p=4300","title":{"rendered":"\u00dcberlegungen zur Mitgliedschaft des DFV im KORSO"},"content":{"rendered":"<p>von <em><strong>Ralf Lux<\/strong><\/em><\/p>\n<p><em>(Dieser Artikel erschien stark gek\u00fcrzt im Verbandsorgan <a href=\"https:\/\/www.freidenker.org\/?p=733\">FREIDENKER 4-2010<\/a>, S. 40-41)<\/em><\/p>\n<p>&nbsp;<\/p>\n<p>In der \u201eBerliner Erkl\u00e4rung\u201c des Deutschen-Freidenker-Verbandes von 1994, die als programmatisches Grundsatzdokument noch immer g\u00fcltig ist, hei\u00dft es:<\/p>\n<blockquote><p><em>Bei der Verwirklichung unserer Vorstellungen wollen wir mit allen zusammenwirken, die &#8211; auch teilweise &#8211; gleiche oder \u00e4hnliche Ziele anstreben wie der DFV. Dabei wahren wir unsere Selbst\u00e4ndigkeit und parteipolitische Unabh\u00e4ngigkeit.<\/em><\/p>\n<p><em>Zur Durchsetzung der strikten Trennung von Staat und Kirche suchen wir die enge Zusammenarbeit mit allen freigeistig-humanistisch eingestellten Menschen und Organisationen.<\/em><\/p><\/blockquote>\n<p>In der Annahme, in \u00dcbereinstimmung mit diesen Grunds\u00e4tzen zu handeln, hatte der Vorstand des Deutschen Freidenker-Verbandes im Oktober 2008 beschlossen, an der Gr\u00fcndungskonferenz des \u201eKoordinierungsrates s\u00e4kularer Organisationen\u201c (KORSO) teilzunehmen und diesem \u2013 sofern er gegr\u00fcndet wird \u2013 beizutreten, so wie es dann auch geschah.<\/p>\n<p>Nachdem jahrelang Diskussionen \u00fcber ein gemeinsames Gremium s\u00e4kularer Verb\u00e4nde zu keinem Erfolg f\u00fchrten, ging der eigentliche Gr\u00fcndungsprozess des KORSO im Jahre 2008 dann recht schnell vonstatten, so schnell, dass in unserem Verband keine Zeit mehr verblieb, das F\u00fcr und Wider einer Mitgliedschaft ausgiebig zu diskutieren.<\/p>\n<p>Die nicht ausreichende Kommunikation im Vorfeld f\u00fchrte dazu, dass bereits kurz nach der Gr\u00fcndung des KORSO in unserem Verband Stimmen laut wurden, die Kritik an dieser Mitgliedschaft \u00fcbten und sogar forderten, umgehend wieder auszutreten.<\/p>\n<p>Auf dem Verbandstag des DFV im Mai 2009 in Berlin wurden zwei Antr\u00e4ge gestellt, die den sofortigen Austritt aus dem KORSO forderten. Ebenso gab es zwei Antr\u00e4ge, die f\u00fcr den Verbleib votierten.<\/p>\n<p>Der Verbandstag beschloss, die Diskussionen zum Korso auf allen Verbandebenen weiterzuf\u00fchren. Der Verbandsvorstand solle dann zu einem sp\u00e4teren Zeitpunkt \u00fcber die weitere Mitgliedschaft entscheiden.<\/p>\n<p>Nachfolgend einige Betrachtungen \u00fcber die Vorgeschichte und die heutige Verfasstheit des KORSO, gefolgt von \u00dcberlegungen, die wir in der weiteren Diskussion ber\u00fccksichtigen sollten.<\/p>\n<h4>Vorgeschichte des KORSO<\/h4>\n<p>Die freigeistigen, freidenkerischen und humanistischen Verb\u00e4nde hatten seit Mitte der neunziger Jahre relativ wenig Kontakte, jeder Verband konzentrierte sich vorrangig auf seine eigenen Zielsetzungen und seine eigene Profilierung.<\/p>\n<p>Dies \u00e4nderte sich erst im Jahre 2000, als sich auf Initiative der Humanistischen Akademie eine \u201eSichtungskommission\u201c bildete, die fortan zwei- bis dreimal im Jahr tagte und an deren Sitzungen Vertreter verschiedener Verb\u00e4nde (vor allem HVD, IBKA, DFW, JWD und DFV) teilnahmen. Der Name sollte verdeutlichen, dass hier lediglich \u201egesichtet\u201c werden konnte, welche Schwerpunkte die einzelnen Verb\u00e4nde in ihrer Arbeit setzen, welche Aktionen sie planen und ob sich Ansatzpunkte f\u00fcr gemeinsame Vorhaben finden lassen. Das Gremium hatte von Anfang an keinen Anspruch darauf, gemeinsame Beschl\u00fcsse zu fassen und die einzelnen Vertreter waren auch gar nicht dazu legitimiert. Es konnte also nur Empfehlungen geben, eine davon war z.B. im Jahr 2004 der Aufruf an alle Verb\u00e4nde, die Herausgabe einer Ludwig-Feuerbach-Briefmarke anl\u00e4sslich seines 200. Geburtstages zu unterst\u00fctzen, welche dann auch tats\u00e4chlich erschienen ist.<\/p>\n<p>Es fanden in dieser Zeit durchaus auch andere \u2013 wichtigere \u2013 Aktionen statt, die von mehreren Verb\u00e4nden gemeinsam getragen wurden, so zum Beispiel eine Kampagne gegen das Konkordat der des Heiligen Stuhls mit dem Land Brandenburg im Jahre 2003, die auch vom DFV unterst\u00fctzt wurde. Verhindert konnte das Konkordat aber nicht werden, genauso wenig wie der Staatskirchenvertrag von Hamburg zwei Jahre sp\u00e4ter. Die Stimme der \u201edritten Konfession\u201c, der Konfessionsfreien und Atheisten hatte und hat bis heute keine breite gemeinsame Basis, die in der \u00d6ffentlichkeit wahrgenommen wird.<\/p>\n<p>Von verschiedenen Seiten wurde daher immer wieder der Wunsch ge\u00e4u\u00dfert, die Kr\u00e4fte st\u00e4rker und wirksamer zu b\u00fcndeln und ein Gremium zu schaffen, welches die Zusammenarbeit koordiniert.\u00a0 Im Jahre 2005 wurde dann von der Giordano-Bruno-Stiftung (namentlich von Michael Schmidt-Salomon) in begrifflicher Anlehnung an den \u201eZentralrat der Juden\u201c die Bildung eines \u201eZentralrates der Konfessionsfreien\u201c vorgeschlagen, andere bef\u00fcrworteten ein \u201eZentralsekretariat\u201c.<\/p>\n<p>In der Diskussion dar\u00fcber wurde deutlich, dass doch sehr unterschiedliche Auffassungen dar\u00fcber bestehen, welche politische Ausrichtung und welche Struktur der Zentralrat haben soll und wie er sich finanziert. Haupts\u00e4chlich ging es um die Frage, ob dieser Zentralrat die staatskirchenrechtlichen Privilegien auch f\u00fcr die Konfessionsfreien einfordern wird (wie es der HVD tut) oder konsequent f\u00fcr die Trennung von Kirche und Staat eintreten wird (was z.B. das Hauptziel des IBKA ist). Die Unterschiede waren also schnell ausgemacht, aber vertreten nicht auch alle Verb\u00e4nde gemeinsame Ziele, die \u00fcber die Tatsache, dass ihre Mitglieder keine Kirchenkonfession haben, hinausgehen?<\/p>\n<p>Auf Wunsch der Sichtungskommission wurde dann im Jahre 2007 von Dr. Helmut Kramer (DFW) eine Synopse erstellt, die anhand der jeweiligen Grundsatzdokumente die Gemeinsamkeiten der Verb\u00e4nde herausarbeitete, im Fr\u00fchjahr 2008 fand eine Tagung in Kassel statt, die die Ergebnisse zusammenfasste. Damit war der Weg frei f\u00fcr ernsthafte Vorbereitungen zur Gr\u00fcndung des KORSO. Daran war von Seiten des DFV Ralf Lux beteiligt.<\/p>\n<h4>Gr\u00fcndung KORSO<\/h4>\n<p>Der \u201eKoordinierungsrat s\u00e4kularer Organisationen\u201c (KORSO) wurde am 16. November 2008 in Berlin gegr\u00fcndet.<\/p>\n<p>Der DFV war mit seinem Vorsitzenden Klaus Hartmann sowie mit Wolfgang Fleischer und Ralf Lux auf dieser Gr\u00fcndungskonferenz vertreten und trat dem neu gegr\u00fcndeten Verband bei.<\/p>\n<p>In einer dort beschlossenen Grundsatzerkl\u00e4rung definierte sich der KORSO als \u201eInteressenvertretung konfessionsfreier Menschen und ein Forum des Austauschs und der Information\u201c und erkl\u00e4rte u.a.:<\/p>\n<blockquote><p><em>Mehr als ein Drittel der deutschen Bev\u00f6lkerung ist derzeit konfessionsfrei. Mehr als drei Viertel der Konfessionsfreien orientieren sich an humanistischen Lebensvorstellungen. Diese Menschen haben in Deutschland keine angemessene Interessenvertretung. Der <strong>Koordinierungsrat s\u00e4kularer Organisationen (KORSO) <\/strong>will hier eine Wende herbeif\u00fchren. <\/em><\/p>\n<p><em>Die Mitglieder unserer s\u00e4kularen Organisationen treten f\u00fcr <strong>Toleranz und Gewaltverzicht <\/strong>zwischen den Kulturen und den Religionen ein. Sie streben nach <strong>individueller Selbstbestimmung in sozialer Verantwortung<\/strong>. Wir haben durchaus unterschiedliche kulturelle und politische Vorstellungen davon, wie das eigene Leben, die Gesellschaft und der Staat gestaltet werden sollten. Wir sind stolz auf unsere Pluralit\u00e4t. Aber wir sind es leid, wegen unserer Weltanschauung diskriminiert zu werden.<\/em><\/p><\/blockquote>\n<p>Die Grundsatzerkl\u00e4rung erhielt auch die Anregung, noch 2009 eine \u201eKonfessionsfreien-Konferenz\u201c von der Bundesregierung einzufordern, mit dem Ziel, eine Gleichbehandlung der Konfessionsfreien und ihrer Gemeinschaften mit den Religionsgesellschaften zu erreichen und gesetzliche Regelungen dazu auf den Weg zu bringen. Dazu wurde auch einen umfangreicher Forderungskatalog erstellt, der zugleich die Ziele des neuen Verbandes definierte. Gefordert wurde u.a.:<\/p>\n<ul>\n<li>die konsequente religi\u00f6se bzw. weltanschauliche Neutralit\u00e4t des Staates und die Trennung von Staat und Kirche zu vollenden<\/li>\n<li>die Verwirklichung des Gleichbehandlungsgrundsatzes f\u00fcr alle Religions- und Weltanschauungsgemeinschaften<\/li>\n<li>ein bundesweites integratives Pflichtfach zur Wertevermittlung (wie in Berlin \u201eEthik\u201c und in Brandenburg \u201eLER\u201c)<\/li>\n<li>die F\u00f6rderung religi\u00f6s bzw. weltanschaulich neutraler Sozial-, Kultur- und Bildungseinrichtungen<\/li>\n<li>konsequentes Vorgehen gegen jede Art von Intoleranz, Fremdenfeindlichkeit und Fundamentalismus<\/li>\n<li>Gew\u00e4hrleistung der Autonomie am Lebensende und die volle rechtliche G\u00fcltigkeit von Patientenverf\u00fcgungen<\/li>\n<li>eigene und angemessene Vertretungen in Ethikr\u00e4ten, Rundfunkr\u00e4ten, Bundespr\u00fcfstellen u.a.m.<\/li>\n<\/ul>\n<p>Anhand dieser Forderungen wurde schon deutlich, dass es gelungen war, eine ganze Reihe von Schnittmengen herauszuarbeiten, die von allen beteiligten Verb\u00e4nden mitgetragen werden konnten. Jedoch, dies muss klar herausgestellt werden, sagt das noch nichts\u00a0 dar\u00fcber aus, welche Pr\u00e4missen die einzelnen Verb\u00e4nde dabei setzen. Nat\u00fcrlich verfolgen alle beteiligten Verb\u00e4nde und Organisationen nach wie vor eigene Interessen, die sie auch als Mitglieder des KORSO\u00a0 weiterhin verfolgen werden.<\/p>\n<p>Folgende Organisationen sind bei der Gr\u00fcndungskonferenz dem KORSO beigetreten und bis heute Mitglied:<\/p>\n<p><u>Bundesweite Organisationen<\/u>: Deutscher Freidenker-Verband (DFV), Dachverband Freier Weltanschauungsgemeinschaften (DFW), Humanistischer Verband Deutsch\u00adlands (HVD), Internationaler Bund der Konfessionslosen und Atheisten (IBKA), Jugendweihe Deutschland (JwD).<\/p>\n<p><u>Bundesweite Akademien und Stiftungen<\/u>: Giordano Bruno Stiftung zur F\u00f6rderung des evolution\u00e4ren Humanismus (gbs), Humanistische Akademie Deutschland (HAD), Stiftung Geistesfreiheit Hamburg, Stiftung UNITATES<\/p>\n<p><u>Regionale Organisationen und Stiftungen<\/u>: Humanismus Stiftung Berlin, Roter Baum e.V. Dresden<\/p>\n<p>Die Differenzierung in diese drei Gruppen ist insofern von Bedeutung, da sich danach die maximal m\u00f6gliche Stimmenzahl (3, 2 oder eine) bestimmt, die der jeweilige Verband auf der Ratsversammlung (dem h\u00f6chsten Organ des KORSO) haben kann. Der Gedanke dahinter war, dass bundesweite Mitgliedsverb\u00e4nde mit eigenen demokratischen Strukturen nat\u00fcrlich mehr Stimmen haben sollen, als Stiftungen und Akademien und auch mehr als lediglich regional t\u00e4tige Organisationen. Die Stimmenzahl, die ein Verband tats\u00e4chlich hat, h\u00e4ngt aber von den Beitr\u00e4gen ab, die er bereit oder in der Lage ist zu zahlen. Jede Stimme kostet pro Jahr 500 \u20ac. Mit dieser L\u00f6sung sollte einerseits gesichert werden, dass keine Verb\u00e4nde die Politik des KORSO beeinflussen k\u00f6nnen, ohne sich an dessen Finanzierung zu beteiligen, andererseits sollte aber auch verhindert werden, dass beliebig viele Stimmen erworben werden, so dass die finanzst\u00e4rkeren Verb\u00e4nde letztendlich den KORSO dominieren w\u00fcrden.<\/p>\n<p>All dies macht deutlich, dass es nicht so einfach war, Kompromisse zu finden, die geeignet sind, sowohl demokratische Grunds\u00e4tze zu wahren als auch die Arbeitsf\u00e4higkeit des KORSO zu garantieren.<\/p>\n<p>Es wurde ein siebenk\u00f6pfiger Vorstand gew\u00e4hlt, dem Frieder Otto Wolf (HVD, Vorsitzender), Carten Frerk (gbs, stellv. Vorsitzender), Manfred Isemeyer (Humanismus Stiftung Berlin, Schatzmeister) sowie die Beisitzer Rudolf Ladwig (IBKA), Ralf Lux (DFV), Volker Mueller (DFW) und Konny G. Neumann (JwD) angeh\u00f6ren.<\/p>\n<h4>Entwicklung des KORSO seit der Gr\u00fcndung<\/h4>\n<p>Es muss festgestellt werden, dass der KORSO in den zwei Jahren seines Bestehens bisher kaum wirksam geworden ist. Dies ist vor allem dem Umstand geschuldet, dass er bisher \u00fcber keinerlei finanzielle Mittel verf\u00fcgt und somit nicht handlungsf\u00e4hig ist.<\/p>\n<p>Die Eintragung in das Vereinsregister hatte sich aus verschiedenen Gr\u00fcnden unerwartet verz\u00f6gert, damit auch seine Anerkennung als gemeinn\u00fctziger Verein. Die Mitgliedsverb\u00e4nde sind aber nat\u00fcrlich nur dann bereit, ihre Beitr\u00e4ge zu zahlen, wenn der Gemeinn\u00fctzigkeitsbescheid vorliegt. Andererseits kann der KORSO als \u201eVerband von Verb\u00e4nden\u201c nur dann gemeinn\u00fctzig sein, wenn alle seine Mitglieder als gemeinn\u00fctzig anerkannt sind. Ein ziemlich kompliziertes Konstrukt also.<\/p>\n<p>Es ist nun aber abzusehen, dass die organisatorischen Schwierigkeiten \u00fcberwunden werden. K\u00fcrzlich erfolgte endlich die Eintragung ins Vereinsregister, am 14.11.2010 wird die n\u00e4chste Ratsversammlung des KORSO stattfinden, auf der auch ein neuer Vorstand gew\u00e4hlt werden wird.<\/p>\n<p>Es ist davon auszugehen, dass in n\u00e4chster Zeit Fortschritte erzielt werden, die den KORSO endlich arbeitsf\u00e4hig machen. Um so notwendiger ist es, dass sich der DFV zum Verbleib oder Austritt aus dem Koordinierungsrat endg\u00fcltig positioniert.<\/p>\n<h4>Aktuelle Schwerpunkte des KORSO<\/h4>\n<p>Das auf der Gr\u00fcndungsversammlung formulierte Ziel, von der Bundesregierung die Einberufung einer \u201eKonfessionsfreien-Konferenz\u201c einzufordern, ist aufgrund der genannten Schwierigkeiten seitdem nicht weiter verfolgt worden. Der KORSO muss sich erst einmal etablieren, ehe man solche gr\u00f6\u00dferen Aktionen ernsthaft angehen kann. Es ist aber nicht ausgeschlossen, dass der Vorschlag wieder aufgegriffen wird.<\/p>\n<p>Ein Thema das im KORSO-Vorstand diskutiert wurde, ist die Forderung nach einer Enquete-Kommission zur Abl\u00f6sung der finanziellen Staatsleistungen an die Kirchen. Diese Leistungen die urspr\u00fcnglich als Entsch\u00e4digungen f\u00fcr s\u00e4kularisierten Kirchenbesitz mit dem Reichsdeputationshauptschluss von 1803 gedacht waren, werden noch bis heute gezahlt, obwohl die Weimarer Reichsverfassung in Artikel 138 Abs. 1 den Auftrag gegeben hatte, Grunds\u00e4tze aufzustellen, die diese Staatsleistungen abl\u00f6sen sollten. Dieser Artikel wurde \u00fcber Artikel 140 GG in das Grundgesetz \u00fcbernommen, doch ge\u00e4ndert hat sich bis heute nichts.<br \/>\nGegenw\u00e4rtig gibt auch von anderer Seite Aktivit\u00e4ten zur Abl\u00f6sung der Staatsleistungen (z.B. von der Humanistischen Union), der KORSO k\u00f6nnte in der weiteren Debatte eine wichtige Rolle spielen.<\/p>\n<p>In der Diskussion befindet sich eine weitere Kampagne um das \u201eSelbstbestimmungsrecht der Kirchen\u201c, welches diese aus Artikel 143 Abs. 3 der Weimarer Reichsverfassung ableiten, der \u00fcber Artikel 140 GG ebenfalls bis heute g\u00fcltig ist: Darin hei\u00dft es:<\/p>\n<blockquote><p><em>Jede Religionsgesellschaft ordnet und verwaltet ihre Angelegenheiten selbst\u00e4ndig innerhalb der Schranken des f\u00fcr alle geltenden Gesetzes. Sie verleiht ihre \u00c4mter ohne Mitwirkung des Staates oder der b\u00fcrgerlichen Gemeinde.<\/em><\/p><\/blockquote>\n<p>Daraus hat sich die Sprachformel vom \u201eSelbstbestimmungsrecht der Kirchen\u201c entwickelt, die von den Kirchen so ausgelegt wird, dass sie selbst bestimmen, was ihre Angelegenheiten sind und diesen Anspruch auf alle ihre Einrichtungen ausdehnen, zum Beispiel auch auf das Diakonische Werk oder den Caritasverband.<br \/>\nObwohl der zitierte Artikel der WRV auf die \u201eSchranken innerhalb des f\u00fcr alle geltenden Gesetzes\u201c verweist, reklamieren die Kirchen aus ihrem \u201eSelbstbestimmungsrecht\u201c die Nichtg\u00fcltigkeit von z.B. Betriebsverfassungsgesetz und Tarifautonomie in ihren Einrichtungen, was bislang in der Rechtssprechung auch weitestgehend anerkannt wird.<br \/>\nDerzeit wird \u00fcberlegt, ob und in welcher Weise sich der KORSO f\u00fcr die Beseitigung dieses Missstandes einsetzen sollte.<\/p>\n<p>Am 19.09.2010 wird in K\u00f6ln ein sogenannter Korso-Ratschlag (eine Veranstaltung ohne Beschlusscharakter) stattfinden. Dort wird dar\u00fcber beraten werden, welche Problembereiche der KORSO k\u00fcnftig st\u00e4rker ins \u00f6ffentliche Bewusstsein r\u00fccken k\u00f6nnte, wie etwa:<\/p>\n<ul>\n<li>Kirchliche Privilegien (Kirchenstatus, Kirchenfinanzierung, Kirchensteuer, theologische Fakult\u00e4ten, Religionsunterricht, Milit\u00e4rseelsorge)<\/li>\n<li>Weltanschauliche Ausrichtung der Medien (Sendezeiten, Rundfunkr\u00e4te)<\/li>\n<li>Sonderstatus der kirchlichen sozialen Einrichtungen (Arbeits- und Dienstrecht)<\/li>\n<li>Islam in Deutschland und Europa<\/li>\n<li>Sekten<\/li>\n<li>Europ\u00e4isches Recht der Weltanschauungen<\/li>\n<\/ul>\n<p>Alle Mitgliedsverb\u00e4nde sind dazu aufgerufen, eigene Vorstellungen und Vorschl\u00e4ge zu machen. Beschl\u00fcsse k\u00f6nnen erst am 14.11. zur Ratsversammlung in Berlin gefasst werden.<\/p>\n<h4>Bedenken im DFV zur Mitgliedschaft im KORSO<\/h4>\n<p>Wie eingangs erw\u00e4hnt, gibt es unter Teilen der Mitgliedschaft unseres Verbandes gro\u00dfe Vorbehalte und Bedenken zur Mitgliedschaft des DFV im KORSO.<\/p>\n<p>Auf dem Verbandstag des DFV im Mai 2009 in Berlin wurden zwei Antr\u00e4ge (von den Landesverb\u00e4nden NRW und Nord) eingebracht, die den Austritt aus dem Korso forderten. Die entsprechenden Begr\u00fcndungen enthielten im wesentlichen drei Kernaussagen:<\/p>\n<ol>\n<li>wird jegliche Zusammenarbeit mit Organisationen wie der Giordano-Bruno-Stiftung oder der Deutschen Unitarier Religionsgemeinschaft (deren Dachverband DFW Mitglied des KORSO ist), die nicht die gleichen ideologischen Positionen vertreten wie der DFV, strikt abgelehnt,<\/li>\n<li>vertrage sich die Grundsatzerkl\u00e4rung des KORSO nicht mit unserer eigenen Programmatik, sie bleibe deutlich dahinter zur\u00fcck. Z.B. w\u00fcrde nicht eindeutig die Forderung nach Trennung von Kirche und Staat deutlich, man k\u00f6nne die Erkl\u00e4rung auch als Streben nach Gleichbehandlung im Privileg interpretieren.<\/li>\n<li>sei der KORSO ein Teil der Expansionsstrategie des Humanistischen Verbandes, der den KORSO personell und inhaltlich v\u00f6llig dominieren w\u00fcrde.<\/li>\n<\/ol>\n<p>Es gab allerdings auch zwei Antr\u00e4ge (der Landesverb\u00e4nde Berlin und Th\u00fcringen), die den Verbleib des DFV im KORSO bef\u00fcrworteten. Dazu wurde u.a. argumentiert:<\/p>\n<ol>\n<li>wird in der Gr\u00fcndung des KORSO eine sinnvolle B\u00fcndelung der Kr\u00e4fte gesehen, die sich f\u00fcr die Trennung von Staat und Kirche und f\u00fcr die Interessen der Konfessionslosen einsetzen ,<\/li>\n<li>geh\u00f6re es zu den Grunds\u00e4tzen freien Denkens, eine streitbare Zusammenarbeit zu f\u00f6rdern und auf alle freigeistigen Verb\u00e4nde und Vereine zuzugehen, mit denen es Gemeinsamkeiten in humanistischen Grundfragen gibt,<\/li>\n<li>wird die Mitarbeit im KORSO als M\u00f6glichkeit gesehen, reaktion\u00e4ren, klerikalen und fundamentalistischen Angriffen auf demokratische Grundrechte zu begegnen.<\/li>\n<\/ol>\n<p>Die Begr\u00fcndungen k\u00f6nnten unterschiedlicher nicht sein und zeigen, dass es ganz verschiedene Sichtweisen auf die Problematik gibt.<\/p>\n<p>Im Kern ist es die Frage: <strong>Was ist uns wichtiger, Kooperation oder Abgrenzung?<\/strong><\/p>\n<p>Stellen wir das Trennende oder das Gemeinsame in den Vordergrund? Im Antrag der Th\u00fcringer Freunde wird bef\u00fcrchtet, dass wir uns zunehmend in die Isolation und damit in die Bedeutungslosigkeit begeben. Im Antrag des Landesverbandes Nord hingegen hei\u00dft es, dass die in der B\u00fcndnispolitik notwendigen Kompromisse nicht soweit gehen d\u00fcrfen, dass f\u00fcr die eigene Identit\u00e4t notwendige Positionen v\u00f6llig verw\u00e4ssert werden.<\/p>\n<h4>Einige Argumente f\u00fcr den Verbleib des DFV im KORSO<\/h4>\n<p>In vielen Diskussionen auf den verschiedensten Ebenen unseres Verbandes h\u00f6rt man immer wieder, dass die Kr\u00e4fte nicht reichen, diese oder jene Aufgabe zu bew\u00e4ltigen. Man brauche B\u00fcndnispartner um mehr erreichen zu k\u00f6nnen. In der Praxis wird auch viel mit anderen Verb\u00e4nden und Vereinen sowie mit den Gewerkschaften kooperiert.<\/p>\n<p>Nun ist das Spektrum der Aufgaben, die sich der DFV gestellt hat, \u00e4u\u00dferst vielf\u00e4ltig, so dass\u00a0 f\u00fcr verschiedene Aktionen (Osterm\u00e4rsche, Protestkundgebungen, thematische Konferenzen, Kulturveranstaltungen) auch immer wieder andere B\u00fcndnispartner in Frage kommen.<\/p>\n<p>Die Besonderheit, die der Deutsche Freidenker-Verband in der linken Szene einnimmt, ist jedoch, dass er eine Weltanschauungsgemeinschaft ist, die f\u00fcr eine nichtreligi\u00f6se Weltsicht eintritt und Menschen vereint, die konfessionell nicht gebunden sind. Dies hat keine andere Organisation in diesem Umfeld auf ihre Fahnen geschrieben. W\u00fcrden wir diese Besonderheit verneinen, m\u00fcssten wir uns mit der Frage besch\u00e4ftigen, ob der DFV innerhalb des linken Spektrums noch eine Berechtigung hat; ob wir unsere Ziele nicht besser in anderen Organisationen und Verb\u00e4nden verwirklichen k\u00f6nnten.<\/p>\n<p>Mit wem aber soll der Deutsche Freidenker-Verband zusammengehen, wenn es um Fragen wie die Trennung von Staat und Kirche oder die Verwirklichung des Gleichbehandlungsgrundsatzes f\u00fcr alle Religions- und Weltanschauungsgemeinschaften geht, die ja nach wie vor Bestandteil unseres eigenen Selbstverst\u00e4ndnisses sind?<\/p>\n<p>Wie eingangs schon zitiert, steht in der Berliner Erkl\u00e4rung, dass wir mit <em>allen<\/em> zusammenwirken wollen, die \u2013 auch <em>teilweise<\/em> \u2013 gleiche oder <em>\u00e4hnliche<\/em> Ziele anstreben wie der DFV.<\/p>\n<p>Ein Problem dabei ist, dass die Meinungen dar\u00fcber, welcher andere Verband denn nun \u201egleiche oder \u00e4hnliche\u201c Ziele wie der DFV vertritt, durchaus geteilt sind. Insbesondere der Humanistische Verband Deutschlands (HVD), der sich seit Mitte der neunziger Jahre verst\u00e4rkt mit Dienstleistungsangeboten f\u00fcr konfessionsfreie Menschen profiliert und seine Arbeit zum gro\u00dfen Teil mit \u00f6ffentlich-rechtlichen Mitteln finanziert oder der DFW, der sich als \u201eInteressenverband selbstst\u00e4ndiger Verb\u00e4nde\u201c (die sich selbst wiederum\u00a0 teilweise sogar als religi\u00f6s verstehen) vor allem f\u00fcr die Durchsetzung der Glaubens- und Gewissensfreiheit einsetzt, setzen nat\u00fcrlich andere Schwerpunkte, als der DFV, der die Aufkl\u00e4rung als Hauptaufgabe seiner weltanschaulichen T\u00e4tigkeit betrachtet und sein Augenmerk dabei nicht nur auf die kritische Beleuchtung des Verh\u00e4ltnisses von Staat und Kirche richtet, sondern in seine Betrachtung alle gesellschaftlichen Prozesse einbezieht.<\/p>\n<p>Hier sei angemerkt, dass die Frage der Unterschiedlichkeit der KORSO-Mitglieder nicht nur den DFV ber\u00fchrt. Gravierend sind zum Beispiel auch die Unterschiede zwischen IBKA und HVD. W\u00e4hrend der IBKA konsequent f\u00fcr die Trennung von Staat und Kirche eintritt und damit verbunden z.B. auch f\u00fcr die Abschaffung des Religionsunterrichtes an den Schulen und die Milit\u00e4rseelsorge (die den Kirchen die staatlich organisierte und finanzierte Missionierung in den Kasernen erm\u00f6glicht), verfolgt der HVD die Strategie, alle Privilegien der Kirchen auch f\u00fcr sich zu reklamieren. So ist z.B. der humanistische Lebenskunde-Unterricht, den der HVD seit Jahren als Alternative zum Religionsunterricht in Berlin (finanziert durch den dortigen Senat) anbietet, durch Artikel 7,3 GG (Religionsunterricht ist ordentliches Lehrfach) legitimiert. Bei aller berechtigter Kritik (insbesondere an der geplanten \u201ehumanistischen Milit\u00e4rseelsorge\u201c) darf jedoch nicht \u00fcbersehen werden, dass die Angebote des HVD viele konfessionsfreie Menschen ansprechen (z.B. auf dem Gebiet der Sterbebegleitung) und dass hier auf vorhandene Bed\u00fcrfnisse eingegangen wird, deren Befriedigung man ansonsten den Kirchen \u00fcberlassen w\u00fcrde. Insofern tut der HVD nat\u00fcrlich sehr viel f\u00fcr die Interessenvertretung konfessionsfreier Menschen, der auch wir als DFV uns verpflichtet f\u00fchlen.<\/p>\n<p>Jeder Mitgliedsverband im KORSO hat seine eigene Ausrichtung, setzt seine eigenen Schwerpunkte, die sich teilweise auch diametral widersprechen. Dies war ja gerade der Grund, weshalb jahrelang kein solches Gremium wie der KORSO existierte.<\/p>\n<p>Trotz aller Unterschiede, die z.B. zwischen HVD und IBKA bis zum heutigen Tage bestehen, hat sich in den letzten Jahren in den anderen Verb\u00e4nden die Erkenntnis durchgesetzt, dass eine st\u00e4rkere Wahrnehmung der Konfessionslosen in der \u00d6ffentlichkeit nur zu erreichen ist, wenn man \u2013 wo immer es m\u00f6glich ist &#8211; gemeinsam auftritt.\u00a0 Auch der Vorstand des Deutschen Freidenker-Verbandes hat sich dieser Auffassung angeschlossen und hat deshalb \u2013 gemeinsam mit den anderen Verb\u00e4nden \u2013 den KORSO gegr\u00fcndet.<\/p>\n<p>Die Mitgliedschaft im KORSO bedeutet nicht die Aufgabe der eigenen Positionen, denn sonst w\u00fcrden sich in der Tat die einzelnen Organisationen \u00fcberfl\u00fcssig machen. Folglich kann nur auf der Basis eines gemeinsamen Konsens gehandelt werden, der in der Grundsatzerkl\u00e4rung des KORSO manifestiert ist.<\/p>\n<p>Nat\u00fcrlich bedingt jede B\u00fcndnisarbeit auch Kompromisse. Wir k\u00f6nnen nicht erwarten, dass unsere B\u00fcndnispartner ihre programmatischen Grundlagen unseren Vorstellungen anpassen, genauso, wie wir uns als DFV auch nicht von anderen in die eigenen Angelegenheiten reinreden lassen.<\/p>\n<p>Der KORSO ist so verfasst, dass er die Politik seiner Mitgliedsverb\u00e4nde nicht beeinflussen kann. Es geht nur andersherum: Der KORSO kann nur das tun, was von seinen Mitgliedsverb\u00e4nden auch mitgetragen wird. Da diese \u2013 wie dargestellt \u2013 teilweise sehr unterschiedliche Zielsetzungen verfolgen, k\u00f6nnen sich die Aktivit\u00e4ten des KORSO nur im Bereich der Schnittmenge abspielen, die den Interessen aller beteiligten Verb\u00e4nde entspricht.<\/p>\n<p>Welche Aktivit\u00e4ten das sind, bestimmen die Mitgliedsverb\u00e4nde des KORSO selbst, der Deutsche Freidenker-Verband ist da eingeschlossen. Mit anderen Worten: Auch wir als DFV k\u00f6nnen die Ausrichtung des KORSO mitbestimmen und somit der bef\u00fcrchten Dominanz anderer Verb\u00e4nde entgegenwirken. Schlie\u00dfen wir uns da selbst aus, sorgen wir erst recht daf\u00fcr, dass \u2013 sollte sich der KORSO erfolgreich etablieren &#8211; das Bild der \u00d6ffentlichkeit \u00fcber die s\u00e4kularen Verb\u00e4nde k\u00fcnftig ausschlie\u00dflich von anderen dominiert wird.<\/p>\n<p style=\"text-align: right;\"><em>Ralf Lux ist Mitglied des gesch\u00e4ftsf\u00fchrenden Verbandsvorstandes <\/em><br \/>\n<em>mit dem Aufgabengebiet Interessenvertretung konfessionsfreier Menschen<\/em><\/p>\n<p>Dieser Artikel erschien stark gek\u00fcrzt im Verbandsorgan <a href=\"https:\/\/www.freidenker.org\/?p=733\">FREIDENKER 4-2010<\/a>, S. 40-41<\/p>\n<hr \/>\n<p>Bildcollage: Ralf Lux, unter Verwendung einer Vorlage von pixabay.com \/ User: geralt<\/p>\n","protected":false},"excerpt":{"rendered":"<p><strong>Beitrag von Ralf Lux<\/strong><br \/>\nNachdem jahrelang Diskussionen \u00fcber ein gemeinsames Gremium s\u00e4kularer Verb\u00e4nde zu keinem Erfolg f\u00fchrten, ging der eigentliche Gr\u00fcndungsprozess des KORSO im Jahre 2008 dann recht schnell vonstatten, so schnell, dass in unserem Verband keine Zeit mehr verblieb, das F\u00fcr und Wider einer Mitgliedschaft ausgiebig zu diskutieren. Die nicht ausreichende Kommunikation im Vorfeld f\u00fchrte dazu, dass bereits kurz nach der Gr\u00fcndung des KORSO in unserem Verband Stimmen laut wurden, die Kritik an dieser Mitgliedschaft \u00fcbten und sogar forderten, umgehend wieder auszutreten. Auf dem Verbandstag des DFV im Mai 2009 in Berlin wurden zwei Antr\u00e4ge gestellt, die den sofortigen Austritt aus dem KORSO forderten. Ebenso gab es zwei Antr\u00e4ge, die f\u00fcr den Verbleib votierten.<\/p>\n","protected":false},"author":3,"featured_media":4301,"comment_status":"closed","ping_status":"closed","sticky":false,"template":"","format":"standard","meta":{"colormag_page_container_layout":"default_layout","colormag_page_sidebar_layout":"default_layout","advanced_seo_description":"","jetpack_seo_html_title":"","jetpack_seo_noindex":false,"jetpack_post_was_ever_published":false,"footnotes":""},"categories":[210,15],"tags":[975,922,852,940],"class_list":["post-4300","post","type-post","status-publish","format-standard","has-post-thumbnail","hentry","category-positionen","category-religions-kirchenkritik","tag-buendnispolitik","tag-konfessionsfreiheit","tag-korso","tag-saekulare-organisationen"],"jetpack_featured_media_url":"https:\/\/i0.wp.com\/www.freidenker.org\/fw17\/wp-content\/uploads\/2018\/01\/hands-korso_800x445.jpg?fit=800%2C445&ssl=1","jetpack_shortlink":"https:\/\/wp.me\/p9stpK-17m","jetpack-related-posts":[{"id":11534,"url":"https:\/\/www.freidenker.org\/?p=11534","url_meta":{"origin":4300,"position":0},"title":"Austritt des Deutschen Freidenker-Verbandes aus dem KORSO","author":"Webredaktion","date":"31. Oktober 2021","format":false,"excerpt":"Erkl\u00e4rung des Verbandsvorstandes des Deutschen Freidenker-Verbandes zum Austritt des DFV aus dem KORSO Nach gr\u00fcndlicher Analyse und Er\u00f6rterung der auf der KORSO-Ratsversammlung am 19. September 2021 beschlossenen Ver\u00e4nderungen im bisherigen KORSO hat der Verbandsvorstand des Deutschen Freidenker-Verbandes auf seiner Tagung am 16.\/17. Oktober 2021 den Austritt des DFV aus dem\u2026","rel":"","context":"In &quot;Religions- &amp; Kirchenkritik, S\u00e4kulare Szene&quot;","block_context":{"text":"Religions- &amp; Kirchenkritik, S\u00e4kulare Szene","link":"https:\/\/www.freidenker.org\/?cat=15"},"img":{"alt_text":"","src":"https:\/\/i0.wp.com\/www.freidenker.org\/fw17\/wp-content\/uploads\/2021\/10\/Austritt_DFV_Korso.jpg?fit=800%2C450&ssl=1&resize=350%2C200","width":350,"height":200,"srcset":"https:\/\/i0.wp.com\/www.freidenker.org\/fw17\/wp-content\/uploads\/2021\/10\/Austritt_DFV_Korso.jpg?fit=800%2C450&ssl=1&resize=350%2C200 1x, https:\/\/i0.wp.com\/www.freidenker.org\/fw17\/wp-content\/uploads\/2021\/10\/Austritt_DFV_Korso.jpg?fit=800%2C450&ssl=1&resize=525%2C300 1.5x, https:\/\/i0.wp.com\/www.freidenker.org\/fw17\/wp-content\/uploads\/2021\/10\/Austritt_DFV_Korso.jpg?fit=800%2C450&ssl=1&resize=700%2C400 2x"},"classes":[]},{"id":11486,"url":"https:\/\/www.freidenker.org\/?p=11486","url_meta":{"origin":4300,"position":1},"title":"KORSO wird Zentralrat","author":"Webredaktion","date":"21. September 2021","format":false,"excerpt":"Mitteilung des KORSO vom 20.09.2021 Bei einer au\u00dferordentlichen Ratsversammlung hat der Koordinierungsrat s\u00e4kularer Organisationen (KORSO) am gestrigen Sonntag, 19. September 2021, eine umfassende Satzungsreform beschlossen. Die auff\u00e4lligste Neuerung betrifft den Namen der Organisation, die damit zum Zentralrat der Konfessionsfreien wird. Mit dieser Namens\u00e4nderung definiert der k\u00fcnftige Zentralrat auch seine Rolle\u2026","rel":"","context":"In &quot;Religions- &amp; Kirchenkritik, S\u00e4kulare Szene&quot;","block_context":{"text":"Religions- &amp; Kirchenkritik, S\u00e4kulare Szene","link":"https:\/\/www.freidenker.org\/?cat=15"},"img":{"alt_text":"","src":"https:\/\/i0.wp.com\/www.freidenker.org\/fw17\/wp-content\/uploads\/2021\/10\/korso-post_2021-09-20_01-zentralrat_800x450.jpg?fit=800%2C450&ssl=1&resize=350%2C200","width":350,"height":200,"srcset":"https:\/\/i0.wp.com\/www.freidenker.org\/fw17\/wp-content\/uploads\/2021\/10\/korso-post_2021-09-20_01-zentralrat_800x450.jpg?fit=800%2C450&ssl=1&resize=350%2C200 1x, https:\/\/i0.wp.com\/www.freidenker.org\/fw17\/wp-content\/uploads\/2021\/10\/korso-post_2021-09-20_01-zentralrat_800x450.jpg?fit=800%2C450&ssl=1&resize=525%2C300 1.5x, https:\/\/i0.wp.com\/www.freidenker.org\/fw17\/wp-content\/uploads\/2021\/10\/korso-post_2021-09-20_01-zentralrat_800x450.jpg?fit=800%2C450&ssl=1&resize=700%2C400 2x"},"classes":[]},{"id":9822,"url":"https:\/\/www.freidenker.org\/?p=9822","url_meta":{"origin":4300,"position":2},"title":"HVD tritt aus dem KORSO aus","author":"Webredaktion","date":"31. M\u00e4rz 2021","format":false,"excerpt":"Der Humanistische Verband Deutschlands - 2008 Gr\u00fcndungsmitglied des Koordinierungsrates S\u00e4kularer Organisationen (KORSO) - hat am 27.03.2021 durch Beschluss seines Delegiertenrates auf Antrag des HVD-Bundesvorstandes entschieden, seine Mitgliedschaft im KORSO zu beenden.\u00a0 Wir ver\u00f6ffentlichen hier die Presseerkl\u00e4rungen des HVD und des KORSO zu diesem Schritt sowie eine erste Stellungnahme des Vorsitzenden\u2026","rel":"","context":"In &quot;Religions- &amp; Kirchenkritik, S\u00e4kulare Szene&quot;","block_context":{"text":"Religions- &amp; Kirchenkritik, S\u00e4kulare Szene","link":"https:\/\/www.freidenker.org\/?cat=15"},"img":{"alt_text":"","src":"https:\/\/i0.wp.com\/www.freidenker.org\/fw17\/wp-content\/uploads\/2021\/04\/hvd_korso_3_800x450.jpg?fit=800%2C450&ssl=1&resize=350%2C200","width":350,"height":200,"srcset":"https:\/\/i0.wp.com\/www.freidenker.org\/fw17\/wp-content\/uploads\/2021\/04\/hvd_korso_3_800x450.jpg?fit=800%2C450&ssl=1&resize=350%2C200 1x, https:\/\/i0.wp.com\/www.freidenker.org\/fw17\/wp-content\/uploads\/2021\/04\/hvd_korso_3_800x450.jpg?fit=800%2C450&ssl=1&resize=525%2C300 1.5x, https:\/\/i0.wp.com\/www.freidenker.org\/fw17\/wp-content\/uploads\/2021\/04\/hvd_korso_3_800x450.jpg?fit=800%2C450&ssl=1&resize=700%2C400 2x"},"classes":[]},{"id":6187,"url":"https:\/\/www.freidenker.org\/?p=6187","url_meta":{"origin":4300,"position":3},"title":"KORSO-Resolution zur Abl\u00f6sung der historischen Staatsleistungen an die Kirchen","author":"Webredaktion","date":"13. April 2019","format":false,"excerpt":"Vor 100 Jahren trat die Weimarer Reichsverfassung in Kraft, vor 70 Jahren das Grundgesetz der Bundesrepublik Deutschland. Anl\u00e4sslich dieses doppelten Verfassungsjubil\u00e4ums im Jahr 2019 stellt der Koordinierungsrat s\u00e4kularer Organisationen (KORSO e.V.) fest: Die Grundidee einer Entflechtung staatlicher und kirchlicher T\u00e4tigkeit war ein bedeutender zivilisatorischer Durchbruch im 20. Jahrhundert. Die durch\u2026","rel":"","context":"In &quot;Religions- &amp; Kirchenkritik, S\u00e4kulare Szene&quot;","block_context":{"text":"Religions- &amp; Kirchenkritik, S\u00e4kulare Szene","link":"https:\/\/www.freidenker.org\/?cat=15"},"img":{"alt_text":"","src":"https:\/\/i0.wp.com\/www.freidenker.org\/fw17\/wp-content\/uploads\/2019\/04\/korso-rv_2019-03-30_vorstand_800x445.jpg?fit=800%2C445&ssl=1&resize=350%2C200","width":350,"height":200,"srcset":"https:\/\/i0.wp.com\/www.freidenker.org\/fw17\/wp-content\/uploads\/2019\/04\/korso-rv_2019-03-30_vorstand_800x445.jpg?fit=800%2C445&ssl=1&resize=350%2C200 1x, https:\/\/i0.wp.com\/www.freidenker.org\/fw17\/wp-content\/uploads\/2019\/04\/korso-rv_2019-03-30_vorstand_800x445.jpg?fit=800%2C445&ssl=1&resize=525%2C300 1.5x, https:\/\/i0.wp.com\/www.freidenker.org\/fw17\/wp-content\/uploads\/2019\/04\/korso-rv_2019-03-30_vorstand_800x445.jpg?fit=800%2C445&ssl=1&resize=700%2C400 2x"},"classes":[]},{"id":4517,"url":"https:\/\/www.freidenker.org\/?p=4517","url_meta":{"origin":4300,"position":4},"title":"Selbstdarstellung des KORSO","author":"Webredaktion","date":"20. Dezember 2016","format":false,"excerpt":"Der Koordinierungsrat s\u00e4kularer Organisationen (KORSO) hat eine Selbstdarstellungsbrosch\u00fcre herausgegeben. Neben einem \u00dcberblick \u00fcber die Ziele und Forderungen des KORSO sind darin Kurzportraits aller Mitgliedsorganisationen enthalten. Aus dem Vorwort: Die Ziele und Strategien der s\u00e4kularen Organisationen sind keineswegs identisch. Sie sind zudem unterschiedlich alt, unterschiedlich gro\u00df, regional unterschiedlich entwickelt und in\u2026","rel":"","context":"In &quot;Publikationen f\u00fcr Freidenker&quot;","block_context":{"text":"Publikationen f\u00fcr Freidenker","link":"https:\/\/www.freidenker.org\/?cat=6"},"img":{"alt_text":"","src":"https:\/\/i0.wp.com\/www.freidenker.org\/fw17\/wp-content\/uploads\/2016\/12\/korso-broschuere_v5.jpg?fit=800%2C445&ssl=1&resize=350%2C200","width":350,"height":200,"srcset":"https:\/\/i0.wp.com\/www.freidenker.org\/fw17\/wp-content\/uploads\/2016\/12\/korso-broschuere_v5.jpg?fit=800%2C445&ssl=1&resize=350%2C200 1x, https:\/\/i0.wp.com\/www.freidenker.org\/fw17\/wp-content\/uploads\/2016\/12\/korso-broschuere_v5.jpg?fit=800%2C445&ssl=1&resize=525%2C300 1.5x, https:\/\/i0.wp.com\/www.freidenker.org\/fw17\/wp-content\/uploads\/2016\/12\/korso-broschuere_v5.jpg?fit=800%2C445&ssl=1&resize=700%2C400 2x"},"classes":[]},{"id":9426,"url":"https:\/\/www.freidenker.org\/?p=9426","url_meta":{"origin":4300,"position":5},"title":"S\u00e4kulare Verst\u00e4ndigung zur Suizidhilfe","author":"Webredaktion","date":"29. Januar 2021","format":false,"excerpt":"Wortmeldung des Koordinierungsrates S\u00e4kularer Organisationen (KORSO) Nachdem das Bundesverfassungsgericht das umstrittene Gesetz \u00a7217 StGB im Februar 2020 gekippt hatte, kamen am vergangenen Freitag auf Einladung des KORSO 15 Vertreterinnen und Vertreter unterschiedlicher Organisationen aus dem s\u00e4kularen Spektrum per Videokonferenz zu einem Expertengespr\u00e4ch zusammen ... um \u00fcber s\u00e4kulare Positionen zur Suizidhilfe\u2026","rel":"","context":"In &quot;Arbeit &amp; Soziales&quot;","block_context":{"text":"Arbeit &amp; Soziales","link":"https:\/\/www.freidenker.org\/?cat=11"},"img":{"alt_text":"","src":"https:\/\/i0.wp.com\/www.freidenker.org\/fw17\/wp-content\/uploads\/2021\/01\/hospice-1821429_800x450.jpg?fit=800%2C450&ssl=1&resize=350%2C200","width":350,"height":200,"srcset":"https:\/\/i0.wp.com\/www.freidenker.org\/fw17\/wp-content\/uploads\/2021\/01\/hospice-1821429_800x450.jpg?fit=800%2C450&ssl=1&resize=350%2C200 1x, https:\/\/i0.wp.com\/www.freidenker.org\/fw17\/wp-content\/uploads\/2021\/01\/hospice-1821429_800x450.jpg?fit=800%2C450&ssl=1&resize=525%2C300 1.5x, https:\/\/i0.wp.com\/www.freidenker.org\/fw17\/wp-content\/uploads\/2021\/01\/hospice-1821429_800x450.jpg?fit=800%2C450&ssl=1&resize=700%2C400 2x"},"classes":[]}],"_links":{"self":[{"href":"https:\/\/www.freidenker.org\/index.php?rest_route=\/wp\/v2\/posts\/4300","targetHints":{"allow":["GET"]}}],"collection":[{"href":"https:\/\/www.freidenker.org\/index.php?rest_route=\/wp\/v2\/posts"}],"about":[{"href":"https:\/\/www.freidenker.org\/index.php?rest_route=\/wp\/v2\/types\/post"}],"author":[{"embeddable":true,"href":"https:\/\/www.freidenker.org\/index.php?rest_route=\/wp\/v2\/users\/3"}],"replies":[{"embeddable":true,"href":"https:\/\/www.freidenker.org\/index.php?rest_route=%2Fwp%2Fv2%2Fcomments&post=4300"}],"version-history":[{"count":0,"href":"https:\/\/www.freidenker.org\/index.php?rest_route=\/wp\/v2\/posts\/4300\/revisions"}],"wp:featuredmedia":[{"embeddable":true,"href":"https:\/\/www.freidenker.org\/index.php?rest_route=\/wp\/v2\/media\/4301"}],"wp:attachment":[{"href":"https:\/\/www.freidenker.org\/index.php?rest_route=%2Fwp%2Fv2%2Fmedia&parent=4300"}],"wp:term":[{"taxonomy":"category","embeddable":true,"href":"https:\/\/www.freidenker.org\/index.php?rest_route=%2Fwp%2Fv2%2Fcategories&post=4300"},{"taxonomy":"post_tag","embeddable":true,"href":"https:\/\/www.freidenker.org\/index.php?rest_route=%2Fwp%2Fv2%2Ftags&post=4300"}],"curies":[{"name":"wp","href":"https:\/\/api.w.org\/{rel}","templated":true}]}}