{"id":43,"date":"2016-02-02T16:45:53","date_gmt":"2016-02-02T15:45:53","guid":{"rendered":"http:\/\/www.freidenker.org\/fw17\/?p=43"},"modified":"2017-12-10T03:24:36","modified_gmt":"2017-12-10T02:24:36","slug":"freidenker-brief-1-2016-fauler-querfront-zauber","status":"publish","type":"post","link":"https:\/\/www.freidenker.org\/?p=43","title":{"rendered":"Freidenker-Brief 1-2016: Fauler \u201eQuerfront\u201c-Zauber"},"content":{"rendered":"<p><strong><em>Freidenker-Brief Nr. 1 &#8211; 2016 v. 2. Februar 2016<\/em><\/strong><\/p>\n<p>In der Januar\/Februar-Ausgabe der Verbandszeitschrift <a href=\"http:\/\/antifa.vvn-bda.de\/2016\/01\/10\/zauberlehrlinge\/\" target=\"_blank\" rel=\"noopener noreferrer\">&#8222;antifa&#8220;<\/a> startet der VVN-Gesch\u00e4ftsf\u00fchrer Thomas Willms einen Generalangriff gegen\u00a0 den Deutschen Freidenker-Verband und den Bundesverband Arbeiterfotografie. Der Autor verleumdet diese \u201ezwei traditionelle(n) Organisationen\u201c als \u201ewichtige Knotenpunkte\u201c der \u201eRechts-Links-Ann\u00e4herungsversuche\u201c. Ein Rundumschlag auch gegen andere. Die \u00dcberschrift lautet: \u201eZauberlehrlinge \u2013 Aus dem Katastrophengebiet zwischen Links und Rechts\u201c. Das l\u00e4sst vermuten, der Autor m\u00f6chte als Hexenmeister auftreten, der wie in der Erz\u00e4hlung das letzte Wort hat. Zu seinem Ungl\u00fcck aber enth\u00fcllt er unfreiwillig mehr \u00fcber sich selbst, als ihm lieb sein kann. Selten ist \u201eanti-deutsche\u201c Ideologie so offen als Angriffswaffe gegen echte Sozialisten und Kriegsgegner vorgef\u00fchrt worden. Selten ist so klar gezeigt geworden, dass sich \u201eanti-deutsche\u201c Polemik in der Sache vor allem gegen Positionen richtet, die dem US-Imperialismus und seinen Verb\u00fcndeten entgegen gesetzt sind. Selten haben sich \u201eAnti-Deutsche\u201c so unverhohlen geoutet als das, was sie in Wirklichkeit sind: deutsche Neokonservative.<\/p>\n<p>Das Willms-Pamphlet ist Gegenstand eines gr\u00fcndlichen <a href=\"https:\/\/www.freidenker.org\/?p=46\" target=\"_blank\" rel=\"noopener noreferrer\">Artikels<\/a> von Klaus Hartmann, unter dem Titel: \u201eWer ist hier eigentlich der Zauberlehrling? &#8211; <strong>VVN-Gesch\u00e4ftsf\u00fchrer verbreitet \u201aantideutsche\u2018 Ideologie\u201c.<\/strong> Da Willms das Kunstst\u00fcck fertig bringt, trotz l\u00e4ngeren geschichtlichen Vorspanns\u00a0 \u201edem Publikum mit keiner Silbe zu verraten, was die \u201aQuerfront\u2018 historisch war bzw. sein sollte,&#8220; muss der Bundesvorsitzende des Deutschen Freidenker-Verbandes zun\u00e4chst zur Begriffskl\u00e4rung nachliefern, dass am Ende der Weimarer Republik nach dem Vorbild von 1914 versucht wurde, die Gewerkschaften und andere Organisationen der Arbeiterklasse in eine \u201eQuerfront\u201c mit Reichswehr und reaktion\u00e4rem Staat einzubinden, was nicht gelang. Dagegen wird in \u201eantideutscher\u201c bzw. \u201eneokonservativer\u201c Lesart aus \u201eQuerfront\u201c etwas g\u00e4nzlich anderes! Hier steht die antikommunistische Totalitarismus-Theorie Pate. Nach demselben anr\u00fcchigen Schema \u201erot gleich braun\u201c wird \u201eQuerfront\u201c als Schlagwort zu einem Verleumdungsinstrument umgemodelt. Diese so pr\u00e4parierte vermeintliche Wunderwaffe politischer Denunziation wird von Willms gegen solche Personen und Organisationen zum Einsatz gebracht, die er von seinem Standpunkt aus als politische Gegner ausgemacht hat. Gegen sie tritt er als Gesinnungspolizei auf. Zu diesem Zweck schreckt Willms nicht davor zur\u00fcck, zu vernebeln und zu verf\u00e4lschen, wie Hartmann an vielen Beispielen nachweist. So zum Beispiel an dem manipulativen Umgang mit dem &#8222;Schwur von Buchenwald&#8220; und mit Lenins Kritik des Imperialismus. Willms diffamiert die von Freidenkern eingeforderte internationalistische Solidarit\u00e4t mit L\u00e4ndern wie Syrien und Iran, die von v\u00f6lkerrechtswidriger Aggression bedroht sind. Er wendet sich gegen freundschaftliche Beziehungen zu Russland, gegen das Eintreten f\u00fcr ein multipolares Staatensystem, gegen Verteidigung des V\u00f6lkerrechts, gegen Einigkeit und St\u00e4rke der Friedensbewegung. An Ende ergeben sich daher f\u00fcr Hartmann zwei Fragen: \u201eIst das \u201aantideutsche\u2018 Gewese mit dem \u201aQuerfront\u2018-Vorwurf nicht im Wesentlichen der Versuch, das Immunsystem linker Milieus gegen neokonservative Herrschaftsideologien zu schw\u00e4chen? Und ist Willms nur ein \u201aantideutscher\u2018 Zauberlehrling oder aber ein verkappter Neocon, der es an die Spitze der VVN-BdA geschafft hat?\u201c<\/p>\n<p>Eine weitere Analyse des Willms-Pamphlets ist von Uli Gellermann in einem <a href=\"http:\/\/www.rationalgalerie.de\/kritik\/unser-land-braucht-echte-antifaschisten.html\" target=\"_blank\" rel=\"noopener noreferrer\">Artikel<\/a> unter dem Titel \u201eUnser Land braucht echte Antifaschisten &#8211; Keine Spaltung der Linken und der Friedensbewegung\u201c. Gellermann bezieht sich auf seine pers\u00f6nlichen Erinnerungen an die Gr\u00fcnder der VVN in der alten Bundesrepublik, an M\u00e4nner wie Emil Carlebach, Peter Gingold und Kurt Bachmann und Frauen wie Henny Dreifuss und Alice Stertzenbach. \u201eVon diesen tapferen K\u00e4mpferinnen und K\u00e4mpfern gegen den Faschismus,\u201c schreibt Gellermann, \u201ekann ich heute sagen, dass sie den aktuellen Kurs der VVN kaum verstehen w\u00fcrden.\u201c Dies macht er an dem Willms-Artikel deutlich, von dem ihm erkl\u00e4rt wurde, \u201e dass dessen Position einstimmig vom Bundessprecherkreis der VVN-BdA begr\u00fc\u00dft und unterst\u00fctzt wird.\u201c Gellermann kl\u00e4rt auf: \u201eDie \u201aQuerfront\u2018 war ein popul\u00e4res Ger\u00fccht des vorletzten Jahres, jene nie bewiesene Zusammenarbeit zwischen Rechten und Linken, die so wunderbar p\u00fcnktlich auftauchte, als der Ukraine-Krieg mehr Mobilisierung f\u00fcr den Frieden in Deutschland erfordert h\u00e4tte.\u201c Auch er f\u00fchrt den Nachweis, dass Willms manipuliert und antiimperialistische Positionen diffamiert. Sein Fazit: \u201e Ein Katastrophengebiet zwischen Links und Rechts ist nirgends zu finden, gefunden habe ich eine mittlere Katastrophe namens Willms.\u201c Allerdings h\u00e4tten in den 80er Jahren viele aus dem deutschen Widerstand \u201edas gebildet, was geschichtsvergessene Schreiber wie Thomas Willms heute eine \u201aQuerfront\u2018 nennen: Gemeinsam mit dem ehemaligen Oberst der Wehrmacht Josef Weber und Gert Bastian, einem Generalmajor a. D. der Bundeswehr mobilisierten sie im \u201aKrefelder Appell\u2018 Millionen Westdeutsche gegen die Nachr\u00fcstung.\u201c<\/p>\n<p>Albrecht M\u00fcller, selbst von Willms attackiert, weist auf den Gesamtzusammenhang hin. In dem <a href=\"http:\/\/www.nachdenkseiten.de\/?p=30683#more-30683\" target=\"_blank\" rel=\"noopener noreferrer\">Artikel<\/a> \u201eDas Imperium vergisst auch die Kleinen nicht, Hauptsache sie passen in die Strategie der Einflussnahme. Beispiel \u201aBl\u00e4tter\u2018\u201c befasst sich der Herausgeber der \u201eNachDenkSeiten\u201c vor allem mit der auff\u00e4lligen \u201eVerwandlung\u201c der &#8222;Bl\u00e4tter f\u00fcr deutsche und internationale Politik&#8220;. Er kommentiert: <strong>\u201e<\/strong><strong>Wenn die \u201aBl\u00e4tter\u2018 als Medium des Widerstands gegen Kriegseins\u00e4tze ausfallen, dann ist das schon ein beachtlicher Erfolg des Imperiums. Das gilt f\u00fcr andere Medien und Einrichtungen, die im Blick- und Zielfeld des Imperiums sind, in \u00e4hnlicher Weise.<\/strong><\/p>\n<p>Als Beispiele nenne ich die Heinrich-B\u00f6ll-Stiftung, die VVN (\u201eVereinigung der Verfolgten des Nazi-Regimes\u201c) mit dem Medium \u201eAntifa\u201c, die Otto Brenner Stiftung mit ihrer Querfront-Studie. Eigentlich sind alle NGO\u2019s, Medien und alternative Medien potentielle Ziele der Einflussnahme. Das gilt auch f\u00fcr die NachDenkSeiten wie auch f\u00fcr Pro Asyl zum Beispiel. Niemand ist gefeit.\u201c M\u00fcller bringt die Methode der imperialen Einflussnahme auf den Punkt: <strong>\u201e\u2018Querfront\u2018 ist offenbar das Etikett, das sich die Vordenker des Imperiums ausgedacht haben, um kritische Zeitgenossen und Organisationen und Medien auszuschalten. Das ist clever kalkuliert. Denn es kann einem fortschrittlich und sozial gesonnenen Menschen nichts Schlimmeres passieren, als das Etikett angeheftet zu bekommen, ein Rechter zu sein. <\/strong>Das geschieht aber. Es ist die Masche, die die genannten Medien, Personen und Einrichtungen auffallend einvernehmlich nutzen. Eine clever ausgedachte Strategie.\u201c<\/p>\n<p><strong><em>Weitere Stellungnahmen:<\/em><\/strong><\/p>\n<p><span class=\"textsmall\"><a href=\"http:\/\/www.nrhz.de\/flyer\/beitrag.php?id=22482\" target=\"_blank\" rel=\"noopener noreferrer\">\u201eGlaubt die VVN, dass mit Hitler das falsche Schwein geschlachtet wurde? -Anti-deutsches Schauerspiel &amp; die Kunst des Weglassens\u201c<\/a><\/span><\/p>\n<p><span class=\"textsmall\">Von Hartmut Barth-Engelbart<\/span><\/p>\n<p><span class=\"textsmall\"><a href=\"http:\/\/www.nrhz.de\/flyer\/beitrag.php?id=22485\" target=\"_blank\" rel=\"noopener noreferrer\">\u201eUS-Imperialismus setzt sich an die Spitze der antifa: Trauer um die VVN\u201c<\/a><\/span><\/p>\n<p><span class=\"textsmall\">Von Anneliese Fikentscher und Andreas Neumann<\/span><\/p>\n<hr \/>\n<p><sub>Bild, Quelle:<\/sub><br \/>\n<sub>http:\/\/piqs.de\/fotos\/132440.html: zaoliang, \u201eZauberei\u201c, CC-Lizenz (BY 2.0)<\/sub><br \/>\n<sub>http:\/\/creativecommons.org\/licenses\/by\/2.0\/de\/deed.de<\/sub><br \/>\n<sub>Bild stammt aus der kostenlosen Bilddatenbank www.piqs.de<\/sub><\/p>\n","protected":false},"excerpt":{"rendered":"<p>In der Januar\/Februar-Ausgabe der Verbandszeitschrift &#8222;antifa&#8220; startet der VVN-Gesch\u00e4ftsf\u00fchrer Thomas Willms einen Generalangriff gegen  den Deutschen Freidenker-Verband und den Bundesverband Arbeiterfotografie. Der Autor verleumdet diese \u201ezwei traditionelle(n) Organisationen\u201c als \u201ewichtige Knotenpunkte\u201c der \u201eRechts-Links-Ann\u00e4herungsversuche\u201c. Ein Rundumschlag auch gegen andere. Die \u00dcberschrift lautet: \u201eZauberlehrlinge \u2013 Aus dem Katastrophengebiet zwischen Links und Rechts\u201c. Das l\u00e4sst vermuten, der Autor m\u00f6chte als Hexenmeister auftreten, der wie in der Erz\u00e4hlung das letzte Wort hat.<\/p>\n","protected":false},"author":2,"featured_media":44,"comment_status":"closed","ping_status":"closed","sticky":false,"template":"","format":"standard","meta":{"colormag_page_container_layout":"default_layout","colormag_page_sidebar_layout":"default_layout","advanced_seo_description":"","jetpack_seo_html_title":"","jetpack_seo_noindex":false,"jetpack_post_was_ever_published":false,"footnotes":""},"categories":[341,13],"tags":[335,43,342],"class_list":["post-43","post","type-post","status-publish","format-standard","has-post-thumbnail","hentry","category-freidenker-brief","category-frieden-antifaschismus-solidaritaet","tag-frieden","tag-friedensbewegung","tag-querfront"],"jetpack_featured_media_url":"https:\/\/i0.wp.com\/www.freidenker.org\/fw17\/wp-content\/uploads\/2016\/05\/Zauber.jpg?fit=800%2C445&ssl=1","jetpack_shortlink":"https:\/\/wp.me\/p9stpK-H","jetpack-related-posts":[{"id":5589,"url":"https:\/\/www.freidenker.org\/?p=5589","url_meta":{"origin":43,"position":0},"title":"FREIDENKER 4-18  \u2013 Richtigstellung der Begriffe","author":"Webredaktion","date":"15. Dezember 2018","format":false,"excerpt":"Die Ausgabe 4-18 des Verbandsorgans FREIDENKER hat das Schwerpunkt-Thema \u201cRichtigstellung der Begriffe\u201d und enth\u00e4lt u.a. Beitr\u00e4ge zur Erl\u00e4uterung folgender Begriffe: \u2013 Nie wieder Krieg! \u2013 \u201eLinks\u201c? \u201eRechts\u201c? \u2013 \u201eQuerfront\u201c? \u2013 \u201eL\u00fcgenpresse\u201c \u2013 ein \u201eNazi-Wort\u201c? \u2013 Der Neusprech der Manipulation \u2013 \u201eVerschw\u00f6rungstheoretiker\u201c \u2013 Asyl, Flucht, Migration","rel":"","context":"In &quot;Demokratie \u2013 Medien \u2013 Aufkl\u00e4rung&quot;","block_context":{"text":"Demokratie \u2013 Medien \u2013 Aufkl\u00e4rung","link":"https:\/\/www.freidenker.org\/?cat=12"},"img":{"alt_text":"","src":"https:\/\/i0.wp.com\/www.freidenker.org\/fw17\/wp-content\/uploads\/2018\/12\/FD_2018-04_Titel_mR-1.jpg?fit=800%2C445&ssl=1&resize=350%2C200","width":350,"height":200,"srcset":"https:\/\/i0.wp.com\/www.freidenker.org\/fw17\/wp-content\/uploads\/2018\/12\/FD_2018-04_Titel_mR-1.jpg?fit=800%2C445&ssl=1&resize=350%2C200 1x, https:\/\/i0.wp.com\/www.freidenker.org\/fw17\/wp-content\/uploads\/2018\/12\/FD_2018-04_Titel_mR-1.jpg?fit=800%2C445&ssl=1&resize=525%2C300 1.5x, https:\/\/i0.wp.com\/www.freidenker.org\/fw17\/wp-content\/uploads\/2018\/12\/FD_2018-04_Titel_mR-1.jpg?fit=800%2C445&ssl=1&resize=700%2C400 2x"},"classes":[]},{"id":850,"url":"https:\/\/www.freidenker.org\/?p=850","url_meta":{"origin":43,"position":1},"title":"FREIDENKER 1-16 &#8211; nicht links, nicht rechts?","author":"Webmaster","date":"16. M\u00e4rz 2016","format":false,"excerpt":"Die Ausgabe 1-16 des Verbandsorgans FREIDENKER hat das Schwerpunkt-Thema \u201enicht links, nicht rechts? rot = braun? Querfront statt Volksfront?\u201c und enth\u00e4lt u.a folgende Beitr\u00e4ge: - Klaus Hartmann: \u201eQuerfront\u201c: historische Realit\u00e4t oder Diffamierungsvokabel? - Ulli Gellermann: Querfront verstorben - Jens Wernicke: Vorsicht, Verschw\u00f6rungstheorie! - Sebastian Bahlo: Forderung nach Nato-Austritt: \u201eUnbedacht und\u2026","rel":"","context":"In &quot;Verbandsorgan FREIDENKER&quot;","block_context":{"text":"Verbandsorgan FREIDENKER","link":"https:\/\/www.freidenker.org\/?cat=8"},"img":{"alt_text":"","src":"https:\/\/i0.wp.com\/www.freidenker.org\/fw17\/wp-content\/uploads\/2017\/12\/FD_2016-01_Titel_mR.jpg?fit=800%2C445&ssl=1&resize=350%2C200","width":350,"height":200,"srcset":"https:\/\/i0.wp.com\/www.freidenker.org\/fw17\/wp-content\/uploads\/2017\/12\/FD_2016-01_Titel_mR.jpg?fit=800%2C445&ssl=1&resize=350%2C200 1x, https:\/\/i0.wp.com\/www.freidenker.org\/fw17\/wp-content\/uploads\/2017\/12\/FD_2016-01_Titel_mR.jpg?fit=800%2C445&ssl=1&resize=525%2C300 1.5x, https:\/\/i0.wp.com\/www.freidenker.org\/fw17\/wp-content\/uploads\/2017\/12\/FD_2016-01_Titel_mR.jpg?fit=800%2C445&ssl=1&resize=700%2C400 2x"},"classes":[]},{"id":1152,"url":"https:\/\/www.freidenker.org\/?p=1152","url_meta":{"origin":43,"position":2},"title":"Freidenker-Brief 4-2016: &#8222;Aufwachen: Gegen die massive Kriegsbedrohung aufstehen&#8220;","author":"Webredaktion","date":"10. Juni 2016","format":false,"excerpt":"Der Deutsche Freidenker-Verband verbreitet hiermit den beim Verbandstag beschlossenen Friedensappell: \u201eAufwachen: Gegen die massive Kriegsbedrohung aufstehen\u201c, derzeit gerade passend zu den \u201eAnaconda\u201c-Kriegsspielen der NATO in Polen, mit denen das \u201eaggressive\u201c Russland eingesch\u00fcchtert werden soll, mit denen Washington den Europ\u00e4ern erneut vor Augen f\u00fchrt, wer der Boss ist, und passend auch\u2026","rel":"","context":"In &quot;Freidenker-Brief&quot;","block_context":{"text":"Freidenker-Brief","link":"https:\/\/www.freidenker.org\/?cat=341"},"img":{"alt_text":"","src":"https:\/\/i0.wp.com\/www.freidenker.org\/fw17\/wp-content\/uploads\/2016\/06\/2016-06-05-1-0445-800x445.jpg?fit=800%2C445&ssl=1&resize=350%2C200","width":350,"height":200,"srcset":"https:\/\/i0.wp.com\/www.freidenker.org\/fw17\/wp-content\/uploads\/2016\/06\/2016-06-05-1-0445-800x445.jpg?fit=800%2C445&ssl=1&resize=350%2C200 1x, https:\/\/i0.wp.com\/www.freidenker.org\/fw17\/wp-content\/uploads\/2016\/06\/2016-06-05-1-0445-800x445.jpg?fit=800%2C445&ssl=1&resize=525%2C300 1.5x, https:\/\/i0.wp.com\/www.freidenker.org\/fw17\/wp-content\/uploads\/2016\/06\/2016-06-05-1-0445-800x445.jpg?fit=800%2C445&ssl=1&resize=700%2C400 2x"},"classes":[]},{"id":46,"url":"https:\/\/www.freidenker.org\/?p=46","url_meta":{"origin":43,"position":3},"title":"Wer ist hier eigentlich der \u201eZauberlehrling\u201c?","author":"Webmaster","date":"29. Januar 2016","format":false,"excerpt":"Beitrag von Klaus Hartmann In der Verbandszeitung \u201eantifa\u201c (Jan.\/Feb.2016) nimmt sich der Bundesgesch\u00e4ftsf\u00fchrer Thomas Willms den Deutschen Freidenker-Verband und den Bundesverband Arbeiterfotografie zur Brust. Seine Behauptung: bei ihnen handele es sich um \u201ewichtige Knotenpunkt\u201c der \u201eRechts-Links-Ann\u00e4herungsversuche\u201c. ... Die Methode, mit der Willms versucht, den Deutschen Freidenker-Verband und die Arbeiterfotografie zu\u2026","rel":"","context":"In &quot;Frieden - Antifaschismus - Solidarit\u00e4t&quot;","block_context":{"text":"Frieden - Antifaschismus - Solidarit\u00e4t","link":"https:\/\/www.freidenker.org\/?cat=13"},"img":{"alt_text":"","src":"https:\/\/i0.wp.com\/www.freidenker.org\/fw17\/wp-content\/uploads\/2016\/01\/klartext_zauberlehrling.jpg?fit=800%2C445&ssl=1&resize=350%2C200","width":350,"height":200,"srcset":"https:\/\/i0.wp.com\/www.freidenker.org\/fw17\/wp-content\/uploads\/2016\/01\/klartext_zauberlehrling.jpg?fit=800%2C445&ssl=1&resize=350%2C200 1x, https:\/\/i0.wp.com\/www.freidenker.org\/fw17\/wp-content\/uploads\/2016\/01\/klartext_zauberlehrling.jpg?fit=800%2C445&ssl=1&resize=525%2C300 1.5x, https:\/\/i0.wp.com\/www.freidenker.org\/fw17\/wp-content\/uploads\/2016\/01\/klartext_zauberlehrling.jpg?fit=800%2C445&ssl=1&resize=700%2C400 2x"},"classes":[]},{"id":2752,"url":"https:\/\/www.freidenker.org\/?p=2752","url_meta":{"origin":43,"position":4},"title":"Freidenker-Brief 6-2017: Kundgebung f\u00fcr Demokratie und Meinungsfreiheit!","author":"Webredaktion","date":"12. Dezember 2017","format":false,"excerpt":"Der Deutsche Freidenker-Verband beteiligt sich an der Verleihung des K\u00f6lner Karlspreises an Ken Jebsen im Berliner Kino \u201eBabylon\u201c am Donnerstag,14. Dezember 2017 und zuvor an der Kundgebung f\u00fcr Demokratie und Meinungsfreiheit! ab 16:00 Uhr auf dem Rosa-Luxemburg-Platz in Berlin Erfolg vor Gericht - Das Amtsgericht Berlin Mitte hat auf Antrag\u2026","rel":"","context":"In &quot;Demokratie \u2013 Medien \u2013 Aufkl\u00e4rung&quot;","block_context":{"text":"Demokratie \u2013 Medien \u2013 Aufkl\u00e4rung","link":"https:\/\/www.freidenker.org\/?cat=12"},"img":{"alt_text":"","src":"https:\/\/i0.wp.com\/www.freidenker.org\/fw17\/wp-content\/uploads\/2017\/12\/babylon_800x445.jpg?fit=800%2C445&ssl=1&resize=350%2C200","width":350,"height":200,"srcset":"https:\/\/i0.wp.com\/www.freidenker.org\/fw17\/wp-content\/uploads\/2017\/12\/babylon_800x445.jpg?fit=800%2C445&ssl=1&resize=350%2C200 1x, https:\/\/i0.wp.com\/www.freidenker.org\/fw17\/wp-content\/uploads\/2017\/12\/babylon_800x445.jpg?fit=800%2C445&ssl=1&resize=525%2C300 1.5x, https:\/\/i0.wp.com\/www.freidenker.org\/fw17\/wp-content\/uploads\/2017\/12\/babylon_800x445.jpg?fit=800%2C445&ssl=1&resize=700%2C400 2x"},"classes":[]},{"id":17197,"url":"https:\/\/www.freidenker.org\/?p=17197","url_meta":{"origin":43,"position":5},"title":"Solidarit\u00e4t mit Hermann Kopp","author":"Webredaktion","date":"7. Oktober 2023","format":false,"excerpt":"Zur Spaltung und Zersetzung der Friedenskr\u00e4fte haben in letzter Zeit besonders denunziatorische Aussagen wie \"rechtsoffen\" und \"Querfront\" Konjunktur. Dass die Regierung, ihre Medien und Geheimdienste daran interessiert sind und diese Kampagnen befeuern, verwundert nicht. Wenn aber ein Funktion\u00e4r der VVN (die K\u00fcrzel stand einstmals f\u00fcr \"Verfolgte des Naziregimes\") namens Uwe\u2026","rel":"","context":"In &quot;Zeit der Verleumder - Freidenker f\u00fcr Klartext&quot;","block_context":{"text":"Zeit der Verleumder - Freidenker f\u00fcr Klartext","link":"https:\/\/www.freidenker.org\/?cat=937"},"img":{"alt_text":"","src":"https:\/\/i0.wp.com\/www.freidenker.org\/fw17\/wp-content\/uploads\/2023\/10\/klartext_hermann_kopp_nrhz_800x450.jpg?fit=800%2C450&ssl=1&resize=350%2C200","width":350,"height":200,"srcset":"https:\/\/i0.wp.com\/www.freidenker.org\/fw17\/wp-content\/uploads\/2023\/10\/klartext_hermann_kopp_nrhz_800x450.jpg?fit=800%2C450&ssl=1&resize=350%2C200 1x, https:\/\/i0.wp.com\/www.freidenker.org\/fw17\/wp-content\/uploads\/2023\/10\/klartext_hermann_kopp_nrhz_800x450.jpg?fit=800%2C450&ssl=1&resize=525%2C300 1.5x, https:\/\/i0.wp.com\/www.freidenker.org\/fw17\/wp-content\/uploads\/2023\/10\/klartext_hermann_kopp_nrhz_800x450.jpg?fit=800%2C450&ssl=1&resize=700%2C400 2x"},"classes":[]}],"_links":{"self":[{"href":"https:\/\/www.freidenker.org\/index.php?rest_route=\/wp\/v2\/posts\/43","targetHints":{"allow":["GET"]}}],"collection":[{"href":"https:\/\/www.freidenker.org\/index.php?rest_route=\/wp\/v2\/posts"}],"about":[{"href":"https:\/\/www.freidenker.org\/index.php?rest_route=\/wp\/v2\/types\/post"}],"author":[{"embeddable":true,"href":"https:\/\/www.freidenker.org\/index.php?rest_route=\/wp\/v2\/users\/2"}],"replies":[{"embeddable":true,"href":"https:\/\/www.freidenker.org\/index.php?rest_route=%2Fwp%2Fv2%2Fcomments&post=43"}],"version-history":[{"count":0,"href":"https:\/\/www.freidenker.org\/index.php?rest_route=\/wp\/v2\/posts\/43\/revisions"}],"wp:featuredmedia":[{"embeddable":true,"href":"https:\/\/www.freidenker.org\/index.php?rest_route=\/wp\/v2\/media\/44"}],"wp:attachment":[{"href":"https:\/\/www.freidenker.org\/index.php?rest_route=%2Fwp%2Fv2%2Fmedia&parent=43"}],"wp:term":[{"taxonomy":"category","embeddable":true,"href":"https:\/\/www.freidenker.org\/index.php?rest_route=%2Fwp%2Fv2%2Fcategories&post=43"},{"taxonomy":"post_tag","embeddable":true,"href":"https:\/\/www.freidenker.org\/index.php?rest_route=%2Fwp%2Fv2%2Ftags&post=43"}],"curies":[{"name":"wp","href":"https:\/\/api.w.org\/{rel}","templated":true}]}}