{"id":4286,"date":"2017-11-12T14:22:07","date_gmt":"2017-11-12T13:22:07","guid":{"rendered":"http:\/\/www.freidenker.org\/?p=4286"},"modified":"2019-06-27T21:12:56","modified_gmt":"2019-06-27T19:12:56","slug":"500-jahre-reformation","status":"publish","type":"post","link":"https:\/\/www.freidenker.org\/?p=4286","title":{"rendered":"500 Jahre Reformation"},"content":{"rendered":"<p align=\"JUSTIFY\"><strong>Bericht \u00fcber eine Veranstaltung anl\u00e4sslich des 500. Jahrestages der Reformation am 11.11.2017 in Eisenach<\/strong><\/p>\n<p align=\"JUSTIFY\">von <em><strong>Thomas Loch<\/strong><\/em><\/p>\n<p align=\"JUSTIFY\">Reformationsjubil\u00e4um, 1517 schlug Luther seine Thesen (oder auch nicht) an das Tor der Wittenberger Schlosskirche und 500 Jahre sp\u00e4ter wird das Reformationsjubil\u00e4um mit nicht unerheblichen Pomp begangen. Ein Jahrmarkt der Eitelkeiten, G\u00e4ste reichten sich die Klinke in die Hand, es wird jubiliert und verkl\u00e4rt, gelegentlich auch erkl\u00e4rt, es wird gefeiert und gepriesen, der Kritik gehuldigt und viel wurde geschrieben, ver\u00f6ffentlicht und sicher auch gelesen.\u00a0Sich mit diesem Jubil\u00e4um kritisch auseinanderzusetzen ist ein Gebot der Zeit, genauso wie festzustellen, welche Bedeutung die Reformation f\u00fcr dieses Land, f\u00fcr Europa und letztlich f\u00fcr die Welt hatte.<\/p>\n<p align=\"JUSTIFY\">Um das gro\u00dfe Jubelfest zu begehen, wurde von offizieller Seite viel investiert, eine ganze Dekade wurde zu diesem Zweck ins Leben gerufen und trotzdem sorgte so manches Ergebnis f\u00fcr Ern\u00fcchterung. Die Kirchen hatten sich mehr davon versprochen, gar mit einem Anwachsen ihrer Herde gerechnet, Besucher str\u00f6mten reichlich an die Orte der Reformation und an die Orte in welchen Luther lebte, allein es wurde im Vorfeld mit mehr gerechnet.<\/p>\n<p align=\"JUSTIFY\">Das gro\u00dfe Jubelfest zum Reformationstag war schon Geschichte, als sich in Eisenach Menschen zusammenfanden um sich mit der Reformation und der Rolle Luther aus einem weltanschaulich anderen Blickwinkel, als allgemein \u00fcblich, auseinanderzusetzen. Der Landesverband Th\u00fcringen des Deutschen Freidenkerverband hatte eingeladen und wurde unterst\u00fctzt von der LAG Laizismus der Partei DIE LINKE, dem HVD Th\u00fcringen, der Giordano-Bruno-Stiftung und dem Landesverband Sachsen-Anhalt des Deutschen Freidenkerverband. Am 11.11.2017 um 11:00 Uhr war es soweit und die Veranstaltung im \u201eAugustiner Br\u00e4u\u201c wurde er\u00f6ffnet und bevor der erste Vortrag gehalten wurde, spielte die Sandra Peschke Band einige St\u00fccke zur Einstimmung.\u00a0<span id=\"more-364\"><\/span><\/p>\n<p align=\"JUSTIFY\">Der erste Referent war Dr. Horst Groschopp und sein Vortrag \u00fcberschrieben: \u201eMit Luther alles in Butter\u201c \u2013 Anmerkungen zur deutschen Luther-Rezeption aus humanistischer Perspektive.<\/p>\n<p align=\"JUSTIFY\">Es wurde ein \u00dcberblick \u00fcber die vielf\u00e4ltige Auseinandersetzung mit dem Thema gegeben und neuere Erkenntnisse aufgezeigt. Die Person Luthers spielte eine nicht unbedeutende Rolle zu dieser Zeit, allerdings ist nicht alles so gewesen, wie es heute oft dargestellt, manches wurde im Nachhinein, insbesondere ab dem 18 Jahrhundert, dem Zwecke damaliger Erinnerungskultur entsprechend gestaltet. Luther wurde in der Geschichte gebraucht, aber auch in den verschiedensten historischen Epochen missbraucht.<\/p>\n<p align=\"JUSTIFY\">Der zweite Referent sprach \u00fcber die \u201eFr\u00fchb\u00fcrgerliche Entwicklung in Deutschland\u201c, insbesondere aber auch \u00fcber die Vorgeschichte, welche letztlich zur Reformationsbewegung zum Beginn des 16 Jahrhundert f\u00fchrte. Dabei spielte das sich im Verlauf der Jahrhunderte ver\u00e4ndernde Verh\u00e4ltnis zwischen Papstkirche und Feudalstaat keine unbedeutende Rolle, war es doch gerade dieses Verh\u00e4ltnis, welches die Reformationsbewegung hierzulande begr\u00fcndete. Letztlich wurde der Bogen vom Hochmittelalter bis in die Gegenwart gespannt. Den Ausf\u00fchrungen war folgendes Zitat von Friedrich Engels vorangestellt: <i>\u201eDie Bourgeoisie macht alles zu einer Ware, also <\/i><i>auch die Geschichtsschreibung. Es geh\u00f6rt zu ihrem Wesen, zu ihren Existenzbedingungen, alle Waren zu verf\u00e4lschen: sie verf\u00e4lscht die Geschichtsschreibung. Und diejenige Geschichtsschreibung wird am besten bezahlt, die im Sinn der Bourgeoisie am besten verf\u00e4lscht ist.\u201c<\/i>*<\/p>\n<p align=\"JUSTIFY\">Nach beiden Vortr\u00e4gen wurde diskutiert und nach Abschluss der Veranstaltung gab es die M\u00f6glichkeit an einer Stadtf\u00fchrung durch Eisenach teilzunehmen. W\u00e4hrend der Veranstaltung gab es einen Tisch mit einer Auswahl von Publikationen der beteiligten Organisationen.<\/p>\n<div class=\"tiled-gallery type-rectangular tiled-gallery-unresized\" data-original-width=\"800\" data-carousel-extra='{&quot;blog_id&quot;:1,&quot;permalink&quot;:&quot;https:\\\/\\\/www.freidenker.org\\\/?p=4286&quot;,&quot;likes_blog_id&quot;:139773280}' itemscope itemtype=\"http:\/\/schema.org\/ImageGallery\" > <div class=\"gallery-row\" style=\"width: 800px; height: 401px;\" data-original-width=\"800\" data-original-height=\"401\" > <div class=\"gallery-group images-1\" style=\"width: 534px; height: 401px;\" data-original-width=\"534\" data-original-height=\"401\" > <div class=\"tiled-gallery-item tiled-gallery-item-large\" itemprop=\"associatedMedia\" itemscope itemtype=\"http:\/\/schema.org\/ImageObject\"> <a href=\"https:\/\/www.freidenker.org\/?attachment_id=4294\" border=\"0\" itemprop=\"url\"> <meta itemprop=\"width\" content=\"530\"> <meta itemprop=\"height\" content=\"397\"> <img decoding=\"async\" class=\"\" data-attachment-id=\"4294\" data-orig-file=\"https:\/\/www.freidenker.org\/fw17\/wp-content\/uploads\/2017\/11\/Eisenach_01.jpg\" data-orig-size=\"1200,900\" data-comments-opened=\"\" data-image-meta=\"{&quot;aperture&quot;:&quot;0&quot;,&quot;credit&quot;:&quot;&quot;,&quot;camera&quot;:&quot;&quot;,&quot;caption&quot;:&quot;&quot;,&quot;created_timestamp&quot;:&quot;0&quot;,&quot;copyright&quot;:&quot;&quot;,&quot;focal_length&quot;:&quot;0&quot;,&quot;iso&quot;:&quot;0&quot;,&quot;shutter_speed&quot;:&quot;0&quot;,&quot;title&quot;:&quot;&quot;,&quot;orientation&quot;:&quot;1&quot;}\" data-image-title=\"Eisenach_01\" data-image-description=\"\" data-medium-file=\"https:\/\/i0.wp.com\/www.freidenker.org\/fw17\/wp-content\/uploads\/2017\/11\/Eisenach_01.jpg?fit=300%2C225&#038;ssl=1\" data-large-file=\"https:\/\/i0.wp.com\/www.freidenker.org\/fw17\/wp-content\/uploads\/2017\/11\/Eisenach_01.jpg?fit=800%2C600&#038;ssl=1\" src=\"https:\/\/i0.wp.com\/www.freidenker.org\/fw17\/wp-content\/uploads\/2017\/11\/Eisenach_01.jpg?w=530&#038;h=397&#038;ssl=1\" srcset=\"https:\/\/i0.wp.com\/www.freidenker.org\/fw17\/wp-content\/uploads\/2017\/11\/Eisenach_01.jpg?w=1200&amp;ssl=1 1200w, https:\/\/i0.wp.com\/www.freidenker.org\/fw17\/wp-content\/uploads\/2017\/11\/Eisenach_01.jpg?resize=300%2C225&amp;ssl=1 300w, https:\/\/i0.wp.com\/www.freidenker.org\/fw17\/wp-content\/uploads\/2017\/11\/Eisenach_01.jpg?resize=768%2C576&amp;ssl=1 768w, https:\/\/i0.wp.com\/www.freidenker.org\/fw17\/wp-content\/uploads\/2017\/11\/Eisenach_01.jpg?resize=1024%2C768&amp;ssl=1 1024w\" width=\"530\" height=\"397\" loading=\"lazy\" data-original-width=\"530\" data-original-height=\"397\" itemprop=\"http:\/\/schema.org\/image\" title=\"Eisenach_01\" alt=\"Der Veranstaltungssaal im Eisenacher \u201eAugustiner Br\u00e4u\u201c\" style=\"width: 530px; height: 397px;\" \/> <\/a> <div class=\"tiled-gallery-caption\" itemprop=\"caption description\"> Der Veranstaltungssaal im Eisenacher \u201eAugustiner Br\u00e4u\u201c <\/div> <\/div> <\/div> <!-- close group --> <div class=\"gallery-group images-2\" style=\"width: 266px; height: 401px;\" data-original-width=\"266\" data-original-height=\"401\" > <div class=\"tiled-gallery-item tiled-gallery-item-large\" itemprop=\"associatedMedia\" itemscope itemtype=\"http:\/\/schema.org\/ImageObject\"> <a href=\"https:\/\/www.freidenker.org\/?attachment_id=4295\" border=\"0\" itemprop=\"url\"> <meta itemprop=\"width\" content=\"262\"> <meta itemprop=\"height\" content=\"197\"> <img decoding=\"async\" class=\"\" data-attachment-id=\"4295\" data-orig-file=\"https:\/\/www.freidenker.org\/fw17\/wp-content\/uploads\/2017\/11\/Eisenach_02.jpg\" data-orig-size=\"1200,900\" data-comments-opened=\"\" data-image-meta=\"{&quot;aperture&quot;:&quot;3.9&quot;,&quot;credit&quot;:&quot;&quot;,&quot;camera&quot;:&quot;luxmedia 16-Z21C&quot;,&quot;caption&quot;:&quot;&quot;,&quot;created_timestamp&quot;:&quot;1510403670&quot;,&quot;copyright&quot;:&quot;&quot;,&quot;focal_length&quot;:&quot;10.4&quot;,&quot;iso&quot;:&quot;800&quot;,&quot;shutter_speed&quot;:&quot;0.2&quot;,&quot;title&quot;:&quot;&quot;,&quot;orientation&quot;:&quot;1&quot;}\" data-image-title=\"Eisenach_02\" data-image-description=\"\" data-medium-file=\"https:\/\/i0.wp.com\/www.freidenker.org\/fw17\/wp-content\/uploads\/2017\/11\/Eisenach_02.jpg?fit=300%2C225&#038;ssl=1\" data-large-file=\"https:\/\/i0.wp.com\/www.freidenker.org\/fw17\/wp-content\/uploads\/2017\/11\/Eisenach_02.jpg?fit=800%2C600&#038;ssl=1\" src=\"https:\/\/i0.wp.com\/www.freidenker.org\/fw17\/wp-content\/uploads\/2017\/11\/Eisenach_02.jpg?w=262&#038;h=197&#038;ssl=1\" srcset=\"https:\/\/i0.wp.com\/www.freidenker.org\/fw17\/wp-content\/uploads\/2017\/11\/Eisenach_02.jpg?w=1200&amp;ssl=1 1200w, https:\/\/i0.wp.com\/www.freidenker.org\/fw17\/wp-content\/uploads\/2017\/11\/Eisenach_02.jpg?resize=300%2C225&amp;ssl=1 300w, https:\/\/i0.wp.com\/www.freidenker.org\/fw17\/wp-content\/uploads\/2017\/11\/Eisenach_02.jpg?resize=768%2C576&amp;ssl=1 768w, https:\/\/i0.wp.com\/www.freidenker.org\/fw17\/wp-content\/uploads\/2017\/11\/Eisenach_02.jpg?resize=1024%2C768&amp;ssl=1 1024w\" width=\"262\" height=\"197\" loading=\"lazy\" data-original-width=\"262\" data-original-height=\"197\" itemprop=\"http:\/\/schema.org\/image\" title=\"Eisenach_02\" alt=\"Sandra Peschke interpretiert mit ihrer Gruppe Lieder von \u201eTon Steine Scherben\u201c\" style=\"width: 262px; height: 197px;\" \/> <\/a> <div class=\"tiled-gallery-caption\" itemprop=\"caption description\"> Sandra Peschke interpretiert mit ihrer Gruppe Lieder von \u201eTon Steine Scherben\u201c <\/div> <\/div> <div class=\"tiled-gallery-item tiled-gallery-item-large\" itemprop=\"associatedMedia\" itemscope itemtype=\"http:\/\/schema.org\/ImageObject\"> <a href=\"https:\/\/www.freidenker.org\/?attachment_id=4293\" border=\"0\" itemprop=\"url\"> <meta itemprop=\"width\" content=\"262\"> <meta itemprop=\"height\" content=\"196\"> <img decoding=\"async\" class=\"\" data-attachment-id=\"4293\" data-orig-file=\"https:\/\/www.freidenker.org\/fw17\/wp-content\/uploads\/2017\/11\/Eisenach_03.jpg\" data-orig-size=\"1200,900\" data-comments-opened=\"\" data-image-meta=\"{&quot;aperture&quot;:&quot;3.1&quot;,&quot;credit&quot;:&quot;&quot;,&quot;camera&quot;:&quot;luxmedia 16-Z21C&quot;,&quot;caption&quot;:&quot;&quot;,&quot;created_timestamp&quot;:&quot;1510414113&quot;,&quot;copyright&quot;:&quot;&quot;,&quot;focal_length&quot;:&quot;4.5&quot;,&quot;iso&quot;:&quot;800&quot;,&quot;shutter_speed&quot;:&quot;0.076923076923077&quot;,&quot;title&quot;:&quot;&quot;,&quot;orientation&quot;:&quot;1&quot;}\" data-image-title=\"Eisenach_03\" data-image-description=\"\" data-medium-file=\"https:\/\/i0.wp.com\/www.freidenker.org\/fw17\/wp-content\/uploads\/2017\/11\/Eisenach_03.jpg?fit=300%2C225&#038;ssl=1\" data-large-file=\"https:\/\/i0.wp.com\/www.freidenker.org\/fw17\/wp-content\/uploads\/2017\/11\/Eisenach_03.jpg?fit=800%2C600&#038;ssl=1\" src=\"https:\/\/i0.wp.com\/www.freidenker.org\/fw17\/wp-content\/uploads\/2017\/11\/Eisenach_03.jpg?w=262&#038;h=196&#038;ssl=1\" srcset=\"https:\/\/i0.wp.com\/www.freidenker.org\/fw17\/wp-content\/uploads\/2017\/11\/Eisenach_03.jpg?w=1200&amp;ssl=1 1200w, https:\/\/i0.wp.com\/www.freidenker.org\/fw17\/wp-content\/uploads\/2017\/11\/Eisenach_03.jpg?resize=300%2C225&amp;ssl=1 300w, https:\/\/i0.wp.com\/www.freidenker.org\/fw17\/wp-content\/uploads\/2017\/11\/Eisenach_03.jpg?resize=768%2C576&amp;ssl=1 768w, https:\/\/i0.wp.com\/www.freidenker.org\/fw17\/wp-content\/uploads\/2017\/11\/Eisenach_03.jpg?resize=1024%2C768&amp;ssl=1 1024w\" width=\"262\" height=\"196\" loading=\"lazy\" data-original-width=\"262\" data-original-height=\"196\" itemprop=\"http:\/\/schema.org\/image\" title=\"Eisenach_03\" alt=\"Thomas Loch referiert\" style=\"width: 262px; height: 196px;\" \/> <\/a> <div class=\"tiled-gallery-caption\" itemprop=\"caption description\"> Thomas Loch referiert <\/div> <\/div> <\/div> <!-- close group --> <\/div> <!-- close row --> <\/div>\n<p>Bilder: Witold Fischer<\/p>\n<hr \/>\n<p align=\"JUSTIFY\">Bild oben: pixabay.com \/ User: andibreit<\/p>\n","protected":false},"excerpt":{"rendered":"<p><strong>Bericht \u00fcber eine Veranstaltung am 11.11.2017 in Eisenach<\/strong><br \/>\nReformationsjubil\u00e4um, 1517 schlug Luther seine Thesen (oder auch nicht) an das Tor der Wittenberger Schlosskirche und 500 Jahre sp\u00e4ter wird das Reformationsjubil\u00e4um mit nicht unerheblichen Pomp begangen. Ein Jahrmarkt der Eitelkeiten, G\u00e4ste reichten sich die Klinke in die Hand, es wird jubiliert und verkl\u00e4rt, gelegentlich auch erkl\u00e4rt, es wird gefeiert und gepriesen, der Kritik gehuldigt und viel wurde geschrieben, ver\u00f6ffentlicht und sicher auch gelesen. Sich mit diesem Jubil\u00e4um kritisch auseinanderzusetzen ist ein Gebot der Zeit, genauso wie festzustellen, welche Bedeutung die Reformation f\u00fcr dieses Land, f\u00fcr Europa und letztlich f\u00fcr die Welt hatte.<\/p>\n","protected":false},"author":3,"featured_media":4298,"comment_status":"closed","ping_status":"closed","sticky":false,"template":"","format":"standard","meta":{"colormag_page_container_layout":"default_layout","colormag_page_sidebar_layout":"default_layout","advanced_seo_description":"","jetpack_seo_html_title":"","jetpack_seo_noindex":false,"jetpack_post_was_ever_published":false,"footnotes":""},"categories":[1162,15,19],"tags":[919,920,921,918],"class_list":["post-4286","post","type-post","status-publish","format-standard","has-post-thumbnail","hentry","category-geschichte","category-religions-kirchenkritik","category-veranstaltungen-in-den-dfv-landesverbaenden","tag-bauernkrieg","tag-fruehbuergerliche-revolution","tag-martin-luther","tag-reformation"],"jetpack_featured_media_url":"https:\/\/i0.wp.com\/www.freidenker.org\/fw17\/wp-content\/uploads\/2017\/11\/luther-1821759_800x445.jpg?fit=800%2C445&ssl=1","jetpack_shortlink":"https:\/\/wp.me\/p9stpK-178","jetpack-related-posts":[{"id":21275,"url":"https:\/\/www.freidenker.org\/?p=21275","url_meta":{"origin":4286,"position":0},"title":"Freidenker-Treffen Sachsen-Anhalt 2025 und Konferenz &#8222;Thomas M\u00fcntzer \u2013 500 Jahre Deutscher Bauernkrieg&#8220;","author":"Webredaktion","date":"27. M\u00e4rz 2025","format":false,"excerpt":"Epochen des Umbruch! Freidenker-Treffen Sachsen-Anhalt 2025 Am Wochenende vom 25. bis 27.04.2025 findet in Quedlinburg das diesj\u00e4hrige offene Bildungswochenende des Landesverbandes Sachsen-Anhalt im Deutschen Freidenker-Verband in Quedlinburg statt. Am Freitag den 25.04.2025 wird es ab 19:00 Uhr eine Lesung mit Diskussion zum Thema des Wochenendes, Epochen des Umbruch und die\u2026","rel":"","context":"In &quot;Kultur &amp; Kunst&quot;","block_context":{"text":"Kultur &amp; Kunst","link":"https:\/\/www.freidenker.org\/?cat=913"},"img":{"alt_text":"","src":"https:\/\/i0.wp.com\/www.freidenker.org\/fw17\/wp-content\/uploads\/2025\/03\/Muentzer-Kolage2_800x450.jpg?fit=800%2C450&ssl=1&resize=350%2C200","width":350,"height":200,"srcset":"https:\/\/i0.wp.com\/www.freidenker.org\/fw17\/wp-content\/uploads\/2025\/03\/Muentzer-Kolage2_800x450.jpg?fit=800%2C450&ssl=1&resize=350%2C200 1x, https:\/\/i0.wp.com\/www.freidenker.org\/fw17\/wp-content\/uploads\/2025\/03\/Muentzer-Kolage2_800x450.jpg?fit=800%2C450&ssl=1&resize=525%2C300 1.5x, https:\/\/i0.wp.com\/www.freidenker.org\/fw17\/wp-content\/uploads\/2025\/03\/Muentzer-Kolage2_800x450.jpg?fit=800%2C450&ssl=1&resize=700%2C400 2x"},"classes":[]},{"id":22957,"url":"https:\/\/www.freidenker.org\/?p=22957","url_meta":{"origin":4286,"position":1},"title":"Thomas M\u00fcntzer, Theologe und Revolution\u00e4r","author":"Webredaktion","date":"27. September 2025","format":false,"excerpt":"Der Gro\u00dfe Bauernkrieg \u2013 H\u00f6hepunkt einer Epoche im Umbruch und historische Parallelen von Thomas Loch Vortrag, gehalten auf der Thomas-M\u00fcntzer-Tagung des DFV in Bad Frankenhausen am 30.05.2025. - Die Epoche, in welcher Thomas M\u00fcntzer lebte, war eine Epoche des Umbruchs, des \u00dcbergangs vom Feudalismus zum Kapitalismus. Damit \u00e4hnelt sie in\u2026","rel":"","context":"In &quot;Geschichte&quot;","block_context":{"text":"Geschichte","link":"https:\/\/www.freidenker.org\/?cat=1162"},"img":{"alt_text":"","src":"https:\/\/i0.wp.com\/www.freidenker.org\/fw17\/wp-content\/uploads\/2025\/09\/Loch_Muentzer_vortrag.jpg?fit=800%2C450&ssl=1&resize=350%2C200","width":350,"height":200,"srcset":"https:\/\/i0.wp.com\/www.freidenker.org\/fw17\/wp-content\/uploads\/2025\/09\/Loch_Muentzer_vortrag.jpg?fit=800%2C450&ssl=1&resize=350%2C200 1x, https:\/\/i0.wp.com\/www.freidenker.org\/fw17\/wp-content\/uploads\/2025\/09\/Loch_Muentzer_vortrag.jpg?fit=800%2C450&ssl=1&resize=525%2C300 1.5x, https:\/\/i0.wp.com\/www.freidenker.org\/fw17\/wp-content\/uploads\/2025\/09\/Loch_Muentzer_vortrag.jpg?fit=800%2C450&ssl=1&resize=700%2C400 2x"},"classes":[]},{"id":22217,"url":"https:\/\/www.freidenker.org\/?p=22217","url_meta":{"origin":4286,"position":2},"title":"Die Zeit der Ablassh\u00e4ndler &#8211; Tetzel sitzt heute blond und toupiert in der EU-Kommission","author":"Webredaktion","date":"26. Juni 2025","format":false,"excerpt":"Beitrag von Dagmar Henn Wenn man das Grauen betrachtet, dass derzeit aus den westlichen Gesellschaften herausflie\u00dft wie Blut aus den K\u00f6rper\u00f6ffnungen eines am h\u00e4morrhagischen Fieber Erkrankten, wenn man dieser Flut an Meldungen ausgesetzt ist, fragt man sich, ob Irrsinn und Normalit\u00e4t die Pl\u00e4tze getauscht haben und die Humanit\u00e4t, die man\u2026","rel":"","context":"In &quot;Demokratie \u2013 Medien \u2013 Aufkl\u00e4rung&quot;","block_context":{"text":"Demokratie \u2013 Medien \u2013 Aufkl\u00e4rung","link":"https:\/\/www.freidenker.org\/?cat=12"},"img":{"alt_text":"","src":"https:\/\/i0.wp.com\/www.freidenker.org\/fw17\/wp-content\/uploads\/2025\/06\/vonderleyen_und_tetzel_800x450.jpg?fit=800%2C450&ssl=1&resize=350%2C200","width":350,"height":200,"srcset":"https:\/\/i0.wp.com\/www.freidenker.org\/fw17\/wp-content\/uploads\/2025\/06\/vonderleyen_und_tetzel_800x450.jpg?fit=800%2C450&ssl=1&resize=350%2C200 1x, https:\/\/i0.wp.com\/www.freidenker.org\/fw17\/wp-content\/uploads\/2025\/06\/vonderleyen_und_tetzel_800x450.jpg?fit=800%2C450&ssl=1&resize=525%2C300 1.5x, https:\/\/i0.wp.com\/www.freidenker.org\/fw17\/wp-content\/uploads\/2025\/06\/vonderleyen_und_tetzel_800x450.jpg?fit=800%2C450&ssl=1&resize=700%2C400 2x"},"classes":[]},{"id":21919,"url":"https:\/\/www.freidenker.org\/?p=21919","url_meta":{"origin":4286,"position":3},"title":"Sanktionen gegen Deutsche: Die Wiedererfindung der Reichsacht","author":"Webredaktion","date":"22. Mai 2025","format":false,"excerpt":"Beitrag von Dagmar Henn Je l\u00e4nger man \u00fcber die Aufnahme von Alina Lipp und Thomas R\u00f6per auf die EU-Sanktionsliste nachdenkt, desto gravierender wird der damit vollzogene Rechtsbruch. Man muss sich die konkreten Folgen in Deutschland vorstellen, um die wahre Bedeutung zu erfassen. Deutschland macht sich also wieder mal zum Vorreiter.\u2026","rel":"","context":"In &quot;Demokratie \u2013 Medien \u2013 Aufkl\u00e4rung&quot;","block_context":{"text":"Demokratie \u2013 Medien \u2013 Aufkl\u00e4rung","link":"https:\/\/www.freidenker.org\/?cat=12"},"img":{"alt_text":"","src":"https:\/\/i0.wp.com\/www.freidenker.org\/fw17\/wp-content\/uploads\/2025\/05\/lawrow-lipp-roeper_800x450.jpg?fit=800%2C450&ssl=1&resize=350%2C200","width":350,"height":200,"srcset":"https:\/\/i0.wp.com\/www.freidenker.org\/fw17\/wp-content\/uploads\/2025\/05\/lawrow-lipp-roeper_800x450.jpg?fit=800%2C450&ssl=1&resize=350%2C200 1x, https:\/\/i0.wp.com\/www.freidenker.org\/fw17\/wp-content\/uploads\/2025\/05\/lawrow-lipp-roeper_800x450.jpg?fit=800%2C450&ssl=1&resize=525%2C300 1.5x, https:\/\/i0.wp.com\/www.freidenker.org\/fw17\/wp-content\/uploads\/2025\/05\/lawrow-lipp-roeper_800x450.jpg?fit=800%2C450&ssl=1&resize=700%2C400 2x"},"classes":[]},{"id":23737,"url":"https:\/\/www.freidenker.org\/?p=23737","url_meta":{"origin":4286,"position":4},"title":"Schulstreik: Den Kriegstrommlern in Deutschland geht es nicht um Freiheit und Demokratie","author":"Webredaktion","date":"7. Dezember 2025","format":false,"excerpt":"Rede von Reiner Hoffmann auf einer Demonstration gegen die Wehrpflicht am 05.12.2025 in D\u00fcsseldorf Am 5. Dezember 2025 fand ein bundesweiter Schulstreik gegen die Wehrpflicht statt, woran sich viele tausend Jugendliche beteiligten, unter anderem in Hamburg, Berlin, Potsdam, K\u00f6ln, D\u00fcsseldorf, M\u00fcnchen, Dresden und Leipzig. Hintergrund war die an diesem Tag\u2026","rel":"","context":"In &quot;Frieden - Antifaschismus - Solidarit\u00e4t&quot;","block_context":{"text":"Frieden - Antifaschismus - Solidarit\u00e4t","link":"https:\/\/www.freidenker.org\/?cat=13"},"img":{"alt_text":"","src":"https:\/\/i0.wp.com\/www.freidenker.org\/fw17\/wp-content\/uploads\/2025\/12\/Schuelerstreik-Wuppertal-IMG_5307_1600x900.jpg?fit=1200%2C674&ssl=1&resize=350%2C200","width":350,"height":200,"srcset":"https:\/\/i0.wp.com\/www.freidenker.org\/fw17\/wp-content\/uploads\/2025\/12\/Schuelerstreik-Wuppertal-IMG_5307_1600x900.jpg?fit=1200%2C674&ssl=1&resize=350%2C200 1x, https:\/\/i0.wp.com\/www.freidenker.org\/fw17\/wp-content\/uploads\/2025\/12\/Schuelerstreik-Wuppertal-IMG_5307_1600x900.jpg?fit=1200%2C674&ssl=1&resize=525%2C300 1.5x, https:\/\/i0.wp.com\/www.freidenker.org\/fw17\/wp-content\/uploads\/2025\/12\/Schuelerstreik-Wuppertal-IMG_5307_1600x900.jpg?fit=1200%2C674&ssl=1&resize=700%2C400 2x, https:\/\/i0.wp.com\/www.freidenker.org\/fw17\/wp-content\/uploads\/2025\/12\/Schuelerstreik-Wuppertal-IMG_5307_1600x900.jpg?fit=1200%2C674&ssl=1&resize=1050%2C600 3x"},"classes":[]},{"id":18563,"url":"https:\/\/www.freidenker.org\/?p=18563","url_meta":{"origin":4286,"position":5},"title":"Zum 10. Jahrestag der Befreiung der Krim","author":"Webredaktion","date":"20. M\u00e4rz 2024","format":false,"excerpt":"Am 16. M\u00e4rz 2014 fand auf der Krim ein Referendum statt. Offiziellen Angaben zufolge sprachen sich damals 97 Prozent der W\u00e4hlenden f\u00fcr eine Vereinigung mit Russland aus. Nur zwei Tage sp\u00e4ter, am 18. M\u00e4rz 2014 wurde in Moskau ein Vertrag zur Eingliederung der Krim mit ihren mehr als zwei Millionen\u2026","rel":"","context":"In &quot;Demokratie \u2013 Medien \u2013 Aufkl\u00e4rung&quot;","block_context":{"text":"Demokratie \u2013 Medien \u2013 Aufkl\u00e4rung","link":"https:\/\/www.freidenker.org\/?cat=12"},"img":{"alt_text":"","src":"https:\/\/i0.wp.com\/www.freidenker.org\/fw17\/wp-content\/uploads\/2024\/03\/2024-03-16-befreiung-der-krim-01_800x450.jpg?fit=800%2C450&ssl=1&resize=350%2C200","width":350,"height":200,"srcset":"https:\/\/i0.wp.com\/www.freidenker.org\/fw17\/wp-content\/uploads\/2024\/03\/2024-03-16-befreiung-der-krim-01_800x450.jpg?fit=800%2C450&ssl=1&resize=350%2C200 1x, https:\/\/i0.wp.com\/www.freidenker.org\/fw17\/wp-content\/uploads\/2024\/03\/2024-03-16-befreiung-der-krim-01_800x450.jpg?fit=800%2C450&ssl=1&resize=525%2C300 1.5x, https:\/\/i0.wp.com\/www.freidenker.org\/fw17\/wp-content\/uploads\/2024\/03\/2024-03-16-befreiung-der-krim-01_800x450.jpg?fit=800%2C450&ssl=1&resize=700%2C400 2x"},"classes":[]}],"_links":{"self":[{"href":"https:\/\/www.freidenker.org\/index.php?rest_route=\/wp\/v2\/posts\/4286","targetHints":{"allow":["GET"]}}],"collection":[{"href":"https:\/\/www.freidenker.org\/index.php?rest_route=\/wp\/v2\/posts"}],"about":[{"href":"https:\/\/www.freidenker.org\/index.php?rest_route=\/wp\/v2\/types\/post"}],"author":[{"embeddable":true,"href":"https:\/\/www.freidenker.org\/index.php?rest_route=\/wp\/v2\/users\/3"}],"replies":[{"embeddable":true,"href":"https:\/\/www.freidenker.org\/index.php?rest_route=%2Fwp%2Fv2%2Fcomments&post=4286"}],"version-history":[{"count":0,"href":"https:\/\/www.freidenker.org\/index.php?rest_route=\/wp\/v2\/posts\/4286\/revisions"}],"wp:featuredmedia":[{"embeddable":true,"href":"https:\/\/www.freidenker.org\/index.php?rest_route=\/wp\/v2\/media\/4298"}],"wp:attachment":[{"href":"https:\/\/www.freidenker.org\/index.php?rest_route=%2Fwp%2Fv2%2Fmedia&parent=4286"}],"wp:term":[{"taxonomy":"category","embeddable":true,"href":"https:\/\/www.freidenker.org\/index.php?rest_route=%2Fwp%2Fv2%2Fcategories&post=4286"},{"taxonomy":"post_tag","embeddable":true,"href":"https:\/\/www.freidenker.org\/index.php?rest_route=%2Fwp%2Fv2%2Ftags&post=4286"}],"curies":[{"name":"wp","href":"https:\/\/api.w.org\/{rel}","templated":true}]}}