{"id":4279,"date":"2013-06-30T14:21:36","date_gmt":"2013-06-30T12:21:36","guid":{"rendered":"http:\/\/www.freidenker.org\/?p=4279"},"modified":"2025-11-12T11:04:07","modified_gmt":"2025-11-12T10:04:07","slug":"bericht-vom-linken-liedersommer-2013-auf-der-burg-waldeck","status":"publish","type":"post","link":"https:\/\/www.freidenker.org\/?p=4279","title":{"rendered":"Bericht vom Linken Liedersommer 2013 auf der Burg Waldeck"},"content":{"rendered":"<div class=\"beitrag\">\n<p><strong>von Jane Zahn<\/strong><\/p>\n<p>Wieder 130 Teilnehmer \u2013 wie es einer auf der Auswertungsdiskussion formulierte: \u201eDas ist heutzutage schon ein Erfolg!\u201c \u2013 beim Linken Liedersommer im Hunsr\u00fcck.<br \/>\nDas legendenumwobene, traditionsreiche Gel\u00e4nde neben der Burg Waldeck war erf\u00fcllt von Musik, Gesang, Diskussionen, gesch\u00e4ftigem Betrieb. Mit 8 Workshop-Angeboten von \u201e150 Jahre Arbeiterlieder\u201c bis \u201eMusik des Widerstands\u201c gab es f\u00fcr jeden ein interessantes Angebot. Auch wenn zwei Referenten ausfielen, wurde das Programm doch \u2013 fast \u2013 erf\u00fcllt. Statt Bernd K\u00f6hler erarbeitete Sonja Gottlieb mit zwei Workshops Vor- und Nachmittags die \u201e150 Jahre Arbeiterlied\u201c, und statt der geplanten \u201ePopkulturkritik\u201c von Jonas Engelmann werkelte eine kleine Gruppe unter Anleitung von Jane Zahn an einem kabarettistischen Sketch, der auch am Abend unter gro\u00dfem Gel\u00e4chter aufgef\u00fchrt wurde. Dr. Seltsam war aus Berlin gekommen, um \u00fcber \u201eKunst als Waffe\u201c zu referieren und hatte seinen \u201eHausk\u00fcnstler\u201c Detlef K. mitgebracht. Beide zeigten sich begeistert \u00fcber die Waldeck-Atmosph\u00e4re.<\/p>\n<p>Das Samstagabend-Programm sprengte mit seinen 4 Stunden Dauer jedes Auffassungsverm\u00f6gen \u2013 aber zum Schluss fanden sich alle wieder ein, als \u201eMusikandes\u201c, chilenische Genossen aus Saarbr\u00fccken, des 40. Todestags von Victor Jara gedachten, und zum Abschluss die \u201eBandbreite\u201c mit Liedern aus ihrem neuen Album die m\u00fcden Zuh\u00f6rer zum Mitsingen und Tanzen, und die fast schon \u201eerschlagenen\u201c Gehirnzellen zum Arbeiten brachten. Da es ja offenbar nicht ohne Eklat abgehen kann, wenn die Bandbreite auftritt, sorgte der Vertreter der Rosa-Luxemburg-Stiftung f\u00fcr einen, als er zu Beginn der Abendveranstaltung erkl\u00e4rte, diese verlassen zu m\u00fcssen, weil die Bandbreite ein Lied f\u00fcr die Partei \u201eDie neue Mitte\u201c geschrieben habe, und die sei rechts. Dass der Gr\u00fcnder dieser Partei am 31.05. diesen Jahres von der ebenderselben Rosa-Luxemburg-Stiftung als Referent eingeladen war \u2013 er ist ausgewiesener Syrien-Experte \u2013 sorgte f\u00fcr zus\u00e4tzliche Heiterkeit im Publikum, das sich in seiner Begeisterung f\u00fcr die \u201eBandbreite\u201c nicht weiter st\u00f6ren lie\u00df. Wie auch die Freidenker schon seit drei Jahren bewiesen haben, dass sie da nicht erpressbar sind. Diese Jungs geh\u00f6ren zu uns, ihre Lieder brauchen wir, braucht die linke Bewegung in Deutschland insgesamt.<br \/>\nAber vor diesem Abschluss gab es jede Menge Highlights im Programm. Kai Degenhardt sorgte f\u00fcr G\u00e4nsehaut mit seiner Moritat und der Ballade vom Fremden von V\u00e4terchen Franz, der \u00fcbrigens auch mit einem Workshop geehrt wurde.<br \/>\nErnst Schwarz, Stra\u00dfens\u00e4nger aus Hessen, riss alle mit seinem <a href=\"https:\/\/www.youtube.com\/watch?v=0uiVXRFzQRg\" target=\"_blank\" rel=\"noopener\">Schunkellied vom Kommunismus<\/a> hin (Empfehlung: Auf youtube eingeben: \u201eStunksitzung\u201c und \u201eKommunismus\u201c!).<br \/>\nJ\u00fcrgen Eger, ein \u201eehemaliger Mensch aus der ehemaligen DDR\u201c war eine absolute Neuentdeckung f\u00fcr uns Westler, und es ist zu hoffen, dass er \u00f6fter zu h\u00f6ren sein wird.<br \/>\nDie Teilnehmer des Workshops \u201e150 Jahre Arbeiterlied\u201c sangen mit Sonja Gottlieb zusammen \u201eBet und arbeit\u201c, \u201eMiteinander\u201c und ein Lied der Stra\u00dfenrockgruppe \u201enuemmes\u201c: \u201eDa ist der Wurm drin\u201c. So blieb der Auftritt von nuemmes vom letzten Linken Liedersommer nicht ohne Folgen \u2013 auch das ein Highlight des Programms.<br \/>\nBer\u00fchrend dann am Sonntag Vormittag das Programm von Gina und Frauke Pietsch \u00fcber M\u00fctter und T\u00f6chter \u201eH\u00f6r nicht auf mich\u201c. Sie haben die Literatur durchforstet und einige wundersch\u00f6ne, spa\u00dfige und traurige Texte und Lieder gefunden, wobei sie nicht puristisch vorgingen: Auch Lieder von V\u00e4tern kamen vor!<br \/>\nUnd wie immer die gro\u00dfe Besonderheit der Waldeck: Das Lagerfeuer mit unterschiedlichsten Ges\u00e4ngen aller Akteure, vom Schlager zum Kampflied und zur\u00fcck.<br \/>\nAm Freitag Abend gab es zus\u00e4tzlich einen neueren Film von Gabi Bollinger \u00fcber die Geschichte der Waldeck zu sehen, zwei Stunden, die im Fluge vergingen. Viel Unbekanntes aus der Geschichte der B\u00fcndischen Jugendbewegung kam da zutage, auch Bilder von und Interviews zu den ber\u00fchmt-ber\u00fcchtigten Festivals der 60er Jahre auf der Burg Waldeck, wo Franz Josef Degenhardt, Hannes Wader, Dieter S\u00fcverkr\u00fcp, Hanns Dieter H\u00fcsch und Reinhard Mey auftraten und von dort aus ihren Ruf erlangten.<br \/>\nSch\u00f6n, wie w\u00e4hrend des Films die Lagerfeuerlieder her\u00fcberklangen und die Gegenwart mit der Vergangenheit verbanden.<br \/>\nAuf der Auswertungsdiskussion am Sonntag Vormittag bedankten sich alle bei den Verantwortlichen f\u00fcr ihre Arbeit bei der Vorbereitung und Durchf\u00fchrung. Besonderer Dank ging an die beiden chilenischen Genossen von \u201emusikandes\u201c, die ja nicht nur einen Workshop leiteten und im Abendprogramm auftraten, sondern auch die gesamte Anlagen-Technik auf- und abgebaut und betreut hatten. Eine unglaubliche Leistung, und immer unaufgeregt, kompetent und freundlich.<\/p>\n<p>Es gab einige Anregungen, die sicherlich aufgenommen werden: So soll auf der Website <a title=\"Hyperlink zu Linker Liedersommer Waldeck\" href=\"http:\/\/www.linker-liedersommer.de\">http:\/\/www.linker-liedersommer.de<\/a> auch eine M\u00f6glichkeit zur Organisation von Mitfahrgelegenheiten aufgenommen werden, ebenso Hinweise zur Fahrt mit \u00f6ffentlichen Verkehrsmitteln incl. Fahrrad (ein Tipp: Auf der Hinfahrt an einem h\u00f6hergelegenen Bahnhof aussteigen, auf der R\u00fcckfahrt auf einem Bahnhof, der talw\u00e4rts von der Waldeck liegt \u2013 f\u00fcr Ortsfremde schwer zu erkunden!)<br \/>\nAlle versprachen, auch selbst Werbung zu machen. Und \u2013 was alle besonders freute! \u2013 ein Mitglied der Arbeitsgemeinschaft Burg Waldeck (ABW), Nachfolgerin der b\u00fcndischen Erbauer, berichtete, dass urspr\u00fcngliche Bedenken gegen den Linken Liedersommer dem Eindruck gewichen sind, dass diese Veranstaltung ebenfalls legitimer Weise in der Nachfolge der Festivals der 60er Jahre steht, und eine Reihe Mitglieder daf\u00fcr selbst Werbung machen wollen.<\/p>\n<p>Also: Bis zum n\u00e4chsten Mal im Juni 2015!<\/p>\n<hr \/>\n<p style=\"text-align: right;\"><em>Diesen und weitere Berichte vom Linken Liedersommer 2013 findet ihr auch auf\u00a0 <a href=\"http:\/\/www.linker-liedersommer.de\" target=\"_blank\" rel=\"noopener\">www.linker-liedersommer.de<\/a><\/em><\/p>\n<hr \/>\n<p>Foto: Jane Zahn bei ihrem Auftritt beim linken Liedersommer 2013, \u00a9 by arbeiterfotografie.com<\/p>\n<\/div>\n","protected":false},"excerpt":{"rendered":"<p><strong>Bericht von Jane Zahn<\/strong><br \/>\nWieder 130 Teilnehmer \u2013 wie es einer auf der Auswertungsdiskussion formulierte: \u201eDas ist heutzutage schon ein Erfolg!\u201c \u2013 beim Linken Liedersommer im Hunsr\u00fcck.<br \/>\nDas legendenumwobene, traditionsreiche Gel\u00e4nde neben der Burg Waldeck war erf\u00fcllt von Musik, Gesang, Diskussionen, gesch\u00e4ftigem Betrieb. Mit 8 Workshop-Angeboten von \u201e150 Jahre Arbeiterlieder\u201c bis \u201eMusik des Widerstands\u201c gab es f\u00fcr jeden ein interessantes Angebot.<\/p>\n","protected":false},"author":3,"featured_media":4280,"comment_status":"closed","ping_status":"closed","sticky":false,"template":"","format":"standard","meta":{"colormag_page_container_layout":"default_layout","colormag_page_sidebar_layout":"default_layout","advanced_seo_description":"","jetpack_seo_html_title":"","jetpack_seo_noindex":false,"jetpack_post_was_ever_published":false,"footnotes":""},"categories":[913],"tags":[670,735,1742,669],"class_list":["post-4279","post","type-post","status-publish","format-standard","has-post-thumbnail","hentry","category-kultur-kunst","tag-burg-waldeck","tag-kulturseminar","tag-liedersommer","tag-linker-liedersommer"],"jetpack_featured_media_url":"https:\/\/i0.wp.com\/www.freidenker.org\/fw17\/wp-content\/uploads\/2018\/01\/01-2013-06-21-23-af-0992_800x445.jpg?fit=800%2C445&ssl=1","jetpack_shortlink":"https:\/\/wp.me\/p9stpK-171","jetpack-related-posts":[{"id":4276,"url":"https:\/\/www.freidenker.org\/?p=4276","url_meta":{"origin":4279,"position":0},"title":"Videos vom Linken Liedersommer 2017","author":"Webredaktion","date":"30. Juni 2017","format":false,"excerpt":"Ab 1968 wurde die Burg Waldeck zum Markenzeichen linker Protestlieder. Ankn\u00fcpfend an die Tradition der legend\u00e4ren Waldeck-Festivals zu APO Zeiten hatten Freidenker, Arbeiterfotografie, Jenny-Marx-Gesellschaft und Neue Rheinische Zeitung K\u00fcnstler, Musikgruppen, S\u00e4nger und Leute, die im Seminar oder am Lagerfeuer sich mit Gleichgesinnten austauschen m\u00f6chten, zu einem Musik-Treffen auf die Burg\u2026","rel":"","context":"In &quot;Kultur &amp; Kunst&quot;","block_context":{"text":"Kultur &amp; Kunst","link":"https:\/\/www.freidenker.org\/?cat=913"},"img":{"alt_text":"","src":"https:\/\/i0.wp.com\/www.freidenker.org\/fw17\/wp-content\/uploads\/2018\/01\/Liedersommer2017_kh_800x445.jpg?fit=800%2C445&ssl=1&resize=350%2C200","width":350,"height":200,"srcset":"https:\/\/i0.wp.com\/www.freidenker.org\/fw17\/wp-content\/uploads\/2018\/01\/Liedersommer2017_kh_800x445.jpg?fit=800%2C445&ssl=1&resize=350%2C200 1x, https:\/\/i0.wp.com\/www.freidenker.org\/fw17\/wp-content\/uploads\/2018\/01\/Liedersommer2017_kh_800x445.jpg?fit=800%2C445&ssl=1&resize=525%2C300 1.5x, https:\/\/i0.wp.com\/www.freidenker.org\/fw17\/wp-content\/uploads\/2018\/01\/Liedersommer2017_kh_800x445.jpg?fit=800%2C445&ssl=1&resize=700%2C400 2x"},"classes":[]},{"id":3204,"url":"https:\/\/www.freidenker.org\/?p=3204","url_meta":{"origin":4279,"position":1},"title":"Linker Liedersommer gegen Ausbeutung und Krieg","author":"Webredaktion","date":"18. Juni 2010","format":false,"excerpt":"Dokumentiert: Interviews und Berichte vom Linken Liedersommer 2010 von jW und UZ Der linke Liedersommer auf der legend\u00e4ren Burg Waldeck im Hunsr\u00fcck stand am Wochenende unter dem Motto \u00bbLinke Lieder gegen Ausbeutung und Krieg\u00ab. In sp\u00e4teren Stunden mangelte es nicht an Lagerfeuerromantik, gepr\u00e4gt aber war die Veranstaltung von Aufkl\u00e4rungs- und\u2026","rel":"","context":"In &quot;Kultur &amp; Kunst&quot;","block_context":{"text":"Kultur &amp; Kunst","link":"https:\/\/www.freidenker.org\/?cat=913"},"img":{"alt_text":"","src":"https:\/\/i0.wp.com\/www.freidenker.org\/fw17\/wp-content\/uploads\/2010\/06\/2010-06-12-1-0151_800x445.jpg?fit=800%2C445&ssl=1&resize=350%2C200","width":350,"height":200,"srcset":"https:\/\/i0.wp.com\/www.freidenker.org\/fw17\/wp-content\/uploads\/2010\/06\/2010-06-12-1-0151_800x445.jpg?fit=800%2C445&ssl=1&resize=350%2C200 1x, https:\/\/i0.wp.com\/www.freidenker.org\/fw17\/wp-content\/uploads\/2010\/06\/2010-06-12-1-0151_800x445.jpg?fit=800%2C445&ssl=1&resize=525%2C300 1.5x, https:\/\/i0.wp.com\/www.freidenker.org\/fw17\/wp-content\/uploads\/2010\/06\/2010-06-12-1-0151_800x445.jpg?fit=800%2C445&ssl=1&resize=700%2C400 2x"},"classes":[]},{"id":15518,"url":"https:\/\/www.freidenker.org\/?p=15518","url_meta":{"origin":4279,"position":2},"title":"Liedersommer gegen Faschismus und Krieg","author":"Webredaktion","date":"17. M\u00e4rz 2023","format":false,"excerpt":"Zum zehnten Mal laden wir zu unserem Kulturseminar ein, das an die Tradition der Liedermacherbewegung auf Burg Waldeck ankn\u00fcpft, wieder unterst\u00fctzt vom Bundes\u00adverband Arbeiterfotografie und der Neuen Rheinischen Zeitung. Nach der Burg Waldeck selbst \u00fcber die Pfalz und dem hessischen Bad Orb kommen wir dieses Jahr in Auerstedt in Th\u00fcringen\u2026","rel":"","context":"In &quot;Kultur &amp; Kunst&quot;","block_context":{"text":"Kultur &amp; Kunst","link":"https:\/\/www.freidenker.org\/?cat=913"},"img":{"alt_text":"","src":"https:\/\/i0.wp.com\/www.freidenker.org\/fw17\/wp-content\/uploads\/2023\/03\/sander_liso2022_800x450.jpg?fit=800%2C450&ssl=1&resize=350%2C200","width":350,"height":200,"srcset":"https:\/\/i0.wp.com\/www.freidenker.org\/fw17\/wp-content\/uploads\/2023\/03\/sander_liso2022_800x450.jpg?fit=800%2C450&ssl=1&resize=350%2C200 1x, https:\/\/i0.wp.com\/www.freidenker.org\/fw17\/wp-content\/uploads\/2023\/03\/sander_liso2022_800x450.jpg?fit=800%2C450&ssl=1&resize=525%2C300 1.5x, https:\/\/i0.wp.com\/www.freidenker.org\/fw17\/wp-content\/uploads\/2023\/03\/sander_liso2022_800x450.jpg?fit=800%2C450&ssl=1&resize=700%2C400 2x"},"classes":[]},{"id":4497,"url":"https:\/\/www.freidenker.org\/?p=4497","url_meta":{"origin":4279,"position":3},"title":"Linker Liedersommer 2017: Der &#8222;Waldeck-Rap&#8220;","author":"Webredaktion","date":"30. Juni 2017","format":false,"excerpt":"Kurzbericht vom 7. Kulturseminar vom 23. bis zum 25. Juni 2017 auf der \u201eLiedermacher\u201c-Burg Waldeck Neben dem traditionellen Singen am Lagerfeuer wurde in acht Workshops und einer Podiumsdikussion \u00fcber das Arbeiterlied gestern und heute, Lieder der Revolution, aktuelle Lieder bei Streiks und Friedensdemos diskutiert ,,, Dort wurden auch Lieder einstudiert\u2026","rel":"","context":"In &quot;Kultur &amp; Kunst&quot;","block_context":{"text":"Kultur &amp; Kunst","link":"https:\/\/www.freidenker.org\/?cat=913"},"img":{"alt_text":"","src":"https:\/\/i0.wp.com\/www.freidenker.org\/fw17\/wp-content\/uploads\/2018\/02\/Liedersommer_05-2015-06-20-1-0353.jpg?fit=800%2C445&ssl=1&resize=350%2C200","width":350,"height":200,"srcset":"https:\/\/i0.wp.com\/www.freidenker.org\/fw17\/wp-content\/uploads\/2018\/02\/Liedersommer_05-2015-06-20-1-0353.jpg?fit=800%2C445&ssl=1&resize=350%2C200 1x, https:\/\/i0.wp.com\/www.freidenker.org\/fw17\/wp-content\/uploads\/2018\/02\/Liedersommer_05-2015-06-20-1-0353.jpg?fit=800%2C445&ssl=1&resize=525%2C300 1.5x, https:\/\/i0.wp.com\/www.freidenker.org\/fw17\/wp-content\/uploads\/2018\/02\/Liedersommer_05-2015-06-20-1-0353.jpg?fit=800%2C445&ssl=1&resize=700%2C400 2x"},"classes":[]},{"id":4282,"url":"https:\/\/www.freidenker.org\/?p=4282","url_meta":{"origin":4279,"position":4},"title":"Der Linke Liedersommer als Stellvertreterkriegsschauplatz","author":"Webredaktion","date":"26. Juni 2013","format":false,"excerpt":"Zu den Versuchen, den Auftritt der Band DIE BANDBREITE beim Liedersommer 2013 zu verhindern Der Linke Liedersommer 2013 auf Burg Waldeck im Hunsr\u00fcck war wie erwartet und erhofft ein H\u00f6hepunkt der Kulturarbeit des Deutschen Freidenker-Verbandes. Die Zahl von gut 130 Teilnehmerinnen und Teilnehmer war ein sch\u00f6ner Erfolg, und diese lobten\u2026","rel":"","context":"In &quot;Demokratie \u2013 Medien \u2013 Aufkl\u00e4rung&quot;","block_context":{"text":"Demokratie \u2013 Medien \u2013 Aufkl\u00e4rung","link":"https:\/\/www.freidenker.org\/?cat=12"},"img":{"alt_text":"","src":"https:\/\/i0.wp.com\/www.freidenker.org\/fw17\/wp-content\/uploads\/2018\/01\/10-2013-06-21-23-af-0869_800x445.jpg?fit=800%2C445&ssl=1&resize=350%2C200","width":350,"height":200,"srcset":"https:\/\/i0.wp.com\/www.freidenker.org\/fw17\/wp-content\/uploads\/2018\/01\/10-2013-06-21-23-af-0869_800x445.jpg?fit=800%2C445&ssl=1&resize=350%2C200 1x, https:\/\/i0.wp.com\/www.freidenker.org\/fw17\/wp-content\/uploads\/2018\/01\/10-2013-06-21-23-af-0869_800x445.jpg?fit=800%2C445&ssl=1&resize=525%2C300 1.5x, https:\/\/i0.wp.com\/www.freidenker.org\/fw17\/wp-content\/uploads\/2018\/01\/10-2013-06-21-23-af-0869_800x445.jpg?fit=800%2C445&ssl=1&resize=700%2C400 2x"},"classes":[]},{"id":13736,"url":"https:\/\/www.freidenker.org\/?p=13736","url_meta":{"origin":4279,"position":5},"title":"Video vom Liedersommer 2022: Stimmen zu Frieden und Freiheit","author":"Webredaktion","date":"9. Juli 2022","format":false,"excerpt":"Die Arbeiterfotografie hat von unserem Linken Liedersommer 2022 ein 52-min\u00fctiges Video erstellt und \u00fcber die NRhZ und auf YouTube ver\u00f6ffentlicht. Im Begleittext dazu hei\u00dft es: In Tradition des politischen Liedes von Verdis Gefangenenchor aus Nabucco, \u00fcber den US-Arbeiterf\u00fchrer und Liedermacher Joe Hill, Brecht-Eisler-Kampflieder und Balladen, \u00fcber das israelische \"Frieden f\u00fcr\u2026","rel":"","context":"In &quot;Kultur &amp; Kunst&quot;","block_context":{"text":"Kultur &amp; Kunst","link":"https:\/\/www.freidenker.org\/?cat=913"},"img":{"alt_text":"","src":"https:\/\/i0.wp.com\/www.freidenker.org\/fw17\/wp-content\/uploads\/2022\/07\/sonja_liliso2022_v6a.jpg?fit=800%2C450&ssl=1&resize=350%2C200","width":350,"height":200,"srcset":"https:\/\/i0.wp.com\/www.freidenker.org\/fw17\/wp-content\/uploads\/2022\/07\/sonja_liliso2022_v6a.jpg?fit=800%2C450&ssl=1&resize=350%2C200 1x, https:\/\/i0.wp.com\/www.freidenker.org\/fw17\/wp-content\/uploads\/2022\/07\/sonja_liliso2022_v6a.jpg?fit=800%2C450&ssl=1&resize=525%2C300 1.5x, https:\/\/i0.wp.com\/www.freidenker.org\/fw17\/wp-content\/uploads\/2022\/07\/sonja_liliso2022_v6a.jpg?fit=800%2C450&ssl=1&resize=700%2C400 2x"},"classes":[]}],"_links":{"self":[{"href":"https:\/\/www.freidenker.org\/index.php?rest_route=\/wp\/v2\/posts\/4279","targetHints":{"allow":["GET"]}}],"collection":[{"href":"https:\/\/www.freidenker.org\/index.php?rest_route=\/wp\/v2\/posts"}],"about":[{"href":"https:\/\/www.freidenker.org\/index.php?rest_route=\/wp\/v2\/types\/post"}],"author":[{"embeddable":true,"href":"https:\/\/www.freidenker.org\/index.php?rest_route=\/wp\/v2\/users\/3"}],"replies":[{"embeddable":true,"href":"https:\/\/www.freidenker.org\/index.php?rest_route=%2Fwp%2Fv2%2Fcomments&post=4279"}],"version-history":[{"count":2,"href":"https:\/\/www.freidenker.org\/index.php?rest_route=\/wp\/v2\/posts\/4279\/revisions"}],"predecessor-version":[{"id":23538,"href":"https:\/\/www.freidenker.org\/index.php?rest_route=\/wp\/v2\/posts\/4279\/revisions\/23538"}],"wp:featuredmedia":[{"embeddable":true,"href":"https:\/\/www.freidenker.org\/index.php?rest_route=\/wp\/v2\/media\/4280"}],"wp:attachment":[{"href":"https:\/\/www.freidenker.org\/index.php?rest_route=%2Fwp%2Fv2%2Fmedia&parent=4279"}],"wp:term":[{"taxonomy":"category","embeddable":true,"href":"https:\/\/www.freidenker.org\/index.php?rest_route=%2Fwp%2Fv2%2Fcategories&post=4279"},{"taxonomy":"post_tag","embeddable":true,"href":"https:\/\/www.freidenker.org\/index.php?rest_route=%2Fwp%2Fv2%2Ftags&post=4279"}],"curies":[{"name":"wp","href":"https:\/\/api.w.org\/{rel}","templated":true}]}}