{"id":4276,"date":"2017-06-30T03:39:52","date_gmt":"2017-06-30T01:39:52","guid":{"rendered":"http:\/\/www.freidenker.org\/?p=4276"},"modified":"2023-03-19T18:10:58","modified_gmt":"2023-03-19T17:10:58","slug":"videos-vom-linken-liedersommer-2017","status":"publish","type":"post","link":"https:\/\/www.freidenker.org\/?p=4276","title":{"rendered":"Videos vom Linken Liedersommer 2017"},"content":{"rendered":"<p><strong>Linker Liedersommer 2017 der Freidenker auf Burg Waldeck<\/strong><br \/>\n(Artikel aus der Neuen Rheinischen Zeitung, Videos von Arbeiterfotografie)<\/p>\n<p>&nbsp;<\/p>\n<h5><strong>Video 1: F\u00fcr eine solidarische Welt gegen Ausbeutung und Krieg<\/strong><\/h5>\n<div class=\"jetpack-video-wrapper\"><span class=\"embed-youtube\" style=\"text-align:center; display: block;\"><iframe loading=\"lazy\" class=\"youtube-player\" width=\"800\" height=\"450\" src=\"https:\/\/www.youtube.com\/embed\/qLqb0lKx4Yc?version=3&#038;rel=1&#038;showsearch=0&#038;showinfo=1&#038;iv_load_policy=1&#038;fs=1&#038;hl=de-DE&#038;autohide=2&#038;wmode=transparent\" allowfullscreen=\"true\" style=\"border:0;\" sandbox=\"allow-scripts allow-same-origin allow-popups allow-presentation allow-popups-to-escape-sandbox\"><\/iframe><\/span><\/div>\n<p>Ab 1968 wurde die Burg Waldeck zum Markenzeichen linker Protestlieder. Ankn\u00fcpfend an die Tradition der legend\u00e4ren Waldeck-Festivals zu APO Zeiten hatten Freidenker, Arbeiterfotografie, Jenny-Marx-Gesellschaft und Neue Rheinische Zeitung K\u00fcnstler, Musikgruppen, S\u00e4nger und Leute, die im Seminar oder am Lagerfeuer sich mit Gleichgesinnten austauschen m\u00f6chten, zu einem Musik-Treffen auf die Burg Waldeck eingeladen. Der Linke Liedersommer schl\u00e4gt den Bogen zu den K\u00e4mpfen und Liedern unserer Zeit f\u00fcr eine solidarische Welt, gegen Ausbeutung von Mensch und Natur. Der Linke Liedersommer 2017 schl\u00e4gt den Bogen von den Liedern der Oktoberrevolution von 1917 bis zu aktuellen Streikliedern unserer Zeit. Im Mittelpunkt des ersten Filmclips steht die Rede des Freidenker-Vorsitzenden Klaus Hartmann.<\/p>\n<p>&nbsp;<\/p>\n<h5><strong>Video 2: Vorsicht! Politische Lieder!! Zwei Generationen: Frank Baier mit Wojna<\/strong><\/h5>\n<div class=\"jetpack-video-wrapper\"><span class=\"embed-youtube\" style=\"text-align:center; display: block;\"><iframe loading=\"lazy\" class=\"youtube-player\" width=\"800\" height=\"450\" src=\"https:\/\/www.youtube.com\/embed\/7mTIo9RJXHA?version=3&#038;rel=1&#038;showsearch=0&#038;showinfo=1&#038;iv_load_policy=1&#038;fs=1&#038;hl=de-DE&#038;autohide=2&#038;wmode=transparent\" allowfullscreen=\"true\" style=\"border:0;\" sandbox=\"allow-scripts allow-same-origin allow-popups allow-presentation allow-popups-to-escape-sandbox\"><\/iframe><\/span><\/div>\n<p>Der Linke Liedersommer ist kein Konsumfestival. Hier wird kr\u00e4ftig mitgemacht, -gedacht, -gedichtet, -gesungen. Gleichzeitig ist der Liedersommer auf Burg Waldeck ein Bildungscamp mit Geschichte zum Anfassen und Anh\u00f6ren. Und 2017 \u2013 im einhundertsten Jahr der Oktoberrevolution \u2013 liegt ein Schwerpunkt auf der Suche nach neuen Ausdrucksformen, die mehr theoretisch projiziert denn praktisch an diesem Sommerwochenende umgesetzt werden. Das \u201eAlte\u201c, die lange Geschichte einer internationalen Arbeiter- und Befreiungsbewegung zu pflegen, ist von au\u00dferordentlichem Wert, um die Wurzeln und Entstehungszusammenh\u00e4nge politischer K\u00e4mpfe in wechselnden Kontinenten und Zeiten im Lied zu ersp\u00fcren. Das \u201eNeue\u201c wird herbeigesehnt, so wie Frank Baier und Wojna (diebandbreite) es f\u00fcr die Friedensbewegung im \u201eRevoluzzerlied\u201c improvisieren. Wo sind sie hin, die tausenden Teilnehmer der Ostermarsch- und Protestbewegungen zu Anti-Atom-Reaktor und -R\u00fcstung? Die alte und die junge Generation m\u00fcssen zusammenkommen. Und dann? Gehts ab!<\/p>\n<p>Einleitungsspots: Reinhard Frankl mit seinem Lied zu Distomo, den NS-Verbrechen in Griechenland. \u201eAch, roter Mond\u2026\u201c. Bis zum heutigen Tag nicht entsch\u00e4digt, ger\u00e4t Griechenland auf\u2019s Neue \u2013 diesmal unter die EU \u2013 R\u00e4uber und M\u00f6rder\u2026<\/p>\n<p>Willi Schulze Barantin (Freidenker-Verband Hessen) berichtet mit einem Kollegen der t\u00fcrkischen Grup Yorum, von der versuchten Auftrittsverhinderung vor wenigen Tagen (im Juni 2017) in Fulda. Auftrittsverbote sind der t\u00fcrkischen Musikergruppe, die ein Millionenpublikum auf die Beine bringt, in ihrer Heimat T\u00fcrkei wohl bekannt. Jetzt auch in Deutschland? Trotz des aufgek\u00fcndigten Mietvertrages der st\u00e4dtisch verwalteten Messe in Fulda findet ein Stra\u00dfenkonzert mit mehreren tausend TeilnehmerInnen statt. In zwei Jahren, so die Absicht, wird Grup Yorum auch beim Linken Liedersommer dabei sein.<\/p>\n<p>Kernbeitrag: Der kampferprobte Ruhrgebietsbarde Frank Baier tr\u00e4gt ein selten gespieltes Lied von der \u201eStreikweihnacht\u201c vor (hier zun\u00e4chst nur im Ausschnitt). Anschlie\u00dfend singt der Knopfakkordeon- und Mundharmonikaspieler mit seinem jungen Duisburger Kollegen Wojna von der Rap\/Hip-Hop-Band \u201ediebandbreite\u201c, das \u201eRevoluzzerlied\u201c. Keine GEMA, keine Konserve, kein Plattenmulti. Alles \u201ehand and voice made\u201c, wo es prickelt, wenn ein Ton mal danebenliegt. Perfektion ist etwas Abgeschlossenes. Politisches Lied ist offen und lebendig. Und es wird von seinen Widersachern \u2013 zu Recht \u2013 gef\u00fcrchtet. Da spaltet sich selbst die (vorgeblich) linke Spreu vom Weizen, wie es in zahlreichen, auch besorgten Gespr\u00e4chen bei diesem bereichernden Kulturfest zum Ausdruck kommt. Ein Ph\u00e4nomen, das es n\u00e4her zu durchleuchten gilt.<\/p>\n<p>&nbsp;<\/p>\n<h5><strong>Video 3: Hilarion Hartmann: fabelhaftes \u201eneues Tierleben\u201c<\/strong><\/h5>\n<div class=\"jetpack-video-wrapper\"><span class=\"embed-youtube\" style=\"text-align:center; display: block;\"><iframe loading=\"lazy\" class=\"youtube-player\" width=\"800\" height=\"450\" src=\"https:\/\/www.youtube.com\/embed\/bTsHw3_GYQI?version=3&#038;rel=1&#038;showsearch=0&#038;showinfo=1&#038;iv_load_policy=1&#038;fs=1&#038;hl=de-DE&#038;autohide=2&#038;wmode=transparent\" allowfullscreen=\"true\" style=\"border:0;\" sandbox=\"allow-scripts allow-same-origin allow-popups allow-presentation allow-popups-to-escape-sandbox\"><\/iframe><\/span><\/div>\n<p>Linker Liedersommer auf Burg Waldeck 2017: Hilarions Publikumsbeitrag auf der Samstag-Abend-B\u00fchne des zum siebten Mal angezettelten Kulturseminars besteht aus der am\u00fcsanten Fabel \u201eHunsr\u00fccks neues Tierleben\u201c in repressiveren Zeiten: \u201eIn unserer Zeit da strebt jedes Tier nach Geld und Erfolg und auch nach Plaisir. Dabei z\u00e4hlt nicht die Biologie, sondern die knallharte \u00d6konomie. Sie verlangt von allen Tieren investieren, produzieren, konkurrieren, optimieren, konsumieren und parieren\u2026\u201c<\/p>\n<p>Der linke Liedersommer w\u00e4re kein echter \u201elinker\u201c, g\u00e4be es nicht die Aussicht, die miesen Verh\u00e4ltnisse aus eigenen Kr\u00e4ften umzukehren. In der vom \u201eHunsr\u00fcckversteher\u201c gedichteten und vorgetragenen Fabel machen die Tiere es den Menschen vor: Sitzt die \u201eIntelligenz\u201c noch ahnungslos in der linken Kuschelecke sp\u00fcren es die Kuscheltiere. \u201eDie Spatzen pfeifen es vom Dach: Mittiere werdet endlich wach.\u201c \u2026 \u201eDie W\u00fchlmaus und der Maulwurf haben das Machtsystem l\u00e4ngst untergraben.\u201c Dann kommt Bewegung in die Kuschelecke: \u201e\u2026protestiere, diskutiere (gem\u00e4\u00df Fremdwort: Dialektik), revoltiere, boykottiere, agitiere alle Tiere\u2026\u201c Analysiere! Niemals blindlings mitmarschiere! Applaus.<\/p>\n<p>&nbsp;<\/p>\n<p style=\"text-align: right;\">Videos \u00a9 by arbeiterfotografie.com<br \/>\nTexte\u00a0\u00a9 by Neue Rheinische Zeitung<br \/>\nQuellen:<br \/>\n<a href=\"http:\/\/www.nrhz.de\/flyer\/beitrag.php?id=23937\" target=\"_blank\" rel=\"noopener\">http:\/\/www.nrhz.de\/flyer\/beitrag.php?id=23937<\/a><br \/>\n<a href=\"http:\/\/www.nrhz.de\/flyer\/beitrag.php?id=23939\" target=\"_blank\" rel=\"noopener\">http:\/\/www.nrhz.de\/flyer\/beitrag.php?id=23939<\/a><br \/>\n<a href=\"http:\/\/www.nrhz.de\/flyer\/beitrag.php?id=23959\" target=\"_blank\" rel=\"noopener\">http:\/\/www.nrhz.de\/flyer\/beitrag.php?id=23959<\/a><\/p>\n<hr \/>\n<p>Foto oben: Screenshot aus Video 1 \u00a9 by arbeiterfotografie.com<\/p>\n","protected":false},"excerpt":{"rendered":"<p>Ab 1968 wurde die Burg Waldeck zum Markenzeichen linker Protestlieder. Ankn\u00fcpfend an die Tradition der legend\u00e4ren Waldeck-Festivals zu APO Zeiten hatten Freidenker, Arbeiterfotografie, Jenny-Marx-Gesellschaft und Neue Rheinische Zeitung K\u00fcnstler, Musikgruppen, S\u00e4nger und Leute, die im Seminar oder am Lagerfeuer sich mit Gleichgesinnten austauschen m\u00f6chten, zu einem Musik-Treffen auf die Burg Waldeck eingeladen. Der Linke Liedersommer schl\u00e4gt den Bogen zu den K\u00e4mpfen und Liedern unserer Zeit f\u00fcr eine solidarische Welt, gegen Ausbeutung von Mensch und Natur. <\/p>\n","protected":false},"author":3,"featured_media":4277,"comment_status":"closed","ping_status":"closed","sticky":false,"template":"","format":"standard","meta":{"colormag_page_container_layout":"default_layout","colormag_page_sidebar_layout":"default_layout","advanced_seo_description":"","jetpack_seo_html_title":"","jetpack_seo_noindex":false,"jetpack_post_was_ever_published":false,"footnotes":""},"categories":[913],"tags":[670,787,735,1742,669],"class_list":["post-4276","post","type-post","status-publish","format-standard","has-post-thumbnail","hentry","category-kultur-kunst","tag-burg-waldeck","tag-die-bandbreite","tag-kulturseminar","tag-liedersommer","tag-linker-liedersommer"],"jetpack_featured_media_url":"https:\/\/i0.wp.com\/www.freidenker.org\/fw17\/wp-content\/uploads\/2018\/01\/Liedersommer2017_kh_800x445.jpg?fit=800%2C445&ssl=1","jetpack_shortlink":"https:\/\/wp.me\/p9stpK-16Y","jetpack-related-posts":[{"id":3073,"url":"https:\/\/www.freidenker.org\/?p=3073","url_meta":{"origin":4276,"position":0},"title":"Linker Liedersommer auf Burg Waldeck \/ Hunsr\u00fcck &#8211; 2017","author":"Webredaktion","date":"2. April 2017","format":false,"excerpt":"Veranstaltungshinweis Siebtes Kulturseminar auf Burg Waldeck\/Hunsr\u00fcck. 23.-25. Juni 2017. Linker Liedersommer - F\u00fcr eine solidarische Welt - Gegen Ausbeutung und Krieg Veranstalter: - Deutscher Freidenker-Verband, Landesverb\u00e4nde Rheinland-Pfalz\/Saar & Hessen, Niedersachsen, Nordrhein-Westfalen, Baden W\u00fcrtemberg - Arbeiterfotografie - Jenny-Marx-Gesellschaft","rel":"","context":"In &quot;Kultur &amp; Kunst&quot;","block_context":{"text":"Kultur &amp; Kunst","link":"https:\/\/www.freidenker.org\/?cat=913"},"img":{"alt_text":"","src":"https:\/\/i0.wp.com\/www.freidenker.org\/fw17\/wp-content\/uploads\/2017\/04\/Liedersommer2015_06-2015-06-20-af-0037.jpg?fit=800%2C445&ssl=1&resize=350%2C200","width":350,"height":200,"srcset":"https:\/\/i0.wp.com\/www.freidenker.org\/fw17\/wp-content\/uploads\/2017\/04\/Liedersommer2015_06-2015-06-20-af-0037.jpg?fit=800%2C445&ssl=1&resize=350%2C200 1x, https:\/\/i0.wp.com\/www.freidenker.org\/fw17\/wp-content\/uploads\/2017\/04\/Liedersommer2015_06-2015-06-20-af-0037.jpg?fit=800%2C445&ssl=1&resize=525%2C300 1.5x, https:\/\/i0.wp.com\/www.freidenker.org\/fw17\/wp-content\/uploads\/2017\/04\/Liedersommer2015_06-2015-06-20-af-0037.jpg?fit=800%2C445&ssl=1&resize=700%2C400 2x"},"classes":[]},{"id":3079,"url":"https:\/\/www.freidenker.org\/?p=3079","url_meta":{"origin":4276,"position":1},"title":"21. bis 23.6. 2013 &#8211; Linker Liedersommer auf Burg Waldeck \/ Hunsr\u00fcck","author":"Webredaktion","date":"1. M\u00e4rz 2013","format":false,"excerpt":"Die Landesverb\u00e4nde Hessen und Rheinland-Pfalz \/ Saarland des Deutschen Freidenker-Verbandes e.V. laden vom 21. bis 23.6.2013 zum Linken Liedersommer f\u00fcr eine solidarische Welt gegen Ausbeutung und Krieg - F\u00fcnftes Kulturseminar auf Burg Waldeck \/ Hunsr\u00fcck ein. Mitwirkende: Gina Pietsch, Bernd Barbe, Jonas Engelmann, Stephan Hoffmann, Dr. Seltsam, Uli Holzhausen &\u2026","rel":"","context":"In &quot;Kultur &amp; Kunst&quot;","block_context":{"text":"Kultur &amp; Kunst","link":"https:\/\/www.freidenker.org\/?cat=913"},"img":{"alt_text":"","src":"https:\/\/i0.wp.com\/www.freidenker.org\/fw17\/wp-content\/uploads\/2013\/03\/p1140454_kai_degenhardt_800x445.jpg?fit=800%2C445&ssl=1&resize=350%2C200","width":350,"height":200,"srcset":"https:\/\/i0.wp.com\/www.freidenker.org\/fw17\/wp-content\/uploads\/2013\/03\/p1140454_kai_degenhardt_800x445.jpg?fit=800%2C445&ssl=1&resize=350%2C200 1x, https:\/\/i0.wp.com\/www.freidenker.org\/fw17\/wp-content\/uploads\/2013\/03\/p1140454_kai_degenhardt_800x445.jpg?fit=800%2C445&ssl=1&resize=525%2C300 1.5x, https:\/\/i0.wp.com\/www.freidenker.org\/fw17\/wp-content\/uploads\/2013\/03\/p1140454_kai_degenhardt_800x445.jpg?fit=800%2C445&ssl=1&resize=700%2C400 2x"},"classes":[]},{"id":4282,"url":"https:\/\/www.freidenker.org\/?p=4282","url_meta":{"origin":4276,"position":2},"title":"Der Linke Liedersommer als Stellvertreterkriegsschauplatz","author":"Webredaktion","date":"26. Juni 2013","format":false,"excerpt":"Zu den Versuchen, den Auftritt der Band DIE BANDBREITE beim Liedersommer 2013 zu verhindern Der Linke Liedersommer 2013 auf Burg Waldeck im Hunsr\u00fcck war wie erwartet und erhofft ein H\u00f6hepunkt der Kulturarbeit des Deutschen Freidenker-Verbandes. Die Zahl von gut 130 Teilnehmerinnen und Teilnehmer war ein sch\u00f6ner Erfolg, und diese lobten\u2026","rel":"","context":"In &quot;Demokratie \u2013 Medien \u2013 Aufkl\u00e4rung&quot;","block_context":{"text":"Demokratie \u2013 Medien \u2013 Aufkl\u00e4rung","link":"https:\/\/www.freidenker.org\/?cat=12"},"img":{"alt_text":"","src":"https:\/\/i0.wp.com\/www.freidenker.org\/fw17\/wp-content\/uploads\/2018\/01\/10-2013-06-21-23-af-0869_800x445.jpg?fit=800%2C445&ssl=1&resize=350%2C200","width":350,"height":200,"srcset":"https:\/\/i0.wp.com\/www.freidenker.org\/fw17\/wp-content\/uploads\/2018\/01\/10-2013-06-21-23-af-0869_800x445.jpg?fit=800%2C445&ssl=1&resize=350%2C200 1x, https:\/\/i0.wp.com\/www.freidenker.org\/fw17\/wp-content\/uploads\/2018\/01\/10-2013-06-21-23-af-0869_800x445.jpg?fit=800%2C445&ssl=1&resize=525%2C300 1.5x, https:\/\/i0.wp.com\/www.freidenker.org\/fw17\/wp-content\/uploads\/2018\/01\/10-2013-06-21-23-af-0869_800x445.jpg?fit=800%2C445&ssl=1&resize=700%2C400 2x"},"classes":[]},{"id":4497,"url":"https:\/\/www.freidenker.org\/?p=4497","url_meta":{"origin":4276,"position":3},"title":"Linker Liedersommer 2017: Der &#8222;Waldeck-Rap&#8220;","author":"Webredaktion","date":"30. Juni 2017","format":false,"excerpt":"Kurzbericht vom 7. Kulturseminar vom 23. bis zum 25. Juni 2017 auf der \u201eLiedermacher\u201c-Burg Waldeck Neben dem traditionellen Singen am Lagerfeuer wurde in acht Workshops und einer Podiumsdikussion \u00fcber das Arbeiterlied gestern und heute, Lieder der Revolution, aktuelle Lieder bei Streiks und Friedensdemos diskutiert ,,, Dort wurden auch Lieder einstudiert\u2026","rel":"","context":"In &quot;Kultur &amp; Kunst&quot;","block_context":{"text":"Kultur &amp; Kunst","link":"https:\/\/www.freidenker.org\/?cat=913"},"img":{"alt_text":"","src":"https:\/\/i0.wp.com\/www.freidenker.org\/fw17\/wp-content\/uploads\/2018\/02\/Liedersommer_05-2015-06-20-1-0353.jpg?fit=800%2C445&ssl=1&resize=350%2C200","width":350,"height":200,"srcset":"https:\/\/i0.wp.com\/www.freidenker.org\/fw17\/wp-content\/uploads\/2018\/02\/Liedersommer_05-2015-06-20-1-0353.jpg?fit=800%2C445&ssl=1&resize=350%2C200 1x, https:\/\/i0.wp.com\/www.freidenker.org\/fw17\/wp-content\/uploads\/2018\/02\/Liedersommer_05-2015-06-20-1-0353.jpg?fit=800%2C445&ssl=1&resize=525%2C300 1.5x, https:\/\/i0.wp.com\/www.freidenker.org\/fw17\/wp-content\/uploads\/2018\/02\/Liedersommer_05-2015-06-20-1-0353.jpg?fit=800%2C445&ssl=1&resize=700%2C400 2x"},"classes":[]},{"id":13736,"url":"https:\/\/www.freidenker.org\/?p=13736","url_meta":{"origin":4276,"position":4},"title":"Video vom Liedersommer 2022: Stimmen zu Frieden und Freiheit","author":"Webredaktion","date":"9. Juli 2022","format":false,"excerpt":"Die Arbeiterfotografie hat von unserem Linken Liedersommer 2022 ein 52-min\u00fctiges Video erstellt und \u00fcber die NRhZ und auf YouTube ver\u00f6ffentlicht. Im Begleittext dazu hei\u00dft es: In Tradition des politischen Liedes von Verdis Gefangenenchor aus Nabucco, \u00fcber den US-Arbeiterf\u00fchrer und Liedermacher Joe Hill, Brecht-Eisler-Kampflieder und Balladen, \u00fcber das israelische \"Frieden f\u00fcr\u2026","rel":"","context":"In &quot;Kultur &amp; Kunst&quot;","block_context":{"text":"Kultur &amp; Kunst","link":"https:\/\/www.freidenker.org\/?cat=913"},"img":{"alt_text":"","src":"https:\/\/i0.wp.com\/www.freidenker.org\/fw17\/wp-content\/uploads\/2022\/07\/sonja_liliso2022_v6a.jpg?fit=800%2C450&ssl=1&resize=350%2C200","width":350,"height":200,"srcset":"https:\/\/i0.wp.com\/www.freidenker.org\/fw17\/wp-content\/uploads\/2022\/07\/sonja_liliso2022_v6a.jpg?fit=800%2C450&ssl=1&resize=350%2C200 1x, https:\/\/i0.wp.com\/www.freidenker.org\/fw17\/wp-content\/uploads\/2022\/07\/sonja_liliso2022_v6a.jpg?fit=800%2C450&ssl=1&resize=525%2C300 1.5x, https:\/\/i0.wp.com\/www.freidenker.org\/fw17\/wp-content\/uploads\/2022\/07\/sonja_liliso2022_v6a.jpg?fit=800%2C450&ssl=1&resize=700%2C400 2x"},"classes":[]},{"id":6315,"url":"https:\/\/www.freidenker.org\/?p=6315","url_meta":{"origin":4276,"position":5},"title":"Lieder gegen Ausbeutung und Krieg","author":"Webredaktion","date":"8. Mai 2019","format":false,"excerpt":"Pressemitteilung zum 8. Kulturseminar und Linken Liedersommer 2019 Zu seinem 8. Kulturseminar l\u00e4dt der Deutsche Freidenker-Verband erstmals an einen anderen Ort als der traditionellen Burg Waldeck ein, n\u00e4mlich ins Naturfreundehaus Rahnenhof bei Hertlingshausen in der Pfalz, vom 21. bis 23. Juni 2019. ... Der \u201eLinke Liedersommer\u201c hat traditionell das Verh\u00e4ltnis\u2026","rel":"","context":"In &quot;Kultur &amp; Kunst&quot;","block_context":{"text":"Kultur &amp; Kunst","link":"https:\/\/www.freidenker.org\/?cat=913"},"img":{"alt_text":"","src":"https:\/\/i0.wp.com\/www.freidenker.org\/fw17\/wp-content\/uploads\/2019\/05\/liliso_2013_800x445_v2.jpg?fit=800%2C447&ssl=1&resize=350%2C200","width":350,"height":200,"srcset":"https:\/\/i0.wp.com\/www.freidenker.org\/fw17\/wp-content\/uploads\/2019\/05\/liliso_2013_800x445_v2.jpg?fit=800%2C447&ssl=1&resize=350%2C200 1x, https:\/\/i0.wp.com\/www.freidenker.org\/fw17\/wp-content\/uploads\/2019\/05\/liliso_2013_800x445_v2.jpg?fit=800%2C447&ssl=1&resize=525%2C300 1.5x, https:\/\/i0.wp.com\/www.freidenker.org\/fw17\/wp-content\/uploads\/2019\/05\/liliso_2013_800x445_v2.jpg?fit=800%2C447&ssl=1&resize=700%2C400 2x"},"classes":[]}],"_links":{"self":[{"href":"https:\/\/www.freidenker.org\/index.php?rest_route=\/wp\/v2\/posts\/4276","targetHints":{"allow":["GET"]}}],"collection":[{"href":"https:\/\/www.freidenker.org\/index.php?rest_route=\/wp\/v2\/posts"}],"about":[{"href":"https:\/\/www.freidenker.org\/index.php?rest_route=\/wp\/v2\/types\/post"}],"author":[{"embeddable":true,"href":"https:\/\/www.freidenker.org\/index.php?rest_route=\/wp\/v2\/users\/3"}],"replies":[{"embeddable":true,"href":"https:\/\/www.freidenker.org\/index.php?rest_route=%2Fwp%2Fv2%2Fcomments&post=4276"}],"version-history":[{"count":0,"href":"https:\/\/www.freidenker.org\/index.php?rest_route=\/wp\/v2\/posts\/4276\/revisions"}],"wp:featuredmedia":[{"embeddable":true,"href":"https:\/\/www.freidenker.org\/index.php?rest_route=\/wp\/v2\/media\/4277"}],"wp:attachment":[{"href":"https:\/\/www.freidenker.org\/index.php?rest_route=%2Fwp%2Fv2%2Fmedia&parent=4276"}],"wp:term":[{"taxonomy":"category","embeddable":true,"href":"https:\/\/www.freidenker.org\/index.php?rest_route=%2Fwp%2Fv2%2Fcategories&post=4276"},{"taxonomy":"post_tag","embeddable":true,"href":"https:\/\/www.freidenker.org\/index.php?rest_route=%2Fwp%2Fv2%2Ftags&post=4276"}],"curies":[{"name":"wp","href":"https:\/\/api.w.org\/{rel}","templated":true}]}}