{"id":4237,"date":"2015-07-30T00:34:39","date_gmt":"2015-07-29T22:34:39","guid":{"rendered":"http:\/\/www.freidenker.org\/?p=4237"},"modified":"2023-03-19T18:10:58","modified_gmt":"2023-03-19T17:10:58","slug":"burg-waldeck-wurzeln-im-wind-1","status":"publish","type":"post","link":"https:\/\/www.freidenker.org\/?p=4237","title":{"rendered":"Burg Waldeck \u2013 Wurzeln im Wind \u2026 (1)"},"content":{"rendered":"<div class=\"entry-content\">\n<p><b>Linkes Liedgut \u2026 aus der Zeit gefallen?<\/b><\/p>\n<p><i>Linker Liedersommer auf Burg Waldeck vom 19. bis 21. Juni 2015<br \/>\n(Bericht der Online-Zeitung <\/i><em>Schattenblick &#8211; \u00a9 by Schattenblick, 2015<\/em>)<\/p>\n<\/div>\n<figure id=\"attachment_4238\" aria-describedby=\"caption-attachment-4238\" style=\"width: 596px\" class=\"wp-caption alignnone\"><img data-recalc-dims=\"1\" loading=\"lazy\" decoding=\"async\" data-attachment-id=\"4238\" data-permalink=\"https:\/\/www.freidenker.org\/?attachment_id=4238\" data-orig-file=\"https:\/\/i0.wp.com\/www.freidenker.org\/fw17\/wp-content\/uploads\/2018\/01\/p1180805.jpg?fit=533%2C400&amp;ssl=1\" data-orig-size=\"533,400\" data-comments-opened=\"0\" data-image-meta=\"{&quot;aperture&quot;:&quot;8&quot;,&quot;credit&quot;:&quot;&quot;,&quot;camera&quot;:&quot;DMC-FX01&quot;,&quot;caption&quot;:&quot;&quot;,&quot;created_timestamp&quot;:&quot;1434787504&quot;,&quot;copyright&quot;:&quot;&quot;,&quot;focal_length&quot;:&quot;9.6&quot;,&quot;iso&quot;:&quot;800&quot;,&quot;shutter_speed&quot;:&quot;0.0025&quot;,&quot;title&quot;:&quot;&quot;,&quot;orientation&quot;:&quot;1&quot;}\" data-image-title=\"p1180805\" data-image-description=\"\" data-image-caption=\"\" data-large-file=\"https:\/\/i0.wp.com\/www.freidenker.org\/fw17\/wp-content\/uploads\/2018\/01\/p1180805.jpg?fit=533%2C400&amp;ssl=1\" class=\"wp-image-4238\" src=\"https:\/\/i0.wp.com\/www.freidenker.org\/fw17\/wp-content\/uploads\/2018\/01\/p1180805.jpg?resize=596%2C447&#038;ssl=1\" alt=\"\" width=\"596\" height=\"447\" srcset=\"https:\/\/i0.wp.com\/www.freidenker.org\/fw17\/wp-content\/uploads\/2018\/01\/p1180805.jpg?w=533&amp;ssl=1 533w, https:\/\/i0.wp.com\/www.freidenker.org\/fw17\/wp-content\/uploads\/2018\/01\/p1180805.jpg?resize=300%2C225&amp;ssl=1 300w\" sizes=\"auto, (max-width: 596px) 100vw, 596px\" \/><figcaption id=\"caption-attachment-4238\" class=\"wp-caption-text\">Foto: \u00a9 2015 by Schattenblick<\/figcaption><\/figure>\n<p>Franz Josef Degenhardt (2011), Diethart Kerbs (2013), Rolf Schwendter (2013), Walter Mossmann (2015), Arno Kl\u00f6nne (2015) \u2013 innerhalb weniger Jahre sind wichtige Akteure der in der Aufbruchstimmung der 1960er Jahre f\u00fcr die BRD tonangebenden Liederfestivals verstorben, die auf der im Hunsr\u00fcck gelegenen Burg Waldeck stattfanden. Die Zeitzeugen dieses Kapitels linker Kultur- und Bewegungsgeschichte werden rarer, und die Br\u00fcche in der Kontinuit\u00e4t des immer notwendiger werdenden sozialen Kampfes klaffen weiter auf. Hier geht es nicht um das nostalgische Abfeiern in der R\u00fcckschau zusehends verkl\u00e4rter Zeiten, sondern die nach wie vor unabgegoltene Frage nach der \u00dcberwindung von Ausbeutung und Unterdr\u00fcckung, von Krieg und Kapitalismus harrt ihrer Pr\u00e4zisierung und Konkretisierung.<br \/>\n<span id=\"more-588\"><\/span><br \/>\nHeute, da zahllose Open Air-Konzerte im Sommer Menschen jeden Alters und jeden muskalischen Interesses anziehen, kann man sich wohl kaum vorstellen, was es 1964\u00a0bedeutete, in einem entlegenen Flecken unter freiem Himmel eine Form von Musik zu machen, die in jeder Hinsicht aus dem handels\u00fcblichen Rahmen fiel. Als ein kleiner Kreis von 400 Menschen vor einem halben Jahrhundert den Neubeginn des politisch engagierten Singens in deutscher Sprache wagte, wurde der Grundstein f\u00fcr eine bis heute wirkungsm\u00e4chtige Legende gelegt. Der Aufbruch der linken und revolution\u00e4ren Jugend fand an diesem Ort auf eine musikalische Weise Ausdruck, die bis dahin unter Gesinnungsverdacht stand. Das Volkslied war durch den Nazismus kontaminiert, und die Schlager der Nachkriegszeit schienen den Eindruck zu best\u00e4tigen, da\u00df deutsche Liedtexte an die v\u00f6lkische Ideologie Hitlerdeutschlands und ihrer restaurativen Erben in der Bundesrepublik verloren waren.<\/p>\n<p>Da\u00df dies nicht so blieb, daf\u00fcr standen Franz Josef Degenhardt, Dieter S\u00fcverkr\u00fcp, Hannes Wader, Reinhard Mey und Walter Mossmann, um nur einige Namen bis heute bekannter S\u00e4nger zu nennen, mit ihren ganz anderen Liedern ein. Bis auf S\u00fcverkr\u00fcp, der sich bereits in den 1950er Jahren mit widerspenstigen Ansagen einen Namen machte, standen die Konzerte auf Burg Waldeck am Beginn ihrer Jahrzehnte w\u00e4hrenden Karriere als politische Liedermacher. Obwohl abseits der<br \/>\nMetropole Frankfurt und anderer Zentren der Jugend- und Studentenbewegung gelegen, entwickelten sich die Festivals auf Burg Waldeck zum musikalischen Mikrokosmos linker K\u00e4mpfe und Debatten, der bereits am Ende dieses Festivalszyklusses 1969 deutliche Zerfallstendenzen aufwies.<\/p>\n<p>Der damals aufgebrochene Konflikt zwischen kultureller Repr\u00e4sentation und ideologischer Konfrontation beendete auch die Bereitschaft b\u00fcrgerlicher Medien und vor allem des \u00f6ffentlich-rechtlichen Rundfunks, das Festival weit \u00fcber die Kreise linker Aktivistinnen und Aktivisten hinaus bekannt zu machen. Wie in den USA, wo das Woodstock-Festival 1969 nicht etwa den H\u00f6hepunkt der Counterculture, der radikalen Absage an das b\u00fcrgerliche Establishment und die Entwicklung neuer Lebensformen markierte, sondern die Jugend mit dem psychedelischen Pomp kulturindustrieller Aneignung in den Scho\u00df der Gesellschaft zur\u00fcckfand, machte sich auch in Westeuropa Resignation \u00fcber die mangelnde Bereitschaft der Massen breit, nicht nur ein gr\u00f6\u00dferes St\u00fcck vom Kuchen einzufordern, sondern die gesamte B\u00e4ckerei zu erobern.<\/p>\n<p>Wer sich nicht auf den langen Marsch durch die Institutionen begab und sein Heil als Karrierepolitiker oder anderweitig in den Funktionseliten angekommener Erfolgsmensch machte, dem blieben die DKP und diverse K-Gruppen, der Weg in den bewaffneten Kampf oder der nur scheinbar unideologische Aktivismus der Spontis und Autonomen f\u00fcr die Fortsetzung des revolution\u00e4ren Eintretens f\u00fcr soziale und gesellschaftliche Emanzipation. Das deutschsprachige politische Lied, mal folkloristisch, dann wieder rockig oder punkig, begleitete diesen Weg mit k\u00e4mpferischem Elan, aber auch d\u00fcsteren Zwischent\u00f6nen, die die Konflikte und Befindlichkeiten linker Aktivistinnen und Aktivisten pa\u00dff\u00f6rmig abbildeten. Im Dortmunder Musikverlag pl\u00e4ne, dessen Name an eine antifaschistischen Zeitschrift der B\u00fcndischen Jugend in den 1930er Jahren ankn\u00fcpfte, hatten sich mehrere Musiker und Aktivisten zusammengefunden, die auf Burg Waldeck gro\u00df geworden waren. Unter diesem Label wurde ein Gro\u00dfteil des politischen, deutschsprachigen wie internationalen Liedgutes, das die siebziger und achtziger Jahre der BRD pr\u00e4gte, ver\u00f6ffentlicht.<\/p>\n<p>Sp\u00e4testens mit dem Anschlu\u00df der DDR an die BRD verebbten die Ausl\u00e4ufer jener revolution\u00e4ren Radikalit\u00e4t, die den Aufbruch der sechziger Jahren pr\u00e4gte, in den Nischen der Autonomen- oder Antiglobalisierungsbewegung. Das traditionelle politische Lied der vor allem in der DDR gepflegten Tradition Ernst Buschs und Bertolt Brechts fristet seitdem ein Mauerbl\u00fcmchendasein, das auch durch neue Entwicklungen im Punk und Hip Hop nicht wettgemacht werden kann. W\u00e4hrend die in zahllose Genres und Subgenres ausdifferenzierten musikalischen Stilformen und die Innovationen digitaler Technik weit mehr Menschen als fr\u00fcher in die Lage versetzen, ihre origin\u00e4re Musik auch ohne teure Studiotechnik perfekt zu produzieren, reflektiert der Mangel an k\u00e4mpferischer Energie im deutschsprachigen Folk und Rock den historischen Niedergang der kommunistischen, anarchistischen und linksradikalen Bewegungen.<\/p>\n<div class=\"tiled-gallery type-rectangular tiled-gallery-unresized\" data-original-width=\"800\" data-carousel-extra='{&quot;blog_id&quot;:1,&quot;permalink&quot;:&quot;https:\\\/\\\/www.freidenker.org\\\/?p=4237&quot;,&quot;likes_blog_id&quot;:139773280}' itemscope itemtype=\"http:\/\/schema.org\/ImageGallery\" > <div class=\"gallery-row\" style=\"width: 800px; height: 360px;\" data-original-width=\"800\" data-original-height=\"360\" > <div class=\"gallery-group images-1\" style=\"width: 534px; height: 360px;\" data-original-width=\"534\" data-original-height=\"360\" > <div class=\"tiled-gallery-item tiled-gallery-item-large\" itemprop=\"associatedMedia\" itemscope itemtype=\"http:\/\/schema.org\/ImageObject\"> <a href=\"https:\/\/www.freidenker.org\/?attachment_id=4256\" border=\"0\" itemprop=\"url\"> <meta itemprop=\"width\" content=\"530\"> <meta itemprop=\"height\" content=\"356\"> <img decoding=\"async\" class=\"\" data-attachment-id=\"4256\" data-orig-file=\"https:\/\/www.freidenker.org\/fw17\/wp-content\/uploads\/2018\/01\/dsc_3129.jpg\" data-orig-size=\"596,400\" data-comments-opened=\"\" data-image-meta=\"{&quot;aperture&quot;:&quot;3.8&quot;,&quot;credit&quot;:&quot;&quot;,&quot;camera&quot;:&quot;NIKON D3000&quot;,&quot;caption&quot;:&quot;&quot;,&quot;created_timestamp&quot;:&quot;1434833303&quot;,&quot;copyright&quot;:&quot;&quot;,&quot;focal_length&quot;:&quot;22&quot;,&quot;iso&quot;:&quot;200&quot;,&quot;shutter_speed&quot;:&quot;0.033333333333333&quot;,&quot;title&quot;:&quot;&quot;,&quot;orientation&quot;:&quot;1&quot;}\" data-image-title=\"dsc_3129\" data-image-description=\"&lt;p&gt;Foto: \u00a9 2015 by Schattenblick&lt;\/p&gt; \" data-medium-file=\"https:\/\/i0.wp.com\/www.freidenker.org\/fw17\/wp-content\/uploads\/2018\/01\/dsc_3129.jpg?fit=300%2C201&#038;ssl=1\" data-large-file=\"https:\/\/i0.wp.com\/www.freidenker.org\/fw17\/wp-content\/uploads\/2018\/01\/dsc_3129.jpg?fit=596%2C400&#038;ssl=1\" src=\"https:\/\/i0.wp.com\/www.freidenker.org\/fw17\/wp-content\/uploads\/2018\/01\/dsc_3129.jpg?w=530&#038;h=356&#038;ssl=1\" srcset=\"https:\/\/i0.wp.com\/www.freidenker.org\/fw17\/wp-content\/uploads\/2018\/01\/dsc_3129.jpg?w=596&amp;ssl=1 596w, https:\/\/i0.wp.com\/www.freidenker.org\/fw17\/wp-content\/uploads\/2018\/01\/dsc_3129.jpg?resize=300%2C201&amp;ssl=1 300w\" width=\"530\" height=\"356\" loading=\"lazy\" data-original-width=\"530\" data-original-height=\"356\" itemprop=\"http:\/\/schema.org\/image\" title=\"dsc_3129\" alt=\"Auf dem Gel\u00e4nde der Arbeitsgemeinschaft Burg Waldeck (ABW)\" style=\"width: 530px; height: 356px;\" \/> <\/a> <div class=\"tiled-gallery-caption\" itemprop=\"caption description\"> Auf dem Gel\u00e4nde der Arbeitsgemeinschaft Burg Waldeck (ABW) <\/div> <\/div> <\/div> <!-- close group --> <div class=\"gallery-group images-2\" style=\"width: 266px; height: 360px;\" data-original-width=\"266\" data-original-height=\"360\" > <div class=\"tiled-gallery-item tiled-gallery-item-large\" itemprop=\"associatedMedia\" itemscope itemtype=\"http:\/\/schema.org\/ImageObject\"> <a href=\"https:\/\/www.freidenker.org\/?attachment_id=4253\" border=\"0\" itemprop=\"url\"> <meta itemprop=\"width\" content=\"262\"> <meta itemprop=\"height\" content=\"176\"> <img decoding=\"async\" class=\"\" data-attachment-id=\"4253\" data-orig-file=\"https:\/\/www.freidenker.org\/fw17\/wp-content\/uploads\/2018\/01\/dsc_3100.jpg\" data-orig-size=\"596,400\" data-comments-opened=\"\" data-image-meta=\"{&quot;aperture&quot;:&quot;4&quot;,&quot;credit&quot;:&quot;&quot;,&quot;camera&quot;:&quot;NIKON D3000&quot;,&quot;caption&quot;:&quot;&quot;,&quot;created_timestamp&quot;:&quot;1434831648&quot;,&quot;copyright&quot;:&quot;&quot;,&quot;focal_length&quot;:&quot;22&quot;,&quot;iso&quot;:&quot;200&quot;,&quot;shutter_speed&quot;:&quot;0.016666666666667&quot;,&quot;title&quot;:&quot;&quot;,&quot;orientation&quot;:&quot;1&quot;}\" data-image-title=\"dsc_3100\" data-image-description=\"&lt;p&gt;Foto: \u00a9 2015 by Schattenblick&lt;\/p&gt; \" data-medium-file=\"https:\/\/i0.wp.com\/www.freidenker.org\/fw17\/wp-content\/uploads\/2018\/01\/dsc_3100.jpg?fit=300%2C201&#038;ssl=1\" data-large-file=\"https:\/\/i0.wp.com\/www.freidenker.org\/fw17\/wp-content\/uploads\/2018\/01\/dsc_3100.jpg?fit=596%2C400&#038;ssl=1\" src=\"https:\/\/i0.wp.com\/www.freidenker.org\/fw17\/wp-content\/uploads\/2018\/01\/dsc_3100.jpg?w=262&#038;h=176&#038;ssl=1\" srcset=\"https:\/\/i0.wp.com\/www.freidenker.org\/fw17\/wp-content\/uploads\/2018\/01\/dsc_3100.jpg?w=596&amp;ssl=1 596w, https:\/\/i0.wp.com\/www.freidenker.org\/fw17\/wp-content\/uploads\/2018\/01\/dsc_3100.jpg?resize=300%2C201&amp;ssl=1 300w\" width=\"262\" height=\"176\" loading=\"lazy\" data-original-width=\"262\" data-original-height=\"176\" itemprop=\"http:\/\/schema.org\/image\" title=\"dsc_3100\" alt=\"Abendliches Konzert am l\u00e4ngsten Tag des Jahres\" style=\"width: 262px; height: 176px;\" \/> <\/a> <div class=\"tiled-gallery-caption\" itemprop=\"caption description\"> Abendliches Konzert am l\u00e4ngsten Tag des Jahres <\/div> <\/div> <div class=\"tiled-gallery-item tiled-gallery-item-large\" itemprop=\"associatedMedia\" itemscope itemtype=\"http:\/\/schema.org\/ImageObject\"> <a href=\"https:\/\/www.freidenker.org\/?attachment_id=4239\" border=\"0\" itemprop=\"url\"> <meta itemprop=\"width\" content=\"262\"> <meta itemprop=\"height\" content=\"176\"> <img decoding=\"async\" class=\"\" data-attachment-id=\"4239\" data-orig-file=\"https:\/\/www.freidenker.org\/fw17\/wp-content\/uploads\/2018\/01\/dsc_2850.jpg\" data-orig-size=\"432,290\" data-comments-opened=\"\" data-image-meta=\"{&quot;aperture&quot;:&quot;5.6&quot;,&quot;credit&quot;:&quot;&quot;,&quot;camera&quot;:&quot;NIKON D3000&quot;,&quot;caption&quot;:&quot;&quot;,&quot;created_timestamp&quot;:&quot;1434797725&quot;,&quot;copyright&quot;:&quot;&quot;,&quot;focal_length&quot;:&quot;18&quot;,&quot;iso&quot;:&quot;140&quot;,&quot;shutter_speed&quot;:&quot;0.008&quot;,&quot;title&quot;:&quot;&quot;,&quot;orientation&quot;:&quot;1&quot;}\" data-image-title=\"dsc_2850\" data-image-description=\"&lt;p&gt;Foto: \u00a9 2015 by Schattenblick&lt;\/p&gt; \" data-medium-file=\"https:\/\/i0.wp.com\/www.freidenker.org\/fw17\/wp-content\/uploads\/2018\/01\/dsc_2850.jpg?fit=300%2C201&#038;ssl=1\" data-large-file=\"https:\/\/i0.wp.com\/www.freidenker.org\/fw17\/wp-content\/uploads\/2018\/01\/dsc_2850.jpg?fit=432%2C290&#038;ssl=1\" src=\"https:\/\/i0.wp.com\/www.freidenker.org\/fw17\/wp-content\/uploads\/2018\/01\/dsc_2850.jpg?w=262&#038;h=176&#038;ssl=1\" srcset=\"https:\/\/i0.wp.com\/www.freidenker.org\/fw17\/wp-content\/uploads\/2018\/01\/dsc_2850.jpg?w=432&amp;ssl=1 432w, https:\/\/i0.wp.com\/www.freidenker.org\/fw17\/wp-content\/uploads\/2018\/01\/dsc_2850.jpg?resize=300%2C201&amp;ssl=1 300w\" width=\"262\" height=\"176\" loading=\"lazy\" data-original-width=\"262\" data-original-height=\"176\" itemprop=\"http:\/\/schema.org\/image\" title=\"dsc_2850\" alt=\"Workshopimpressionen mit Ernst Schwarz ...\" style=\"width: 262px; height: 176px;\" \/> <\/a> <div class=\"tiled-gallery-caption\" itemprop=\"caption description\"> Workshopimpressionen mit Ernst Schwarz &#8230; <\/div> <\/div> <\/div> <!-- close group --> <\/div> <!-- close row --> <div class=\"gallery-row\" style=\"width: 800px; height: 180px;\" data-original-width=\"800\" data-original-height=\"180\" > <div class=\"gallery-group images-1\" style=\"width: 267px; height: 180px;\" data-original-width=\"267\" data-original-height=\"180\" > <div class=\"tiled-gallery-item tiled-gallery-item-large\" itemprop=\"associatedMedia\" itemscope itemtype=\"http:\/\/schema.org\/ImageObject\"> <a href=\"https:\/\/www.freidenker.org\/?attachment_id=4240\" border=\"0\" itemprop=\"url\"> <meta itemprop=\"width\" content=\"263\"> <meta itemprop=\"height\" content=\"176\"> <img decoding=\"async\" class=\"\" data-attachment-id=\"4240\" data-orig-file=\"https:\/\/www.freidenker.org\/fw17\/wp-content\/uploads\/2018\/01\/dsc_2866.jpg\" data-orig-size=\"432,290\" data-comments-opened=\"\" data-image-meta=\"{&quot;aperture&quot;:&quot;5.3&quot;,&quot;credit&quot;:&quot;&quot;,&quot;camera&quot;:&quot;NIKON D3000&quot;,&quot;caption&quot;:&quot;&quot;,&quot;created_timestamp&quot;:&quot;1434798423&quot;,&quot;copyright&quot;:&quot;&quot;,&quot;focal_length&quot;:&quot;46&quot;,&quot;iso&quot;:&quot;500&quot;,&quot;shutter_speed&quot;:&quot;0.033333333333333&quot;,&quot;title&quot;:&quot;&quot;,&quot;orientation&quot;:&quot;1&quot;}\" data-image-title=\"dsc_2866\" data-image-description=\"&lt;p&gt;Foto: \u00a9 2015 by Schattenblick&lt;\/p&gt; \" data-medium-file=\"https:\/\/i0.wp.com\/www.freidenker.org\/fw17\/wp-content\/uploads\/2018\/01\/dsc_2866.jpg?fit=300%2C201&#038;ssl=1\" data-large-file=\"https:\/\/i0.wp.com\/www.freidenker.org\/fw17\/wp-content\/uploads\/2018\/01\/dsc_2866.jpg?fit=432%2C290&#038;ssl=1\" src=\"https:\/\/i0.wp.com\/www.freidenker.org\/fw17\/wp-content\/uploads\/2018\/01\/dsc_2866.jpg?w=263&#038;h=176&#038;ssl=1\" srcset=\"https:\/\/i0.wp.com\/www.freidenker.org\/fw17\/wp-content\/uploads\/2018\/01\/dsc_2866.jpg?w=432&amp;ssl=1 432w, https:\/\/i0.wp.com\/www.freidenker.org\/fw17\/wp-content\/uploads\/2018\/01\/dsc_2866.jpg?resize=300%2C201&amp;ssl=1 300w\" width=\"263\" height=\"176\" loading=\"lazy\" data-original-width=\"263\" data-original-height=\"176\" itemprop=\"http:\/\/schema.org\/image\" title=\"dsc_2866\" alt=\"\u2026 und Bernd K\u00f6hler, \u2026\" style=\"width: 263px; height: 176px;\" \/> <\/a> <div class=\"tiled-gallery-caption\" itemprop=\"caption description\"> \u2026 und Bernd K\u00f6hler, \u2026 <\/div> <\/div> <\/div> <!-- close group --> <div class=\"gallery-group images-1\" style=\"width: 267px; height: 180px;\" data-original-width=\"267\" data-original-height=\"180\" > <div class=\"tiled-gallery-item tiled-gallery-item-large\" itemprop=\"associatedMedia\" itemscope itemtype=\"http:\/\/schema.org\/ImageObject\"> <a href=\"https:\/\/www.freidenker.org\/?attachment_id=4241\" border=\"0\" itemprop=\"url\"> <meta itemprop=\"width\" content=\"263\"> <meta itemprop=\"height\" content=\"176\"> <img decoding=\"async\" class=\"\" data-attachment-id=\"4241\" data-orig-file=\"https:\/\/www.freidenker.org\/fw17\/wp-content\/uploads\/2018\/01\/dsc_2868.jpg\" data-orig-size=\"432,290\" data-comments-opened=\"\" data-image-meta=\"{&quot;aperture&quot;:&quot;3.8&quot;,&quot;credit&quot;:&quot;&quot;,&quot;camera&quot;:&quot;NIKON D3000&quot;,&quot;caption&quot;:&quot;&quot;,&quot;created_timestamp&quot;:&quot;1434799460&quot;,&quot;copyright&quot;:&quot;&quot;,&quot;focal_length&quot;:&quot;22&quot;,&quot;iso&quot;:&quot;560&quot;,&quot;shutter_speed&quot;:&quot;0.033333333333333&quot;,&quot;title&quot;:&quot;&quot;,&quot;orientation&quot;:&quot;1&quot;}\" data-image-title=\"dsc_2868\" data-image-description=\"&lt;p&gt;Foto: \u00a9 2015 by Schattenblick&lt;\/p&gt; \" data-medium-file=\"https:\/\/i0.wp.com\/www.freidenker.org\/fw17\/wp-content\/uploads\/2018\/01\/dsc_2868.jpg?fit=300%2C201&#038;ssl=1\" data-large-file=\"https:\/\/i0.wp.com\/www.freidenker.org\/fw17\/wp-content\/uploads\/2018\/01\/dsc_2868.jpg?fit=432%2C290&#038;ssl=1\" src=\"https:\/\/i0.wp.com\/www.freidenker.org\/fw17\/wp-content\/uploads\/2018\/01\/dsc_2868.jpg?w=263&#038;h=176&#038;ssl=1\" srcset=\"https:\/\/i0.wp.com\/www.freidenker.org\/fw17\/wp-content\/uploads\/2018\/01\/dsc_2868.jpg?w=432&amp;ssl=1 432w, https:\/\/i0.wp.com\/www.freidenker.org\/fw17\/wp-content\/uploads\/2018\/01\/dsc_2868.jpg?resize=300%2C201&amp;ssl=1 300w\" width=\"263\" height=\"176\" loading=\"lazy\" data-original-width=\"263\" data-original-height=\"176\" itemprop=\"http:\/\/schema.org\/image\" title=\"dsc_2868\" alt=\"\u2026 mit Amei Scheib \u2026\" style=\"width: 263px; height: 176px;\" \/> <\/a> <div class=\"tiled-gallery-caption\" itemprop=\"caption description\"> \u2026 mit Amei Scheib \u2026 <\/div> <\/div> <\/div> <!-- close group --> <div class=\"gallery-group images-1\" style=\"width: 266px; height: 180px;\" data-original-width=\"266\" data-original-height=\"180\" > <div class=\"tiled-gallery-item tiled-gallery-item-large\" itemprop=\"associatedMedia\" itemscope itemtype=\"http:\/\/schema.org\/ImageObject\"> <a href=\"https:\/\/www.freidenker.org\/?attachment_id=4242\" border=\"0\" itemprop=\"url\"> <meta itemprop=\"width\" content=\"262\"> <meta itemprop=\"height\" content=\"176\"> <img decoding=\"async\" class=\"\" data-attachment-id=\"4242\" data-orig-file=\"https:\/\/www.freidenker.org\/fw17\/wp-content\/uploads\/2018\/01\/dsc_2891.jpg\" data-orig-size=\"432,290\" data-comments-opened=\"\" data-image-meta=\"{&quot;aperture&quot;:&quot;3.5&quot;,&quot;credit&quot;:&quot;&quot;,&quot;camera&quot;:&quot;NIKON D3000&quot;,&quot;caption&quot;:&quot;&quot;,&quot;created_timestamp&quot;:&quot;1434800643&quot;,&quot;copyright&quot;:&quot;&quot;,&quot;focal_length&quot;:&quot;18&quot;,&quot;iso&quot;:&quot;1100&quot;,&quot;shutter_speed&quot;:&quot;0.033333333333333&quot;,&quot;title&quot;:&quot;&quot;,&quot;orientation&quot;:&quot;1&quot;}\" data-image-title=\"dsc_2891\" data-image-description=\"&lt;p&gt;Foto: \u00a9 2015 by Schattenblick&lt;\/p&gt; \" data-medium-file=\"https:\/\/i0.wp.com\/www.freidenker.org\/fw17\/wp-content\/uploads\/2018\/01\/dsc_2891.jpg?fit=300%2C201&#038;ssl=1\" data-large-file=\"https:\/\/i0.wp.com\/www.freidenker.org\/fw17\/wp-content\/uploads\/2018\/01\/dsc_2891.jpg?fit=432%2C290&#038;ssl=1\" src=\"https:\/\/i0.wp.com\/www.freidenker.org\/fw17\/wp-content\/uploads\/2018\/01\/dsc_2891.jpg?w=262&#038;h=176&#038;ssl=1\" srcset=\"https:\/\/i0.wp.com\/www.freidenker.org\/fw17\/wp-content\/uploads\/2018\/01\/dsc_2891.jpg?w=432&amp;ssl=1 432w, https:\/\/i0.wp.com\/www.freidenker.org\/fw17\/wp-content\/uploads\/2018\/01\/dsc_2891.jpg?resize=300%2C201&amp;ssl=1 300w\" width=\"262\" height=\"176\" loading=\"lazy\" data-original-width=\"262\" data-original-height=\"176\" itemprop=\"http:\/\/schema.org\/image\" title=\"dsc_2891\" alt=\"\u2026 und J\u00fcrgen Eger, \u2026\" style=\"width: 262px; height: 176px;\" \/> <\/a> <div class=\"tiled-gallery-caption\" itemprop=\"caption description\"> \u2026 und J\u00fcrgen Eger, \u2026 <\/div> <\/div> <\/div> <!-- close group --> <\/div> <!-- close row --> <div class=\"gallery-row\" style=\"width: 800px; height: 685px;\" data-original-width=\"800\" data-original-height=\"685\" > <div class=\"gallery-group images-3\" style=\"width: 338px; height: 685px;\" data-original-width=\"338\" data-original-height=\"685\" > <div class=\"tiled-gallery-item tiled-gallery-item-large\" itemprop=\"associatedMedia\" itemscope itemtype=\"http:\/\/schema.org\/ImageObject\"> <a href=\"https:\/\/www.freidenker.org\/?attachment_id=4244\" border=\"0\" itemprop=\"url\"> <meta itemprop=\"width\" content=\"334\"> <meta itemprop=\"height\" content=\"225\"> <img decoding=\"async\" class=\"\" data-attachment-id=\"4244\" data-orig-file=\"https:\/\/www.freidenker.org\/fw17\/wp-content\/uploads\/2018\/01\/dsc_2963.jpg\" data-orig-size=\"432,290\" data-comments-opened=\"\" data-image-meta=\"{&quot;aperture&quot;:&quot;3.5&quot;,&quot;credit&quot;:&quot;&quot;,&quot;camera&quot;:&quot;NIKON D3000&quot;,&quot;caption&quot;:&quot;&quot;,&quot;created_timestamp&quot;:&quot;1434813474&quot;,&quot;copyright&quot;:&quot;&quot;,&quot;focal_length&quot;:&quot;18&quot;,&quot;iso&quot;:&quot;900&quot;,&quot;shutter_speed&quot;:&quot;0.033333333333333&quot;,&quot;title&quot;:&quot;&quot;,&quot;orientation&quot;:&quot;1&quot;}\" data-image-title=\"dsc_2963\" data-image-description=\"&lt;p&gt;Foto: \u00a9 2015 by Schattenblick&lt;\/p&gt; \" data-medium-file=\"https:\/\/i0.wp.com\/www.freidenker.org\/fw17\/wp-content\/uploads\/2018\/01\/dsc_2963.jpg?fit=300%2C201&#038;ssl=1\" data-large-file=\"https:\/\/i0.wp.com\/www.freidenker.org\/fw17\/wp-content\/uploads\/2018\/01\/dsc_2963.jpg?fit=432%2C290&#038;ssl=1\" src=\"https:\/\/i0.wp.com\/www.freidenker.org\/fw17\/wp-content\/uploads\/2018\/01\/dsc_2963.jpg?w=334&#038;h=225&#038;ssl=1\" srcset=\"https:\/\/i0.wp.com\/www.freidenker.org\/fw17\/wp-content\/uploads\/2018\/01\/dsc_2963.jpg?w=432&amp;ssl=1 432w, https:\/\/i0.wp.com\/www.freidenker.org\/fw17\/wp-content\/uploads\/2018\/01\/dsc_2963.jpg?resize=300%2C201&amp;ssl=1 300w\" width=\"334\" height=\"225\" loading=\"lazy\" data-original-width=\"334\" data-original-height=\"225\" itemprop=\"http:\/\/schema.org\/image\" title=\"dsc_2963\" alt=\"\u2026 mit Dieter Klemm, \u2026\" style=\"width: 334px; height: 225px;\" \/> <\/a> <div class=\"tiled-gallery-caption\" itemprop=\"caption description\"> \u2026 mit Dieter Klemm, \u2026 <\/div> <\/div> <div class=\"tiled-gallery-item tiled-gallery-item-large\" itemprop=\"associatedMedia\" itemscope itemtype=\"http:\/\/schema.org\/ImageObject\"> <a href=\"https:\/\/www.freidenker.org\/?attachment_id=4248\" border=\"0\" itemprop=\"url\"> <meta itemprop=\"width\" content=\"334\"> <meta itemprop=\"height\" content=\"224\"> <img decoding=\"async\" class=\"\" data-attachment-id=\"4248\" data-orig-file=\"https:\/\/www.freidenker.org\/fw17\/wp-content\/uploads\/2018\/01\/dsc_2999.jpg\" data-orig-size=\"432,290\" data-comments-opened=\"\" data-image-meta=\"{&quot;aperture&quot;:&quot;5&quot;,&quot;credit&quot;:&quot;&quot;,&quot;camera&quot;:&quot;NIKON D3000&quot;,&quot;caption&quot;:&quot;&quot;,&quot;created_timestamp&quot;:&quot;1434816357&quot;,&quot;copyright&quot;:&quot;&quot;,&quot;focal_length&quot;:&quot;38&quot;,&quot;iso&quot;:&quot;1250&quot;,&quot;shutter_speed&quot;:&quot;0.033333333333333&quot;,&quot;title&quot;:&quot;&quot;,&quot;orientation&quot;:&quot;1&quot;}\" data-image-title=\"dsc_2999\" data-image-description=\"&lt;p&gt;Foto: \u00a9 2015 by Schattenblick&lt;\/p&gt; \" data-medium-file=\"https:\/\/i0.wp.com\/www.freidenker.org\/fw17\/wp-content\/uploads\/2018\/01\/dsc_2999.jpg?fit=300%2C201&#038;ssl=1\" data-large-file=\"https:\/\/i0.wp.com\/www.freidenker.org\/fw17\/wp-content\/uploads\/2018\/01\/dsc_2999.jpg?fit=432%2C290&#038;ssl=1\" src=\"https:\/\/i0.wp.com\/www.freidenker.org\/fw17\/wp-content\/uploads\/2018\/01\/dsc_2999.jpg?w=334&#038;h=224&#038;ssl=1\" srcset=\"https:\/\/i0.wp.com\/www.freidenker.org\/fw17\/wp-content\/uploads\/2018\/01\/dsc_2999.jpg?w=432&amp;ssl=1 432w, https:\/\/i0.wp.com\/www.freidenker.org\/fw17\/wp-content\/uploads\/2018\/01\/dsc_2999.jpg?resize=300%2C201&amp;ssl=1 300w\" width=\"334\" height=\"224\" loading=\"lazy\" data-original-width=\"334\" data-original-height=\"224\" itemprop=\"http:\/\/schema.org\/image\" title=\"dsc_2999\" alt=\"\u2026 Daniel Osorio \u2026\" style=\"width: 334px; height: 224px;\" \/> <\/a> <div class=\"tiled-gallery-caption\" itemprop=\"caption description\"> \u2026 Daniel Osorio \u2026 <\/div> <\/div> <div class=\"tiled-gallery-item tiled-gallery-item-large\" itemprop=\"associatedMedia\" itemscope itemtype=\"http:\/\/schema.org\/ImageObject\"> <a href=\"https:\/\/www.freidenker.org\/?attachment_id=4247\" border=\"0\" itemprop=\"url\"> <meta itemprop=\"width\" content=\"334\"> <meta itemprop=\"height\" content=\"224\"> <img decoding=\"async\" class=\"\" data-attachment-id=\"4247\" data-orig-file=\"https:\/\/www.freidenker.org\/fw17\/wp-content\/uploads\/2018\/01\/dsc_2995.jpg\" data-orig-size=\"596,400\" data-comments-opened=\"\" data-image-meta=\"{&quot;aperture&quot;:&quot;5.6&quot;,&quot;credit&quot;:&quot;&quot;,&quot;camera&quot;:&quot;NIKON D3000&quot;,&quot;caption&quot;:&quot;&quot;,&quot;created_timestamp&quot;:&quot;1434816289&quot;,&quot;copyright&quot;:&quot;&quot;,&quot;focal_length&quot;:&quot;55&quot;,&quot;iso&quot;:&quot;200&quot;,&quot;shutter_speed&quot;:&quot;0.016666666666667&quot;,&quot;title&quot;:&quot;&quot;,&quot;orientation&quot;:&quot;1&quot;}\" data-image-title=\"dsc_2995\" data-image-description=\"&lt;p&gt;Foto: \u00a9 2015 by Schattenblick&lt;\/p&gt; \" data-medium-file=\"https:\/\/i0.wp.com\/www.freidenker.org\/fw17\/wp-content\/uploads\/2018\/01\/dsc_2995.jpg?fit=300%2C201&#038;ssl=1\" data-large-file=\"https:\/\/i0.wp.com\/www.freidenker.org\/fw17\/wp-content\/uploads\/2018\/01\/dsc_2995.jpg?fit=596%2C400&#038;ssl=1\" src=\"https:\/\/i0.wp.com\/www.freidenker.org\/fw17\/wp-content\/uploads\/2018\/01\/dsc_2995.jpg?w=334&#038;h=224&#038;ssl=1\" srcset=\"https:\/\/i0.wp.com\/www.freidenker.org\/fw17\/wp-content\/uploads\/2018\/01\/dsc_2995.jpg?w=596&amp;ssl=1 596w, https:\/\/i0.wp.com\/www.freidenker.org\/fw17\/wp-content\/uploads\/2018\/01\/dsc_2995.jpg?resize=300%2C201&amp;ssl=1 300w\" width=\"334\" height=\"224\" loading=\"lazy\" data-original-width=\"334\" data-original-height=\"224\" itemprop=\"http:\/\/schema.org\/image\" title=\"dsc_2995\" alt=\"\u2026 und Hartmut Barth-Engelbart.\" style=\"width: 334px; height: 224px;\" \/> <\/a> <div class=\"tiled-gallery-caption\" itemprop=\"caption description\"> \u2026 und Hartmut Barth-Engelbart. <\/div> <\/div> <\/div> <!-- close group --> <div class=\"gallery-group images-1\" style=\"width: 462px; height: 685px;\" data-original-width=\"462\" data-original-height=\"685\" > <div class=\"tiled-gallery-item tiled-gallery-item-large\" itemprop=\"associatedMedia\" itemscope itemtype=\"http:\/\/schema.org\/ImageObject\"> <a href=\"https:\/\/www.freidenker.org\/?attachment_id=4243\" border=\"0\" itemprop=\"url\"> <meta itemprop=\"width\" content=\"458\"> <meta itemprop=\"height\" content=\"681\"> <img decoding=\"async\" class=\"\" data-attachment-id=\"4243\" data-orig-file=\"https:\/\/www.freidenker.org\/fw17\/wp-content\/uploads\/2018\/01\/dsc_2899.jpg\" data-orig-size=\"269,400\" data-comments-opened=\"\" data-image-meta=\"{&quot;aperture&quot;:&quot;8&quot;,&quot;credit&quot;:&quot;&quot;,&quot;camera&quot;:&quot;NIKON D3000&quot;,&quot;caption&quot;:&quot;&quot;,&quot;created_timestamp&quot;:&quot;1434800734&quot;,&quot;copyright&quot;:&quot;&quot;,&quot;focal_length&quot;:&quot;36&quot;,&quot;iso&quot;:&quot;100&quot;,&quot;shutter_speed&quot;:&quot;0.004&quot;,&quot;title&quot;:&quot;&quot;,&quot;orientation&quot;:&quot;1&quot;}\" data-image-title=\"dsc_2899\" data-image-description=\"&lt;p&gt;Foto: \u00a9 2015 by Schattenblick&lt;\/p&gt; \" data-medium-file=\"https:\/\/i0.wp.com\/www.freidenker.org\/fw17\/wp-content\/uploads\/2018\/01\/dsc_2899.jpg?fit=202%2C300&#038;ssl=1\" data-large-file=\"https:\/\/i0.wp.com\/www.freidenker.org\/fw17\/wp-content\/uploads\/2018\/01\/dsc_2899.jpg?fit=269%2C400&#038;ssl=1\" src=\"https:\/\/i0.wp.com\/www.freidenker.org\/fw17\/wp-content\/uploads\/2018\/01\/dsc_2899.jpg?w=458&#038;h=681&#038;ssl=1\" srcset=\"https:\/\/i0.wp.com\/www.freidenker.org\/fw17\/wp-content\/uploads\/2018\/01\/dsc_2899.jpg?w=269&amp;ssl=1 269w, https:\/\/i0.wp.com\/www.freidenker.org\/fw17\/wp-content\/uploads\/2018\/01\/dsc_2899.jpg?resize=202%2C300&amp;ssl=1 202w\" width=\"458\" height=\"681\" loading=\"lazy\" data-original-width=\"458\" data-original-height=\"681\" itemprop=\"http:\/\/schema.org\/image\" title=\"dsc_2899\" alt=\"Das Programm\" style=\"width: 458px; height: 681px;\" \/> <\/a> <div class=\"tiled-gallery-caption\" itemprop=\"caption description\"> Das Programm <\/div> <\/div> <\/div> <!-- close group --> <\/div> <!-- close row --> <div class=\"gallery-row\" style=\"width: 800px; height: 565px;\" data-original-width=\"800\" data-original-height=\"565\" > <div class=\"gallery-group images-2\" style=\"width: 419px; height: 565px;\" data-original-width=\"419\" data-original-height=\"565\" > <div class=\"tiled-gallery-item tiled-gallery-item-large\" itemprop=\"associatedMedia\" itemscope itemtype=\"http:\/\/schema.org\/ImageObject\"> <a href=\"https:\/\/www.freidenker.org\/?attachment_id=4250\" border=\"0\" itemprop=\"url\"> <meta itemprop=\"width\" content=\"415\"> <meta itemprop=\"height\" content=\"279\"> <img decoding=\"async\" class=\"\" data-attachment-id=\"4250\" data-orig-file=\"https:\/\/www.freidenker.org\/fw17\/wp-content\/uploads\/2018\/01\/dsc_3062.jpg\" data-orig-size=\"432,290\" data-comments-opened=\"\" data-image-meta=\"{&quot;aperture&quot;:&quot;4&quot;,&quot;credit&quot;:&quot;&quot;,&quot;camera&quot;:&quot;NIKON D3000&quot;,&quot;caption&quot;:&quot;&quot;,&quot;created_timestamp&quot;:&quot;1434828933&quot;,&quot;copyright&quot;:&quot;&quot;,&quot;focal_length&quot;:&quot;24&quot;,&quot;iso&quot;:&quot;250&quot;,&quot;shutter_speed&quot;:&quot;0.033333333333333&quot;,&quot;title&quot;:&quot;&quot;,&quot;orientation&quot;:&quot;1&quot;}\" data-image-title=\"dsc_3062\" data-image-description=\"&lt;p&gt;Foto: \u00a9 2015 by Schattenblick&lt;\/p&gt; \" data-medium-file=\"https:\/\/i0.wp.com\/www.freidenker.org\/fw17\/wp-content\/uploads\/2018\/01\/dsc_3062.jpg?fit=300%2C201&#038;ssl=1\" data-large-file=\"https:\/\/i0.wp.com\/www.freidenker.org\/fw17\/wp-content\/uploads\/2018\/01\/dsc_3062.jpg?fit=432%2C290&#038;ssl=1\" src=\"https:\/\/i0.wp.com\/www.freidenker.org\/fw17\/wp-content\/uploads\/2018\/01\/dsc_3062.jpg?w=415&#038;h=279&#038;ssl=1\" srcset=\"https:\/\/i0.wp.com\/www.freidenker.org\/fw17\/wp-content\/uploads\/2018\/01\/dsc_3062.jpg?w=432&amp;ssl=1 432w, https:\/\/i0.wp.com\/www.freidenker.org\/fw17\/wp-content\/uploads\/2018\/01\/dsc_3062.jpg?resize=300%2C201&amp;ssl=1 300w\" width=\"415\" height=\"279\" loading=\"lazy\" data-original-width=\"415\" data-original-height=\"279\" itemprop=\"http:\/\/schema.org\/image\" title=\"dsc_3062\" alt=\"Kulturverein Willy in Aktion\" style=\"width: 415px; height: 279px;\" \/> <\/a> <div class=\"tiled-gallery-caption\" itemprop=\"caption description\"> Kulturverein Willy in Aktion <\/div> <\/div> <div class=\"tiled-gallery-item tiled-gallery-item-large\" itemprop=\"associatedMedia\" itemscope itemtype=\"http:\/\/schema.org\/ImageObject\"> <a href=\"https:\/\/www.freidenker.org\/?attachment_id=4249\" border=\"0\" itemprop=\"url\"> <meta itemprop=\"width\" content=\"415\"> <meta itemprop=\"height\" content=\"278\"> <img decoding=\"async\" class=\"\" data-attachment-id=\"4249\" data-orig-file=\"https:\/\/www.freidenker.org\/fw17\/wp-content\/uploads\/2018\/01\/dsc_3061.jpg\" data-orig-size=\"432,290\" data-comments-opened=\"\" data-image-meta=\"{&quot;aperture&quot;:&quot;5.6&quot;,&quot;credit&quot;:&quot;&quot;,&quot;camera&quot;:&quot;NIKON D3000&quot;,&quot;caption&quot;:&quot;&quot;,&quot;created_timestamp&quot;:&quot;1434828924&quot;,&quot;copyright&quot;:&quot;&quot;,&quot;focal_length&quot;:&quot;55&quot;,&quot;iso&quot;:&quot;250&quot;,&quot;shutter_speed&quot;:&quot;0.033333333333333&quot;,&quot;title&quot;:&quot;&quot;,&quot;orientation&quot;:&quot;1&quot;}\" data-image-title=\"dsc_3061\" data-image-description=\"&lt;p&gt;Foto: \u00a9 2015 by Schattenblick&lt;\/p&gt; \" data-medium-file=\"https:\/\/i0.wp.com\/www.freidenker.org\/fw17\/wp-content\/uploads\/2018\/01\/dsc_3061.jpg?fit=300%2C201&#038;ssl=1\" data-large-file=\"https:\/\/i0.wp.com\/www.freidenker.org\/fw17\/wp-content\/uploads\/2018\/01\/dsc_3061.jpg?fit=432%2C290&#038;ssl=1\" src=\"https:\/\/i0.wp.com\/www.freidenker.org\/fw17\/wp-content\/uploads\/2018\/01\/dsc_3061.jpg?w=415&#038;h=278&#038;ssl=1\" srcset=\"https:\/\/i0.wp.com\/www.freidenker.org\/fw17\/wp-content\/uploads\/2018\/01\/dsc_3061.jpg?w=432&amp;ssl=1 432w, https:\/\/i0.wp.com\/www.freidenker.org\/fw17\/wp-content\/uploads\/2018\/01\/dsc_3061.jpg?resize=300%2C201&amp;ssl=1 300w\" width=\"415\" height=\"278\" loading=\"lazy\" data-original-width=\"415\" data-original-height=\"278\" itemprop=\"http:\/\/schema.org\/image\" title=\"dsc_3061\" alt=\"Kulturverein Willy in Aktion\" style=\"width: 415px; height: 278px;\" \/> <\/a> <div class=\"tiled-gallery-caption\" itemprop=\"caption description\"> Kulturverein Willy in Aktion <\/div> <\/div> <\/div> <!-- close group --> <div class=\"gallery-group images-1\" style=\"width: 381px; height: 565px;\" data-original-width=\"381\" data-original-height=\"565\" > <div class=\"tiled-gallery-item tiled-gallery-item-large\" itemprop=\"associatedMedia\" itemscope itemtype=\"http:\/\/schema.org\/ImageObject\"> <a href=\"https:\/\/www.freidenker.org\/?attachment_id=4245\" border=\"0\" itemprop=\"url\"> <meta itemprop=\"width\" content=\"377\"> <meta itemprop=\"height\" content=\"561\"> <img decoding=\"async\" class=\"\" data-attachment-id=\"4245\" data-orig-file=\"https:\/\/www.freidenker.org\/fw17\/wp-content\/uploads\/2018\/01\/dsc_2988.jpg\" data-orig-size=\"269,400\" data-comments-opened=\"\" data-image-meta=\"{&quot;aperture&quot;:&quot;5&quot;,&quot;credit&quot;:&quot;&quot;,&quot;camera&quot;:&quot;NIKON D3000&quot;,&quot;caption&quot;:&quot;&quot;,&quot;created_timestamp&quot;:&quot;1434816205&quot;,&quot;copyright&quot;:&quot;&quot;,&quot;focal_length&quot;:&quot;34&quot;,&quot;iso&quot;:&quot;200&quot;,&quot;shutter_speed&quot;:&quot;0.016666666666667&quot;,&quot;title&quot;:&quot;&quot;,&quot;orientation&quot;:&quot;1&quot;}\" data-image-title=\"dsc_2988\" data-image-description=\"&lt;p&gt;Foto: \u00a9 2015 by Schattenblick&lt;\/p&gt; \" data-medium-file=\"https:\/\/i0.wp.com\/www.freidenker.org\/fw17\/wp-content\/uploads\/2018\/01\/dsc_2988.jpg?fit=202%2C300&#038;ssl=1\" data-large-file=\"https:\/\/i0.wp.com\/www.freidenker.org\/fw17\/wp-content\/uploads\/2018\/01\/dsc_2988.jpg?fit=269%2C400&#038;ssl=1\" src=\"https:\/\/i0.wp.com\/www.freidenker.org\/fw17\/wp-content\/uploads\/2018\/01\/dsc_2988.jpg?w=377&#038;h=561&#038;ssl=1\" srcset=\"https:\/\/i0.wp.com\/www.freidenker.org\/fw17\/wp-content\/uploads\/2018\/01\/dsc_2988.jpg?w=269&amp;ssl=1 269w, https:\/\/i0.wp.com\/www.freidenker.org\/fw17\/wp-content\/uploads\/2018\/01\/dsc_2988.jpg?resize=202%2C300&amp;ssl=1 202w\" width=\"377\" height=\"561\" loading=\"lazy\" data-original-width=\"377\" data-original-height=\"561\" itemprop=\"http:\/\/schema.org\/image\" title=\"dsc_2988\" alt=\"Sonja Gottlieb ...\" style=\"width: 377px; height: 561px;\" \/> <\/a> <div class=\"tiled-gallery-caption\" itemprop=\"caption description\"> Sonja Gottlieb &#8230; <\/div> <\/div> <\/div> <!-- close group --> <\/div> <!-- close row --> <div class=\"gallery-row\" style=\"width: 800px; height: 360px;\" data-original-width=\"800\" data-original-height=\"360\" > <div class=\"gallery-group images-1\" style=\"width: 534px; height: 360px;\" data-original-width=\"534\" data-original-height=\"360\" > <div class=\"tiled-gallery-item tiled-gallery-item-large\" itemprop=\"associatedMedia\" itemscope itemtype=\"http:\/\/schema.org\/ImageObject\"> <a href=\"https:\/\/www.freidenker.org\/?attachment_id=4246\" border=\"0\" itemprop=\"url\"> <meta itemprop=\"width\" content=\"530\"> <meta itemprop=\"height\" content=\"356\"> <img decoding=\"async\" class=\"\" data-attachment-id=\"4246\" data-orig-file=\"https:\/\/www.freidenker.org\/fw17\/wp-content\/uploads\/2018\/01\/dsc_2989.jpg\" data-orig-size=\"596,400\" data-comments-opened=\"\" data-image-meta=\"{&quot;aperture&quot;:&quot;3.5&quot;,&quot;credit&quot;:&quot;&quot;,&quot;camera&quot;:&quot;NIKON D3000&quot;,&quot;caption&quot;:&quot;&quot;,&quot;created_timestamp&quot;:&quot;1434816217&quot;,&quot;copyright&quot;:&quot;&quot;,&quot;focal_length&quot;:&quot;18&quot;,&quot;iso&quot;:&quot;1250&quot;,&quot;shutter_speed&quot;:&quot;0.033333333333333&quot;,&quot;title&quot;:&quot;&quot;,&quot;orientation&quot;:&quot;1&quot;}\" data-image-title=\"dsc_2989\" data-image-description=\"&lt;p&gt;Foto: \u00a9 2015 by Schattenblick&lt;\/p&gt; \" data-medium-file=\"https:\/\/i0.wp.com\/www.freidenker.org\/fw17\/wp-content\/uploads\/2018\/01\/dsc_2989.jpg?fit=300%2C201&#038;ssl=1\" data-large-file=\"https:\/\/i0.wp.com\/www.freidenker.org\/fw17\/wp-content\/uploads\/2018\/01\/dsc_2989.jpg?fit=596%2C400&#038;ssl=1\" src=\"https:\/\/i0.wp.com\/www.freidenker.org\/fw17\/wp-content\/uploads\/2018\/01\/dsc_2989.jpg?w=530&#038;h=356&#038;ssl=1\" srcset=\"https:\/\/i0.wp.com\/www.freidenker.org\/fw17\/wp-content\/uploads\/2018\/01\/dsc_2989.jpg?w=596&amp;ssl=1 596w, https:\/\/i0.wp.com\/www.freidenker.org\/fw17\/wp-content\/uploads\/2018\/01\/dsc_2989.jpg?resize=300%2C201&amp;ssl=1 300w\" width=\"530\" height=\"356\" loading=\"lazy\" data-original-width=\"530\" data-original-height=\"356\" itemprop=\"http:\/\/schema.org\/image\" title=\"dsc_2989\" alt=\"... \u2013 vom Workshop \u201eLieder zum 70. Jahrestag der Befreiung von Faschismus und Krieg\u201c \u2026\" style=\"width: 530px; height: 356px;\" \/> <\/a> <div class=\"tiled-gallery-caption\" itemprop=\"caption description\"> &#8230; \u2013 vom Workshop \u201eLieder zum 70. Jahrestag der Befreiung von Faschismus und Krieg\u201c \u2026 <\/div> <\/div> <\/div> <!-- close group --> <div class=\"gallery-group images-2\" style=\"width: 266px; height: 360px;\" data-original-width=\"266\" data-original-height=\"360\" > <div class=\"tiled-gallery-item tiled-gallery-item-large\" itemprop=\"associatedMedia\" itemscope itemtype=\"http:\/\/schema.org\/ImageObject\"> <a href=\"https:\/\/www.freidenker.org\/?attachment_id=4251\" border=\"0\" itemprop=\"url\"> <meta itemprop=\"width\" content=\"262\"> <meta itemprop=\"height\" content=\"176\"> <img decoding=\"async\" class=\"\" data-attachment-id=\"4251\" data-orig-file=\"https:\/\/www.freidenker.org\/fw17\/wp-content\/uploads\/2018\/01\/dsc_3075.jpg\" data-orig-size=\"432,290\" data-comments-opened=\"\" data-image-meta=\"{&quot;aperture&quot;:&quot;5.6&quot;,&quot;credit&quot;:&quot;&quot;,&quot;camera&quot;:&quot;NIKON D3000&quot;,&quot;caption&quot;:&quot;&quot;,&quot;created_timestamp&quot;:&quot;1434830370&quot;,&quot;copyright&quot;:&quot;&quot;,&quot;focal_length&quot;:&quot;55&quot;,&quot;iso&quot;:&quot;720&quot;,&quot;shutter_speed&quot;:&quot;0.033333333333333&quot;,&quot;title&quot;:&quot;&quot;,&quot;orientation&quot;:&quot;1&quot;}\" data-image-title=\"dsc_3075\" data-image-description=\"&lt;p&gt;Foto: \u00a9 2015 by Schattenblick&lt;\/p&gt; \" data-medium-file=\"https:\/\/i0.wp.com\/www.freidenker.org\/fw17\/wp-content\/uploads\/2018\/01\/dsc_3075.jpg?fit=300%2C201&#038;ssl=1\" data-large-file=\"https:\/\/i0.wp.com\/www.freidenker.org\/fw17\/wp-content\/uploads\/2018\/01\/dsc_3075.jpg?fit=432%2C290&#038;ssl=1\" src=\"https:\/\/i0.wp.com\/www.freidenker.org\/fw17\/wp-content\/uploads\/2018\/01\/dsc_3075.jpg?w=262&#038;h=176&#038;ssl=1\" srcset=\"https:\/\/i0.wp.com\/www.freidenker.org\/fw17\/wp-content\/uploads\/2018\/01\/dsc_3075.jpg?w=432&amp;ssl=1 432w, https:\/\/i0.wp.com\/www.freidenker.org\/fw17\/wp-content\/uploads\/2018\/01\/dsc_3075.jpg?resize=300%2C201&amp;ssl=1 300w\" width=\"262\" height=\"176\" loading=\"lazy\" data-original-width=\"262\" data-original-height=\"176\" itemprop=\"http:\/\/schema.org\/image\" title=\"dsc_3075\" alt=\"\u2026 auf die B\u00fchne ...\" style=\"width: 262px; height: 176px;\" \/> <\/a> <div class=\"tiled-gallery-caption\" itemprop=\"caption description\"> \u2026 auf die B\u00fchne &#8230; <\/div> <\/div> <div class=\"tiled-gallery-item tiled-gallery-item-large\" itemprop=\"associatedMedia\" itemscope itemtype=\"http:\/\/schema.org\/ImageObject\"> <a href=\"https:\/\/www.freidenker.org\/?attachment_id=4252\" border=\"0\" itemprop=\"url\"> <meta itemprop=\"width\" content=\"262\"> <meta itemprop=\"height\" content=\"176\"> <img decoding=\"async\" class=\"\" data-attachment-id=\"4252\" data-orig-file=\"https:\/\/www.freidenker.org\/fw17\/wp-content\/uploads\/2018\/01\/dsc_3087.jpg\" data-orig-size=\"432,290\" data-comments-opened=\"\" data-image-meta=\"{&quot;aperture&quot;:&quot;5.6&quot;,&quot;credit&quot;:&quot;&quot;,&quot;camera&quot;:&quot;NIKON D3000&quot;,&quot;caption&quot;:&quot;&quot;,&quot;created_timestamp&quot;:&quot;1434830648&quot;,&quot;copyright&quot;:&quot;&quot;,&quot;focal_length&quot;:&quot;55&quot;,&quot;iso&quot;:&quot;640&quot;,&quot;shutter_speed&quot;:&quot;0.033333333333333&quot;,&quot;title&quot;:&quot;&quot;,&quot;orientation&quot;:&quot;1&quot;}\" data-image-title=\"dsc_3087\" data-image-description=\"&lt;p&gt;Foto: \u00a9 2015 by Schattenblick&lt;\/p&gt; \" data-medium-file=\"https:\/\/i0.wp.com\/www.freidenker.org\/fw17\/wp-content\/uploads\/2018\/01\/dsc_3087.jpg?fit=300%2C201&#038;ssl=1\" data-large-file=\"https:\/\/i0.wp.com\/www.freidenker.org\/fw17\/wp-content\/uploads\/2018\/01\/dsc_3087.jpg?fit=432%2C290&#038;ssl=1\" src=\"https:\/\/i0.wp.com\/www.freidenker.org\/fw17\/wp-content\/uploads\/2018\/01\/dsc_3087.jpg?w=262&#038;h=176&#038;ssl=1\" srcset=\"https:\/\/i0.wp.com\/www.freidenker.org\/fw17\/wp-content\/uploads\/2018\/01\/dsc_3087.jpg?w=432&amp;ssl=1 432w, https:\/\/i0.wp.com\/www.freidenker.org\/fw17\/wp-content\/uploads\/2018\/01\/dsc_3087.jpg?resize=300%2C201&amp;ssl=1 300w\" width=\"262\" height=\"176\" loading=\"lazy\" data-original-width=\"262\" data-original-height=\"176\" itemprop=\"http:\/\/schema.org\/image\" title=\"dsc_3087\" alt=\"... zum gemeinsamen Singen des Erlernten.\" style=\"width: 262px; height: 176px;\" \/> <\/a> <div class=\"tiled-gallery-caption\" itemprop=\"caption description\"> &#8230; zum gemeinsamen Singen des Erlernten. <\/div> <\/div> <\/div> <!-- close group --> <\/div> <!-- close row --> <div class=\"gallery-row\" style=\"width: 800px; height: 282px;\" data-original-width=\"800\" data-original-height=\"282\" > <div class=\"gallery-group images-1\" style=\"width: 191px; height: 282px;\" data-original-width=\"191\" data-original-height=\"282\" > <div class=\"tiled-gallery-item tiled-gallery-item-small\" itemprop=\"associatedMedia\" itemscope itemtype=\"http:\/\/schema.org\/ImageObject\"> <a href=\"https:\/\/www.freidenker.org\/?attachment_id=4254\" border=\"0\" itemprop=\"url\"> <meta itemprop=\"width\" content=\"187\"> <meta itemprop=\"height\" content=\"278\"> <img decoding=\"async\" class=\"\" data-attachment-id=\"4254\" data-orig-file=\"https:\/\/www.freidenker.org\/fw17\/wp-content\/uploads\/2018\/01\/dsc_3112.jpg\" data-orig-size=\"269,400\" data-comments-opened=\"\" data-image-meta=\"{&quot;aperture&quot;:&quot;5&quot;,&quot;credit&quot;:&quot;&quot;,&quot;camera&quot;:&quot;NIKON D3000&quot;,&quot;caption&quot;:&quot;&quot;,&quot;created_timestamp&quot;:&quot;1434832184&quot;,&quot;copyright&quot;:&quot;&quot;,&quot;focal_length&quot;:&quot;34&quot;,&quot;iso&quot;:&quot;200&quot;,&quot;shutter_speed&quot;:&quot;0.016666666666667&quot;,&quot;title&quot;:&quot;&quot;,&quot;orientation&quot;:&quot;1&quot;}\" data-image-title=\"dsc_3112\" data-image-description=\"&lt;p&gt;Foto: \u00a9 2015 by Schattenblick&lt;\/p&gt; \" data-medium-file=\"https:\/\/i0.wp.com\/www.freidenker.org\/fw17\/wp-content\/uploads\/2018\/01\/dsc_3112.jpg?fit=202%2C300&#038;ssl=1\" data-large-file=\"https:\/\/i0.wp.com\/www.freidenker.org\/fw17\/wp-content\/uploads\/2018\/01\/dsc_3112.jpg?fit=269%2C400&#038;ssl=1\" src=\"https:\/\/i0.wp.com\/www.freidenker.org\/fw17\/wp-content\/uploads\/2018\/01\/dsc_3112.jpg?w=187&#038;h=278&#038;ssl=1\" srcset=\"https:\/\/i0.wp.com\/www.freidenker.org\/fw17\/wp-content\/uploads\/2018\/01\/dsc_3112.jpg?w=269&amp;ssl=1 269w, https:\/\/i0.wp.com\/www.freidenker.org\/fw17\/wp-content\/uploads\/2018\/01\/dsc_3112.jpg?resize=202%2C300&amp;ssl=1 202w\" width=\"187\" height=\"278\" loading=\"lazy\" data-original-width=\"187\" data-original-height=\"278\" itemprop=\"http:\/\/schema.org\/image\" title=\"dsc_3112\" alt=\"Lieder aus Irland mit Guy Dawson \u2026\" style=\"width: 187px; height: 278px;\" \/> <\/a> <div class=\"tiled-gallery-caption\" itemprop=\"caption description\"> Lieder aus Irland mit Guy Dawson \u2026 <\/div> <\/div> <\/div> <!-- close group --> <div class=\"gallery-group images-1\" style=\"width: 418px; height: 282px;\" data-original-width=\"418\" data-original-height=\"282\" > <div class=\"tiled-gallery-item tiled-gallery-item-large\" itemprop=\"associatedMedia\" itemscope itemtype=\"http:\/\/schema.org\/ImageObject\"> <a href=\"https:\/\/www.freidenker.org\/?attachment_id=4257\" border=\"0\" itemprop=\"url\"> <meta itemprop=\"width\" content=\"414\"> <meta itemprop=\"height\" content=\"278\"> <img decoding=\"async\" class=\"\" data-attachment-id=\"4257\" data-orig-file=\"https:\/\/www.freidenker.org\/fw17\/wp-content\/uploads\/2018\/01\/dsc_3144.jpg\" data-orig-size=\"596,400\" data-comments-opened=\"\" data-image-meta=\"{&quot;aperture&quot;:&quot;5&quot;,&quot;credit&quot;:&quot;&quot;,&quot;camera&quot;:&quot;NIKON D3000&quot;,&quot;caption&quot;:&quot;&quot;,&quot;created_timestamp&quot;:&quot;1434835688&quot;,&quot;copyright&quot;:&quot;&quot;,&quot;focal_length&quot;:&quot;38&quot;,&quot;iso&quot;:&quot;200&quot;,&quot;shutter_speed&quot;:&quot;0.016666666666667&quot;,&quot;title&quot;:&quot;&quot;,&quot;orientation&quot;:&quot;1&quot;}\" data-image-title=\"dsc_3144\" data-image-description=\"&lt;p&gt;Foto: \u00a9 2015 by Schattenblick&lt;\/p&gt; \" data-medium-file=\"https:\/\/i0.wp.com\/www.freidenker.org\/fw17\/wp-content\/uploads\/2018\/01\/dsc_3144.jpg?fit=300%2C201&#038;ssl=1\" data-large-file=\"https:\/\/i0.wp.com\/www.freidenker.org\/fw17\/wp-content\/uploads\/2018\/01\/dsc_3144.jpg?fit=596%2C400&#038;ssl=1\" src=\"https:\/\/i0.wp.com\/www.freidenker.org\/fw17\/wp-content\/uploads\/2018\/01\/dsc_3144.jpg?w=414&#038;h=278&#038;ssl=1\" srcset=\"https:\/\/i0.wp.com\/www.freidenker.org\/fw17\/wp-content\/uploads\/2018\/01\/dsc_3144.jpg?w=596&amp;ssl=1 596w, https:\/\/i0.wp.com\/www.freidenker.org\/fw17\/wp-content\/uploads\/2018\/01\/dsc_3144.jpg?resize=300%2C201&amp;ssl=1 300w\" width=\"414\" height=\"278\" loading=\"lazy\" data-original-width=\"414\" data-original-height=\"278\" itemprop=\"http:\/\/schema.org\/image\" title=\"dsc_3144\" alt=\"... und aus Spanien mit Bune und Martin Birkle.\" style=\"width: 414px; height: 278px;\" \/> <\/a> <div class=\"tiled-gallery-caption\" itemprop=\"caption description\"> &#8230; und aus Spanien mit Bune und Martin Birkle. <\/div> <\/div> <\/div> <!-- close group --> <div class=\"gallery-group images-1\" style=\"width: 191px; height: 282px;\" data-original-width=\"191\" data-original-height=\"282\" > <div class=\"tiled-gallery-item tiled-gallery-item-small\" itemprop=\"associatedMedia\" itemscope itemtype=\"http:\/\/schema.org\/ImageObject\"> <a href=\"https:\/\/www.freidenker.org\/?attachment_id=4255\" border=\"0\" itemprop=\"url\"> <meta itemprop=\"width\" content=\"187\"> <meta itemprop=\"height\" content=\"278\"> <img decoding=\"async\" class=\"\" data-attachment-id=\"4255\" data-orig-file=\"https:\/\/www.freidenker.org\/fw17\/wp-content\/uploads\/2018\/01\/dsc_3120.jpg\" data-orig-size=\"269,400\" data-comments-opened=\"\" data-image-meta=\"{&quot;aperture&quot;:&quot;4.2&quot;,&quot;credit&quot;:&quot;&quot;,&quot;camera&quot;:&quot;NIKON D3000&quot;,&quot;caption&quot;:&quot;&quot;,&quot;created_timestamp&quot;:&quot;1434833179&quot;,&quot;copyright&quot;:&quot;&quot;,&quot;focal_length&quot;:&quot;26&quot;,&quot;iso&quot;:&quot;800&quot;,&quot;shutter_speed&quot;:&quot;0.033333333333333&quot;,&quot;title&quot;:&quot;&quot;,&quot;orientation&quot;:&quot;1&quot;}\" data-image-title=\"dsc_3120\" data-image-description=\"&lt;p&gt;Foto: \u00a9 2015 by Schattenblick&lt;\/p&gt; \" data-medium-file=\"https:\/\/i0.wp.com\/www.freidenker.org\/fw17\/wp-content\/uploads\/2018\/01\/dsc_3120.jpg?fit=202%2C300&#038;ssl=1\" data-large-file=\"https:\/\/i0.wp.com\/www.freidenker.org\/fw17\/wp-content\/uploads\/2018\/01\/dsc_3120.jpg?fit=269%2C400&#038;ssl=1\" src=\"https:\/\/i0.wp.com\/www.freidenker.org\/fw17\/wp-content\/uploads\/2018\/01\/dsc_3120.jpg?w=187&#038;h=278&#038;ssl=1\" srcset=\"https:\/\/i0.wp.com\/www.freidenker.org\/fw17\/wp-content\/uploads\/2018\/01\/dsc_3120.jpg?w=269&amp;ssl=1 269w, https:\/\/i0.wp.com\/www.freidenker.org\/fw17\/wp-content\/uploads\/2018\/01\/dsc_3120.jpg?resize=202%2C300&amp;ssl=1 202w\" width=\"187\" height=\"278\" loading=\"lazy\" data-original-width=\"187\" data-original-height=\"278\" itemprop=\"http:\/\/schema.org\/image\" title=\"dsc_3120\" alt=\"Philipp Hoffmann\" style=\"width: 187px; height: 278px;\" \/> <\/a> <div class=\"tiled-gallery-caption\" itemprop=\"caption description\"> Philipp Hoffmann <\/div> <\/div> <\/div> <!-- close group --> <\/div> <!-- close row --> <div class=\"gallery-row\" style=\"width: 800px; height: 136px;\" data-original-width=\"800\" data-original-height=\"136\" > <div class=\"gallery-group images-1\" style=\"width: 200px; height: 136px;\" data-original-width=\"200\" data-original-height=\"136\" > <div class=\"tiled-gallery-item tiled-gallery-item-small\" itemprop=\"associatedMedia\" itemscope itemtype=\"http:\/\/schema.org\/ImageObject\"> <a href=\"https:\/\/www.freidenker.org\/?attachment_id=4258\" border=\"0\" itemprop=\"url\"> <meta itemprop=\"width\" content=\"196\"> <meta itemprop=\"height\" content=\"132\"> <img decoding=\"async\" class=\"\" data-attachment-id=\"4258\" data-orig-file=\"https:\/\/www.freidenker.org\/fw17\/wp-content\/uploads\/2018\/01\/dsc_3187.jpg\" data-orig-size=\"596,400\" data-comments-opened=\"\" data-image-meta=\"{&quot;aperture&quot;:&quot;4.8&quot;,&quot;credit&quot;:&quot;&quot;,&quot;camera&quot;:&quot;NIKON D3000&quot;,&quot;caption&quot;:&quot;&quot;,&quot;created_timestamp&quot;:&quot;1434840029&quot;,&quot;copyright&quot;:&quot;&quot;,&quot;focal_length&quot;:&quot;32&quot;,&quot;iso&quot;:&quot;200&quot;,&quot;shutter_speed&quot;:&quot;0.016666666666667&quot;,&quot;title&quot;:&quot;&quot;,&quot;orientation&quot;:&quot;1&quot;}\" data-image-title=\"dsc_3187\" data-image-description=\"&lt;p&gt;Foto: \u00a9 2015 by Schattenblick&lt;\/p&gt; \" data-medium-file=\"https:\/\/i0.wp.com\/www.freidenker.org\/fw17\/wp-content\/uploads\/2018\/01\/dsc_3187.jpg?fit=300%2C201&#038;ssl=1\" data-large-file=\"https:\/\/i0.wp.com\/www.freidenker.org\/fw17\/wp-content\/uploads\/2018\/01\/dsc_3187.jpg?fit=596%2C400&#038;ssl=1\" src=\"https:\/\/i0.wp.com\/www.freidenker.org\/fw17\/wp-content\/uploads\/2018\/01\/dsc_3187.jpg?w=196&#038;h=132&#038;ssl=1\" srcset=\"https:\/\/i0.wp.com\/www.freidenker.org\/fw17\/wp-content\/uploads\/2018\/01\/dsc_3187.jpg?w=596&amp;ssl=1 596w, https:\/\/i0.wp.com\/www.freidenker.org\/fw17\/wp-content\/uploads\/2018\/01\/dsc_3187.jpg?resize=300%2C201&amp;ssl=1 300w\" width=\"196\" height=\"132\" loading=\"lazy\" data-original-width=\"196\" data-original-height=\"132\" itemprop=\"http:\/\/schema.org\/image\" title=\"dsc_3187\" alt=\"Daniel Osorio und Amei Scheib\" style=\"width: 196px; height: 132px;\" \/> <\/a> <div class=\"tiled-gallery-caption\" itemprop=\"caption description\"> Daniel Osorio und Amei Scheib <\/div> <\/div> <\/div> <!-- close group --> <div class=\"gallery-group images-1\" style=\"width: 200px; height: 136px;\" data-original-width=\"200\" data-original-height=\"136\" > <div class=\"tiled-gallery-item tiled-gallery-item-small\" itemprop=\"associatedMedia\" itemscope itemtype=\"http:\/\/schema.org\/ImageObject\"> <a href=\"https:\/\/www.freidenker.org\/?attachment_id=4261\" border=\"0\" itemprop=\"url\"> <meta itemprop=\"width\" content=\"196\"> <meta itemprop=\"height\" content=\"132\"> <img decoding=\"async\" class=\"\" data-attachment-id=\"4261\" data-orig-file=\"https:\/\/www.freidenker.org\/fw17\/wp-content\/uploads\/2018\/01\/dsc_3241.jpg\" data-orig-size=\"596,400\" data-comments-opened=\"\" data-image-meta=\"{&quot;aperture&quot;:&quot;4.2&quot;,&quot;credit&quot;:&quot;&quot;,&quot;camera&quot;:&quot;NIKON D3000&quot;,&quot;caption&quot;:&quot;&quot;,&quot;created_timestamp&quot;:&quot;1434842940&quot;,&quot;copyright&quot;:&quot;&quot;,&quot;focal_length&quot;:&quot;26&quot;,&quot;iso&quot;:&quot;200&quot;,&quot;shutter_speed&quot;:&quot;0.016666666666667&quot;,&quot;title&quot;:&quot;&quot;,&quot;orientation&quot;:&quot;1&quot;}\" data-image-title=\"dsc_3241\" data-image-description=\"&lt;p&gt;Foto: \u00a9 2015 by Schattenblick&lt;\/p&gt; \" data-medium-file=\"https:\/\/i0.wp.com\/www.freidenker.org\/fw17\/wp-content\/uploads\/2018\/01\/dsc_3241.jpg?fit=300%2C201&#038;ssl=1\" data-large-file=\"https:\/\/i0.wp.com\/www.freidenker.org\/fw17\/wp-content\/uploads\/2018\/01\/dsc_3241.jpg?fit=596%2C400&#038;ssl=1\" src=\"https:\/\/i0.wp.com\/www.freidenker.org\/fw17\/wp-content\/uploads\/2018\/01\/dsc_3241.jpg?w=196&#038;h=132&#038;ssl=1\" srcset=\"https:\/\/i0.wp.com\/www.freidenker.org\/fw17\/wp-content\/uploads\/2018\/01\/dsc_3241.jpg?w=596&amp;ssl=1 596w, https:\/\/i0.wp.com\/www.freidenker.org\/fw17\/wp-content\/uploads\/2018\/01\/dsc_3241.jpg?resize=300%2C201&amp;ssl=1 300w\" width=\"196\" height=\"132\" loading=\"lazy\" data-original-width=\"196\" data-original-height=\"132\" itemprop=\"http:\/\/schema.org\/image\" title=\"dsc_3241\" alt=\"Michael Letz, Weli Letz, Diether Dehm mit dem Solidarit\u00e4tslied\" style=\"width: 196px; height: 132px;\" \/> <\/a> <div class=\"tiled-gallery-caption\" itemprop=\"caption description\"> Michael Letz, Weli Letz, Diether Dehm mit dem Solidarit\u00e4tslied <\/div> <\/div> <\/div> <!-- close group --> <div class=\"gallery-group images-1\" style=\"width: 200px; height: 136px;\" data-original-width=\"200\" data-original-height=\"136\" > <div class=\"tiled-gallery-item tiled-gallery-item-small\" itemprop=\"associatedMedia\" itemscope itemtype=\"http:\/\/schema.org\/ImageObject\"> <a href=\"https:\/\/www.freidenker.org\/?attachment_id=4259\" border=\"0\" itemprop=\"url\"> <meta itemprop=\"width\" content=\"196\"> <meta itemprop=\"height\" content=\"132\"> <img decoding=\"async\" class=\"\" data-attachment-id=\"4259\" data-orig-file=\"https:\/\/www.freidenker.org\/fw17\/wp-content\/uploads\/2018\/01\/dsc_3228.jpg\" data-orig-size=\"432,290\" data-comments-opened=\"\" data-image-meta=\"{&quot;aperture&quot;:&quot;5.6&quot;,&quot;credit&quot;:&quot;&quot;,&quot;camera&quot;:&quot;NIKON D3000&quot;,&quot;caption&quot;:&quot;&quot;,&quot;created_timestamp&quot;:&quot;1434842584&quot;,&quot;copyright&quot;:&quot;&quot;,&quot;focal_length&quot;:&quot;52&quot;,&quot;iso&quot;:&quot;200&quot;,&quot;shutter_speed&quot;:&quot;0.016666666666667&quot;,&quot;title&quot;:&quot;&quot;,&quot;orientation&quot;:&quot;1&quot;}\" data-image-title=\"dsc_3228\" data-image-description=\"&lt;p&gt;Foto: \u00a9 2015 by Schattenblick&lt;\/p&gt; \" data-medium-file=\"https:\/\/i0.wp.com\/www.freidenker.org\/fw17\/wp-content\/uploads\/2018\/01\/dsc_3228.jpg?fit=300%2C201&#038;ssl=1\" data-large-file=\"https:\/\/i0.wp.com\/www.freidenker.org\/fw17\/wp-content\/uploads\/2018\/01\/dsc_3228.jpg?fit=432%2C290&#038;ssl=1\" src=\"https:\/\/i0.wp.com\/www.freidenker.org\/fw17\/wp-content\/uploads\/2018\/01\/dsc_3228.jpg?w=196&#038;h=132&#038;ssl=1\" srcset=\"https:\/\/i0.wp.com\/www.freidenker.org\/fw17\/wp-content\/uploads\/2018\/01\/dsc_3228.jpg?w=432&amp;ssl=1 432w, https:\/\/i0.wp.com\/www.freidenker.org\/fw17\/wp-content\/uploads\/2018\/01\/dsc_3228.jpg?resize=300%2C201&amp;ssl=1 300w\" width=\"196\" height=\"132\" loading=\"lazy\" data-original-width=\"196\" data-original-height=\"132\" itemprop=\"http:\/\/schema.org\/image\" title=\"dsc_3228\" alt=\"Weli Letz\" style=\"width: 196px; height: 132px;\" \/> <\/a> <div class=\"tiled-gallery-caption\" itemprop=\"caption description\"> Weli Letz <\/div> <\/div> <\/div> <!-- close group --> <div class=\"gallery-group images-1\" style=\"width: 200px; height: 136px;\" data-original-width=\"200\" data-original-height=\"136\" > <div class=\"tiled-gallery-item tiled-gallery-item-small\" itemprop=\"associatedMedia\" itemscope itemtype=\"http:\/\/schema.org\/ImageObject\"> <a href=\"https:\/\/www.freidenker.org\/?attachment_id=4260\" border=\"0\" itemprop=\"url\"> <meta itemprop=\"width\" content=\"196\"> <meta itemprop=\"height\" content=\"132\"> <img decoding=\"async\" class=\"\" data-attachment-id=\"4260\" data-orig-file=\"https:\/\/www.freidenker.org\/fw17\/wp-content\/uploads\/2018\/01\/dsc_3235.jpg\" data-orig-size=\"432,290\" data-comments-opened=\"\" data-image-meta=\"{&quot;aperture&quot;:&quot;3.8&quot;,&quot;credit&quot;:&quot;&quot;,&quot;camera&quot;:&quot;NIKON D3000&quot;,&quot;caption&quot;:&quot;&quot;,&quot;created_timestamp&quot;:&quot;1434842665&quot;,&quot;copyright&quot;:&quot;&quot;,&quot;focal_length&quot;:&quot;22&quot;,&quot;iso&quot;:&quot;200&quot;,&quot;shutter_speed&quot;:&quot;0.016666666666667&quot;,&quot;title&quot;:&quot;&quot;,&quot;orientation&quot;:&quot;1&quot;}\" data-image-title=\"dsc_3235\" data-image-description=\"&lt;p&gt;Foto: \u00a9 2015 by Schattenblick&lt;\/p&gt; \" data-medium-file=\"https:\/\/i0.wp.com\/www.freidenker.org\/fw17\/wp-content\/uploads\/2018\/01\/dsc_3235.jpg?fit=300%2C201&#038;ssl=1\" data-large-file=\"https:\/\/i0.wp.com\/www.freidenker.org\/fw17\/wp-content\/uploads\/2018\/01\/dsc_3235.jpg?fit=432%2C290&#038;ssl=1\" src=\"https:\/\/i0.wp.com\/www.freidenker.org\/fw17\/wp-content\/uploads\/2018\/01\/dsc_3235.jpg?w=196&#038;h=132&#038;ssl=1\" srcset=\"https:\/\/i0.wp.com\/www.freidenker.org\/fw17\/wp-content\/uploads\/2018\/01\/dsc_3235.jpg?w=432&amp;ssl=1 432w, https:\/\/i0.wp.com\/www.freidenker.org\/fw17\/wp-content\/uploads\/2018\/01\/dsc_3235.jpg?resize=300%2C201&amp;ssl=1 300w\" width=\"196\" height=\"132\" loading=\"lazy\" data-original-width=\"196\" data-original-height=\"132\" itemprop=\"http:\/\/schema.org\/image\" title=\"dsc_3235\" alt=\"Weli Letz singt Mikis Theodorakis f\u00fcr Griechenland\" style=\"width: 196px; height: 132px;\" \/> <\/a> <div class=\"tiled-gallery-caption\" itemprop=\"caption description\"> Weli Letz singt Mikis Theodorakis f\u00fcr Griechenland <\/div> <\/div> <\/div> <!-- close group --> <\/div> <!-- close row --> <\/div>\n<p>Alle Fotos der Galerie: \u00a9 2015 by Schattenblick<\/p>\n<h5>\u201eWenn die Nacht am tiefsten ist, ist der Tag am n\u00e4chsten\u201c<\/h5>\n<p>Hier einen Bezug zum musikalischen Aufbruch der sechziger Jahre, der vor allem durch die Festivals auf Burg Waldeck und die Essener Songtage in Erinnerung bleibt, herzustellen f\u00e4llt dementsprechend schwer. Der 2015 zum sechsten Mal als Kulturseminar ausgetragene Linke Liedersommer hat es daher schwer, trotz des historisch symboltr\u00e4chtigen Ortes ein Publikum zu mobilisieren, das von seiner Zahl und Breitenwirkung her an die Festivals vor 50 Jahren ankn\u00fcpfen k\u00f6nnte. Getragen von viel ehrenamtlichem Engagement vor allem aus den Kreisen des Deutschen Freidenker-Verbandes wird dennoch versucht, abseits von blo\u00dfer Unterhaltung und kommerziellen Interessen eine Tradition des politischen Liedes aufrechtzuerhalten, bei der die Kunst vor allem mit Hand und Stimme gemacht wird.<\/p>\n<p>Und so wird nicht nur auf der B\u00fchne und am Lagerfeuer gesungen und gespielt, sondern auch zur Geschichte und Theorie des politischen Liedes debattiert. In Workshops zu Liedern von Migration, Flucht und neuer Heimat, \u00fcber Lieder vom 70. Jahrestag der Befreiung von Faschismus und Krieg, \u00fcber Violeta Parra und die Frauenbewegung in Lateinamerika, \u00fcber die Geschichte der Politband Floh de Cologne oder den Einsatz musikalischer Mittel in Streiks und Arbeitsk\u00e4mpfen verteilten sich die aus der ganzen Bundesrepublik angereisten Festivalg\u00e4ste \u00fcber das gro\u00dfz\u00fcgige Gel\u00e4nde der Burg Waldeck.<\/p>\n<p>Auch wenn die entlegene, von drei Seiten durch kaum begehbare Steilh\u00e4nge umgebene Lokalit\u00e4t verhindert, da\u00df Menschen eher zuf\u00e4llig auf das Ereignis sto\u00dfen oder ihm fernbleiben, weil ihnen der Aufwand des weiten Weges als zu gro\u00df erscheint, so bietet er doch eine ideale Umgebung f\u00fcr Treffen, bei denen man sich ganz auf die Sache und die damit befa\u00dften Menschen konzentrieren will. Die hochgelegene Lage inmitten der herbsch\u00f6nen Natur des Hunsr\u00fccks \u00f6ffnet den Blick auf weite Waldlandschaften und schafft Distanz zu einem Weltgetriebe, das in der Monstrosit\u00e4t kriegerischer Zerst\u00f6rung, \u00f6kologischer Verw\u00fcstung und sozialer Verelendung immer weniger Raum zur Besinnung auf eine Gegenposition l\u00e4\u00dft, die dem scheinbar unaufhaltsamen Verlauf globaler Krisendynamik nicht unterliegen mu\u00df.<\/p>\n<p>Auf die eine oder andere Weise ging es auch in den Liedern des Abends darum, diese Gegenposition zu entwickeln und zu st\u00e4rken. Nachdem der \u00f6sterreichische Kulturverein Willy zum Auftakt Das Sprachenlied pr\u00e4sentierte, in dem der Klassencharakter unterschiedlicher Sprachregelungen auf die ironische zugespitzte Gabel genommen wird, ergriff Klaus Hartmann vom Deutschen Freidenker-Verband das Wort.<\/p>\n<p>Sich nicht mit der elenden sozialen Lage abzufinden und sie als individuelles Schicksal hinzunehmen, sondern die Konkurrenz zu anderen aufzuheben und das Herrschaftsmittel der Spaltungen zur\u00fcckweisen, lautete das Credo seiner Rede. Zwar spr\u00e4chen die Menschen eine gemeinsame Sprache, aber verst\u00fcnden einander nicht, weil die vorherrschenden, durch Konzernpresse und \u00f6ffentlich-rechtliche Medien produzierten Sprachregelungen keine andere Absicht verfolgten, als soziale Spaltungen zu vertiefen. Dem sei mit dem Hauptanliegen der Aufkl\u00e4rung entgegenzutreten, das Trennende zu erkennen, zu analysieren und zu \u00fcberwinden.<\/p>\n<p>Als ein Beispiel f\u00fcr diese Sprachregelungen ging Hartmann auf die gegen angeblich faule Griechen gerichtete Propaganda ein, die darin gipfelt, da\u00df staatstragende Sozialdemokraten erkl\u00e4rten, ihre Geduld mit den Griechen sei nun zu Ende. Die Griechenlandhilfe sei ein Betrug im Wort, gehe es doch nicht darum, der Bev\u00f6lkerung zu helfen, sondern die Anspr\u00fcche der Gl\u00e4ubigerbanken und -staaten zu befriedigen. Rassistische Kampagnen dieser Art h\u00e4tten es leicht, weil es zu wenig Gegenwehr gegen sie gebe.<\/p>\n<p>Das gelte auch f\u00fcr die Zuspitzung der Kriegsgefahr im Konflikt zwischen den NATO-Staaten und Ru\u00dfland. An dieser Stelle bedauerte Hartmann, da\u00df innerhalb der Friedensbewegung Spaltungsdiskussionen gef\u00fchrt w\u00fcrden, und forderte dazu auf, sich doch nur 30 Jahre zur\u00fcckzuerinnern, als die alte und neue Friedensbewegung zu gemeinsamer St\u00e4rke gefunden h\u00e4tten. Das Inquisitionsgebaren und die Abgrenzungsbem\u00fchungen mancher Linker dienten letztlich nur den Kriegstreibern, die derzeit mit dem Aufbau der gegen Ru\u00dfland gerichteten Raketenabwehr daf\u00fcr sorgten, da\u00df k\u00fcnftig auch atomar bewaffnete Kurz- und Mittelstreckenraketen russisches Territorium erreichen k\u00f6nnten. Das wiederum habe zur Folge, da\u00df russische Atomraketen wieder Westeuropa und die USA bedrohten. Auf diese Weise w\u00fcrde der epochale Vertrag zwischen Reagan und Gorbatschow, der vor 30 Jahren die Hoffnung auf die nunmehr als illusion\u00e4r zu bezeichnende Friedensdividende n\u00e4hrte, in die Tonne getreten. Dem sei die Parole \u201eVerst\u00e4ndigung mit Ru\u00dfland anstatt Marsch in den dritten Weltkrieg\u201c entgegenzuhalten.<\/p>\n<p>Anl\u00e4\u00dflich dessen, da\u00df Bundeskanzlerin Merkel nicht zur Milit\u00e4rparade zum Sieg \u00fcber den deutschen Faschismus nach Moskau reisen wollte, fragte Hartmann, ob es ihr denn unangenehm sei, da\u00df der Faschismus besiegt wurde. Schlie\u00dflich habe die Bundeswehr den Jahrestag dieses Sieges, den 9. Mai, mit einem gro\u00dfen Fest in Berlin begangen, zu dem alle NATO-Partner eingeladen wurden, um den am gleichen Tag 1955 erfolgten Beitritt der BRD zur NATO feierlich zu begehen. Um dieser Entwicklung k\u00e4mpferisch entgegenzustehen, bed\u00fcrfe es viel Kraft, die, so w\u00fcnschte er allen Teilnehmerinnen und Teilnehmern des Linken Liedersommers, auch aus den Liedern dieses Abends zu sch\u00f6pfen sei.<\/p>\n<p>Dieser Aufforderung h\u00e4tte es kaum bedurft, sprachen die Lieder, die sich gegen Ausbeutung und Unterdr\u00fcckung, gegen Faschismus und Krieg richteten, doch f\u00fcr sich selbst. Auf einen besinnlichen Text \u00fcber das Leben im Bombenkeller und ein Lied \u00fcber den Widerstand der Edelwei\u00dfpiraten gegen das NS-Regime, mit dem Sonja Gottlieb aufwartete, folgte eine hintergr\u00fcndige Reflexion J\u00fcrgen Egers \u00fcber die Instrumentalisierung der Kritik am Stalinismus zur D\u00e4monisierung der DDR. Guy Dawson sang \u00fcber irische Migranten, die aus Armut nach England zogen, um in der Fremde zu arbeiten, und dort auch noch als IRA-Terroristen verd\u00e4chtigt wurden. Daran schlo\u00df sich ein biografischer Song Brendan Behans \u00fcber sein Leben im Knast an.<\/p>\n<p>Da sich zu den im Programm angek\u00fcndigten Musikerinnen und Musikern diverse S\u00e4ngerinnen und S\u00e4nger gesellten, die die offene B\u00fchne dazu nutzten, ihre Lieder zu pr\u00e4sentieren, blieben die Auftritte auf wenige H\u00f6rproben aus ihrem Repertoire beschr\u00e4nkt. Kerstin Gundt intonierte ein Lied \u00fcber Hartz IV im Stil eines Hanns-Eisler-Songs, das die soziale Einsamkeit der vom uneingel\u00f6sten Arbeitszwang abgestraften Menschen herausstrich. Der stets mit verschiedensten Instrumenten pr\u00e4sente Philipp Hoffmann forderte mit Brecht und Eisler \u201eKeiner oder alle, alles oder nichts\u201c.<\/p>\n<p>Nach einem filmischen Intermezzo, das zur\u00fcck in die Zeit von Floh de Cologne f\u00fchrte und daran erinnerte, wie scharf die Kritik an den herrschenden Verh\u00e4ltnissen und ihren Sachwaltern in den 1960er Jahren formuliert wurde, trat der bei Streiks und auf Demos singende Ernst Schwarz mit Schlagermelodien auf, die textlich so gegen ihren Strich geb\u00fcrstet sind, da\u00df ihre Urheber sich vermutlich im Grabe umdrehen w\u00fcrden. \u201eD\u00e4 Kommunismus, d\u00e4 h\u00e4t ene Rhythmus, ener f\u00e4ngk zu schunkele an, bis jeder mit muss. Nur keine Hektik wegen der Dialektik: Venceremos, leev Jenossen, jetz jeit et lo\u00df!\u201c Im Original auf der K\u00f6lner Stunksitzung entstanden, l\u00e4dt solche Stimmungsmusik dazu ein, Mut zu fassen und diese allseits als endg\u00fcltig gescheitert erachtete Utopie als etwas zu begreifen, dessen Verwirklichung gerade deshalb, weil sie nie gelang, noch bevorsteht.<\/p>\n<p>Mit gro\u00dfem musikalischen K\u00f6nnen pr\u00e4sentierten Amei Scheib und Daniel Osorio internationale Lieder, so ein albanisches Volkslied aus der Perspektive eines sogenannten Wirtschaftsfl\u00fcchtlings und ein chilenisches Lied aus dem Widerstand gegen die Pinochet-Diktatur. Anschlie\u00dfend betrat Diether Dehm die B\u00fchne. Bereits mit 16 Jahren gab der heutige Bundestagsabgeordnete der Linkspartei auf Burg Waldeck seinen Einstand als Liedermacher, und bei den Internationalen Essener Songtagen 1968 geh\u00f6rte er zu den vier Preistr\u00e4gern im Wettbewerb f\u00fcr neue Lieder. Zusammen mit Michael Letz, langj\u00e4hriger musikalischer Leiter des Oktober-Klubs, und Weli Letz trug er \u201eLob des Lernens\u201c von Bertolt Brecht vor, nicht ohne auf die Ambivalenz des Themas Enteignung hinzuweisen.<\/p>\n<p>Gerade weil das Monopolkapital st\u00e4ndig enteignet und kleines und mittleres Kapital aufsaugt, gehe es darum, das h\u00f6chste, imperialistische Kapital dem demokratischen Enteignungsverh\u00e4ltnis zu unterwerfen. An den zu enteignenden Produktionsmitteln klebten nat\u00fcrlich auch Kulturtechniken, die ebenfalls auf demokratische Weise enteignet werden m\u00fcssen. Das betreffe auch das Lernen, dessen hohen emanzipatorischen Wert Brecht in dem Theaterst\u00fcck \u201eDie Mutter\u201c nach einem Roman von Maxim Gorki mit diesem Text w\u00fcrdigte, so Dehm, bevor er zeigte, da\u00df er auf der B\u00fchne quasi zu Hause ist.<\/p>\n<p>Weli Letz, die als geb\u00fcrtige Bulgarin mit einer mazedonischen Mutter auch in Griechenland lebte, bekundete mit einem Lied von Mikis Theodorakis ihre Solidarit\u00e4t mit der griechischen Bev\u00f6lkerung. \u201eVorw\u00e4rts und nicht vergessen\u201c \u2013 mit dem Solidarit\u00e4tslied von Brecht und Eisler schlie\u00dft dieses kurze Ensemble linker Musiktradition und leitet zu einem wiederum ganz anderen Sound \u00fcber.<\/p>\n<p style=\"text-align: right;\">\u00a9 by Schattenblick, 2015<br \/>\nQuelle: <a href=\"http:\/\/www.schattenblick.de\/infopool\/musik\/report\/murb0026.html\" target=\"_blank\" rel=\"noopener\">http:\/\/www.schattenblick.de\/infopool\/musik\/report\/murb0026.html<\/a><\/p>\n<hr \/>\n<p>Siehe auch: <a href=\"https:\/\/www.freidenker.org\/?p=4262\" rel=\"noopener\">Burg Waldeck \u2013 Wurzeln im Wind \u2026 (2)<\/a><\/p>\n<hr \/>\n<p>Bild ganz oben: Konzert am Samstagabend \u2013 Philipp Hoffmann, AMUK, Kassel<br \/>\n\u00a9 by arbeiterfotografie.com<\/p>\n<header class=\"entry-header\"><\/header>\n<div class=\"entry-content\">\n<p class=\"entry-title\">\n<\/div>\n<p>&nbsp;<\/p>\n","protected":false},"excerpt":{"rendered":"<p><strong>Bericht vom Sechsten Linken Liedersommer 2015<\/strong><br \/>\nDer 2015 zum sechsten Mal als Kulturseminar ausgetragene Linke Liedersommer hat es &#8230; schwer, trotz des historisch symboltr\u00e4chtigen Ortes ein Publikum zu mobilisieren, das von seiner Zahl und Breitenwirkung her an die Festivals vor 50 Jahren ankn\u00fcpfen k\u00f6nnte. Getragen von viel ehrenamtlichem Engagement vor allem aus den Kreisen des Deutschen Freidenker-Verbandes wird dennoch versucht, abseits von blo\u00dfer Unterhaltung und kommerziellen Interessen eine Tradition des politischen Liedes aufrechtzuerhalten, bei der die Kunst vor allem mit Hand und Stimme gemacht wird.<\/p>\n","protected":false},"author":3,"featured_media":4265,"comment_status":"closed","ping_status":"closed","sticky":false,"template":"","format":"standard","meta":{"colormag_page_container_layout":"default_layout","colormag_page_sidebar_layout":"default_layout","advanced_seo_description":"","jetpack_seo_html_title":"","jetpack_seo_noindex":false,"jetpack_post_was_ever_published":false,"footnotes":""},"categories":[913],"tags":[670,735,1742,669],"class_list":["post-4237","post","type-post","status-publish","format-standard","has-post-thumbnail","hentry","category-kultur-kunst","tag-burg-waldeck","tag-kulturseminar","tag-liedersommer","tag-linker-liedersommer"],"jetpack_featured_media_url":"https:\/\/i0.wp.com\/www.freidenker.org\/fw17\/wp-content\/uploads\/2018\/01\/32-2015-06-20-sg-0970_800x445.jpg?fit=800%2C445&ssl=1","jetpack_shortlink":"https:\/\/wp.me\/p9stpK-16l","jetpack-related-posts":[{"id":3079,"url":"https:\/\/www.freidenker.org\/?p=3079","url_meta":{"origin":4237,"position":0},"title":"21. bis 23.6. 2013 &#8211; Linker Liedersommer auf Burg Waldeck \/ Hunsr\u00fcck","author":"Webredaktion","date":"1. M\u00e4rz 2013","format":false,"excerpt":"Die Landesverb\u00e4nde Hessen und Rheinland-Pfalz \/ Saarland des Deutschen Freidenker-Verbandes e.V. laden vom 21. bis 23.6.2013 zum Linken Liedersommer f\u00fcr eine solidarische Welt gegen Ausbeutung und Krieg - F\u00fcnftes Kulturseminar auf Burg Waldeck \/ Hunsr\u00fcck ein. Mitwirkende: Gina Pietsch, Bernd Barbe, Jonas Engelmann, Stephan Hoffmann, Dr. Seltsam, Uli Holzhausen &\u2026","rel":"","context":"In &quot;Kultur &amp; Kunst&quot;","block_context":{"text":"Kultur &amp; Kunst","link":"https:\/\/www.freidenker.org\/?cat=913"},"img":{"alt_text":"","src":"https:\/\/i0.wp.com\/www.freidenker.org\/fw17\/wp-content\/uploads\/2013\/03\/p1140454_kai_degenhardt_800x445.jpg?fit=800%2C445&ssl=1&resize=350%2C200","width":350,"height":200,"srcset":"https:\/\/i0.wp.com\/www.freidenker.org\/fw17\/wp-content\/uploads\/2013\/03\/p1140454_kai_degenhardt_800x445.jpg?fit=800%2C445&ssl=1&resize=350%2C200 1x, https:\/\/i0.wp.com\/www.freidenker.org\/fw17\/wp-content\/uploads\/2013\/03\/p1140454_kai_degenhardt_800x445.jpg?fit=800%2C445&ssl=1&resize=525%2C300 1.5x, https:\/\/i0.wp.com\/www.freidenker.org\/fw17\/wp-content\/uploads\/2013\/03\/p1140454_kai_degenhardt_800x445.jpg?fit=800%2C445&ssl=1&resize=700%2C400 2x"},"classes":[]},{"id":3073,"url":"https:\/\/www.freidenker.org\/?p=3073","url_meta":{"origin":4237,"position":1},"title":"Linker Liedersommer auf Burg Waldeck \/ Hunsr\u00fcck &#8211; 2017","author":"Webredaktion","date":"2. April 2017","format":false,"excerpt":"Veranstaltungshinweis Siebtes Kulturseminar auf Burg Waldeck\/Hunsr\u00fcck. 23.-25. Juni 2017. Linker Liedersommer - F\u00fcr eine solidarische Welt - Gegen Ausbeutung und Krieg Veranstalter: - Deutscher Freidenker-Verband, Landesverb\u00e4nde Rheinland-Pfalz\/Saar & Hessen, Niedersachsen, Nordrhein-Westfalen, Baden W\u00fcrtemberg - Arbeiterfotografie - Jenny-Marx-Gesellschaft","rel":"","context":"In &quot;Kultur &amp; Kunst&quot;","block_context":{"text":"Kultur &amp; Kunst","link":"https:\/\/www.freidenker.org\/?cat=913"},"img":{"alt_text":"","src":"https:\/\/i0.wp.com\/www.freidenker.org\/fw17\/wp-content\/uploads\/2017\/04\/Liedersommer2015_06-2015-06-20-af-0037.jpg?fit=800%2C445&ssl=1&resize=350%2C200","width":350,"height":200,"srcset":"https:\/\/i0.wp.com\/www.freidenker.org\/fw17\/wp-content\/uploads\/2017\/04\/Liedersommer2015_06-2015-06-20-af-0037.jpg?fit=800%2C445&ssl=1&resize=350%2C200 1x, https:\/\/i0.wp.com\/www.freidenker.org\/fw17\/wp-content\/uploads\/2017\/04\/Liedersommer2015_06-2015-06-20-af-0037.jpg?fit=800%2C445&ssl=1&resize=525%2C300 1.5x, https:\/\/i0.wp.com\/www.freidenker.org\/fw17\/wp-content\/uploads\/2017\/04\/Liedersommer2015_06-2015-06-20-af-0037.jpg?fit=800%2C445&ssl=1&resize=700%2C400 2x"},"classes":[]},{"id":6315,"url":"https:\/\/www.freidenker.org\/?p=6315","url_meta":{"origin":4237,"position":2},"title":"Lieder gegen Ausbeutung und Krieg","author":"Webredaktion","date":"8. Mai 2019","format":false,"excerpt":"Pressemitteilung zum 8. Kulturseminar und Linken Liedersommer 2019 Zu seinem 8. Kulturseminar l\u00e4dt der Deutsche Freidenker-Verband erstmals an einen anderen Ort als der traditionellen Burg Waldeck ein, n\u00e4mlich ins Naturfreundehaus Rahnenhof bei Hertlingshausen in der Pfalz, vom 21. bis 23. Juni 2019. ... Der \u201eLinke Liedersommer\u201c hat traditionell das Verh\u00e4ltnis\u2026","rel":"","context":"In &quot;Kultur &amp; Kunst&quot;","block_context":{"text":"Kultur &amp; Kunst","link":"https:\/\/www.freidenker.org\/?cat=913"},"img":{"alt_text":"","src":"https:\/\/i0.wp.com\/www.freidenker.org\/fw17\/wp-content\/uploads\/2019\/05\/liliso_2013_800x445_v2.jpg?fit=800%2C447&ssl=1&resize=350%2C200","width":350,"height":200,"srcset":"https:\/\/i0.wp.com\/www.freidenker.org\/fw17\/wp-content\/uploads\/2019\/05\/liliso_2013_800x445_v2.jpg?fit=800%2C447&ssl=1&resize=350%2C200 1x, https:\/\/i0.wp.com\/www.freidenker.org\/fw17\/wp-content\/uploads\/2019\/05\/liliso_2013_800x445_v2.jpg?fit=800%2C447&ssl=1&resize=525%2C300 1.5x, https:\/\/i0.wp.com\/www.freidenker.org\/fw17\/wp-content\/uploads\/2019\/05\/liliso_2013_800x445_v2.jpg?fit=800%2C447&ssl=1&resize=700%2C400 2x"},"classes":[]},{"id":4497,"url":"https:\/\/www.freidenker.org\/?p=4497","url_meta":{"origin":4237,"position":3},"title":"Linker Liedersommer 2017: Der &#8222;Waldeck-Rap&#8220;","author":"Webredaktion","date":"30. Juni 2017","format":false,"excerpt":"Kurzbericht vom 7. Kulturseminar vom 23. bis zum 25. Juni 2017 auf der \u201eLiedermacher\u201c-Burg Waldeck Neben dem traditionellen Singen am Lagerfeuer wurde in acht Workshops und einer Podiumsdikussion \u00fcber das Arbeiterlied gestern und heute, Lieder der Revolution, aktuelle Lieder bei Streiks und Friedensdemos diskutiert ,,, Dort wurden auch Lieder einstudiert\u2026","rel":"","context":"In &quot;Kultur &amp; Kunst&quot;","block_context":{"text":"Kultur &amp; Kunst","link":"https:\/\/www.freidenker.org\/?cat=913"},"img":{"alt_text":"","src":"https:\/\/i0.wp.com\/www.freidenker.org\/fw17\/wp-content\/uploads\/2018\/02\/Liedersommer_05-2015-06-20-1-0353.jpg?fit=800%2C445&ssl=1&resize=350%2C200","width":350,"height":200,"srcset":"https:\/\/i0.wp.com\/www.freidenker.org\/fw17\/wp-content\/uploads\/2018\/02\/Liedersommer_05-2015-06-20-1-0353.jpg?fit=800%2C445&ssl=1&resize=350%2C200 1x, https:\/\/i0.wp.com\/www.freidenker.org\/fw17\/wp-content\/uploads\/2018\/02\/Liedersommer_05-2015-06-20-1-0353.jpg?fit=800%2C445&ssl=1&resize=525%2C300 1.5x, https:\/\/i0.wp.com\/www.freidenker.org\/fw17\/wp-content\/uploads\/2018\/02\/Liedersommer_05-2015-06-20-1-0353.jpg?fit=800%2C445&ssl=1&resize=700%2C400 2x"},"classes":[]},{"id":4276,"url":"https:\/\/www.freidenker.org\/?p=4276","url_meta":{"origin":4237,"position":4},"title":"Videos vom Linken Liedersommer 2017","author":"Webredaktion","date":"30. Juni 2017","format":false,"excerpt":"Ab 1968 wurde die Burg Waldeck zum Markenzeichen linker Protestlieder. Ankn\u00fcpfend an die Tradition der legend\u00e4ren Waldeck-Festivals zu APO Zeiten hatten Freidenker, Arbeiterfotografie, Jenny-Marx-Gesellschaft und Neue Rheinische Zeitung K\u00fcnstler, Musikgruppen, S\u00e4nger und Leute, die im Seminar oder am Lagerfeuer sich mit Gleichgesinnten austauschen m\u00f6chten, zu einem Musik-Treffen auf die Burg\u2026","rel":"","context":"In &quot;Kultur &amp; Kunst&quot;","block_context":{"text":"Kultur &amp; Kunst","link":"https:\/\/www.freidenker.org\/?cat=913"},"img":{"alt_text":"","src":"https:\/\/i0.wp.com\/www.freidenker.org\/fw17\/wp-content\/uploads\/2018\/01\/Liedersommer2017_kh_800x445.jpg?fit=800%2C445&ssl=1&resize=350%2C200","width":350,"height":200,"srcset":"https:\/\/i0.wp.com\/www.freidenker.org\/fw17\/wp-content\/uploads\/2018\/01\/Liedersommer2017_kh_800x445.jpg?fit=800%2C445&ssl=1&resize=350%2C200 1x, https:\/\/i0.wp.com\/www.freidenker.org\/fw17\/wp-content\/uploads\/2018\/01\/Liedersommer2017_kh_800x445.jpg?fit=800%2C445&ssl=1&resize=525%2C300 1.5x, https:\/\/i0.wp.com\/www.freidenker.org\/fw17\/wp-content\/uploads\/2018\/01\/Liedersommer2017_kh_800x445.jpg?fit=800%2C445&ssl=1&resize=700%2C400 2x"},"classes":[]},{"id":4282,"url":"https:\/\/www.freidenker.org\/?p=4282","url_meta":{"origin":4237,"position":5},"title":"Der Linke Liedersommer als Stellvertreterkriegsschauplatz","author":"Webredaktion","date":"26. Juni 2013","format":false,"excerpt":"Zu den Versuchen, den Auftritt der Band DIE BANDBREITE beim Liedersommer 2013 zu verhindern Der Linke Liedersommer 2013 auf Burg Waldeck im Hunsr\u00fcck war wie erwartet und erhofft ein H\u00f6hepunkt der Kulturarbeit des Deutschen Freidenker-Verbandes. Die Zahl von gut 130 Teilnehmerinnen und Teilnehmer war ein sch\u00f6ner Erfolg, und diese lobten\u2026","rel":"","context":"In &quot;Demokratie \u2013 Medien \u2013 Aufkl\u00e4rung&quot;","block_context":{"text":"Demokratie \u2013 Medien \u2013 Aufkl\u00e4rung","link":"https:\/\/www.freidenker.org\/?cat=12"},"img":{"alt_text":"","src":"https:\/\/i0.wp.com\/www.freidenker.org\/fw17\/wp-content\/uploads\/2018\/01\/10-2013-06-21-23-af-0869_800x445.jpg?fit=800%2C445&ssl=1&resize=350%2C200","width":350,"height":200,"srcset":"https:\/\/i0.wp.com\/www.freidenker.org\/fw17\/wp-content\/uploads\/2018\/01\/10-2013-06-21-23-af-0869_800x445.jpg?fit=800%2C445&ssl=1&resize=350%2C200 1x, https:\/\/i0.wp.com\/www.freidenker.org\/fw17\/wp-content\/uploads\/2018\/01\/10-2013-06-21-23-af-0869_800x445.jpg?fit=800%2C445&ssl=1&resize=525%2C300 1.5x, https:\/\/i0.wp.com\/www.freidenker.org\/fw17\/wp-content\/uploads\/2018\/01\/10-2013-06-21-23-af-0869_800x445.jpg?fit=800%2C445&ssl=1&resize=700%2C400 2x"},"classes":[]}],"_links":{"self":[{"href":"https:\/\/www.freidenker.org\/index.php?rest_route=\/wp\/v2\/posts\/4237","targetHints":{"allow":["GET"]}}],"collection":[{"href":"https:\/\/www.freidenker.org\/index.php?rest_route=\/wp\/v2\/posts"}],"about":[{"href":"https:\/\/www.freidenker.org\/index.php?rest_route=\/wp\/v2\/types\/post"}],"author":[{"embeddable":true,"href":"https:\/\/www.freidenker.org\/index.php?rest_route=\/wp\/v2\/users\/3"}],"replies":[{"embeddable":true,"href":"https:\/\/www.freidenker.org\/index.php?rest_route=%2Fwp%2Fv2%2Fcomments&post=4237"}],"version-history":[{"count":0,"href":"https:\/\/www.freidenker.org\/index.php?rest_route=\/wp\/v2\/posts\/4237\/revisions"}],"wp:featuredmedia":[{"embeddable":true,"href":"https:\/\/www.freidenker.org\/index.php?rest_route=\/wp\/v2\/media\/4265"}],"wp:attachment":[{"href":"https:\/\/www.freidenker.org\/index.php?rest_route=%2Fwp%2Fv2%2Fmedia&parent=4237"}],"wp:term":[{"taxonomy":"category","embeddable":true,"href":"https:\/\/www.freidenker.org\/index.php?rest_route=%2Fwp%2Fv2%2Fcategories&post=4237"},{"taxonomy":"post_tag","embeddable":true,"href":"https:\/\/www.freidenker.org\/index.php?rest_route=%2Fwp%2Fv2%2Ftags&post=4237"}],"curies":[{"name":"wp","href":"https:\/\/api.w.org\/{rel}","templated":true}]}}