{"id":4223,"date":"2006-12-17T14:03:37","date_gmt":"2006-12-17T13:03:37","guid":{"rendered":"http:\/\/www.freidenker.org\/?p=4223"},"modified":"2022-09-04T10:39:33","modified_gmt":"2022-09-04T08:39:33","slug":"was-wie-warum-atheistisches-lexikon","status":"publish","type":"post","link":"https:\/\/www.freidenker.org\/?p=4223","title":{"rendered":"was &#8211; wie &#8211; warum: Atheistisches Lexikon"},"content":{"rendered":"<p><strong>Buchver\u00f6ffentlichung des Deutschen Freidenker-Verbandes &#8211; Landesverband NRW<\/strong><\/p>\n<p><em>Kurzrezension aus FREIDENKER 4-2006, S. 53 &#8211; 54<\/em><\/p>\n<p>Freidenker vertreten eine materialistische Weltanschauung. Deshalb trauen sie den Menschen zu, als gesellschaftliche Wesen und zugleich als Teil der Natur selbst\u00e4ndig und selbstbestimmt ihr Leben im Umgang mit Natur und Gesellschaft zu meistern &#8211; ohne dass sie dabei von einem g\u00fctigen oder strafenden Gott geleitet werden, ohne sich einem unerbittlichen Schicksal ausgeliefert zu sehen. Nichts in dieser Welt ist &#8222;gottgegeben&#8220;, weder die Natur noch der Mensch, weder seine Gesellschaft noch sein Denken. Was deren Gesetzm\u00e4\u00dfigkeiten sind, wie sie funktionieren und warum &#8211; bei der Suche danach zu helfen, ist die Absicht dieses Nachschlagewerkes.<\/p>\n<p>&#8222;Was &#8211; wie &#8211; warum&#8220; ist aber durchaus nicht nur ein trockenes W\u00f6rterbuch. Viele Begriffe sind umstritten, und als Freidenker streiten wir engagiert und dialektisch um Auffassungen. &#8222;Was &#8211; wie &#8211; warum&#8220; unterteilt die Behandlung der verschiedenen Stichw\u00f6rter in drei Bereiche:<\/p>\n<ul>\n<li>&#8222;Kosmos &#8211; Erde &#8211; Leben&#8220; &#8211; hier bewegen wir uns auf dem weiten Feld der Naturwissenschaften und ihrer Gesetze. Uns geht es dabei um Grundwissen und nicht um die Erl\u00e4uterung der jeweils neuesten Theorie.<\/li>\n<li>&#8222;Mensch und Gesellschaft&#8220; &#8211; hier vermitteln wir an Kernbegriffen Gesetzm\u00e4\u00dfigkeiten der gesellschaftlichen Entwicklung, der Geschichte der menschlichen Gesellschaft.<\/li>\n<li>&#8222;Philosophie und Weltanschauung&#8220; &#8211; hier haben wir uns auf das besonders interessante Gel\u00e4nde der Ideologie begeben.<\/li>\n<\/ul>\n<p>&#8222;Was &#8211; wie &#8211; warum&#8220; ist entstanden aus der Arbeit des Freidenker-Landesverbandes NRW.<\/p>\n<p>Das Atheistische Lexikon erscheint nun schon in der 3. Auflage (schon 670 mal verkauft). Der Preis ist 10 Euro.<\/p>\n<hr \/>\n<p><em>Deutscher Freidenker Verband, Landesverband NRW (Hg.): <\/em><br \/>\n<em><strong>was &#8211; wie &#8211; warum<\/strong><\/em><br \/>\n<em><strong>Atheistisches Lexikon<\/strong><\/em><br \/>\n<em>Bonn: Pahl-Rugenstein Verlag Nachfolger GmbH, 2006<\/em><br \/>\n<em>197 S.; keine ISBN<\/em><\/p>\n<p><strong><em>Das Lexikon ist leider vergriffen und nur noch antiquarisch zu<br \/>\nbeziehen. Zur Zeit ist eine Neuauflage in Arbeit.<\/em><\/strong><\/p>\n","protected":false},"excerpt":{"rendered":"<p><strong>Buchver\u00f6ffentlichung des Deutschen Freidenker-Verbandes &#8211; Landesverband NRW<\/strong><br \/>\nFreidenker vertreten eine materialistische Weltanschauung. Deshalb trauen sie den Menschen zu, als gesellschaftliche Wesen und zugleich als Teil der Natur selbst\u00e4ndig und selbstbestimmt ihr Leben im Umgang mit Natur und Gesellschaft zu meistern &#8211; ohne dass sie dabei von einem g\u00fctigen oder strafenden Gott geleitet werden, ohne sich einem unerbittlichen Schicksal ausgeliefert zu sehen. Nichts in dieser Welt ist &#8222;gottgegeben&#8220;, weder die Natur noch der Mensch, weder seine Gesellschaft noch sein Denken. Was deren Gesetzm\u00e4\u00dfigkeiten sind, wie sie funktionieren und warum &#8211; bei der Suche danach zu helfen, ist die Absicht dieses Nachschlagewerkes.<\/p>\n","protected":false},"author":3,"featured_media":4224,"comment_status":"closed","ping_status":"closed","sticky":false,"template":"","format":"standard","meta":{"colormag_page_container_layout":"default_layout","colormag_page_sidebar_layout":"default_layout","advanced_seo_description":"","jetpack_seo_html_title":"","jetpack_seo_noindex":false,"jetpack_post_was_ever_published":false,"footnotes":""},"categories":[5],"tags":[883,470,362,446,870,495,38],"class_list":["post-4223","post","type-post","status-publish","format-standard","has-post-thumbnail","hentry","category-buecher-des-verbandes","tag-gesellschaft","tag-ideologie","tag-lexikon","tag-mensch","tag-naturwissenschaft","tag-philosophie","tag-weltanschauung"],"jetpack_featured_media_url":"https:\/\/i0.wp.com\/www.freidenker.org\/fw17\/wp-content\/uploads\/2018\/01\/FD_Buch_2006_was-wie-warum.jpg?fit=800%2C445&ssl=1","jetpack_shortlink":"https:\/\/wp.me\/p9stpK-167","jetpack-related-posts":[{"id":7343,"url":"https:\/\/www.freidenker.org\/?p=7343","url_meta":{"origin":4223,"position":0},"title":"\u00dcber den Begriff des Anthropoz\u00e4ns","author":"Webredaktion","date":"29. Dezember 2019","format":false,"excerpt":"Beitrag von Sebastian Bahlo aus FREIDENKER 4-19 Geologen haben den Begriff des Anthropoz\u00e4ns zur Benennung des gegenw\u00e4rtigen Erdzeitalters vorgeschlagen. ... Der Mensch ist das erste Lebewesen, das stets bewu\u00dft handelt, also in allem, was er tut, prinzipiell aufgrund der Entscheidung handelt, von allen m\u00f6glichen Handlungen gerade die eine vorzunehmen. ...\u2026","rel":"","context":"In &quot;Weltanschauung &amp; Philosophie&quot;","block_context":{"text":"Weltanschauung &amp; Philosophie","link":"https:\/\/www.freidenker.org\/?cat=16"},"img":{"alt_text":"","src":"https:\/\/i0.wp.com\/www.freidenker.org\/fw17\/wp-content\/uploads\/2019\/12\/evolution-3801547_800x445.jpg?fit=800%2C445&ssl=1&resize=350%2C200","width":350,"height":200,"srcset":"https:\/\/i0.wp.com\/www.freidenker.org\/fw17\/wp-content\/uploads\/2019\/12\/evolution-3801547_800x445.jpg?fit=800%2C445&ssl=1&resize=350%2C200 1x, https:\/\/i0.wp.com\/www.freidenker.org\/fw17\/wp-content\/uploads\/2019\/12\/evolution-3801547_800x445.jpg?fit=800%2C445&ssl=1&resize=525%2C300 1.5x, https:\/\/i0.wp.com\/www.freidenker.org\/fw17\/wp-content\/uploads\/2019\/12\/evolution-3801547_800x445.jpg?fit=800%2C445&ssl=1&resize=700%2C400 2x"},"classes":[]},{"id":5422,"url":"https:\/\/www.freidenker.org\/?p=5422","url_meta":{"origin":4223,"position":1},"title":"FREIDENKER 3-18 EXTRA \u2013 Menschenbild","author":"Webredaktion","date":"16. September 2018","format":false,"excerpt":"Die EXTRA-Ausgabe 3-18 des Verbandsorgans FREIDENKER hat das Schwerpunkt-Thema \u201eMenschenbild \u2013 Marxistische Pers\u00f6nlichkeitstheorie: Individuum und Gesellschaft\u201c und enth\u00e4lt die Reden der Wissenschaftlichen Konferenz des Deutschen Freidenker-Verbandes vom 28.04.2018 in Hannover. Darin: - Sebastian Bahlo: Marx\u2018 revolution\u00e4re Sch\u00e4rfe bewahren - Klaus Hartmann: Was ist der Mensch? - Wolfgang Jantzen: Pers\u00f6nlichkeit und\u2026","rel":"","context":"In &quot;Verbandsorgan FREIDENKER&quot;","block_context":{"text":"Verbandsorgan FREIDENKER","link":"https:\/\/www.freidenker.org\/?cat=8"},"img":{"alt_text":"","src":"https:\/\/i0.wp.com\/www.freidenker.org\/fw17\/wp-content\/uploads\/2018\/09\/FD_2018-03_Titel_mR.jpg?fit=800%2C445&ssl=1&resize=350%2C200","width":350,"height":200,"srcset":"https:\/\/i0.wp.com\/www.freidenker.org\/fw17\/wp-content\/uploads\/2018\/09\/FD_2018-03_Titel_mR.jpg?fit=800%2C445&ssl=1&resize=350%2C200 1x, https:\/\/i0.wp.com\/www.freidenker.org\/fw17\/wp-content\/uploads\/2018\/09\/FD_2018-03_Titel_mR.jpg?fit=800%2C445&ssl=1&resize=525%2C300 1.5x, https:\/\/i0.wp.com\/www.freidenker.org\/fw17\/wp-content\/uploads\/2018\/09\/FD_2018-03_Titel_mR.jpg?fit=800%2C445&ssl=1&resize=700%2C400 2x"},"classes":[]},{"id":2882,"url":"https:\/\/www.freidenker.org\/?p=2882","url_meta":{"origin":4223,"position":2},"title":"Wissenschaft \u2013 Technik \u2013 Weltanschauung","author":"Webredaktion","date":"17. Juni 2015","format":false,"excerpt":"Beitrag von Horst Schild auf der Konferenz \u201eZweifel und Kritik an Fortschritt, Wissenschaft und Technik\u201c am 08.10.2011 in Dresden. Aus: FREIDENKER 2-15 M\u00fcssen wir die Wissenschaft f\u00fcrchten, Sorge vor ihren Resultaten, auch technischen Resultaten, haben? Sind gar die Wissenschaftler schuld, wenn ihre Erkenntnisse von eben diesen \u201eMachthabern\u201c missbraucht werden? Liegt\u2026","rel":"","context":"In &quot;Weltanschauung &amp; Philosophie&quot;","block_context":{"text":"Weltanschauung &amp; Philosophie","link":"https:\/\/www.freidenker.org\/?cat=16"},"img":{"alt_text":"","src":"https:\/\/i0.wp.com\/www.freidenker.org\/fw17\/wp-content\/uploads\/2017\/12\/wire-rack-1311161_800x445.jpg?fit=800%2C445&ssl=1&resize=350%2C200","width":350,"height":200,"srcset":"https:\/\/i0.wp.com\/www.freidenker.org\/fw17\/wp-content\/uploads\/2017\/12\/wire-rack-1311161_800x445.jpg?fit=800%2C445&ssl=1&resize=350%2C200 1x, https:\/\/i0.wp.com\/www.freidenker.org\/fw17\/wp-content\/uploads\/2017\/12\/wire-rack-1311161_800x445.jpg?fit=800%2C445&ssl=1&resize=525%2C300 1.5x, https:\/\/i0.wp.com\/www.freidenker.org\/fw17\/wp-content\/uploads\/2017\/12\/wire-rack-1311161_800x445.jpg?fit=800%2C445&ssl=1&resize=700%2C400 2x"},"classes":[]},{"id":3250,"url":"https:\/\/www.freidenker.org\/?p=3250","url_meta":{"origin":4223,"position":3},"title":"Das Internationale Darwin-Jahr","author":"Webredaktion","date":"17. M\u00e4rz 2009","format":false,"excerpt":"Beitrag von Klaus Hartmann aus: FREIDENKER 1-09 Darwin gilt als Begr\u00fcnder der modernen Evolutionswissenschaft, die erkl\u00e4rt, warum sich Leben st\u00e4ndig ver\u00e4ndert, wie die Artenvielfalt auf unserer Erde entstand, warum neue Arten entstehen und andere aussterben. Mit der naturwissenschaftlichen Erkl\u00e4rung f\u00fcr die Vielfalt des Lebens hat er nicht nur ein Basiswerk\u2026","rel":"","context":"In &quot;Weltanschauung &amp; Philosophie&quot;","block_context":{"text":"Weltanschauung &amp; Philosophie","link":"https:\/\/www.freidenker.org\/?cat=16"},"img":{"alt_text":"","src":"https:\/\/i0.wp.com\/www.freidenker.org\/fw17\/wp-content\/uploads\/2009\/03\/Haeckel_Actiniae_800x445.jpg?fit=799%2C447&ssl=1&resize=350%2C200","width":350,"height":200,"srcset":"https:\/\/i0.wp.com\/www.freidenker.org\/fw17\/wp-content\/uploads\/2009\/03\/Haeckel_Actiniae_800x445.jpg?fit=799%2C447&ssl=1&resize=350%2C200 1x, https:\/\/i0.wp.com\/www.freidenker.org\/fw17\/wp-content\/uploads\/2009\/03\/Haeckel_Actiniae_800x445.jpg?fit=799%2C447&ssl=1&resize=525%2C300 1.5x, https:\/\/i0.wp.com\/www.freidenker.org\/fw17\/wp-content\/uploads\/2009\/03\/Haeckel_Actiniae_800x445.jpg?fit=799%2C447&ssl=1&resize=700%2C400 2x"},"classes":[]},{"id":14613,"url":"https:\/\/www.freidenker.org\/?p=14613","url_meta":{"origin":4223,"position":4},"title":"Offenes Bildungswochenende: Dialektischer und historischer Materialismus","author":"Webredaktion","date":"5. November 2022","format":false,"excerpt":"Einladung zu einer Veranstaltung vom 18. bis 20.11.2022 in Quedlinburg Wie ist es bestellt, um Weltanschauung in unserer Welt und deren Grundlagen? Es ist heutzutage nicht einfach mit den Grundlagen weltanschaulichen Denkens, in der Regel findet sich die Gesellschaft auf idealistischen Pfaden, entsprechend der Beantwortung der Grundfrage einer jeden Philosophie.\u2026","rel":"","context":"In &quot;Veranstaltungen in den DFV-Landesverb\u00e4nden&quot;","block_context":{"text":"Veranstaltungen in den DFV-Landesverb\u00e4nden","link":"https:\/\/www.freidenker.org\/?cat=19"},"img":{"alt_text":"","src":"https:\/\/i0.wp.com\/www.freidenker.org\/fw17\/wp-content\/uploads\/2022\/11\/biwo_schsenanhalt_nov22_800x450.jpg?fit=800%2C450&ssl=1&resize=350%2C200","width":350,"height":200,"srcset":"https:\/\/i0.wp.com\/www.freidenker.org\/fw17\/wp-content\/uploads\/2022\/11\/biwo_schsenanhalt_nov22_800x450.jpg?fit=800%2C450&ssl=1&resize=350%2C200 1x, https:\/\/i0.wp.com\/www.freidenker.org\/fw17\/wp-content\/uploads\/2022\/11\/biwo_schsenanhalt_nov22_800x450.jpg?fit=800%2C450&ssl=1&resize=525%2C300 1.5x, https:\/\/i0.wp.com\/www.freidenker.org\/fw17\/wp-content\/uploads\/2022\/11\/biwo_schsenanhalt_nov22_800x450.jpg?fit=800%2C450&ssl=1&resize=700%2C400 2x"},"classes":[]},{"id":5354,"url":"https:\/\/www.freidenker.org\/?p=5354","url_meta":{"origin":4223,"position":5},"title":"Videos: Karl-Marx-Konferenz &#8222;Individuum und Gesellschaft&#8220;","author":"Webredaktion","date":"30. Juli 2018","format":false,"excerpt":"Zum 200. Geburtstag des wirkm\u00e4chtigen Philosophen Karl Marx veranstaltete der Deutsche Freidenker-Verband am 28. April 2018 in Hannover die wissenschaftliche Konferenz \u201eIndividuum und Gesellschaft \u2013 Menschenbild und Pers\u00f6nlichkeitstheorie im Marxismus\u201c. Wir ver\u00f6ffentlichen hier die Videos der Hauptreferate von Klaus Hartmann: \"Was ist der Mensch?\", Prof. Wolfgang Jantzen: \"Pers\u00f6nlichkeit und sozialer\u2026","rel":"","context":"In &quot;Weltanschauung &amp; Philosophie&quot;","block_context":{"text":"Weltanschauung &amp; Philosophie","link":"https:\/\/www.freidenker.org\/?cat=16"},"img":{"alt_text":"","src":"https:\/\/i0.wp.com\/www.freidenker.org\/fw17\/wp-content\/uploads\/2018\/08\/Hartmann_Bahlo_Konferenz2018.jpg?fit=800%2C445&ssl=1&resize=350%2C200","width":350,"height":200,"srcset":"https:\/\/i0.wp.com\/www.freidenker.org\/fw17\/wp-content\/uploads\/2018\/08\/Hartmann_Bahlo_Konferenz2018.jpg?fit=800%2C445&ssl=1&resize=350%2C200 1x, https:\/\/i0.wp.com\/www.freidenker.org\/fw17\/wp-content\/uploads\/2018\/08\/Hartmann_Bahlo_Konferenz2018.jpg?fit=800%2C445&ssl=1&resize=525%2C300 1.5x, https:\/\/i0.wp.com\/www.freidenker.org\/fw17\/wp-content\/uploads\/2018\/08\/Hartmann_Bahlo_Konferenz2018.jpg?fit=800%2C445&ssl=1&resize=700%2C400 2x"},"classes":[]}],"_links":{"self":[{"href":"https:\/\/www.freidenker.org\/index.php?rest_route=\/wp\/v2\/posts\/4223","targetHints":{"allow":["GET"]}}],"collection":[{"href":"https:\/\/www.freidenker.org\/index.php?rest_route=\/wp\/v2\/posts"}],"about":[{"href":"https:\/\/www.freidenker.org\/index.php?rest_route=\/wp\/v2\/types\/post"}],"author":[{"embeddable":true,"href":"https:\/\/www.freidenker.org\/index.php?rest_route=\/wp\/v2\/users\/3"}],"replies":[{"embeddable":true,"href":"https:\/\/www.freidenker.org\/index.php?rest_route=%2Fwp%2Fv2%2Fcomments&post=4223"}],"version-history":[{"count":0,"href":"https:\/\/www.freidenker.org\/index.php?rest_route=\/wp\/v2\/posts\/4223\/revisions"}],"wp:featuredmedia":[{"embeddable":true,"href":"https:\/\/www.freidenker.org\/index.php?rest_route=\/wp\/v2\/media\/4224"}],"wp:attachment":[{"href":"https:\/\/www.freidenker.org\/index.php?rest_route=%2Fwp%2Fv2%2Fmedia&parent=4223"}],"wp:term":[{"taxonomy":"category","embeddable":true,"href":"https:\/\/www.freidenker.org\/index.php?rest_route=%2Fwp%2Fv2%2Fcategories&post=4223"},{"taxonomy":"post_tag","embeddable":true,"href":"https:\/\/www.freidenker.org\/index.php?rest_route=%2Fwp%2Fv2%2Ftags&post=4223"}],"curies":[{"name":"wp","href":"https:\/\/api.w.org\/{rel}","templated":true}]}}