{"id":4204,"date":"2018-01-25T22:26:52","date_gmt":"2018-01-25T21:26:52","guid":{"rendered":"http:\/\/www.freidenker.org\/?p=4204"},"modified":"2018-03-09T09:16:28","modified_gmt":"2018-03-09T08:16:28","slug":"system-change-statt-regime-change-stimmen-zur-lll-demo-2018","status":"publish","type":"post","link":"https:\/\/www.freidenker.org\/?p=4204","title":{"rendered":"Video: System Change statt Regime Change \u2013 Stimmen zur LLL-Demo 2018"},"content":{"rendered":"<p><strong>Video der Arbeiterfotografie von der LLL-Demo am 14.01.2018 in Berlin<\/strong><\/p>\n<p>Internationale V\u00f6lkerfreundschaft, V\u00f6lkerrecht und reale &#8222;Links&#8220;-Politik&#8230; Ich war, ich bin, ich werde sein, die Revolution wird die Menschheit befrei&#8217;n. Aber bitte keine OTPOR-Revolution!<\/p>\n<p>Stimmen auf der internationale Demonstration der linken Bewegungen zur Gedenkst\u00e4tte der Sozialisten auf dem Zentralfriedhof Friedrichshain \u2013 zum Gedenken an die Revolution\u00e4re Rosa Luxemburg, Karl Liebknecht und Lenin und viele unz\u00e4hlige unbekannte Opfer im Kampf um Gerechtigkeit; Menschenw\u00fcrde und einen Systemwechsel (System Change statt Regime Change \u00e1 la Otpor)<\/p>\n<p>Stimmen: eine nicht repr\u00e4sentative Auswahl von Stimmen darunter Hans-Peter Brenner (DKP-Parteivorstand), Adel Amer (Generalsekret\u00e4r der Kommunistischen Partei Israels), einer Vertreterin der Initiative GIB Gemeingut in B\u00fcrgerhand sowie Willi Schulze-Barantin von den hessischen Freidenkern. Angefragte &#8222;Jungrevolution\u00e4rInnen&#8220; waren zu keiner Aussage bereit.<\/p>\n<div class=\"jetpack-video-wrapper\"><span class=\"embed-youtube\" style=\"text-align:center; display: block;\"><iframe loading=\"lazy\" class=\"youtube-player\" width=\"800\" height=\"450\" src=\"https:\/\/www.youtube.com\/embed\/AprPZMbGFa4?version=3&#038;rel=1&#038;showsearch=0&#038;showinfo=1&#038;iv_load_policy=1&#038;fs=1&#038;hl=de-DE&#038;autohide=2&#038;wmode=transparent\" allowfullscreen=\"true\" style=\"border:0;\" sandbox=\"allow-scripts allow-same-origin allow-popups allow-presentation allow-popups-to-escape-sandbox\"><\/iframe><\/span><\/div>\n<p>Link zum Video bei YouTube: <a href=\"https:\/\/youtu.be\/AprPZMbGFa4\" target=\"_blank\" rel=\"noopener\">https:\/\/www.youtube.com\/watch?v=AprPZMbGFa4<\/a><\/p>\n<p>Siehe zum Thema auch die Galerie bei der nrhz: <a href=\"http:\/\/www.nrhz.de\/flyer\/beitrag.php?id=24522\" target=\"_blank\" rel=\"noopener\">http:\/\/www.nrhz.de\/flyer\/beitrag.php?id=24522 <\/a><\/p>\n<hr \/>\n<p>Foto: Screenshot aus dem Video, \u00a9 by arbeiterfotografie.com<\/p>\n","protected":false},"excerpt":{"rendered":"<p><strong>Video der Arbeiterfotografie von der LLL-Demo am 14.01.2018 in Berlin<\/strong><br \/>\nStimmen auf der internationalen Demonstration der linken Bewegungen zur Gedenkst\u00e4tte der Sozialisten auf dem Zentralfriedhof Friedrichshain \u2013 zum Gedenken an die Revolution\u00e4re Rosa Luxemburg, Karl Liebknecht und Lenin und viele unz\u00e4hlige unbekannte Opfer im Kampf um Gerechtigkeit; Menschenw\u00fcrde und einen Systemwechsel (System Change statt Regime Change \u00e1 la Otpor)<br \/>\nEine nicht repr\u00e4sentative Auswahl von Stimmen darunter: Hans-Peter Brenner (DKP-Parteivorstand), Adel Amer (Generalsekret\u00e4r der Kommunistischen Partei Israels), einer Vertreterin der Initiative GIB Gemeingut in B\u00fcrgerhand sowie Willi Schulze-Barantin von den hessischen Freidenkern. <\/p>\n","protected":false},"author":3,"featured_media":4208,"comment_status":"closed","ping_status":"closed","sticky":false,"template":"","format":"standard","meta":{"colormag_page_container_layout":"default_layout","colormag_page_sidebar_layout":"default_layout","advanced_seo_description":"","jetpack_seo_html_title":"","jetpack_seo_noindex":false,"jetpack_post_was_ever_published":false,"footnotes":""},"categories":[13,20],"tags":[411,335,438],"class_list":["post-4204","post","type-post","status-publish","format-standard","has-post-thumbnail","hentry","category-frieden-antifaschismus-solidaritaet","category-zentrale-veranstaltungen","tag-demonstration","tag-frieden","tag-liebknecht-luxemburg-demonstration"],"jetpack_featured_media_url":"https:\/\/i0.wp.com\/www.freidenker.org\/fw17\/wp-content\/uploads\/2018\/01\/LLL-Demo_2018_af-video.jpg?fit=800%2C445&ssl=1","jetpack_shortlink":"https:\/\/wp.me\/p9stpK-15O","jetpack-related-posts":[{"id":20722,"url":"https:\/\/www.freidenker.org\/?p=20722","url_meta":{"origin":4204,"position":0},"title":"Galerie: Liebknecht-Luxemburg-Wochenende 2025","author":"Webredaktion","date":"17. Januar 2025","format":false,"excerpt":"Beitrag der Webredaktion Allj\u00e4hrlich am zweiten Januar-Wochenende finden traditionsgem\u00e4\u00df die Rosa-Luxemburg-Konferenz und die Liebknecht-Luxemburg-Demonstration in Berlin statt. Da sich zu diesem Anlass viele Mitglieder des Deutschen Freidenker-Verbandes ohnehin in Berlin aufhalten, nutzen wir die Gelegenheit zu weiteren Veranstaltungen in der Hauptstadt: Sitzung des Gesch\u00e4ftsf\u00fchrenden Verbandsvorstandes und Treffen des Beirates des\u2026","rel":"","context":"In &quot;Frieden - Antifaschismus - Solidarit\u00e4t&quot;","block_context":{"text":"Frieden - Antifaschismus - Solidarit\u00e4t","link":"https:\/\/www.freidenker.org\/?cat=13"},"img":{"alt_text":"","src":"https:\/\/i0.wp.com\/www.freidenker.org\/fw17\/wp-content\/uploads\/2025\/01\/RLK_LLD_2025_800x450.jpg?fit=800%2C450&ssl=1&resize=350%2C200","width":350,"height":200,"srcset":"https:\/\/i0.wp.com\/www.freidenker.org\/fw17\/wp-content\/uploads\/2025\/01\/RLK_LLD_2025_800x450.jpg?fit=800%2C450&ssl=1&resize=350%2C200 1x, https:\/\/i0.wp.com\/www.freidenker.org\/fw17\/wp-content\/uploads\/2025\/01\/RLK_LLD_2025_800x450.jpg?fit=800%2C450&ssl=1&resize=525%2C300 1.5x, https:\/\/i0.wp.com\/www.freidenker.org\/fw17\/wp-content\/uploads\/2025\/01\/RLK_LLD_2025_800x450.jpg?fit=800%2C450&ssl=1&resize=700%2C400 2x"},"classes":[]},{"id":17863,"url":"https:\/\/www.freidenker.org\/?p=17863","url_meta":{"origin":4204,"position":1},"title":"Galerie: Liebknecht-Luxemburg-Demo 2024","author":"Webredaktion","date":"17. Januar 2024","format":false,"excerpt":"Die Demonstration zu Ehren von Rosa Luxemburg und Karl Liebknecht - die vor 105 Jahren von rechten Freikorpssoldaten ermordeten Mitbegr\u00fcnder der Kommunistischen Partei Deutschlands - fand wie im vergangenen Jahr mit etwa 12.000 Teilnehmerinnen und Teilnehmern statt.\u00a0Linke unterschiedlichster Str\u00f6mungen \u2013 darunter auch Freidenker \u2013 haben auf der Demonstration gemeinsam ihre\u2026","rel":"","context":"In &quot;Frieden - Antifaschismus - Solidarit\u00e4t&quot;","block_context":{"text":"Frieden - Antifaschismus - Solidarit\u00e4t","link":"https:\/\/www.freidenker.org\/?cat=13"},"img":{"alt_text":"","src":"https:\/\/i0.wp.com\/www.freidenker.org\/fw17\/wp-content\/uploads\/2024\/01\/Holger_Kranz_DFV_Berlin_800x450.jpg?fit=800%2C450&ssl=1&resize=350%2C200","width":350,"height":200,"srcset":"https:\/\/i0.wp.com\/www.freidenker.org\/fw17\/wp-content\/uploads\/2024\/01\/Holger_Kranz_DFV_Berlin_800x450.jpg?fit=800%2C450&ssl=1&resize=350%2C200 1x, https:\/\/i0.wp.com\/www.freidenker.org\/fw17\/wp-content\/uploads\/2024\/01\/Holger_Kranz_DFV_Berlin_800x450.jpg?fit=800%2C450&ssl=1&resize=525%2C300 1.5x, https:\/\/i0.wp.com\/www.freidenker.org\/fw17\/wp-content\/uploads\/2024\/01\/Holger_Kranz_DFV_Berlin_800x450.jpg?fit=800%2C450&ssl=1&resize=700%2C400 2x"},"classes":[]},{"id":5701,"url":"https:\/\/www.freidenker.org\/?p=5701","url_meta":{"origin":4204,"position":2},"title":"LUXEMBURG-LIEBKNECHT-DEMONSTRATION 2019","author":"Webredaktion","date":"3. Januar 2019","format":false,"excerpt":"Aufruf zur Liebknecht-Luxemburg-Demo 2019 Jahr um Jahr im Januar kommen Tausende Menschen mit Nelken und Rosen zum Grabmal von Rosa Luxemburg und Karl Liebknecht in Berlin-Friedrichsfelde. Und weil dies 2019 der 100. Jahrestag ihrer Ermordung sein wird und der fanatische Ungeist ihrer M\u00f6rder vielerorts in Deutschland und Europa eine unheilvolle\u2026","rel":"","context":"In &quot;Zentrale Veranstaltungen&quot;","block_context":{"text":"Zentrale Veranstaltungen","link":"https:\/\/www.freidenker.org\/?cat=20"},"img":{"alt_text":"","src":"https:\/\/i0.wp.com\/www.freidenker.org\/fw17\/wp-content\/uploads\/2019\/01\/LL-Demo_2018_03_800x445.jpg?fit=800%2C455&ssl=1&resize=350%2C200","width":350,"height":200,"srcset":"https:\/\/i0.wp.com\/www.freidenker.org\/fw17\/wp-content\/uploads\/2019\/01\/LL-Demo_2018_03_800x445.jpg?fit=800%2C455&ssl=1&resize=350%2C200 1x, https:\/\/i0.wp.com\/www.freidenker.org\/fw17\/wp-content\/uploads\/2019\/01\/LL-Demo_2018_03_800x445.jpg?fit=800%2C455&ssl=1&resize=525%2C300 1.5x, https:\/\/i0.wp.com\/www.freidenker.org\/fw17\/wp-content\/uploads\/2019\/01\/LL-Demo_2018_03_800x445.jpg?fit=800%2C455&ssl=1&resize=700%2C400 2x"},"classes":[]},{"id":5776,"url":"https:\/\/www.freidenker.org\/?p=5776","url_meta":{"origin":4204,"position":3},"title":"100 Jahre nach der Ermordung \u2013 Luxemburg und Liebknecht bewegen \u00fcber Zehntausend","author":"Webredaktion","date":"15. Januar 2019","format":false,"excerpt":"Bericht von Tilo Gr\u00e4ser von sputniknews.com Menschen aus vielen L\u00e4ndern haben am Sonntag der vor 100 Jahren ermordeten Gr\u00fcnder der Kommunistischen Partei Deutschlands, Rosa Luxemburg und Karl Liebknecht, gedacht. ... Ein Transparent forderte klar: \u201eFrieden mit Russland statt weiter in den dritten Weltkrieg! Deutschland: Raus aus der Nato! Nato: Raus\u2026","rel":"","context":"In &quot;Frieden - Antifaschismus - Solidarit\u00e4t&quot;","block_context":{"text":"Frieden - Antifaschismus - Solidarit\u00e4t","link":"https:\/\/www.freidenker.org\/?cat=13"},"img":{"alt_text":"","src":"https:\/\/i0.wp.com\/www.freidenker.org\/fw17\/wp-content\/uploads\/2019\/01\/LL_100Jahre_sputnik_323576581.jpg?fit=800%2C445&ssl=1&resize=350%2C200","width":350,"height":200,"srcset":"https:\/\/i0.wp.com\/www.freidenker.org\/fw17\/wp-content\/uploads\/2019\/01\/LL_100Jahre_sputnik_323576581.jpg?fit=800%2C445&ssl=1&resize=350%2C200 1x, https:\/\/i0.wp.com\/www.freidenker.org\/fw17\/wp-content\/uploads\/2019\/01\/LL_100Jahre_sputnik_323576581.jpg?fit=800%2C445&ssl=1&resize=525%2C300 1.5x, https:\/\/i0.wp.com\/www.freidenker.org\/fw17\/wp-content\/uploads\/2019\/01\/LL_100Jahre_sputnik_323576581.jpg?fit=800%2C445&ssl=1&resize=700%2C400 2x"},"classes":[]},{"id":7431,"url":"https:\/\/www.freidenker.org\/?p=7431","url_meta":{"origin":4204,"position":4},"title":"Galerie: Freidenker auf der Liebknecht-Luxemburg-Demo 2020","author":"Webredaktion","date":"14. Januar 2020","format":false,"excerpt":"Auch in diesem Jahr fand am zweiten Januar-Sonntag die traditionelle Liebknecht-Luxemburg-Demo in Berlin statt. Nach verschiedenen Angaben nahmen zwischen 4 und 10 Tausend Menschen daran teil. Nat\u00fcrlich waren auch Freidenker beteiligt. Auf dem Vorplatz der Gedenkst\u00e4tte der Sozialisten auf dem Zentralfriedhof Friedrichsfelde hatten wir auch wieder einen Infostand.","rel":"","context":"In &quot;Zentrale Veranstaltungen&quot;","block_context":{"text":"Zentrale Veranstaltungen","link":"https:\/\/www.freidenker.org\/?cat=20"},"img":{"alt_text":"","src":"https:\/\/i0.wp.com\/www.freidenker.org\/fw17\/wp-content\/uploads\/2020\/01\/LL-Demo_2020_1.jpg?fit=800%2C445&ssl=1&resize=350%2C200","width":350,"height":200,"srcset":"https:\/\/i0.wp.com\/www.freidenker.org\/fw17\/wp-content\/uploads\/2020\/01\/LL-Demo_2020_1.jpg?fit=800%2C445&ssl=1&resize=350%2C200 1x, https:\/\/i0.wp.com\/www.freidenker.org\/fw17\/wp-content\/uploads\/2020\/01\/LL-Demo_2020_1.jpg?fit=800%2C445&ssl=1&resize=525%2C300 1.5x, https:\/\/i0.wp.com\/www.freidenker.org\/fw17\/wp-content\/uploads\/2020\/01\/LL-Demo_2020_1.jpg?fit=800%2C445&ssl=1&resize=700%2C400 2x"},"classes":[]},{"id":11939,"url":"https:\/\/www.freidenker.org\/?p=11939","url_meta":{"origin":4204,"position":5},"title":"Galerie: Liebknecht-Luxemburg-Demo 2022","author":"Webredaktion","date":"11. Januar 2022","format":false,"excerpt":"Wie jedes Jahr fand am zweiten Januar-Sonntag die traditionelle Liebknecht-Luxemburg-Demo in Berlin statt. Angemeldet waren 3000 Teilnehmer, gekommen waren \u00fcber 7000 - etwa doppelt so viele wie 2021. ... \"Frieden mit Russland und China\" war eine der zentralen Losungen, die auf mehreren Transparenten gefordert wurde. ... Nachdem es im vergangenen\u2026","rel":"","context":"In &quot;Frieden - Antifaschismus - Solidarit\u00e4t&quot;","block_context":{"text":"Frieden - Antifaschismus - Solidarit\u00e4t","link":"https:\/\/www.freidenker.org\/?cat=13"},"img":{"alt_text":"","src":"https:\/\/i0.wp.com\/www.freidenker.org\/fw17\/wp-content\/uploads\/2022\/01\/LL-Demo_2022_800x450.jpg?fit=800%2C450&ssl=1&resize=350%2C200","width":350,"height":200,"srcset":"https:\/\/i0.wp.com\/www.freidenker.org\/fw17\/wp-content\/uploads\/2022\/01\/LL-Demo_2022_800x450.jpg?fit=800%2C450&ssl=1&resize=350%2C200 1x, https:\/\/i0.wp.com\/www.freidenker.org\/fw17\/wp-content\/uploads\/2022\/01\/LL-Demo_2022_800x450.jpg?fit=800%2C450&ssl=1&resize=525%2C300 1.5x, https:\/\/i0.wp.com\/www.freidenker.org\/fw17\/wp-content\/uploads\/2022\/01\/LL-Demo_2022_800x450.jpg?fit=800%2C450&ssl=1&resize=700%2C400 2x"},"classes":[]}],"_links":{"self":[{"href":"https:\/\/www.freidenker.org\/index.php?rest_route=\/wp\/v2\/posts\/4204","targetHints":{"allow":["GET"]}}],"collection":[{"href":"https:\/\/www.freidenker.org\/index.php?rest_route=\/wp\/v2\/posts"}],"about":[{"href":"https:\/\/www.freidenker.org\/index.php?rest_route=\/wp\/v2\/types\/post"}],"author":[{"embeddable":true,"href":"https:\/\/www.freidenker.org\/index.php?rest_route=\/wp\/v2\/users\/3"}],"replies":[{"embeddable":true,"href":"https:\/\/www.freidenker.org\/index.php?rest_route=%2Fwp%2Fv2%2Fcomments&post=4204"}],"version-history":[{"count":0,"href":"https:\/\/www.freidenker.org\/index.php?rest_route=\/wp\/v2\/posts\/4204\/revisions"}],"wp:featuredmedia":[{"embeddable":true,"href":"https:\/\/www.freidenker.org\/index.php?rest_route=\/wp\/v2\/media\/4208"}],"wp:attachment":[{"href":"https:\/\/www.freidenker.org\/index.php?rest_route=%2Fwp%2Fv2%2Fmedia&parent=4204"}],"wp:term":[{"taxonomy":"category","embeddable":true,"href":"https:\/\/www.freidenker.org\/index.php?rest_route=%2Fwp%2Fv2%2Fcategories&post=4204"},{"taxonomy":"post_tag","embeddable":true,"href":"https:\/\/www.freidenker.org\/index.php?rest_route=%2Fwp%2Fv2%2Ftags&post=4204"}],"curies":[{"name":"wp","href":"https:\/\/api.w.org\/{rel}","templated":true}]}}