{"id":419,"date":"2012-07-17T19:07:35","date_gmt":"2012-07-17T17:07:35","guid":{"rendered":"http:\/\/www.freidenker.org\/fw17\/?p=419"},"modified":"2018-02-18T23:09:52","modified_gmt":"2018-02-18T22:09:52","slug":"unser-amerika","status":"publish","type":"post","link":"https:\/\/www.freidenker.org\/?p=419","title":{"rendered":"&#8222;Unser Amerika&#8220;"},"content":{"rendered":"<p class=\"berschrift14pt1zeilig\"><em>Dieser Artikel ist im <a href=\"https:\/\/www.freidenker.org\/?p=758\">FREIDENKER 2-12<\/a> &#8222;Unser Amerika&#8220; erschienen.<br \/>\n<\/em><\/p>\n<p class=\"berschrift14pt1zeilig\"><strong><em>von Andr\u00e9 Scheer<\/em><\/strong><\/p>\n<p class=\"FliesstextohneEinzug\">Die Nachricht von der Gr\u00fcndung der Gemeinschaft der Staaten Lateinamerikas und der Karibik (CELAC) in Caracas ging im Dezember 2011 um die Welt. Die Staats- und Regierungschefs praktisch aller unabh\u00e4ngigen Staaten des Kontinents hatten sich in der venezolanischen Hauptstadt zusam\u00admengefunden, um die erste Organisation zu konstituieren, die den Kontinent vereint \u2013 aber ohne die USA und Kanada auskommt. Boliviens Pr\u00e4sident Evo Morales w\u00fcrdigte bei dem Treffen in Caracas diese neue Einheit. Das neoliberale Modell habe den Kapitalismus in seine \u201eEndkrise\u201c gef\u00fchrt, nun vereinten sich die lange unterdr\u00fcckten V\u00f6lker zu ihrer Befreiung durch Integration.<\/p>\n<p class=\"FliesstextEinzug\">Urspr\u00fcnglich hatte die CELAC bereits am 5. Juli gegr\u00fcndet werden sollen, als Venezuela den 200. Jahrestag seiner Unabh\u00e4ngigkeit von Spanien feierte. Zwar wurde dies durch die kurz zuvor bekanntgewordene Krebserkrankung des venezolanischen Pr\u00e4sidenten Hugo Ch\u00e1vez verhindert; allerdings erinnert die urspr\u00fcngliche Planung daran, dass die Gr\u00fcndung der CELAC nicht der erste Versuch war, den Kontinent zu vereinen.<\/p>\n<p class=\"FliesstextEinzug\">Bereits beim Kampf um die Befreiung des Kontinents von der spanischen Kolonialherrschaft waren sich die damaligen Vork\u00e4mpfer bewusst, dass sie zusammenhalten mussten, um ihre Freiheit verteidigen zu k\u00f6nnen. \u201eEine grandiose Idee ist es, aus der gesamten Neuen Welt eine einzige Nation bilden zu wollen, mit einem einzigen Band, das ihre Teile untereinander und mit dem Ganzen verbindet\u201c[1], schrieb etwa Sim\u00f3n Bol\u00edvar 1815 in seinem ber\u00fchmten \u201eBrief aus Jamaika\u201c. Dieses Dokument gilt als eine der wichtigsten programmatischen Schriften des heute als \u201eEl Libertador\u201c \u2013 Der Befreier \u2013 verehrten Nationalhelden Venezuelas und Kolumbiens. Schon 1829 warnte er vor der Gefahr, die von den aufstrebenden USA f\u00fcr die neuen Republiken ausgehen w\u00fcrde, da sie \u201evon der Vorsehung dazu bestimmt zu sein scheinen, die V\u00f6lker S\u00fcdamerikas im Namen der Freiheit mit Elend zu \u00fcberziehen.\u201c[2]<\/p>\n<p class=\"Zwischen-Times\"><strong>Imperialistische Hegemonie<\/strong><\/p>\n<p class=\"FliesstextohneEinzug\">Sechs Jahre zuvor, 1823, hatte der damalige US-Pr\u00e4sident James Monroe in einer Rede vor dem Kongress seine Doktrin verk\u00fcndet, wonach \u201eAmerika den Amerikanern\u201c geh\u00f6ren m\u00fcsse. Dieser Vorsto\u00df, der die US-Au\u00dfenpolitik gegen\u00fcber den unabh\u00e4ngigen Staaten bis in die 80er Jahre des 20. Jahrhunderts \u2013 und letztlich bis heute \u2013 pr\u00e4gte, richtete sich zun\u00e4chst gegen die europ\u00e4ischen Kolonialm\u00e4chte, die nach und nach aus der Region verdr\u00e4ngt wurden. Die USA begannen teilweise deren Platz einzunehmen. Sie dehnten sich auf Kosten ihrer Nachbarl\u00e4nder aus, was besonders Mexiko durch gro\u00dfe Territorialverluste zu sp\u00fcren bekam. Kuba galt den USA schon zu Zeiten Monroes als \u201ereife Frucht\u201c, die ihnen fr\u00fcher oder sp\u00e4ter in den Schoss fallen werde. Kuba sollte ein weiterer Bundesstaat werden. 1898 griffen die USA in den Freiheitskampf des kubanischen Volkes gegen die spanischen Kolonialherrschaft ein und ersetzten die alten Herren durch die neuen \u2013 sich selbst. Bis zum Sieg der Kubanischen Revolution 1959 blieb die Insel eine nordamerikanische Halbkolonie. Puerto Rico ist dies bis heute.<\/p>\n<p class=\"FliesstextEinzug\">Ausbruchsversuche aus dieser Vorherrschaft wurden von den USA immer wieder vereitelt, durchaus auch im Zusammenspiel mit den offiziell unerw\u00fcnschten Europ\u00e4ern. Als 1902 der damalige venezolanische Staatschef Cipriano Castro ein Schuldenmoratorium erlie\u00df, verh\u00e4ngten Gro\u00dfbritannien und das Deutsche Reich eine See\u00adblockade gegen das s\u00fcdamerikanische Land, der sich kurz darauf andere europ\u00e4ische Staaten, aber auch die USA anschlossen. Deutsche Kriegsschiffe beschossen venezolanische H\u00e4fen \u2013 ein heute fast vergessenes Beispiel imperialistischer Kanonenbootpolitik. Doch vor allem war es Washington, das seine Interessen in seinem \u201eHinterhof\u201c mit milit\u00e4rischer Gewalt durchzusetzen pflegte.<\/p>\n<p class=\"FliesstextEinzug\">Kaschiert wurde die imperialistische Hegemonie der USA \u00fcber den Kontinent durch einen \u201epanamerikanischen\u201c Diskurs. Bereits Ende des 19. Jahrhunderts entstanden von Washington kontrollierte interamerikanische Konferenzen und Zusammenschl\u00fcsse, deren wichtigste heute die 1948 in Bogot\u00e1 gegr\u00fcndete Organisation Amerikanischer Staaten (OAS) mit Sitz in Washington ist. In der lateinamerikanischen Linken gilt sie als nichts anderes als ein \u201eUS-Kolonialministerium\u201c. 1962 wurde Kuba aus dieser Organisation ausgeschlossen, weil es sich durch \u00dcbernahme des Marxismus-Leninismus einer \u201efremden Macht\u201c angeschlossen habe.<\/p>\n<p class=\"Zwischen-Times\"><strong>Befreiung aus US-Vormundschaft<\/strong><\/p>\n<p class=\"FliesstextohneEinzug\">Die ver\u00e4nderten Kr\u00e4fteverh\u00e4ltnisse auf dem Kontinent spiegelten sich 2009 wider als auf Druck der Staaten Lateinamerikas die \u201eSuspendierung\u201c Kubas aufgehoben wurde. Havanna zeigt jedoch bis heute kein Interesse daran, in die Organisation zur\u00fcckzukehren, der es jede Glaubw\u00fcrdigkeit abspricht.<\/p>\n<p class=\"FliesstextEinzug\">Tats\u00e4chlich hat Kuba die OAS l\u00e4ngst nicht mehr n\u00f6tig. Inzwischen ist es vielmehr so, dass vor allem die USA die Organisation brauchen \u2013 die anderen L\u00e4nder haben ihre Alternativen gegr\u00fcndet oder bauen sie auf \u2013 gemeinsam mit Kuba, das in all diesen Zusammenschl\u00fcssen gern gesehener Teilnehmer ist, so auch in der CELAC.<\/p>\n<p class=\"FliesstextEinzug\">Seit 2004 gibt es zudem die von Fidel Castro und Hugo Ch\u00e1vez gegr\u00fcndete, dezidiert antiimperialistisch ausgerichtete Bolivarische Allianz f\u00fcr die V\u00f6lker Unseres Amerikas (ALBA), der inzwischen auch Bolivien, Ecuador, Nicaragua und mehrere Karibikstaaten angeh\u00f6ren. Die Staaten s\u00fcdlich des Panama-Kanals haben sich zur Union S\u00fcdamerikanischer Nationen (UNASUR) zusammengeschlossen. Beide Organisationen haben ihre Bedeutung wiederholt demonstriert, wenn es darum ging, die Bev\u00f6lkerung zur Verteidigung der Demokratie aufzurufen. So beim Putsch der Rechten in Honduras gegen Pr\u00e4sident Manuel Zelaya im Jahr 2010 oder j\u00fcngst gegen die Amtsenthebung des demokratisch gew\u00e4hlten Pr\u00e4sidenten Fernando Lugo in Paraguay. Noch am selben Tag, an dem die Einleitung des Amtsenthebungsverfahrens durch das Parlament beschlossen wurde, eilten die Au\u00dfenminister der UNASUR-Mitgliedsstaaten und ihr Generalsekret\u00e4r, der Venezolaner Ali Roldr\u00edguez Araque, nach Asunci\u00f3n, um Lugo den R\u00fccken zu st\u00e4rken.<\/p>\n<p class=\"FliesstextEinzug\">In solchen Aktionen kristallisiert sich \u201eUnser Amerika\u201c heraus, wie es der kubanische Nationaldichter Jos\u00e9 Mart\u00ed 1891 skizzierte. Schon damals kritisierte er die Dominanz der USA und Europas in Mittel- und S\u00fcdamerika und forderte einen eigenst\u00e4ndigen Entwicklungsweg des Kontinents. Der weitere Weg ist steinig und widerspr\u00fcchlich, denn auch rechte Regierungen wie die Chiles und Kolumbiens haben inzwischen die Vorteile einer Zusammenarbeit mit ihren Nachbarn erkannt. Das stellt einerseits eine St\u00e4rkung der Integrationsbem\u00fchungen dar, andererseits wird es grunds\u00e4tzliche, soziale Ver\u00e4nderungen auf steinig und widerspr\u00fcchlich Kontinent erschweren oder blockieren.<\/p>\n<p class=\"Quellen8pt\">[1] Sim\u00f3n Bol\u00edvar: Reden und Schriften zu Politik, Wirtschaft und Gesellschaft, Hamburg 1985, S. 39<br \/>\n[2] Sim\u00f3n Bol\u00edvar: Brief an Coronel Patricio Campbell; zit. Nach <a href=\"http:\/\/es.wikisource.org\/wiki\/Carta_al_Coronel_Patricio_Campbell\">http:\/\/es.wikisource.org\/wiki\/Carta_al_Coronel_Patricio_Campbell<\/a><\/p>\n<p class=\"Autor\" align=\"left\"><em>Andr\u00e9 Scheer, Berlin, leitet das Ressort Au\u00dfenpolitik bei der Tageszeitung \u201ejunge Welt\u201c und ist Mitglied des \u00adDeutschen Freidenker-Verbandes<\/em><\/p>\n<hr \/>\n<p class=\"Autor\" align=\"left\">Bild:https:\/\/pixabay.com\/de\/users\/Unsplash-242387\/<\/p>\n","protected":false},"excerpt":{"rendered":"<p><strong>Beitrag von Andr\u00e9 Scheer aus FREIDENKER 2-12<\/strong><br \/>\nDie Nachricht von der Gr\u00fcndung der Gemeinschaft der Staaten Lateinamerikas und der Karibik (CELAC) in Caracas ging im Dezember 2011 um die Welt. Die Staats- und Regierungschefs praktisch aller unabh\u00e4ngigen Staaten des Kontinents hatten sich in der venezolanischen Hauptstadt zusam\u00admengefunden, um die erste Organisation zu konstituieren, die den Kontinent vereint \u2013 aber ohne die USA und Kanada auskommt. Boliviens Pr\u00e4sident Evo Morales w\u00fcrdigte bei dem Treffen in Caracas diese neue Einheit. Das neoliberale Modell habe den Kapitalismus in seine \u201eEndkrise\u201c gef\u00fchrt, nun vereinten sich die lange unterdr\u00fcckten V\u00f6lker zu ihrer Befreiung durch Integration.<\/p>\n","protected":false},"author":2,"featured_media":422,"comment_status":"closed","ping_status":"closed","sticky":false,"template":"","format":"standard","meta":{"colormag_page_container_layout":"default_layout","colormag_page_sidebar_layout":"default_layout","advanced_seo_description":"","jetpack_seo_html_title":"","jetpack_seo_noindex":false,"jetpack_post_was_ever_published":false,"footnotes":""},"categories":[12],"tags":[184,397,185],"class_list":["post-419","post","type-post","status-publish","format-standard","has-post-thumbnail","hentry","category-demokratie-medien-aufklaerung","tag-imperialistische-hegemonie","tag-lateinamerika","tag-usa"],"jetpack_featured_media_url":"https:\/\/i0.wp.com\/www.freidenker.org\/fw17\/wp-content\/uploads\/2016\/08\/America.jpg?fit=800%2C445&ssl=1","jetpack_shortlink":"https:\/\/wp.me\/p9stpK-6L","jetpack-related-posts":[{"id":24124,"url":"https:\/\/www.freidenker.org\/?p=24124","url_meta":{"origin":419,"position":0},"title":"Alles wie gehabt: USA mit M\u00f6rder-Pr\u00e4sident an der Spitze","author":"Webredaktion","date":"3. Januar 2026","format":false,"excerpt":"Erkl\u00e4rung des Deutschen Freidenker-Verbandes, Kommuniqu\u00e9 der Regierung Venezuelas zur US-Aggression und Erkl\u00e4rung der Antiimperialistischen Koordination (AIK) Der Deutsche Freidenker-Verband verurteilt den v\u00f6lkerrechtswidrigen Angriffskrieg der USA gegen das souver\u00e4ne und freiheitsliebende Venezuela. Das Kidnapping des gew\u00e4hlten Pr\u00e4sidenten der Bolivarischen Republik Nicol\u00e1s Maduro ist ein krimineller Piratenakt. Der Einsatz brutaler milit\u00e4rischer Gewalt\u2026","rel":"","context":"In &quot;Frieden - Antifaschismus - Solidarit\u00e4t&quot;","block_context":{"text":"Frieden - Antifaschismus - Solidarit\u00e4t","link":"https:\/\/www.freidenker.org\/?cat=13"},"img":{"alt_text":"","src":"https:\/\/i0.wp.com\/www.freidenker.org\/fw17\/wp-content\/uploads\/2026\/01\/angriff_auf_venezuela_02_800x450.jpg?fit=800%2C450&ssl=1&resize=350%2C200","width":350,"height":200,"srcset":"https:\/\/i0.wp.com\/www.freidenker.org\/fw17\/wp-content\/uploads\/2026\/01\/angriff_auf_venezuela_02_800x450.jpg?fit=800%2C450&ssl=1&resize=350%2C200 1x, https:\/\/i0.wp.com\/www.freidenker.org\/fw17\/wp-content\/uploads\/2026\/01\/angriff_auf_venezuela_02_800x450.jpg?fit=800%2C450&ssl=1&resize=525%2C300 1.5x, https:\/\/i0.wp.com\/www.freidenker.org\/fw17\/wp-content\/uploads\/2026\/01\/angriff_auf_venezuela_02_800x450.jpg?fit=800%2C450&ssl=1&resize=700%2C400 2x"},"classes":[]},{"id":17052,"url":"https:\/\/www.freidenker.org\/?p=17052","url_meta":{"origin":419,"position":1},"title":"An Selensky und der Ukraine war in der UNO kaum jemand interessiert","author":"Webredaktion","date":"23. September 2023","format":false,"excerpt":"Beitrag von Anti-Spiegel (d.i. Thomas R\u00f6per) Die UNO-Vollversammlung hat einmal mehr gezeigt, dass die Welt sowohl von dem Ukraine-Theater, das der Westen veranstaltet, die Nase voll hat, als auch, dass Deutschland unter der heutigen Bundesregierung international zu einem Zwerg geworden ist, dem niemand mehr zuh\u00f6rt. Beides hat Gr\u00fcnde: Die Staaten\u2026","rel":"","context":"In &quot;Demokratie \u2013 Medien \u2013 Aufkl\u00e4rung&quot;","block_context":{"text":"Demokratie \u2013 Medien \u2013 Aufkl\u00e4rung","link":"https:\/\/www.freidenker.org\/?cat=12"},"img":{"alt_text":"","src":"https:\/\/i0.wp.com\/www.freidenker.org\/fw17\/wp-content\/uploads\/2023\/09\/selenski_un71000647_800x450.jpg?fit=800%2C450&ssl=1&resize=350%2C200","width":350,"height":200,"srcset":"https:\/\/i0.wp.com\/www.freidenker.org\/fw17\/wp-content\/uploads\/2023\/09\/selenski_un71000647_800x450.jpg?fit=800%2C450&ssl=1&resize=350%2C200 1x, https:\/\/i0.wp.com\/www.freidenker.org\/fw17\/wp-content\/uploads\/2023\/09\/selenski_un71000647_800x450.jpg?fit=800%2C450&ssl=1&resize=525%2C300 1.5x, https:\/\/i0.wp.com\/www.freidenker.org\/fw17\/wp-content\/uploads\/2023\/09\/selenski_un71000647_800x450.jpg?fit=800%2C450&ssl=1&resize=700%2C400 2x"},"classes":[]},{"id":23859,"url":"https:\/\/www.freidenker.org\/?p=23859","url_meta":{"origin":419,"position":2},"title":"Gottes m\u00e4chtigstes Land \u2013 wieder und f\u00fcr immer!","author":"Webredaktion","date":"12. Dezember 2025","format":false,"excerpt":"Beitrag von Werner R\u00fcgemer \u201eMake America Great Again\u201c: Diese seine Wahlkampfparole fasste Trump jetzt in einer umfassenden Strategie zusammen. Er gibt sich als Friedensstifter, aber \u201eFrieden\u201c wie im Nahen Osten ist vor allem Vorwand f\u00fcr neue Investitionen. Mit seiner j\u00fcngeren, aggressiveren, global noch wenig pr\u00e4senten Kapitalfraktion sucht er L\u00fccken in\u2026","rel":"","context":"In &quot;Demokratie \u2013 Medien \u2013 Aufkl\u00e4rung&quot;","block_context":{"text":"Demokratie \u2013 Medien \u2013 Aufkl\u00e4rung","link":"https:\/\/www.freidenker.org\/?cat=12"},"img":{"alt_text":"","src":"https:\/\/i0.wp.com\/www.freidenker.org\/fw17\/wp-content\/uploads\/2025\/12\/Donald-Trump-vor-weissem-Haus_800x450.jpg?fit=800%2C450&ssl=1&resize=350%2C200","width":350,"height":200,"srcset":"https:\/\/i0.wp.com\/www.freidenker.org\/fw17\/wp-content\/uploads\/2025\/12\/Donald-Trump-vor-weissem-Haus_800x450.jpg?fit=800%2C450&ssl=1&resize=350%2C200 1x, https:\/\/i0.wp.com\/www.freidenker.org\/fw17\/wp-content\/uploads\/2025\/12\/Donald-Trump-vor-weissem-Haus_800x450.jpg?fit=800%2C450&ssl=1&resize=525%2C300 1.5x, https:\/\/i0.wp.com\/www.freidenker.org\/fw17\/wp-content\/uploads\/2025\/12\/Donald-Trump-vor-weissem-Haus_800x450.jpg?fit=800%2C450&ssl=1&resize=700%2C400 2x"},"classes":[]},{"id":9670,"url":"https:\/\/www.freidenker.org\/?p=9670","url_meta":{"origin":419,"position":3},"title":"Warum die USA die russische Zivilisation vernichten wollen","author":"Webredaktion","date":"6. M\u00e4rz 2021","format":false,"excerpt":"Beitrag von Dr. Wolfgang Schacht Joe Biden, erkl\u00e4rte im Zusammenhang mit dem \u201eTag des Widerstandes gegen die Okkupation der Krim und Sewastopols\u201c, der am 26. Februar jedes Jahr von der Ukraine begangen wird, dass die amerikanische Macht niemals die Vereinigung der Krim mit Russland anerkennen wird. Im Zusammenhang mit der\u2026","rel":"","context":"In &quot;Demokratie \u2013 Medien \u2013 Aufkl\u00e4rung&quot;","block_context":{"text":"Demokratie \u2013 Medien \u2013 Aufkl\u00e4rung","link":"https:\/\/www.freidenker.org\/?cat=12"},"img":{"alt_text":"","src":"https:\/\/i0.wp.com\/www.freidenker.org\/fw17\/wp-content\/uploads\/2021\/03\/Putin_lacht_800x450.jpg?fit=800%2C450&ssl=1&resize=350%2C200","width":350,"height":200,"srcset":"https:\/\/i0.wp.com\/www.freidenker.org\/fw17\/wp-content\/uploads\/2021\/03\/Putin_lacht_800x450.jpg?fit=800%2C450&ssl=1&resize=350%2C200 1x, https:\/\/i0.wp.com\/www.freidenker.org\/fw17\/wp-content\/uploads\/2021\/03\/Putin_lacht_800x450.jpg?fit=800%2C450&ssl=1&resize=525%2C300 1.5x, https:\/\/i0.wp.com\/www.freidenker.org\/fw17\/wp-content\/uploads\/2021\/03\/Putin_lacht_800x450.jpg?fit=800%2C450&ssl=1&resize=700%2C400 2x"},"classes":[]},{"id":20807,"url":"https:\/\/www.freidenker.org\/?p=20807","url_meta":{"origin":419,"position":4},"title":"Kanada an die Raubtiernation: Verschwindet in die Pr\u00e4rie!","author":"Webredaktion","date":"21. Januar 2025","format":false,"excerpt":"Beitrag von Christopher Black Pr\u00e4sident Trump hat seine Wahl zum US-Pr\u00e4sidenten unter anderem mit dem Versprechen gewonnen, der Welt Frieden zu bringen und die Kriege der USA zu beenden. Aber er hat sein eigenes Volk und die Alliierten mit neuen Angriffsdrohungen der Vereinigten Staaten gegen zwei Nato-Staaten, Kanada und D\u00e4nemark,\u2026","rel":"","context":"In &quot;Demokratie \u2013 Medien \u2013 Aufkl\u00e4rung&quot;","block_context":{"text":"Demokratie \u2013 Medien \u2013 Aufkl\u00e4rung","link":"https:\/\/www.freidenker.org\/?cat=12"},"img":{"alt_text":"","src":"https:\/\/i0.wp.com\/www.freidenker.org\/fw17\/wp-content\/uploads\/2025\/01\/canada-3488487_800x450.jpg?fit=800%2C450&ssl=1&resize=350%2C200","width":350,"height":200,"srcset":"https:\/\/i0.wp.com\/www.freidenker.org\/fw17\/wp-content\/uploads\/2025\/01\/canada-3488487_800x450.jpg?fit=800%2C450&ssl=1&resize=350%2C200 1x, https:\/\/i0.wp.com\/www.freidenker.org\/fw17\/wp-content\/uploads\/2025\/01\/canada-3488487_800x450.jpg?fit=800%2C450&ssl=1&resize=525%2C300 1.5x, https:\/\/i0.wp.com\/www.freidenker.org\/fw17\/wp-content\/uploads\/2025\/01\/canada-3488487_800x450.jpg?fit=800%2C450&ssl=1&resize=700%2C400 2x"},"classes":[]},{"id":6442,"url":"https:\/\/www.freidenker.org\/?p=6442","url_meta":{"origin":419,"position":5},"title":"Der Westen schw\u00e4chelt","author":"Webredaktion","date":"18. Mai 2019","format":false,"excerpt":"Beitrag von R\u00fcdiger Rauls Seit dem Ende der Sowjetunion und des Sozialismus hat sich der Systemkonkurrent Kapitalismus \u00fcber den ganzen Erdball ausdehnen k\u00f6nnen. Wo sich Widerstand regte, griff man zur Strategie des Regime-Change. Sanktionen, Farbenrevolutionen und offene Milit\u00e4rinterventionen sollten den f\u00fchrenden kapitalistischen Staaten den Marktzugang erzwingen. Aber die Zeit der\u2026","rel":"","context":"In &quot;Demokratie \u2013 Medien \u2013 Aufkl\u00e4rung&quot;","block_context":{"text":"Demokratie \u2013 Medien \u2013 Aufkl\u00e4rung","link":"https:\/\/www.freidenker.org\/?cat=12"},"img":{"alt_text":"","src":"https:\/\/i0.wp.com\/www.freidenker.org\/fw17\/wp-content\/uploads\/2019\/05\/compass-2779371_800x445.jpg?fit=800%2C445&ssl=1&resize=350%2C200","width":350,"height":200,"srcset":"https:\/\/i0.wp.com\/www.freidenker.org\/fw17\/wp-content\/uploads\/2019\/05\/compass-2779371_800x445.jpg?fit=800%2C445&ssl=1&resize=350%2C200 1x, https:\/\/i0.wp.com\/www.freidenker.org\/fw17\/wp-content\/uploads\/2019\/05\/compass-2779371_800x445.jpg?fit=800%2C445&ssl=1&resize=525%2C300 1.5x, https:\/\/i0.wp.com\/www.freidenker.org\/fw17\/wp-content\/uploads\/2019\/05\/compass-2779371_800x445.jpg?fit=800%2C445&ssl=1&resize=700%2C400 2x"},"classes":[]}],"_links":{"self":[{"href":"https:\/\/www.freidenker.org\/index.php?rest_route=\/wp\/v2\/posts\/419","targetHints":{"allow":["GET"]}}],"collection":[{"href":"https:\/\/www.freidenker.org\/index.php?rest_route=\/wp\/v2\/posts"}],"about":[{"href":"https:\/\/www.freidenker.org\/index.php?rest_route=\/wp\/v2\/types\/post"}],"author":[{"embeddable":true,"href":"https:\/\/www.freidenker.org\/index.php?rest_route=\/wp\/v2\/users\/2"}],"replies":[{"embeddable":true,"href":"https:\/\/www.freidenker.org\/index.php?rest_route=%2Fwp%2Fv2%2Fcomments&post=419"}],"version-history":[{"count":0,"href":"https:\/\/www.freidenker.org\/index.php?rest_route=\/wp\/v2\/posts\/419\/revisions"}],"wp:featuredmedia":[{"embeddable":true,"href":"https:\/\/www.freidenker.org\/index.php?rest_route=\/wp\/v2\/media\/422"}],"wp:attachment":[{"href":"https:\/\/www.freidenker.org\/index.php?rest_route=%2Fwp%2Fv2%2Fmedia&parent=419"}],"wp:term":[{"taxonomy":"category","embeddable":true,"href":"https:\/\/www.freidenker.org\/index.php?rest_route=%2Fwp%2Fv2%2Fcategories&post=419"},{"taxonomy":"post_tag","embeddable":true,"href":"https:\/\/www.freidenker.org\/index.php?rest_route=%2Fwp%2Fv2%2Ftags&post=419"}],"curies":[{"name":"wp","href":"https:\/\/api.w.org\/{rel}","templated":true}]}}